{"id":47950,"date":"2020-04-16T22:49:45","date_gmt":"2020-04-17T03:49:45","guid":{"rendered":"http:\/\/www.grieta.org.mx\/?p=47950"},"modified":"2020-04-18T22:53:54","modified_gmt":"2020-04-19T03:53:54","slug":"policias-agreden-a-periodistas-que-documentaban-afuera-del-hospital-la-raza-ciudad-de-mexico","status":"publish","type":"post","link":"http:\/\/www.grieta.org.mx\/index.php\/2020\/04\/16\/policias-agreden-a-periodistas-que-documentaban-afuera-del-hospital-la-raza-ciudad-de-mexico\/","title":{"rendered":"POLIC\u00cdAS AGREDEN A PERIODISTAS QUE DOCUMENTABAN AFUERA DEL HOSPITAL LA RAZA (Ciudad de M\u00e9xico)"},"content":{"rendered":"<p><img loading=\"lazy\" decoding=\"async\" data-attachment-id=\"47951\" data-permalink=\"http:\/\/www.grieta.org.mx\/index.php\/2020\/04\/16\/policias-agreden-a-periodistas-que-documentaban-afuera-del-hospital-la-raza-ciudad-de-mexico\/policias-agreden-a-periodistas-que-documentaban-afuera-del-hospital-la-raza-cdmx-abr\/\" data-orig-file=\"http:\/\/www.grieta.org.mx\/wp-content\/uploads\/2020\/04\/POLIC\u00cdAS-AGREDEN-A-PERIODISTAS-QUE-DOCUMENTABAN-AFUERA-DEL-HOSPITAL-LA-RAZA-cdmx-abr.jpg\" data-orig-size=\"1000,595\" data-comments-opened=\"0\" data-image-meta=\"{&quot;aperture&quot;:&quot;0&quot;,&quot;credit&quot;:&quot;&quot;,&quot;camera&quot;:&quot;&quot;,&quot;caption&quot;:&quot;&quot;,&quot;created_timestamp&quot;:&quot;0&quot;,&quot;copyright&quot;:&quot;&quot;,&quot;focal_length&quot;:&quot;0&quot;,&quot;iso&quot;:&quot;0&quot;,&quot;shutter_speed&quot;:&quot;0&quot;,&quot;title&quot;:&quot;&quot;,&quot;orientation&quot;:&quot;1&quot;}\" data-image-title=\"POLIC\u00cdAS AGREDEN A PERIODISTAS QUE DOCUMENTABAN AFUERA DEL HOSPITAL LA RAZA cdmx abr\" data-image-description=\"\" data-image-caption=\"\" data-medium-file=\"http:\/\/www.grieta.org.mx\/wp-content\/uploads\/2020\/04\/POLIC\u00cdAS-AGREDEN-A-PERIODISTAS-QUE-DOCUMENTABAN-AFUERA-DEL-HOSPITAL-LA-RAZA-cdmx-abr-300x179.jpg\" data-large-file=\"http:\/\/www.grieta.org.mx\/wp-content\/uploads\/2020\/04\/POLIC\u00cdAS-AGREDEN-A-PERIODISTAS-QUE-DOCUMENTABAN-AFUERA-DEL-HOSPITAL-LA-RAZA-cdmx-abr.jpg\" class=\"aligncenter  wp-image-47951\" src=\"http:\/\/www.grieta.org.mx\/wp-content\/uploads\/2020\/04\/POLIC\u00cdAS-AGREDEN-A-PERIODISTAS-QUE-DOCUMENTABAN-AFUERA-DEL-HOSPITAL-LA-RAZA-cdmx-abr.jpg\" alt=\"\" width=\"632\" height=\"376\" srcset=\"http:\/\/www.grieta.org.mx\/wp-content\/uploads\/2020\/04\/POLIC\u00cdAS-AGREDEN-A-PERIODISTAS-QUE-DOCUMENTABAN-AFUERA-DEL-HOSPITAL-LA-RAZA-cdmx-abr.jpg 1000w, http:\/\/www.grieta.org.mx\/wp-content\/uploads\/2020\/04\/POLIC\u00cdAS-AGREDEN-A-PERIODISTAS-QUE-DOCUMENTABAN-AFUERA-DEL-HOSPITAL-LA-RAZA-cdmx-abr-300x179.jpg 300w, http:\/\/www.grieta.org.mx\/wp-content\/uploads\/2020\/04\/POLIC\u00cdAS-AGREDEN-A-PERIODISTAS-QUE-DOCUMENTABAN-AFUERA-DEL-HOSPITAL-LA-RAZA-cdmx-abr-768x457.jpg 768w, http:\/\/www.grieta.org.mx\/wp-content\/uploads\/2020\/04\/POLIC\u00cdAS-AGREDEN-A-PERIODISTAS-QUE-DOCUMENTABAN-AFUERA-DEL-HOSPITAL-LA-RAZA-cdmx-abr-840x500.jpg 840w\" sizes=\"auto, (max-width: 632px) 100vw, 632px\" \/><br \/>\n<em>Imagen tomada de: <em>periodistasunidos.com.mx<\/em><\/em><\/p>\n<p>Rita Alarc\u00f3n \/ Periodistas Unidos<\/p>\n<p>Periodistas Unidos. Ciudad de M\u00e9xico. 16 de abril de 2020.- Esta tarde, polic\u00edas del hospital La Raza agredieron a los periodistas Pablo Salazar y Mois\u00e9s Rosas, del peri\u00f3dico El Heraldo de M\u00e9xico, mientras tomaban im\u00e1genes desde fuera del nosocomio.<\/p>\n<p>Ambos periodistas realizaban un recorrido por las afueras del hospital para recabar im\u00e1genes sobre los cubrebocas que se encontraba tirados en el piso, cuando dos polic\u00edas llegaron y los obligaron a entrar a las instalaciones del sanatorio, reteni\u00e9ndolos sin explicaci\u00f3n alguna, pese a que ambos se acreditaron como prensa.<\/p>\n<p>Cuando Salazar cuestion\u00f3 el motivo de la detenci\u00f3n, los polic\u00edas no dieron respuesta, a lo que el periodista insisti\u00f3 en que fuera llevado al Ministerio P\u00fablico o con el jefe directo de los polic\u00edas. Lo \u00fanico que dijeron los elementos es que se trataba de una zona federal y no pod\u00edan hacer im\u00e1genes; a lo que Salazar reiter\u00f3 que se encontraban en la calle.<\/p>\n<p>Se hicieron de palabras y los polic\u00edas, haciendo abuso de su autoridad, dieron algunos puntapi\u00e9s a ambos reporteros.<\/p>\n<p>Luego de hacer algunas llamadas, el jefe de los polic\u00edas se present\u00f3 ante los periodistas disculp\u00e1ndose de la acci\u00f3n, sin embargo los elementos trataron de cambiar la versi\u00f3n de lo sucedido diciendo que los encontraron tomando fotos desde el interior del hospital, no en la calle como hab\u00eda sucedido.<\/p>\n<p><a href=\"http:\/\/periodistasunidos.com.mx\/2020\/04\/agreden-a-periodistas-que-documentaban-afuera-del-hospital-la-raza-video\/\" target=\"_blank\" rel=\"noopener noreferrer\">http:\/\/periodistasunidos.com.mx\/2020\/04\/agreden-a-periodistas-que-documentaban-afuera-del-hospital-la-raza-video\/<\/a><\/p>\n","protected":false},"excerpt":{"rendered":"<p>Imagen tomada de: periodistasunidos.com.mx Rita Alarc\u00f3n \/ Periodistas Unidos Periodistas Unidos. Ciudad de M\u00e9xico. 16 de abril de 2020.- Esta tarde, polic\u00edas del hospital La Raza agredieron a los periodistas &hellip; <a href=\"http:\/\/www.grieta.org.mx\/index.php\/2020\/04\/16\/policias-agreden-a-periodistas-que-documentaban-afuera-del-hospital-la-raza-ciudad-de-mexico\/\" class=\"more-link\">Leer m\u00e1s<\/a><\/p>\n","protected":false},"author":2,"featured_media":47951,"comment_status":"closed","ping_status":"closed","sticky":false,"template":"","format":"standard","meta":{"ngg_post_thumbnail":0,"_jetpack_newsletter_access":"","_jetpack_dont_email_post_to_subs":false,"_jetpack_newsletter_tier_id":0,"_jetpack_memberships_contains_paywalled_content":false,"_jetpack_memberships_contains_paid_content":false,"footnotes":""},"categories":[2804,80,14,3295,2,2119,83,88,1215],"tags":[130,120],"class_list":["post-47950","post","type-post","status-publish","format-standard","has-post-thumbnail","hentry","category-abuso-policiaco-y-tortura-en-la-ciudad-de-mexico","category-cintillo","category-ciudad-de-mexico","category-covid-19-en-ciudad-de-mexico","category-noticias-nacionales","category-precarizacion-de-las-condiciones-laborales-en-la-ciudad-de-mexico","category-temas-nacionales","category-violencia-contra-periodistas","category-violencia-contra-periodistas-en-la-ciudad-de-mexico","tag-represion","tag-violencia-contra-periodistas","entry"],"jetpack_featured_media_url":"http:\/\/www.grieta.org.mx\/wp-content\/uploads\/2020\/04\/POLIC\u00cdAS-AGREDEN-A-PERIODISTAS-QUE-DOCUMENTABAN-AFUERA-DEL-HOSPITAL-LA-RAZA-cdmx-abr.jpg","jetpack_sharing_enabled":true,"jetpack_shortlink":"https:\/\/wp.me\/p7ZJR4-cto","jetpack_likes_enabled":false,"jetpack-related-posts":[{"id":30496,"url":"http:\/\/www.grieta.org.mx\/index.php\/2019\/03\/10\/47-agresiones-contra-la-prensa-durante-sexenio-de-amlo\/","url_meta":{"origin":47950,"position":0},"title":"47 agresiones contra la prensa durante sexenio de AMLO","author":"grieta","date":"10 marzo, 2019","format":false,"excerpt":"Periodistas de a Pie A 100 d\u00edas del gobierno de AMLO, la red de Periodistas de a Pie ha documentado 47 agresiones contra la prensa. Las entidades con mayor n\u00famero de violencia son Puebla y Ciudad de Mexico. Es indispensable que el gobierno de AMLO genere un plan de protecci\u00f3n\u2026","rel":"","context":"En &quot;CINTILLO&quot;","block_context":{"text":"CINTILLO","link":"http:\/\/www.grieta.org.mx\/index.php\/category\/cintillo\/"},"img":{"alt_text":"","src":"https:\/\/i0.wp.com\/www.grieta.org.mx\/wp-content\/uploads\/2019\/03\/53098700_2245168128837460_8071137473612218368_n.jpg?resize=350%2C200","width":350,"height":200,"srcset":"https:\/\/i0.wp.com\/www.grieta.org.mx\/wp-content\/uploads\/2019\/03\/53098700_2245168128837460_8071137473612218368_n.jpg?resize=350%2C200 1x, https:\/\/i0.wp.com\/www.grieta.org.mx\/wp-content\/uploads\/2019\/03\/53098700_2245168128837460_8071137473612218368_n.jpg?resize=525%2C300 1.5x, https:\/\/i0.wp.com\/www.grieta.org.mx\/wp-content\/uploads\/2019\/03\/53098700_2245168128837460_8071137473612218368_n.jpg?resize=700%2C400 2x"},"classes":[]},{"id":9586,"url":"http:\/\/www.grieta.org.mx\/index.php\/2016\/06\/26\/violencia-contra-periodistas-en-la-ciudad-de-mexico-2\/","url_meta":{"origin":47950,"position":1},"title":"Violencia contra periodistas en la Ciudad de M\u00e9xico","author":"grieta","date":"26 junio, 2016","format":false,"excerpt":"24\/06\/16. Allanan y roban domicilio de fotoperiodista de Proceso en la Ciudad de M\u00e9xicoArt\u00edculo 19 08\/05\/16. Detiene polic\u00eda a periodista en la Ciudad de M\u00e9xicoSomos Mass 99 20\/03\/16. Incremento de violencia contra la prensa en 2015: Art. 19Somos el medio 11\/02\/16. Periodistas se manifiestan contra gobierno de VeracruzSomos el medio\u2026","rel":"","context":"En &quot;Ciudad de M\u00e9xico&quot;","block_context":{"text":"Ciudad de M\u00e9xico","link":"http:\/\/www.grieta.org.mx\/index.php\/category\/noticias-nacionales\/ciudad-de-mexico\/"},"img":{"alt_text":"","src":"https:\/\/i0.wp.com\/www.grieta.org.mx\/wp-content\/uploads\/2018\/03\/14524434_1106112876131411_958039263622046936_o.jpg?resize=350%2C200","width":350,"height":200,"srcset":"https:\/\/i0.wp.com\/www.grieta.org.mx\/wp-content\/uploads\/2018\/03\/14524434_1106112876131411_958039263622046936_o.jpg?resize=350%2C200 1x, https:\/\/i0.wp.com\/www.grieta.org.mx\/wp-content\/uploads\/2018\/03\/14524434_1106112876131411_958039263622046936_o.jpg?resize=525%2C300 1.5x, https:\/\/i0.wp.com\/www.grieta.org.mx\/wp-content\/uploads\/2018\/03\/14524434_1106112876131411_958039263622046936_o.jpg?resize=700%2C400 2x"},"classes":[]},{"id":38460,"url":"http:\/\/www.grieta.org.mx\/index.php\/2019\/08\/21\/con-marcha-en-cdmx-exigen-un-alto-al-asesinato-de-periodistas\/","url_meta":{"origin":47950,"position":2},"title":"Con marcha en CdMx, exigen un alto al asesinato de periodistas","author":"grieta","date":"21 agosto, 2019","format":false,"excerpt":"Jorge Becerril\/Milenio Un grupo de 15 periodistas se concentraron en el \u00c1ngel de la Independencia para marchar con direcci\u00f3n al Senado, para protestar por los 153 muertos y m\u00e1s de 20 comunicadores desaparecidos en el pa\u00eds. \u201c\u00a1Queremos periodistas vivos, ni uno m\u00e1s!\u201d, son las consignas que usaron los integrantes de\u2026","rel":"","context":"En &quot;CINTILLO&quot;","block_context":{"text":"CINTILLO","link":"http:\/\/www.grieta.org.mx\/index.php\/category\/cintillo\/"},"img":{"alt_text":"","src":"https:\/\/i0.wp.com\/www.grieta.org.mx\/wp-content\/uploads\/2019\/08\/comunicadores-protestan-cdmx-asesinato-colegas.jpeg?resize=350%2C200","width":350,"height":200,"srcset":"https:\/\/i0.wp.com\/www.grieta.org.mx\/wp-content\/uploads\/2019\/08\/comunicadores-protestan-cdmx-asesinato-colegas.jpeg?resize=350%2C200 1x, https:\/\/i0.wp.com\/www.grieta.org.mx\/wp-content\/uploads\/2019\/08\/comunicadores-protestan-cdmx-asesinato-colegas.jpeg?resize=525%2C300 1.5x, https:\/\/i0.wp.com\/www.grieta.org.mx\/wp-content\/uploads\/2019\/08\/comunicadores-protestan-cdmx-asesinato-colegas.jpeg?resize=700%2C400 2x"},"classes":[]},{"id":31760,"url":"http:\/\/www.grieta.org.mx\/index.php\/2019\/04\/03\/mexico-el-pais-mas-peligroso-para-ejercer-periodismo-denuncia-articulo-19\/","url_meta":{"origin":47950,"position":3},"title":"&#8216;M\u00e9xico, el pa\u00eds m\u00e1s peligroso para ejercer periodismo&#8217; denuncia Art\u00edculo 19","author":"grieta","date":"3 abril, 2019","format":false,"excerpt":"Coahuila ocupa el segundo puesto en agresiones contra periodistas Durante el sexenio de Enrique Pe\u00f1a Nieto, M\u00e9xico se convirti\u00f3 en el pa\u00eds m\u00e1s peligroso para ejercer el periodismo, denunci\u00f3 la directora de la organizaci\u00f3n Art\u00edculo 19 en M\u00e9xico y Centroam\u00e9rica, Ana Cristina Ruelas. NOTIMEX\/EL SIGLO DE TORE\u00d3N Al presentar el\u2026","rel":"","context":"En &quot;CINTILLO&quot;","block_context":{"text":"CINTILLO","link":"http:\/\/www.grieta.org.mx\/index.php\/category\/cintillo\/"},"img":{"alt_text":"","src":"https:\/\/i0.wp.com\/www.grieta.org.mx\/wp-content\/uploads\/2018\/03\/14524434_1106112876131411_958039263622046936_o.jpg?resize=350%2C200","width":350,"height":200,"srcset":"https:\/\/i0.wp.com\/www.grieta.org.mx\/wp-content\/uploads\/2018\/03\/14524434_1106112876131411_958039263622046936_o.jpg?resize=350%2C200 1x, https:\/\/i0.wp.com\/www.grieta.org.mx\/wp-content\/uploads\/2018\/03\/14524434_1106112876131411_958039263622046936_o.jpg?resize=525%2C300 1.5x, https:\/\/i0.wp.com\/www.grieta.org.mx\/wp-content\/uploads\/2018\/03\/14524434_1106112876131411_958039263622046936_o.jpg?resize=700%2C400 2x"},"classes":[]},{"id":38874,"url":"http:\/\/www.grieta.org.mx\/index.php\/2019\/09\/03\/periodistas-llevan-ocho-meses-denunciando-violencia-en-veracruz\/","url_meta":{"origin":47950,"position":4},"title":"Periodistas llevan ocho meses denunciando violencia en Veracruz","author":"grieta","date":"3 septiembre, 2019","format":false,"excerpt":"Redacci\u00f3n \/ El Heraldo de M\u00e9xico La periodista Luz Mar\u00eda Rivera se\u00f1al\u00f3 que se hab\u00edan realizado denuncias por las constantes extorsiones, secuestros y los llamados \"levantones\" en Coatzacoalcos Luz Mar\u00eda Rivera, directora y columnista de El Mercurio de Veracruz, destac\u00f3 el clima de violencia que vive el Estado y se\u00f1al\u00f3\u2026","rel":"","context":"En &quot;CINTILLO&quot;","block_context":{"text":"CINTILLO","link":"http:\/\/www.grieta.org.mx\/index.php\/category\/cintillo\/"},"img":{"alt_text":"","src":"https:\/\/i0.wp.com\/www.grieta.org.mx\/wp-content\/uploads\/2019\/09\/Screenshot_2019-09-08-Periodistas-llevan-ocho-meses-denunciando-violencia-en-Veracruz.png?resize=350%2C200","width":350,"height":200,"srcset":"https:\/\/i0.wp.com\/www.grieta.org.mx\/wp-content\/uploads\/2019\/09\/Screenshot_2019-09-08-Periodistas-llevan-ocho-meses-denunciando-violencia-en-Veracruz.png?resize=350%2C200 1x, https:\/\/i0.wp.com\/www.grieta.org.mx\/wp-content\/uploads\/2019\/09\/Screenshot_2019-09-08-Periodistas-llevan-ocho-meses-denunciando-violencia-en-Veracruz.png?resize=525%2C300 1.5x, https:\/\/i0.wp.com\/www.grieta.org.mx\/wp-content\/uploads\/2019\/09\/Screenshot_2019-09-08-Periodistas-llevan-ocho-meses-denunciando-violencia-en-Veracruz.png?resize=700%2C400 2x, https:\/\/i0.wp.com\/www.grieta.org.mx\/wp-content\/uploads\/2019\/09\/Screenshot_2019-09-08-Periodistas-llevan-ocho-meses-denunciando-violencia-en-Veracruz.png?resize=1050%2C600 3x"},"classes":[]},{"id":37737,"url":"http:\/\/www.grieta.org.mx\/index.php\/2019\/08\/08\/en-el-desamparo-periodistas-desplazados-que-se-refugian-en-cdmx\/","url_meta":{"origin":47950,"position":5},"title":"En el desamparo, periodistas desplazados que se refugian en CDMX","author":"grieta","date":"8 agosto, 2019","format":false,"excerpt":"Marcial Yangali\/Contral\u00ednea. Se sabe que la Ciudad de M\u00e9xico alberga una gran cantidad de periodistas desplazados pero no existe informaci\u00f3n estad\u00edstica de cu\u00e1ntos son ni de cu\u00e1les son sus condiciones de vida, alerta Balbina Flores, representante en M\u00e9xico de Reporteros Sin Fronteras (RSF). Su organizaci\u00f3n conoce de 70 casos pero\u2026","rel":"","context":"En &quot;CINTILLO&quot;","block_context":{"text":"CINTILLO","link":"http:\/\/www.grieta.org.mx\/index.php\/category\/cintillo\/"},"img":{"alt_text":"","src":"https:\/\/i0.wp.com\/www.grieta.org.mx\/wp-content\/uploads\/2019\/08\/Arturo-Perez-Alfonso_Cuartoscuro.jpg?resize=350%2C200","width":350,"height":200,"srcset":"https:\/\/i0.wp.com\/www.grieta.org.mx\/wp-content\/uploads\/2019\/08\/Arturo-Perez-Alfonso_Cuartoscuro.jpg?resize=350%2C200 1x, https:\/\/i0.wp.com\/www.grieta.org.mx\/wp-content\/uploads\/2019\/08\/Arturo-Perez-Alfonso_Cuartoscuro.jpg?resize=525%2C300 1.5x"},"classes":[]}],"_links":{"self":[{"href":"http:\/\/www.grieta.org.mx\/index.php\/wp-json\/wp\/v2\/posts\/47950","targetHints":{"allow":["GET"]}}],"collection":[{"href":"http:\/\/www.grieta.org.mx\/index.php\/wp-json\/wp\/v2\/posts"}],"about":[{"href":"http:\/\/www.grieta.org.mx\/index.php\/wp-json\/wp\/v2\/types\/post"}],"author":[{"embeddable":true,"href":"http:\/\/www.grieta.org.mx\/index.php\/wp-json\/wp\/v2\/users\/2"}],"replies":[{"embeddable":true,"href":"http:\/\/www.grieta.org.mx\/index.php\/wp-json\/wp\/v2\/comments?post=47950"}],"version-history":[{"count":1,"href":"http:\/\/www.grieta.org.mx\/index.php\/wp-json\/wp\/v2\/posts\/47950\/revisions"}],"predecessor-version":[{"id":47952,"href":"http:\/\/www.grieta.org.mx\/index.php\/wp-json\/wp\/v2\/posts\/47950\/revisions\/47952"}],"wp:featuredmedia":[{"embeddable":true,"href":"http:\/\/www.grieta.org.mx\/index.php\/wp-json\/wp\/v2\/media\/47951"}],"wp:attachment":[{"href":"http:\/\/www.grieta.org.mx\/index.php\/wp-json\/wp\/v2\/media?parent=47950"}],"wp:term":[{"taxonomy":"category","embeddable":true,"href":"http:\/\/www.grieta.org.mx\/index.php\/wp-json\/wp\/v2\/categories?post=47950"},{"taxonomy":"post_tag","embeddable":true,"href":"http:\/\/www.grieta.org.mx\/index.php\/wp-json\/wp\/v2\/tags?post=47950"}],"curies":[{"name":"wp","href":"https:\/\/api.w.org\/{rel}","templated":true}]}}