{"id":47914,"date":"2020-04-15T12:06:26","date_gmt":"2020-04-15T17:06:26","guid":{"rendered":"http:\/\/www.grieta.org.mx\/?p=47914"},"modified":"2020-04-18T12:38:35","modified_gmt":"2020-04-18T17:38:35","slug":"47914","status":"publish","type":"post","link":"http:\/\/www.grieta.org.mx\/index.php\/2020\/04\/15\/47914\/","title":{"rendered":"Denuncia STNS acoso y hostigamiento contra trabajadores en la Secretar\u00eda de Salud Jalisco"},"content":{"rendered":"<p><img loading=\"lazy\" decoding=\"async\" data-attachment-id=\"47918\" data-permalink=\"http:\/\/www.grieta.org.mx\/index.php\/2020\/04\/15\/47914\/75612302_3bw6v7fzjns3p4dlzbtzkpqit3et1rmoqheefkmxuge\/\" data-orig-file=\"http:\/\/www.grieta.org.mx\/wp-content\/uploads\/2020\/04\/75612302_3bW6v7fZjns3p4DLZbTZkpqit3eT1RmOqheefkmXUGE.jpg\" data-orig-size=\"200,200\" data-comments-opened=\"0\" data-image-meta=\"{&quot;aperture&quot;:&quot;0&quot;,&quot;credit&quot;:&quot;&quot;,&quot;camera&quot;:&quot;&quot;,&quot;caption&quot;:&quot;&quot;,&quot;created_timestamp&quot;:&quot;0&quot;,&quot;copyright&quot;:&quot;&quot;,&quot;focal_length&quot;:&quot;0&quot;,&quot;iso&quot;:&quot;0&quot;,&quot;shutter_speed&quot;:&quot;0&quot;,&quot;title&quot;:&quot;&quot;,&quot;orientation&quot;:&quot;0&quot;}\" data-image-title=\"75612302_3bW6v7fZjns3p4DLZbTZkpqit3eT1RmOqheefkmXUGE\" data-image-description=\"\" data-image-caption=\"\" data-medium-file=\"http:\/\/www.grieta.org.mx\/wp-content\/uploads\/2020\/04\/75612302_3bW6v7fZjns3p4DLZbTZkpqit3eT1RmOqheefkmXUGE.jpg\" data-large-file=\"http:\/\/www.grieta.org.mx\/wp-content\/uploads\/2020\/04\/75612302_3bW6v7fZjns3p4DLZbTZkpqit3eT1RmOqheefkmXUGE.jpg\" class=\"aligncenter wp-image-47918\" src=\"http:\/\/www.grieta.org.mx\/wp-content\/uploads\/2020\/04\/75612302_3bW6v7fZjns3p4DLZbTZkpqit3eT1RmOqheefkmXUGE.jpg\" alt=\"\" width=\"800\" height=\"800\" srcset=\"http:\/\/www.grieta.org.mx\/wp-content\/uploads\/2020\/04\/75612302_3bW6v7fZjns3p4DLZbTZkpqit3eT1RmOqheefkmXUGE.jpg 200w, http:\/\/www.grieta.org.mx\/wp-content\/uploads\/2020\/04\/75612302_3bW6v7fZjns3p4DLZbTZkpqit3eT1RmOqheefkmXUGE-150x150.jpg 150w, http:\/\/www.grieta.org.mx\/wp-content\/uploads\/2020\/04\/75612302_3bW6v7fZjns3p4DLZbTZkpqit3eT1RmOqheefkmXUGE-130x130.jpg 130w\" sizes=\"auto, (max-width: 800px) 100vw, 800px\" \/><\/p>\n<p>Imagen: Ilustrativa<\/p>\n<p><em>Aseguran que decenas de trabajadores ha sufrido amenazas e intimidaci\u00f3n por autoridades de las regiones sanitaria<\/em><\/p>\n<p>Isaura L\u00f3pez \/ El Occidenttal<\/p>\n<p>El Sindicato de Trabajadores del Sistema Nacional en Salud (STNS), Secci\u00f3n 22, denuncia acoso y hostigamiento laboral por autoridades de la Secretar\u00eda de Salud Jalisco (SSJ) hacia el personal que se afili\u00f3 a la agrupaci\u00f3n.<\/p>\n<p>Piden a los titulares de la SSJ y del OPD Servicios de Salud actuar de manera inmediata y tomar las medidas correspondientes para salvaguardar la integridad del personal en el interior de los centros laborales.<\/p>\n<p>La Secretar\u00eda General del STNS, Margarita Ter\u00e1n Hern\u00e1ndez, hizo la denuncia p\u00fablica durante la presentaci\u00f3n de quejas en la Comisi\u00f3n Estatal de Derechos Humanos en Jalisco (CEDHJ), asimismo, atribuye el acoso sistem\u00e1tico al pronunciamiento que hizo el Sindicato con relaci\u00f3n a la reforma laboral.<\/p>\n<p>\u201cInternamente en la dependencia se est\u00e9n suscitando algunos casos de violencia, de violencia de g\u00e9nero, de hostigamiento laboral y de acoso laboral, para tal hecho tenemos la presentaci\u00f3n de las quejas presentadas por la doctora Luz S, quien ha sufrido el acoso y hostigamiento laboral de manera reiterada, permanente y continua por parte de su jefe inmediato que es el doctor Armando Pimentel\u201d de Fomento Sanitario de Comisi\u00f3n para la Protecci\u00f3n Contra Riesgos Sanitarios Jalisco (Coprisjal).<\/p>\n<p>A ra\u00edz del acoso laboral, la m\u00e9dica Luz S\u00e1nchez verificador sanitario de Coprisjaj, indic\u00f3 la dirigente sindical fue intervenida quir\u00fargicamente ante la afectaci\u00f3n grave que le ha ocasion\u00f3 el estr\u00e9s laboral cotidiano \u201cella est\u00e1 en un periodo de convaleciente, misma que present\u00f3 una queja en Derechos Humanos<\/p>\n<p>Expuso, la dirigente que tambi\u00e9n present\u00f3 una queja ante la Unidad de Especializaci\u00f3n y a la CEDH por violencia contra las mujeres con el n\u00famero 265\/2020 remitida a la Tercera Visitadur\u00eda.<\/p>\n<p>Por otro lado, denunci\u00f3 que a una decena de trabajadores ha sufrido amenazas e intimidaci\u00f3n por autoridades de las regiones sanitaria de la SSJ, adem\u00e1s de que se les redujo su salario.<\/p>\n<p>\u201cExisten compa\u00f1eros que se encuentran afectados en su percepci\u00f3n salarial, tenemos compa\u00f1eros, han sido afectados en su salario, de buenas a primeras el tal\u00f3n del cheque les llego en cero\u201d, ante esta situaci\u00f3n, indic\u00f3 que se present\u00f3 un amparo.<\/p>\n<p>La toma de nota del Sindicato de Trabajadores del Sistema Nacional en Salud (STNS), secci\u00f3n 22 es la 6869, emitida por la Secretar\u00eda de Trabajo y Previsi\u00f3n Social con mil 050 trabajadores con base y de contrato de diferentes regiones sanitarias, Hospital General de Occidentes y del Hospital de Psiquiatr\u00eda.<\/p>\n<p><a href=\"https:\/\/www.eloccidental.com.mx\/local\/denuncia-stns-acoso-y-hostigamiento-contra-trabajadores-en-la-secretaria-de-salud-jalisco-5105096.html\">https:\/\/www.eloccidental.com.mx\/local\/denuncia-stns-acoso-y-hostigamiento-contra-trabajadores-en-la-secretaria-de-salud-jalisco-5105096.html<\/a><\/p>\n","protected":false},"excerpt":{"rendered":"<p>Imagen: Ilustrativa Aseguran que decenas de trabajadores ha sufrido amenazas e intimidaci\u00f3n por autoridades de las regiones sanitaria Isaura L\u00f3pez \/ El Occidenttal El Sindicato de Trabajadores del Sistema Nacional &hellip; <a href=\"http:\/\/www.grieta.org.mx\/index.php\/2020\/04\/15\/47914\/\" class=\"more-link\">Leer m\u00e1s<\/a><\/p>\n","protected":false},"author":2,"featured_media":47918,"comment_status":"closed","ping_status":"closed","sticky":false,"template":"","format":"standard","meta":{"ngg_post_thumbnail":0,"_jetpack_newsletter_access":"","_jetpack_dont_email_post_to_subs":false,"_jetpack_newsletter_tier_id":0,"_jetpack_memberships_contains_paywalled_content":false,"_jetpack_memberships_contains_paid_content":false,"footnotes":""},"categories":[80,1722,2535,910,20,2,83],"tags":[2054,3133,2367,2463],"class_list":["post-47914","post","type-post","status-publish","format-standard","has-post-thumbnail","hentry","category-cintillo","category-conflictos-laborales-de-trabajadores-del-estado-en-jalisco","category-crisis-del-sector-salud-en-jalisco","category-explotacion-y-precariedad-laboral","category-jalisco","category-noticias-nacionales","category-temas-nacionales","tag-acoso-laboral","tag-crisis-del-sector-salud","tag-crisis-en-el-sector-salud","tag-demandas-laborales","entry"],"jetpack_featured_media_url":"http:\/\/www.grieta.org.mx\/wp-content\/uploads\/2020\/04\/75612302_3bW6v7fZjns3p4DLZbTZkpqit3eT1RmOqheefkmXUGE.jpg","jetpack_sharing_enabled":true,"jetpack_shortlink":"https:\/\/wp.me\/s7ZJR4-47914","jetpack_likes_enabled":false,"jetpack-related-posts":[{"id":52235,"url":"http:\/\/www.grieta.org.mx\/index.php\/2020\/07\/21\/acusan-hostigamiento-laboral-en-laboratorio-estatal-de-salud-jalisco\/","url_meta":{"origin":47914,"position":0},"title":"Acusan hostigamiento laboral en Laboratorio Estatal de Salud (Jalisco)","author":"grieta","date":"21 julio, 2020","format":false,"excerpt":"Foto: El Diario NTR Edgar Flores \/ El diario NTR Por lo menos 40 trabajadores de base y de contrato que forman parte de la plantilla del Laboratorio Estatal de Salud P\u00fablica de Jalisco denunciaron acoso laboral por parte de la directora del lugar, Lourdes Alamilla Cruz. Entre los casos\u2026","rel":"","context":"En &quot;CINTILLO&quot;","block_context":{"text":"CINTILLO","link":"http:\/\/www.grieta.org.mx\/index.php\/category\/cintillo\/"},"img":{"alt_text":"","src":"https:\/\/i0.wp.com\/www.grieta.org.mx\/wp-content\/uploads\/2020\/08\/2020-07-21_01-07-56___2048.jpg?resize=350%2C200","width":350,"height":200,"srcset":"https:\/\/i0.wp.com\/www.grieta.org.mx\/wp-content\/uploads\/2020\/08\/2020-07-21_01-07-56___2048.jpg?resize=350%2C200 1x, https:\/\/i0.wp.com\/www.grieta.org.mx\/wp-content\/uploads\/2020\/08\/2020-07-21_01-07-56___2048.jpg?resize=525%2C300 1.5x, https:\/\/i0.wp.com\/www.grieta.org.mx\/wp-content\/uploads\/2020\/08\/2020-07-21_01-07-56___2048.jpg?resize=700%2C400 2x"},"classes":[]},{"id":51875,"url":"http:\/\/www.grieta.org.mx\/index.php\/2020\/07\/16\/hincados-y-con-la-mano-empunada-labora-bajo-protesta-el-personal-eventual-de-salud-jalisco\/","url_meta":{"origin":47914,"position":1},"title":"Hincados y con la mano empu\u00f1ada, labora bajo protesta el personal eventual de Salud (Jalisco)","author":"grieta","date":"16 julio, 2020","format":false,"excerpt":"Foto: El Occidental Denuncian que las condiciones de trabajo son desfavorables, adem\u00e1s de la emergencia sanitaria Isaura L\u00f3pez \/ El Occidenta Personal eventual de salud del Hospital General de Occidente (HGO), de la Secretar\u00eda de Salud Jalisco (SSJ) trabaja bajo protesta, denuncian que enfrentan, adem\u00e1s de la emergencia sanitaria por\u2026","rel":"","context":"En &quot;CINTILLO&quot;","block_context":{"text":"CINTILLO","link":"http:\/\/www.grieta.org.mx\/index.php\/category\/cintillo\/"},"img":{"alt_text":"","src":"https:\/\/i0.wp.com\/www.grieta.org.mx\/wp-content\/uploads\/2020\/07\/protesta1.png?resize=350%2C200","width":350,"height":200,"srcset":"https:\/\/i0.wp.com\/www.grieta.org.mx\/wp-content\/uploads\/2020\/07\/protesta1.png?resize=350%2C200 1x, https:\/\/i0.wp.com\/www.grieta.org.mx\/wp-content\/uploads\/2020\/07\/protesta1.png?resize=525%2C300 1.5x"},"classes":[]},{"id":72316,"url":"http:\/\/www.grieta.org.mx\/index.php\/2025\/09\/02\/trabajadores-del-centro-de-salud-de-merida-exigen-la-destitucion-del-director-acusan-hostigamiento-y-amenazas-yucatan\/","url_meta":{"origin":47914,"position":2},"title":"Trabajadores del Centro de Salud de M\u00e9rida exigen la destituci\u00f3n del Director; acusan hostigamiento y amenazas (Yucat\u00e1n)","author":"grieta","date":"2 septiembre, 2025","format":false,"excerpt":"Katia Leyva \/ Por Esto! El conflicto laboral en la Jurisdicci\u00f3n Sanitaria N\u00famero 1 escal\u00f3 ayer a un punto cr\u00edtico: trabajadores del Centro de Salud de M\u00e9rida, respaldados por el Sindicato Nacional de Trabajadores de la Secretar\u00eda de Salud, Secci\u00f3n 67 (SNTSA), exigieron la destituci\u00f3n inmediata del director, doctor Mario\u2026","rel":"","context":"En &quot;CINTILLO&quot;","block_context":{"text":"CINTILLO","link":"http:\/\/www.grieta.org.mx\/index.php\/category\/cintillo\/"},"img":{"alt_text":"","src":"https:\/\/i0.wp.com\/www.grieta.org.mx\/wp-content\/uploads\/2025\/09\/CentroSalud-e1758416076306.jpg?resize=350%2C200","width":350,"height":200,"srcset":"https:\/\/i0.wp.com\/www.grieta.org.mx\/wp-content\/uploads\/2025\/09\/CentroSalud-e1758416076306.jpg?resize=350%2C200 1x, https:\/\/i0.wp.com\/www.grieta.org.mx\/wp-content\/uploads\/2025\/09\/CentroSalud-e1758416076306.jpg?resize=525%2C300 1.5x, https:\/\/i0.wp.com\/www.grieta.org.mx\/wp-content\/uploads\/2025\/09\/CentroSalud-e1758416076306.jpg?resize=700%2C400 2x"},"classes":[]},{"id":44282,"url":"http:\/\/www.grieta.org.mx\/index.php\/2020\/02\/14\/actos-de-discriminacion-hostigamiento-y-falta-de-insumos-denuncian-trabajadores-del-imss-jalisco\/","url_meta":{"origin":47914,"position":3},"title":"Actos de discriminaci\u00f3n, hostigamiento y falta de insumos denuncian trabajadores del IMSS Jalisco","author":"grieta","date":"14 febrero, 2020","format":false,"excerpt":"Foto: Isaura L\u00f3pez Isaura L\u00f3pez \/ El Occidental Por d\u00e9cadas, integrantes del Sindicato Nacional Libre de los Trabajadores del Seguro Social (SNLTSS), cap\u00edtulo Jalisco denuncian que han ido perdiendo sus derechos, jornadas laborales, el r\u00e9gimen de jubilaci\u00f3n y pensiones en riesgo. Adem\u00e1s, reprueban que han padecido discriminaci\u00f3n, hostigamiento y falta\u2026","rel":"","context":"En &quot;CINTILLO&quot;","block_context":{"text":"CINTILLO","link":"http:\/\/www.grieta.org.mx\/index.php\/category\/cintillo\/"},"img":{"alt_text":"","src":"https:\/\/i0.wp.com\/www.grieta.org.mx\/wp-content\/uploads\/2020\/02\/WhatsApp-Image-2020-02-14-at-10.28.19.jpeg?resize=350%2C200","width":350,"height":200,"srcset":"https:\/\/i0.wp.com\/www.grieta.org.mx\/wp-content\/uploads\/2020\/02\/WhatsApp-Image-2020-02-14-at-10.28.19.jpeg?resize=350%2C200 1x, https:\/\/i0.wp.com\/www.grieta.org.mx\/wp-content\/uploads\/2020\/02\/WhatsApp-Image-2020-02-14-at-10.28.19.jpeg?resize=525%2C300 1.5x, https:\/\/i0.wp.com\/www.grieta.org.mx\/wp-content\/uploads\/2020\/02\/WhatsApp-Image-2020-02-14-at-10.28.19.jpeg?resize=700%2C400 2x"},"classes":[]},{"id":50442,"url":"http:\/\/www.grieta.org.mx\/index.php\/2020\/06\/01\/dan-positivo-a-covid-19-veinte-trabajadores-del-hospital-materno-infantil-esperanza-lopez-mateos-jalisco\/","url_meta":{"origin":47914,"position":4},"title":"Dan positivo a Covid-19 veinte trabajadores del Hospital Materno Infantil Esperanza L\u00f3pez Mateos (Jalisco)","author":"grieta","date":"1 junio, 2020","format":false,"excerpt":"Foto: Archivo Adem\u00e1s podr\u00eda estarse registrando el primer brote de en reci\u00e9n nacidos Isaura L\u00f3pez \/ El Occidental A una semana de la detecci\u00f3n de casos por Covid-19 en personal de salud del Hospital Materno Infantil \u201cEsperanza L\u00f3pez Mateos\u201d al parecer existe un brote nosocomial, 20 trabajadores dieron positivo, entre\u2026","rel":"","context":"En &quot;CINTILLO&quot;","block_context":{"text":"CINTILLO","link":"http:\/\/www.grieta.org.mx\/index.php\/category\/cintillo\/"},"img":{"alt_text":"","src":"https:\/\/i0.wp.com\/www.grieta.org.mx\/wp-content\/uploads\/2020\/06\/hospital-materno-infantil.jpg?resize=350%2C200","width":350,"height":200,"srcset":"https:\/\/i0.wp.com\/www.grieta.org.mx\/wp-content\/uploads\/2020\/06\/hospital-materno-infantil.jpg?resize=350%2C200 1x, https:\/\/i0.wp.com\/www.grieta.org.mx\/wp-content\/uploads\/2020\/06\/hospital-materno-infantil.jpg?resize=525%2C300 1.5x, https:\/\/i0.wp.com\/www.grieta.org.mx\/wp-content\/uploads\/2020\/06\/hospital-materno-infantil.jpg?resize=700%2C400 2x"},"classes":[]},{"id":40637,"url":"http:\/\/www.grieta.org.mx\/index.php\/2019\/10\/20\/crisis-interna-en-salud-jalisco-ocasiono-epidemia-de-dengue-sin-control-guadalupe-martinez-jalisco\/","url_meta":{"origin":47914,"position":5},"title":"Crisis interna en Salud Jalisco ocasion\u00f3 epidemia de dengue sin control: Guadalupe Mart\u00ednez (Jalisco)","author":"grieta","date":"20 octubre, 2019","format":false,"excerpt":"Foto: Isaura L\u00f3pez Villalobos La crisis interna en el sistema de salud del Gobierno de Jalisco ocasion\u00f3 una epidemia sin control en la Zona Metropolitana de Guadalajara Isaura L\u00f3pez Villalobos \/ UDGTV Guadalajara, Jalisco. La crisis interna en el sistema de salud del Gobierno de Jalisco ocasion\u00f3 una epidemia sin\u2026","rel":"","context":"En &quot;CINTILLO&quot;","block_context":{"text":"CINTILLO","link":"http:\/\/www.grieta.org.mx\/index.php\/category\/cintillo\/"},"img":{"alt_text":"","src":"https:\/\/i0.wp.com\/www.grieta.org.mx\/wp-content\/uploads\/2018\/03\/14524434_1106112876131411_958039263622046936_o.jpg?resize=350%2C200","width":350,"height":200,"srcset":"https:\/\/i0.wp.com\/www.grieta.org.mx\/wp-content\/uploads\/2018\/03\/14524434_1106112876131411_958039263622046936_o.jpg?resize=350%2C200 1x, https:\/\/i0.wp.com\/www.grieta.org.mx\/wp-content\/uploads\/2018\/03\/14524434_1106112876131411_958039263622046936_o.jpg?resize=525%2C300 1.5x, https:\/\/i0.wp.com\/www.grieta.org.mx\/wp-content\/uploads\/2018\/03\/14524434_1106112876131411_958039263622046936_o.jpg?resize=700%2C400 2x"},"classes":[]}],"_links":{"self":[{"href":"http:\/\/www.grieta.org.mx\/index.php\/wp-json\/wp\/v2\/posts\/47914","targetHints":{"allow":["GET"]}}],"collection":[{"href":"http:\/\/www.grieta.org.mx\/index.php\/wp-json\/wp\/v2\/posts"}],"about":[{"href":"http:\/\/www.grieta.org.mx\/index.php\/wp-json\/wp\/v2\/types\/post"}],"author":[{"embeddable":true,"href":"http:\/\/www.grieta.org.mx\/index.php\/wp-json\/wp\/v2\/users\/2"}],"replies":[{"embeddable":true,"href":"http:\/\/www.grieta.org.mx\/index.php\/wp-json\/wp\/v2\/comments?post=47914"}],"version-history":[{"count":1,"href":"http:\/\/www.grieta.org.mx\/index.php\/wp-json\/wp\/v2\/posts\/47914\/revisions"}],"predecessor-version":[{"id":47922,"href":"http:\/\/www.grieta.org.mx\/index.php\/wp-json\/wp\/v2\/posts\/47914\/revisions\/47922"}],"wp:featuredmedia":[{"embeddable":true,"href":"http:\/\/www.grieta.org.mx\/index.php\/wp-json\/wp\/v2\/media\/47918"}],"wp:attachment":[{"href":"http:\/\/www.grieta.org.mx\/index.php\/wp-json\/wp\/v2\/media?parent=47914"}],"wp:term":[{"taxonomy":"category","embeddable":true,"href":"http:\/\/www.grieta.org.mx\/index.php\/wp-json\/wp\/v2\/categories?post=47914"},{"taxonomy":"post_tag","embeddable":true,"href":"http:\/\/www.grieta.org.mx\/index.php\/wp-json\/wp\/v2\/tags?post=47914"}],"curies":[{"name":"wp","href":"https:\/\/api.w.org\/{rel}","templated":true}]}}