{"id":47890,"date":"2020-04-13T10:31:35","date_gmt":"2020-04-13T15:31:35","guid":{"rendered":"http:\/\/www.grieta.org.mx\/?p=47890"},"modified":"2020-04-18T10:51:06","modified_gmt":"2020-04-18T15:51:06","slug":"8-mil-empleos-perdidos-en-nayarit-por-covid","status":"publish","type":"post","link":"http:\/\/www.grieta.org.mx\/index.php\/2020\/04\/13\/8-mil-empleos-perdidos-en-nayarit-por-covid\/","title":{"rendered":"8 mil empleos perdidos en Nayarit por Covid"},"content":{"rendered":"<p><img loading=\"lazy\" decoding=\"async\" data-attachment-id=\"47892\" data-permalink=\"http:\/\/www.grieta.org.mx\/index.php\/2020\/04\/13\/8-mil-empleos-perdidos-en-nayarit-por-covid\/des-768x405\/\" data-orig-file=\"http:\/\/www.grieta.org.mx\/wp-content\/uploads\/2020\/04\/des-768x405.jpg\" data-orig-size=\"768,405\" data-comments-opened=\"0\" data-image-meta=\"{&quot;aperture&quot;:&quot;0&quot;,&quot;credit&quot;:&quot;&quot;,&quot;camera&quot;:&quot;&quot;,&quot;caption&quot;:&quot;&quot;,&quot;created_timestamp&quot;:&quot;0&quot;,&quot;copyright&quot;:&quot;&quot;,&quot;focal_length&quot;:&quot;0&quot;,&quot;iso&quot;:&quot;0&quot;,&quot;shutter_speed&quot;:&quot;0&quot;,&quot;title&quot;:&quot;&quot;,&quot;orientation&quot;:&quot;0&quot;}\" data-image-title=\"des-768&amp;#215;405\" data-image-description=\"\" data-image-caption=\"\" data-medium-file=\"http:\/\/www.grieta.org.mx\/wp-content\/uploads\/2020\/04\/des-768x405-300x158.jpg\" data-large-file=\"http:\/\/www.grieta.org.mx\/wp-content\/uploads\/2020\/04\/des-768x405.jpg\" class=\"aligncenter wp-image-47892\" src=\"http:\/\/www.grieta.org.mx\/wp-content\/uploads\/2020\/04\/des-768x405.jpg\" alt=\"\" width=\"800\" height=\"423\" srcset=\"http:\/\/www.grieta.org.mx\/wp-content\/uploads\/2020\/04\/des-768x405.jpg 768w, http:\/\/www.grieta.org.mx\/wp-content\/uploads\/2020\/04\/des-768x405-300x158.jpg 300w\" sizes=\"auto, (max-width: 800px) 100vw, 800px\" \/><\/p>\n<p>Imagen: Realidades de Nayarit<\/p>\n<p>Mildra Ben\u00edtez Robledo \/ Realidades de Nayarit<\/p>\n<p>Tepic, Nayarit.- Lunes 13 de abril del 2020.- El Covid-19 , ya est\u00e1 provocando serios da\u00f1os econ\u00f3micos a Nayarit, pues a\u00fan cuando la Entidad tiene muy pocos empleos formales, estos comienza a perderse ante la contingencia.<\/p>\n<p>El titular del Servicio Nacional de Empleos (SNE) Antonio Riojas Mel\u00e9ndez, confirm\u00f3 que hasta el momento se han perdido alrededor de 8 mil empleos formales, principalmente en sector tur\u00edstico, enclaustrado en la Riviera Nayarit.<\/p>\n<p>Esta situaci\u00f3n\u00a0 es preocupante, dado que Nayarit ven\u00eda repuntando en dicho rubro y la zona de Bah\u00eda de Banderas estaba generando buena cantidad de espacios laborales.<\/p>\n<p><a href=\"http:\/\/realidadesperiodico.com\/local\/8-mil-empleos-perdidos-en-nayarit-por-covid\/\">http:\/\/realidadesperiodico.com\/local\/8-mil-empleos-perdidos-en-nayarit-por-covid\/<\/a><\/p>\n","protected":false},"excerpt":{"rendered":"<p>Imagen: Realidades de Nayarit Mildra Ben\u00edtez Robledo \/ Realidades de Nayarit Tepic, Nayarit.- Lunes 13 de abril del 2020.- El Covid-19 , ya est\u00e1 provocando serios da\u00f1os econ\u00f3micos a Nayarit, &hellip; <a href=\"http:\/\/www.grieta.org.mx\/index.php\/2020\/04\/13\/8-mil-empleos-perdidos-en-nayarit-por-covid\/\" class=\"more-link\">Leer m\u00e1s<\/a><\/p>\n","protected":false},"author":2,"featured_media":47892,"comment_status":"closed","ping_status":"closed","sticky":false,"template":"","format":"standard","meta":{"ngg_post_thumbnail":0,"_jetpack_newsletter_access":"","_jetpack_dont_email_post_to_subs":false,"_jetpack_newsletter_tier_id":0,"_jetpack_memberships_contains_paywalled_content":false,"_jetpack_memberships_contains_paid_content":false,"footnotes":""},"categories":[80,1122,3306,910,23,2,83],"tags":[3241,105,2105],"class_list":["post-47890","post","type-post","status-publish","format-standard","has-post-thumbnail","hentry","category-cintillo","category-conflictos-laborales-en-nayarit","category-covid-19-en-nayarit","category-explotacion-y-precariedad-laboral","category-nayarit","category-noticias-nacionales","category-temas-nacionales","tag-covid-19","tag-derechos-laborales","tag-despidos-masivos","entry"],"jetpack_featured_media_url":"http:\/\/www.grieta.org.mx\/wp-content\/uploads\/2020\/04\/des-768x405.jpg","jetpack_sharing_enabled":true,"jetpack_shortlink":"https:\/\/wp.me\/p7ZJR4-csq","jetpack_likes_enabled":false,"jetpack-related-posts":[{"id":48581,"url":"http:\/\/www.grieta.org.mx\/index.php\/2020\/04\/23\/perdidos-20-mil-empleos-formales-nayarit\/","url_meta":{"origin":47890,"position":0},"title":"Perdidos 20 mil empleos formales (Nayarit)","author":"grieta","date":"23 abril, 2020","format":false,"excerpt":"Imagen: Realidades de Nayarit La p\u00e9rdida de fuentes de trabajo va en picada en los \u00faltimos d\u00edas Ver\u00f3nica Ram\u00edrez \/ Realidades de Nayarit Tepic, Nayarit.- Jueves 23 de abril del 2020.- Desde el inicio de la contingencia sanitaria por el Covid-19, se han perdido \u2013hasta el momento-, alrededor de 20\u2026","rel":"","context":"En &quot;CINTILLO&quot;","block_context":{"text":"CINTILLO","link":"http:\/\/www.grieta.org.mx\/index.php\/category\/cintillo\/"},"img":{"alt_text":"","src":"https:\/\/i0.wp.com\/www.grieta.org.mx\/wp-content\/uploads\/2020\/05\/des-1-768x461.jpg?resize=350%2C200","width":350,"height":200,"srcset":"https:\/\/i0.wp.com\/www.grieta.org.mx\/wp-content\/uploads\/2020\/05\/des-1-768x461.jpg?resize=350%2C200 1x, https:\/\/i0.wp.com\/www.grieta.org.mx\/wp-content\/uploads\/2020\/05\/des-1-768x461.jpg?resize=525%2C300 1.5x, https:\/\/i0.wp.com\/www.grieta.org.mx\/wp-content\/uploads\/2020\/05\/des-1-768x461.jpg?resize=700%2C400 2x"},"classes":[]},{"id":50768,"url":"http:\/\/www.grieta.org.mx\/index.php\/2020\/06\/07\/alrededor-de-140-mil-empleos-se-han-perdido-en-nayarit\/","url_meta":{"origin":47890,"position":1},"title":"Alrededor de 140 mil empleos se han perdido en Nayarit","author":"grieta","date":"7 junio, 2020","format":false,"excerpt":"Foto: Cuartoscuro Crys Ben\u00edtez \/ El Occidental Tepic, Nayarit.- Desde que se implement\u00f3 la cuarentena en Nayarit y hasta la fecha, el desempleo se ha disparado considerablemente a ra\u00edz de los miles de negocios que han tenido que cerrar por ordenamiento gubernamental. El titular de la Secretar\u00eda de Econom\u00eda del\u2026","rel":"","context":"En &quot;CINTILLO&quot;","block_context":{"text":"CINTILLO","link":"http:\/\/www.grieta.org.mx\/index.php\/category\/cintillo\/"},"img":{"alt_text":"","src":"https:\/\/i0.wp.com\/www.grieta.org.mx\/wp-content\/uploads\/2020\/06\/Desempleo.jpg?resize=350%2C200","width":350,"height":200,"srcset":"https:\/\/i0.wp.com\/www.grieta.org.mx\/wp-content\/uploads\/2020\/06\/Desempleo.jpg?resize=350%2C200 1x, https:\/\/i0.wp.com\/www.grieta.org.mx\/wp-content\/uploads\/2020\/06\/Desempleo.jpg?resize=525%2C300 1.5x, https:\/\/i0.wp.com\/www.grieta.org.mx\/wp-content\/uploads\/2020\/06\/Desempleo.jpg?resize=700%2C400 2x"},"classes":[]},{"id":53003,"url":"http:\/\/www.grieta.org.mx\/index.php\/2020\/09\/04\/cierran-el-nuevo-hospital-del-issste-nayarit\/","url_meta":{"origin":47890,"position":2},"title":"Cierran el nuevo hospital del ISSSTE (Nayarit)","author":"grieta","date":"4 septiembre, 2020","format":false,"excerpt":"Foto: Realidades de Nayarit Durante 5 d\u00edas no funcionar\u00e1 porque culminaron los contratos del personal m\u00e9dico que laboran all\u00ed Mildra Ben\u00edtez Robledo \/ Realidades de Nayarit Tepic, Nayarit.- Viernes 04 de septiembre del 2020.- El hospital del ISSSTE ubicado en la zona de La Cantera, Tepic, mismo que atiende a\u2026","rel":"","context":"En &quot;CINTILLO&quot;","block_context":{"text":"CINTILLO","link":"http:\/\/www.grieta.org.mx\/index.php\/category\/cintillo\/"},"img":{"alt_text":"","src":"https:\/\/i0.wp.com\/www.grieta.org.mx\/wp-content\/uploads\/2020\/09\/hospital.jpg?resize=350%2C200","width":350,"height":200,"srcset":"https:\/\/i0.wp.com\/www.grieta.org.mx\/wp-content\/uploads\/2020\/09\/hospital.jpg?resize=350%2C200 1x, https:\/\/i0.wp.com\/www.grieta.org.mx\/wp-content\/uploads\/2020\/09\/hospital.jpg?resize=525%2C300 1.5x, https:\/\/i0.wp.com\/www.grieta.org.mx\/wp-content\/uploads\/2020\/09\/hospital.jpg?resize=700%2C400 2x"},"classes":[]},{"id":49978,"url":"http:\/\/www.grieta.org.mx\/index.php\/2020\/05\/24\/colectivo-de-familias-unidas-localizo-una-nueva-narcofosa-nayarit\/","url_meta":{"origin":47890,"position":3},"title":"Colectivo de Familias Unidas localiz\u00f3 una nueva narcofosa (Nayarit)","author":"grieta","date":"24 mayo, 2020","format":false,"excerpt":"Foto: Realidades de Nayarit Wilfrido Elenes Luna \/ Realidades de Nayarit Tepic, Nayarit.- Domingo 24 de mayo del 2020.- Mientras la unidad de b\u00fasqueda canina, de la Polic\u00eda Estatal Preventiva duerme el sue\u00f1o de los justos y solo sirve para hacer gastos injustificables y los Agentes Investigadores de la misma\u2026","rel":"","context":"En &quot;CINTILLO&quot;","block_context":{"text":"CINTILLO","link":"http:\/\/www.grieta.org.mx\/index.php\/category\/cintillo\/"},"img":{"alt_text":"","src":"https:\/\/i0.wp.com\/www.grieta.org.mx\/wp-content\/uploads\/2020\/05\/fosas.jpg?resize=350%2C200","width":350,"height":200,"srcset":"https:\/\/i0.wp.com\/www.grieta.org.mx\/wp-content\/uploads\/2020\/05\/fosas.jpg?resize=350%2C200 1x, https:\/\/i0.wp.com\/www.grieta.org.mx\/wp-content\/uploads\/2020\/05\/fosas.jpg?resize=525%2C300 1.5x, https:\/\/i0.wp.com\/www.grieta.org.mx\/wp-content\/uploads\/2020\/05\/fosas.jpg?resize=700%2C400 2x"},"classes":[]},{"id":51688,"url":"http:\/\/www.grieta.org.mx\/index.php\/2020\/07\/07\/jubilados-de-la-uan-reclaman-pagos-pendientes-nayarit\/","url_meta":{"origin":47890,"position":4},"title":"Jubilados de la UAN reclaman pagos pendientes (Nayarit)","author":"grieta","date":"7 julio, 2020","format":false,"excerpt":"Imagen: Realidades de Nayarit Javier Rojo Fregoso \/ Realidades de Nayarit Tepic, Nayarit.- Martes 07 de julio del 2020.- Siguen miles de docentes, academicos de la Universidad Aut\u00f3noma de Nayarit (UAN) activos, jubilados y pensionados, molestos con la parte patronal pero tambi\u00e9n con su llamado dirigente sindical, Francisco Haro, l\u00edder\u2026","rel":"","context":"En &quot;CINTILLO&quot;","block_context":{"text":"CINTILLO","link":"http:\/\/www.grieta.org.mx\/index.php\/category\/cintillo\/"},"img":{"alt_text":"","src":"https:\/\/i0.wp.com\/www.grieta.org.mx\/wp-content\/uploads\/2020\/07\/monedas.jpg?resize=350%2C200","width":350,"height":200,"srcset":"https:\/\/i0.wp.com\/www.grieta.org.mx\/wp-content\/uploads\/2020\/07\/monedas.jpg?resize=350%2C200 1x, https:\/\/i0.wp.com\/www.grieta.org.mx\/wp-content\/uploads\/2020\/07\/monedas.jpg?resize=525%2C300 1.5x, https:\/\/i0.wp.com\/www.grieta.org.mx\/wp-content\/uploads\/2020\/07\/monedas.jpg?resize=700%2C400 2x"},"classes":[]},{"id":804,"url":"http:\/\/www.grieta.org.mx\/index.php\/2015\/12\/09\/conflictos-laborales-en-nayarit\/","url_meta":{"origin":47890,"position":5},"title":"Conflictos laborales en Nayarit","author":"grieta","date":"9 diciembre, 2015","format":false,"excerpt":"09\/12\/15. Reprime Secretar\u00eda de Salud a m\u00e9dicos suplentes del Hospital General de Tepic EL Sol de Nayarit 30\/11\/15. Personal m\u00e9dico suplente realiza manifestaci\u00f3n y plant\u00f3n frente al palacio de gobierno de Nayarit EL Sol de Nayarit","rel":"","context":"En &quot;Nayarit&quot;","block_context":{"text":"Nayarit","link":"http:\/\/www.grieta.org.mx\/index.php\/category\/noticias-nacionales\/nayarit\/"},"img":{"alt_text":"","src":"https:\/\/i0.wp.com\/www.grieta.org.mx\/wp-content\/uploads\/2018\/03\/14524434_1106112876131411_958039263622046936_o.jpg?resize=350%2C200","width":350,"height":200,"srcset":"https:\/\/i0.wp.com\/www.grieta.org.mx\/wp-content\/uploads\/2018\/03\/14524434_1106112876131411_958039263622046936_o.jpg?resize=350%2C200 1x, https:\/\/i0.wp.com\/www.grieta.org.mx\/wp-content\/uploads\/2018\/03\/14524434_1106112876131411_958039263622046936_o.jpg?resize=525%2C300 1.5x, https:\/\/i0.wp.com\/www.grieta.org.mx\/wp-content\/uploads\/2018\/03\/14524434_1106112876131411_958039263622046936_o.jpg?resize=700%2C400 2x"},"classes":[]}],"_links":{"self":[{"href":"http:\/\/www.grieta.org.mx\/index.php\/wp-json\/wp\/v2\/posts\/47890","targetHints":{"allow":["GET"]}}],"collection":[{"href":"http:\/\/www.grieta.org.mx\/index.php\/wp-json\/wp\/v2\/posts"}],"about":[{"href":"http:\/\/www.grieta.org.mx\/index.php\/wp-json\/wp\/v2\/types\/post"}],"author":[{"embeddable":true,"href":"http:\/\/www.grieta.org.mx\/index.php\/wp-json\/wp\/v2\/users\/2"}],"replies":[{"embeddable":true,"href":"http:\/\/www.grieta.org.mx\/index.php\/wp-json\/wp\/v2\/comments?post=47890"}],"version-history":[{"count":1,"href":"http:\/\/www.grieta.org.mx\/index.php\/wp-json\/wp\/v2\/posts\/47890\/revisions"}],"predecessor-version":[{"id":47894,"href":"http:\/\/www.grieta.org.mx\/index.php\/wp-json\/wp\/v2\/posts\/47890\/revisions\/47894"}],"wp:featuredmedia":[{"embeddable":true,"href":"http:\/\/www.grieta.org.mx\/index.php\/wp-json\/wp\/v2\/media\/47892"}],"wp:attachment":[{"href":"http:\/\/www.grieta.org.mx\/index.php\/wp-json\/wp\/v2\/media?parent=47890"}],"wp:term":[{"taxonomy":"category","embeddable":true,"href":"http:\/\/www.grieta.org.mx\/index.php\/wp-json\/wp\/v2\/categories?post=47890"},{"taxonomy":"post_tag","embeddable":true,"href":"http:\/\/www.grieta.org.mx\/index.php\/wp-json\/wp\/v2\/tags?post=47890"}],"curies":[{"name":"wp","href":"https:\/\/api.w.org\/{rel}","templated":true}]}}