{"id":47874,"date":"2020-04-13T20:50:55","date_gmt":"2020-04-14T01:50:55","guid":{"rendered":"http:\/\/www.grieta.org.mx\/?p=47874"},"modified":"2020-04-16T21:02:37","modified_gmt":"2020-04-17T02:02:37","slug":"las-vias-torcidas-del-tren-maya-video","status":"publish","type":"post","link":"http:\/\/www.grieta.org.mx\/index.php\/2020\/04\/13\/las-vias-torcidas-del-tren-maya-video\/","title":{"rendered":"Las v\u00edas torcidas del tren maya (Video)"},"content":{"rendered":"<div class=\"jetpack-video-wrapper\"><iframe loading=\"lazy\" title=\"Las vi\u0301as torcidas del tren maya\" width=\"1170\" height=\"658\" src=\"https:\/\/www.youtube.com\/embed\/k8FRX9eT0YY?feature=oembed\" frameborder=\"0\" allow=\"accelerometer; autoplay; clipboard-write; encrypted-media; gyroscope; picture-in-picture\" allowfullscreen><\/iframe><\/div>\n","protected":false},"excerpt":{"rendered":"","protected":false},"author":2,"featured_media":47877,"comment_status":"closed","ping_status":"closed","sticky":false,"template":"","format":"standard","meta":{"ngg_post_thumbnail":0,"_jetpack_newsletter_access":"","_jetpack_dont_email_post_to_subs":false,"_jetpack_newsletter_tier_id":0,"_jetpack_memberships_contains_paywalled_content":false,"_jetpack_memberships_contains_paid_content":false,"footnotes":""},"categories":[60,69,11,80,958,976,984,1,954,3,922,926,944,952,2,28,1875,1876,1877,2026,36],"tags":[1878],"class_list":["post-47874","post","type-post","status-publish","format-standard","has-post-thumbnail","hentry","category-16-pueblo-maya","category-25-xpujil","category-campeche","category-cintillo","category-esp-campeche","category-esp-quintana-roo","category-esp-yucatan","category-espejos-de-la-resistencia","category-espejos-estados","category-megaproyectos","category-megaproyectos-estados","category-mp-campeche","category-mp-quintana-roo","category-mp-yucatan","category-noticias-nacionales","category-quintana-roo","category-resistencia-al-tren-maya-en-la-peninsula-de-yucatan","category-resistencia-al-tren-maya-en-la-peninsula-de-yucatan-quintana-roo","category-resistencia-al-tren-maya-en-la-peninsula-de-yucatan-campeche","category-tren-maya","category-yucatan","tag-tren-maya","entry"],"jetpack_featured_media_url":"http:\/\/www.grieta.org.mx\/wp-content\/uploads\/2020\/04\/ViasTorcidasTrenMaya.png","jetpack_sharing_enabled":true,"jetpack_shortlink":"https:\/\/wp.me\/p7ZJR4-csa","jetpack_likes_enabled":false,"jetpack-related-posts":[{"id":35945,"url":"http:\/\/www.grieta.org.mx\/index.php\/2019\/07\/05\/expansion-de-megaproyectos-en-la-peninsula-de-yucatan-video\/","url_meta":{"origin":47874,"position":0},"title":"Expansi\u00f3n de Megaproyectos en la Pen\u00ednsula de Yucat\u00e1n (Video)","author":"grieta","date":"5 julio, 2019","format":false,"excerpt":"https:\/\/youtu.be\/qLBARIAaBsI","rel":"","context":"En &quot;Campeche&quot;","block_context":{"text":"Campeche","link":"http:\/\/www.grieta.org.mx\/index.php\/category\/noticias-nacionales\/campeche\/"},"img":{"alt_text":"","src":"https:\/\/i0.wp.com\/img.youtube.com\/vi\/qLBARIAaBsI\/0.jpg?resize=350%2C200","width":350,"height":200},"classes":[]},{"id":45360,"url":"http:\/\/www.grieta.org.mx\/index.php\/2020\/02\/27\/no-estamos-peleando-la-suspension-provisional-del-tren-maya-sino-la-definitiva-cruz-rueda\/","url_meta":{"origin":47874,"position":1},"title":"&#8220;No estamos peleando la suspensi\u00f3n provisional del Tren Maya, sino la definitiva&#8221;: Cruz Rueda","author":"grieta","date":"27 febrero, 2020","format":false,"excerpt":"Impugnaci\u00f3n de Presidencia \"no nos quita el sue\u00f1o\" Abraham Bote \/Foto: Tomada de Twitter \/La Jornada Maya M\u00e9rida, Yucat\u00e1n Respecto a la impugnaci\u00f3n que realiz\u00f3 la Presidencia de la Rep\u00fablica y el apoderado de la Naci\u00f3n Financiera (Nafin), contra la suspensi\u00f3n provisional del proyecto de Tren Maya, la asesora jur\u00eddica\u2026","rel":"","context":"En &quot;16. Pueblo Maya&quot;","block_context":{"text":"16. Pueblo Maya","link":"http:\/\/www.grieta.org.mx\/index.php\/category\/espejos-de-la-resistencia\/16-pueblo-maya\/"},"img":{"alt_text":"","src":"https:\/\/i0.wp.com\/www.grieta.org.mx\/wp-content\/uploads\/2020\/02\/TrenMallaCampeche.png?resize=350%2C200","width":350,"height":200,"srcset":"https:\/\/i0.wp.com\/www.grieta.org.mx\/wp-content\/uploads\/2020\/02\/TrenMallaCampeche.png?resize=350%2C200 1x, https:\/\/i0.wp.com\/www.grieta.org.mx\/wp-content\/uploads\/2020\/02\/TrenMallaCampeche.png?resize=525%2C300 1.5x, https:\/\/i0.wp.com\/www.grieta.org.mx\/wp-content\/uploads\/2020\/02\/TrenMallaCampeche.png?resize=700%2C400 2x"},"classes":[]},{"id":48940,"url":"http:\/\/www.grieta.org.mx\/index.php\/2020\/05\/11\/interponen-queja-ante-la-cndh-contra-obras-del-tren-maya\/","url_meta":{"origin":47874,"position":2},"title":"Interponen queja ante la CNDH contra obras del Tren Maya","author":"grieta","date":"11 mayo, 2020","format":false,"excerpt":"Lilia Balam \/ Informe Fracto Colectivos ind\u00edgenas y organizaciones civiles argumentaron que continuar con la construcci\u00f3n del proyecto durante la pandemia vulnera los derechos de los pobladores de la regi\u00f3n. Colectivos ind\u00edgenas y organizaciones civiles de la Pen\u00ednsula de Yucat\u00e1n interpusieron una queja ante la Comisi\u00f3n Nacional de los Derechos\u2026","rel":"","context":"En &quot;Campeche&quot;","block_context":{"text":"Campeche","link":"http:\/\/www.grieta.org.mx\/index.php\/category\/noticias-nacionales\/campeche\/"},"img":{"alt_text":"","src":"https:\/\/i0.wp.com\/www.grieta.org.mx\/wp-content\/uploads\/2020\/05\/tren_maya.jpg1_-640x360-1-e1589284542406.jpg?resize=350%2C200","width":350,"height":200,"srcset":"https:\/\/i0.wp.com\/www.grieta.org.mx\/wp-content\/uploads\/2020\/05\/tren_maya.jpg1_-640x360-1-e1589284542406.jpg?resize=350%2C200 1x, https:\/\/i0.wp.com\/www.grieta.org.mx\/wp-content\/uploads\/2020\/05\/tren_maya.jpg1_-640x360-1-e1589284542406.jpg?resize=525%2C300 1.5x, https:\/\/i0.wp.com\/www.grieta.org.mx\/wp-content\/uploads\/2020\/05\/tren_maya.jpg1_-640x360-1-e1589284542406.jpg?resize=700%2C400 2x"},"classes":[]},{"id":50050,"url":"http:\/\/www.grieta.org.mx\/index.php\/2020\/05\/31\/los-derechos-indigenas-son-pisoteados-con-impunidad-presidencial-y-sin-recato-dicen-mayas-a-amlo\/","url_meta":{"origin":47874,"position":3},"title":"Los derechos ind\u00edgenas \u201cson pisoteados con impunidad presidencial y sin recato\u201d, dicen mayas a AMLO","author":"grieta","date":"31 mayo, 2020","format":false,"excerpt":"Redacci\u00f3n \/ Sin Embargo \u201cSr. L\u00f3pez, viene usted a Yucat\u00e1n, la tierra donde los malos gobiernos (de los tres niveles) se ponen sin decencia ni recato al servicio de megaproyectos de alma podrida, sembrando discordia y conflictos sociales en nuestras comunidades. Llega usted, Sr. L\u00f3pez, al Yucat\u00e1n donde la ilegalidad,\u2026","rel":"","context":"En &quot;16. Pueblo Maya&quot;","block_context":{"text":"16. Pueblo Maya","link":"http:\/\/www.grieta.org.mx\/index.php\/category\/espejos-de-la-resistencia\/16-pueblo-maya\/"},"img":{"alt_text":"","src":"https:\/\/i0.wp.com\/www.grieta.org.mx\/wp-content\/uploads\/2020\/05\/amloco-tirano-rex-e1590968383995.jpg?resize=350%2C200","width":350,"height":200,"srcset":"https:\/\/i0.wp.com\/www.grieta.org.mx\/wp-content\/uploads\/2020\/05\/amloco-tirano-rex-e1590968383995.jpg?resize=350%2C200 1x, https:\/\/i0.wp.com\/www.grieta.org.mx\/wp-content\/uploads\/2020\/05\/amloco-tirano-rex-e1590968383995.jpg?resize=525%2C300 1.5x, https:\/\/i0.wp.com\/www.grieta.org.mx\/wp-content\/uploads\/2020\/05\/amloco-tirano-rex-e1590968383995.jpg?resize=700%2C400 2x"},"classes":[]},{"id":29462,"url":"http:\/\/www.grieta.org.mx\/index.php\/2019\/02\/18\/migrantes-construirian-tren-maya-y-refineria-en-tabasco\/","url_meta":{"origin":47874,"position":4},"title":"Migrantes \u2018construir\u00edan\u2019 Tren Maya y refiner\u00eda en Tabasco","author":"grieta","date":"18 febrero, 2019","format":false,"excerpt":"Redacci\u00f3n \/ XEVA Noticias Ra\u00fal Bonifaz Mohedano, diputado federal de Morena y presidente de la Comisi\u00f3n de la Frontera Sur en el Congreso de la Uni\u00f3n, adelant\u00f3 que hay un proyecto que podr\u00eda contemplar la contrataci\u00f3n de migrantes en obras federales en el sur del pa\u00eds. El legislador federal expuso\u2026","rel":"","context":"En &quot;16. Pueblo Maya&quot;","block_context":{"text":"16. Pueblo Maya","link":"http:\/\/www.grieta.org.mx\/index.php\/category\/espejos-de-la-resistencia\/16-pueblo-maya\/"},"img":{"alt_text":"","src":"https:\/\/i0.wp.com\/www.grieta.org.mx\/wp-content\/uploads\/2019\/02\/tren-1550524057-621x354.jpg?resize=350%2C200","width":350,"height":200,"srcset":"https:\/\/i0.wp.com\/www.grieta.org.mx\/wp-content\/uploads\/2019\/02\/tren-1550524057-621x354.jpg?resize=350%2C200 1x, https:\/\/i0.wp.com\/www.grieta.org.mx\/wp-content\/uploads\/2019\/02\/tren-1550524057-621x354.jpg?resize=525%2C300 1.5x"},"classes":[]},{"id":48659,"url":"http:\/\/www.grieta.org.mx\/index.php\/2020\/05\/01\/piden-que-se-detengan-obras-del-tren-maya-en-yucatan-por-emergencia-sanitaria\/","url_meta":{"origin":47874,"position":5},"title":"Piden que se detengan obras del Tren Maya en Yucat\u00e1n por emergencia sanitaria","author":"grieta","date":"1 mayo, 2020","format":false,"excerpt":"Arturo Contreras \/ Foto: Isabel Mateo \/ Pie de P\u00e1gina \/ La asamblea maya Muuch Ximbal, que aglutina a personas de 25 pueblos mayas de Yucat\u00e1n, present\u00f3 un amparo para que se detengan los trabajos del Tren Maya en la emergencia sanitaria. Advierten riesgos de contagio e impedimento para participar\u2026","rel":"","context":"En &quot;16. Pueblo Maya&quot;","block_context":{"text":"16. Pueblo Maya","link":"http:\/\/www.grieta.org.mx\/index.php\/category\/espejos-de-la-resistencia\/16-pueblo-maya\/"},"img":{"alt_text":"","src":"https:\/\/i0.wp.com\/www.grieta.org.mx\/wp-content\/uploads\/2020\/05\/Trenmaya-e1588786207354.jpg?resize=350%2C200","width":350,"height":200,"srcset":"https:\/\/i0.wp.com\/www.grieta.org.mx\/wp-content\/uploads\/2020\/05\/Trenmaya-e1588786207354.jpg?resize=350%2C200 1x, https:\/\/i0.wp.com\/www.grieta.org.mx\/wp-content\/uploads\/2020\/05\/Trenmaya-e1588786207354.jpg?resize=525%2C300 1.5x, https:\/\/i0.wp.com\/www.grieta.org.mx\/wp-content\/uploads\/2020\/05\/Trenmaya-e1588786207354.jpg?resize=700%2C400 2x"},"classes":[]}],"_links":{"self":[{"href":"http:\/\/www.grieta.org.mx\/index.php\/wp-json\/wp\/v2\/posts\/47874","targetHints":{"allow":["GET"]}}],"collection":[{"href":"http:\/\/www.grieta.org.mx\/index.php\/wp-json\/wp\/v2\/posts"}],"about":[{"href":"http:\/\/www.grieta.org.mx\/index.php\/wp-json\/wp\/v2\/types\/post"}],"author":[{"embeddable":true,"href":"http:\/\/www.grieta.org.mx\/index.php\/wp-json\/wp\/v2\/users\/2"}],"replies":[{"embeddable":true,"href":"http:\/\/www.grieta.org.mx\/index.php\/wp-json\/wp\/v2\/comments?post=47874"}],"version-history":[{"count":1,"href":"http:\/\/www.grieta.org.mx\/index.php\/wp-json\/wp\/v2\/posts\/47874\/revisions"}],"predecessor-version":[{"id":47875,"href":"http:\/\/www.grieta.org.mx\/index.php\/wp-json\/wp\/v2\/posts\/47874\/revisions\/47875"}],"wp:featuredmedia":[{"embeddable":true,"href":"http:\/\/www.grieta.org.mx\/index.php\/wp-json\/wp\/v2\/media\/47877"}],"wp:attachment":[{"href":"http:\/\/www.grieta.org.mx\/index.php\/wp-json\/wp\/v2\/media?parent=47874"}],"wp:term":[{"taxonomy":"category","embeddable":true,"href":"http:\/\/www.grieta.org.mx\/index.php\/wp-json\/wp\/v2\/categories?post=47874"},{"taxonomy":"post_tag","embeddable":true,"href":"http:\/\/www.grieta.org.mx\/index.php\/wp-json\/wp\/v2\/tags?post=47874"}],"curies":[{"name":"wp","href":"https:\/\/api.w.org\/{rel}","templated":true}]}}