{"id":47841,"date":"2020-04-14T03:51:45","date_gmt":"2020-04-14T08:51:45","guid":{"rendered":"http:\/\/www.grieta.org.mx\/?p=47841"},"modified":"2020-04-15T03:58:24","modified_gmt":"2020-04-15T08:58:24","slug":"estudiantes-entregan-filosofia-y-letras-por-la-emergencia-demandas-no-han-sido-cumplidas-dicen-ciudad-de-mexico","status":"publish","type":"post","link":"http:\/\/www.grieta.org.mx\/index.php\/2020\/04\/14\/estudiantes-entregan-filosofia-y-letras-por-la-emergencia-demandas-no-han-sido-cumplidas-dicen-ciudad-de-mexico\/","title":{"rendered":"Estudiantes entregan Filosof\u00eda y Letras por la emergencia; demandas no han sido cumplidas, dicen (Ciudad de M\u00e9xico)"},"content":{"rendered":"<figure id=\"attachment_47842\" aria-describedby=\"caption-attachment-47842\" style=\"width: 620px\" class=\"wp-caption aligncenter\"><img loading=\"lazy\" decoding=\"async\" data-attachment-id=\"47842\" data-permalink=\"http:\/\/www.grieta.org.mx\/index.php\/2020\/04\/14\/estudiantes-entregan-filosofia-y-letras-por-la-emergencia-demandas-no-han-sido-cumplidas-dicen-ciudad-de-mexico\/las-instalaciones-de-la-facultad-de-filosofia-y-letras-ffyl-de-la-unam-continuan-tomadas-por-grupos-de-estudiantes-pese-a-que-hoy-fue-realizada-la-primer-reunion-entre-integrantes-del-grupo-mujeres\/\" data-orig-file=\"http:\/\/www.grieta.org.mx\/wp-content\/uploads\/2020\/04\/Estudiantes-entregan-Filosof\u00eda-y-Letras-por-la-emergencia-demandas-no-han-sido-cumplidas-dicen-cdmx-abr.jpeg\" data-orig-size=\"960,500\" data-comments-opened=\"0\" data-image-meta=\"{&quot;aperture&quot;:&quot;0&quot;,&quot;credit&quot;:&quot;Mario Jasso&quot;,&quot;camera&quot;:&quot;&quot;,&quot;caption&quot;:&quot;Las instalaciones de la Facultad de Filosof\\u00eda y Letras (FFyL) de la UNAM contin\\u00faan tomadas por grupos estudiantes pese a que hoy fue realizada la primer reuni\\u00f3n entre integrantes del grupo  Mujeres Organizadas de la Facultad de Filosof\\u00eda y Letras (MOFFyL) y autoridades del plantel. \\rFOTO: MARIO JASSO \/CUARTOSCURO.COM&quot;,&quot;created_timestamp&quot;:&quot;1575158400&quot;,&quot;copyright&quot;:&quot;Mario Jasso @Cuartoscuro&quot;,&quot;focal_length&quot;:&quot;0&quot;,&quot;iso&quot;:&quot;0&quot;,&quot;shutter_speed&quot;:&quot;0&quot;,&quot;title&quot;:&quot;Las instalaciones de la Facultad de Filosof\\u00eda y Letras (FFyL) de la UNAM contin\\u00faan tomadas por grupos de estudiantes pese a que hoy fue realizada la primer reuni\\u00f3n entre integrantes del grupo  Mujeres Organizadas de la Facultad de Filosof\\u00eda y Letras.&quot;,&quot;orientation&quot;:&quot;1&quot;}\" data-image-title=\"Las instalaciones de la Facultad de Filosof\u00eda y Letras (FFyL) de la UNAM contin\u00faan tomadas por grupos de estudiantes pese a que hoy fue realizada la primer reuni\u00f3n entre integrantes del grupo  Mujeres Organizadas de la Facultad de Filosof\u00eda y Letras.\" data-image-description=\"\" data-image-caption=\"&lt;p&gt;Las instalaciones de la Facultad de Filosof\u00eda y Letras (FFyL) de la UNAM contin\u00faan tomadas por grupos estudiantes pese a que hoy fue realizada la primer reuni\u00f3n entre integrantes del grupo  Mujeres Organizadas de la Facultad de Filosof\u00eda y Letras (MOFFyL) y autoridades del plantel.&lt;br \/&gt;\nFOTO: MARIO JASSO \/CUARTOSCURO.COM&lt;\/p&gt;\n\" data-medium-file=\"http:\/\/www.grieta.org.mx\/wp-content\/uploads\/2020\/04\/Estudiantes-entregan-Filosof\u00eda-y-Letras-por-la-emergencia-demandas-no-han-sido-cumplidas-dicen-cdmx-abr-300x156.jpeg\" data-large-file=\"http:\/\/www.grieta.org.mx\/wp-content\/uploads\/2020\/04\/Estudiantes-entregan-Filosof\u00eda-y-Letras-por-la-emergencia-demandas-no-han-sido-cumplidas-dicen-cdmx-abr.jpeg\" class=\" wp-image-47842\" src=\"http:\/\/www.grieta.org.mx\/wp-content\/uploads\/2020\/04\/Estudiantes-entregan-Filosof\u00eda-y-Letras-por-la-emergencia-demandas-no-han-sido-cumplidas-dicen-cdmx-abr.jpeg\" alt=\"\" width=\"620\" height=\"323\" srcset=\"http:\/\/www.grieta.org.mx\/wp-content\/uploads\/2020\/04\/Estudiantes-entregan-Filosof\u00eda-y-Letras-por-la-emergencia-demandas-no-han-sido-cumplidas-dicen-cdmx-abr.jpeg 960w, http:\/\/www.grieta.org.mx\/wp-content\/uploads\/2020\/04\/Estudiantes-entregan-Filosof\u00eda-y-Letras-por-la-emergencia-demandas-no-han-sido-cumplidas-dicen-cdmx-abr-300x156.jpeg 300w, http:\/\/www.grieta.org.mx\/wp-content\/uploads\/2020\/04\/Estudiantes-entregan-Filosof\u00eda-y-Letras-por-la-emergencia-demandas-no-han-sido-cumplidas-dicen-cdmx-abr-768x400.jpeg 768w\" sizes=\"auto, (max-width: 620px) 100vw, 620px\" \/><figcaption id=\"caption-attachment-47842\" class=\"wp-caption-text\">Las instalaciones de la Facultad de Filosof\u00eda y Letras (FFyL) de la UNAM contin\u00faan tomadas por grupos estudiantes pese a que hoy fue realizada la primer reuni\u00f3n entre integrantes del grupo Mujeres Organizadas de la Facultad de Filosof\u00eda y Letras (MOFFyL) y autoridades del plantel.<br \/>FOTO: MARIO JASSO \/CUARTOSCURO.COM<\/figcaption><\/figure>\n<p>Animal Pol\u00edtico<\/p>\n<blockquote><p>En un comunicado, la colectiva asegur\u00f3 que sus integrantes fueron orilladas a entregar las instalaciones, que tomaron desde el pasado 4 de noviembre, pues no cuentan con las herramientas necesarias para enfrentar la pandemia dentro del plantel.<\/p><\/blockquote>\n<p>Mujeres organizadas que manten\u00edan en paro a la Facultad de Filosof\u00eda y Letras de la UNAM \u2014como protesta contra el acoso y la violencia de g\u00e9nero\u2014 decidieron entregar las instalaciones a las autoridades universitarias, como medida preventiva por la emergencia sanitaria por el COVID-19.<\/p>\n<p>En un comunicado, la colectiva asegur\u00f3 que sus integrantes fueron orilladas a entregar las instalaciones, que tomaron desde el pasado 4 de noviembre, pues no cuentan con las herramientas necesarias para enfrentar la pandemia dentro del plantel.<\/p>\n<p>\u201cHacemos \u00e9nfasis en que la entrega de las instalaciones no responde al cumplimiento de nuestras demandas, ya que es evidente que \u00e9stas no han sido cumplidas en su totalidad\u201d, expusieron.<\/p>\n<p>Tambi\u00e9n dijeron haber solicitado a las autoridades de Filosof\u00eda y Letras medidas de protecci\u00f3n ante la epidemia de coronavirus, pero \u201csu respuesta fue solo emitir un comunicado dirigido a Rector\u00eda\u201d, acusaron.<\/p>\n<p>\u201cEs un error pensar que estamos aqu\u00ed por gusto. La negligencia de las autoridades nos orilla a dejar de vivir por tener que hacer su trabajo, es una vida en espera, una vida a medias, una vida sin descanso\u201d, publicaron.<\/p>\n<p>En tanto, la UNAM dijo que autoridades de la Facultad, acompa\u00f1adas por personal de la Rector\u00eda y de Protecci\u00f3n Civil, verifican el estado de las instalaciones que permanecieron cerradas por casi cinco meses.<\/p>\n<p>La Universidad Nacional dijo que continuar\u00e1 \u201ctomando las medidas y acciones que permitan seguir avanzando, mediante el di\u00e1logo y con base en la legislaci\u00f3n universitaria, en el combate decidido a la violencia contra las mujeres\u201d.<\/p>\n<p><a href=\"https:\/\/www.animalpolitico.com\/2020\/04\/estudiantes-filosofia-letras-unam-emergencia-sanitaria\/\" target=\"_blank\" rel=\"noopener noreferrer\">https:\/\/www.animalpolitico.com\/2020\/04\/estudiantes-filosofia-letras-unam-emergencia-sanitaria\/<\/a><\/p>\n","protected":false},"excerpt":{"rendered":"<p>Animal Pol\u00edtico En un comunicado, la colectiva asegur\u00f3 que sus integrantes fueron orilladas a entregar las instalaciones, que tomaron desde el pasado 4 de noviembre, pues no cuentan con las &hellip; <a href=\"http:\/\/www.grieta.org.mx\/index.php\/2020\/04\/14\/estudiantes-entregan-filosofia-y-letras-por-la-emergencia-demandas-no-han-sido-cumplidas-dicen-ciudad-de-mexico\/\" class=\"more-link\">Leer m\u00e1s<\/a><\/p>\n","protected":false},"author":2,"featured_media":47842,"comment_status":"closed","ping_status":"closed","sticky":false,"template":"","format":"standard","meta":{"ngg_post_thumbnail":0,"_jetpack_newsletter_access":"","_jetpack_dont_email_post_to_subs":false,"_jetpack_newsletter_tier_id":0,"_jetpack_memberships_contains_paywalled_content":false,"_jetpack_memberships_contains_paid_content":false,"footnotes":""},"categories":[80,14,3295,916,2958,3161,1670,2,83,1823,2388],"tags":[3241,2566,1893,2683,2248,1565,1630,381],"class_list":["post-47841","post","type-post","status-publish","format-standard","has-post-thumbnail","hentry","category-cintillo","category-ciudad-de-mexico","category-covid-19-en-ciudad-de-mexico","category-privatizacion-del-la-educacion-publica","category-crisis-de-la-educacion-publica-en-la-ciudad-de-mexico","category-luchas-de-las-mujeres-en-la-ciudad-de-mexico","category-movilizaciones-y-protestas-de-estudiantes-de-la-ciudad-de-mexico","category-noticias-nacionales","category-temas-nacionales","category-violencia-contra-estudiantes","category-violencia-contra-las-mujeres-en-la-ciudad-de-mexico","tag-covid-19","tag-crisis-en-el-sistema-educativo","tag-escuelas-en-paro","tag-estudiantes-organizados","tag-luchas-de-las-mujeres","tag-violencia-contra-estudiantes","tag-violencia-contra-las-mujeres","tag-violencia-de-genero","entry"],"jetpack_featured_media_url":"http:\/\/www.grieta.org.mx\/wp-content\/uploads\/2020\/04\/Estudiantes-entregan-Filosof\u00eda-y-Letras-por-la-emergencia-demandas-no-han-sido-cumplidas-dicen-cdmx-abr.jpeg","jetpack_sharing_enabled":true,"jetpack_shortlink":"https:\/\/wp.me\/p7ZJR4-crD","jetpack_likes_enabled":false,"jetpack-related-posts":[{"id":43683,"url":"http:\/\/www.grieta.org.mx\/index.php\/2020\/01\/28\/profesores-de-ffyl-rechazan-evaluar-como-medida-de-presion-contra-paristas-ciudad-de-mexico\/","url_meta":{"origin":47841,"position":0},"title":"Profesores de FFyL rechazan evaluar como medida de presi\u00f3n contra paristas (Ciudad de M\u00e9xico)","author":"grieta","date":"28 enero, 2020","format":false,"excerpt":"Revista Consideraciones Distintas profesoras y profesores de la Facultad de Filosof\u00eda y Letras de la UNAM, se reunieron en asamblea para discutir el acuerdo aprobado por el Consejo T\u00e9cnico de la FFyL, en el sentido de llevar acabo la evaluaci\u00f3n del semestre 2020-1 entre el 27 de enero y el\u2026","rel":"","context":"En &quot;CINTILLO&quot;","block_context":{"text":"CINTILLO","link":"http:\/\/www.grieta.org.mx\/index.php\/category\/cintillo\/"},"img":{"alt_text":"","src":"https:\/\/i0.wp.com\/www.grieta.org.mx\/wp-content\/uploads\/2020\/01\/Profesores-de-FFyL-rechazan-evaluar-como-medida-de-presi%C3%B3n-contra-paristas-cdmx-ene.jpeg?resize=350%2C200","width":350,"height":200,"srcset":"https:\/\/i0.wp.com\/www.grieta.org.mx\/wp-content\/uploads\/2020\/01\/Profesores-de-FFyL-rechazan-evaluar-como-medida-de-presi%C3%B3n-contra-paristas-cdmx-ene.jpeg?resize=350%2C200 1x, https:\/\/i0.wp.com\/www.grieta.org.mx\/wp-content\/uploads\/2020\/01\/Profesores-de-FFyL-rechazan-evaluar-como-medida-de-presi%C3%B3n-contra-paristas-cdmx-ene.jpeg?resize=525%2C300 1.5x, https:\/\/i0.wp.com\/www.grieta.org.mx\/wp-content\/uploads\/2020\/01\/Profesores-de-FFyL-rechazan-evaluar-como-medida-de-presi%C3%B3n-contra-paristas-cdmx-ene.jpeg?resize=700%2C400 2x, https:\/\/i0.wp.com\/www.grieta.org.mx\/wp-content\/uploads\/2020\/01\/Profesores-de-FFyL-rechazan-evaluar-como-medida-de-presi%C3%B3n-contra-paristas-cdmx-ene.jpeg?resize=1050%2C600 3x, https:\/\/i0.wp.com\/www.grieta.org.mx\/wp-content\/uploads\/2020\/01\/Profesores-de-FFyL-rechazan-evaluar-como-medida-de-presi%C3%B3n-contra-paristas-cdmx-ene.jpeg?resize=1400%2C800 4x"},"classes":[]},{"id":43996,"url":"http:\/\/www.grieta.org.mx\/index.php\/2020\/02\/06\/entregan-cch-vallejo-tras-dos-dias-de-paro-ciudad-de-mexico\/","url_meta":{"origin":47841,"position":1},"title":"Entregan CCH Vallejo tras dos d\u00edas de paro (Ciudad de M\u00e9xico)","author":"grieta","date":"6 febrero, 2020","format":false,"excerpt":"El martes pasado, un grupo de alumnos decidi\u00f3 realizar un paro de labores. Foto: Cuartoscuro\/Archivo Notimex Las actividades acad\u00e9micas y administrativas se reanudar\u00e1n ma\u00f1ana viernes 7 en los horarios acostumbrados CIUDAD DE M\u00c9XICO. La Universidad Nacional Aut\u00f3noma de M\u00e9xico inform\u00f3 que esta tarde fueron entregadas a las autoridades las instalaciones\u2026","rel":"","context":"En &quot;CINTILLO&quot;","block_context":{"text":"CINTILLO","link":"http:\/\/www.grieta.org.mx\/index.php\/category\/cintillo\/"},"img":{"alt_text":"","src":"https:\/\/i0.wp.com\/www.grieta.org.mx\/wp-content\/uploads\/2020\/02\/Entregan-CCH-Vallejo-tras-dos-d%C3%ADas-de-paro-cdmx-feb.jpg?resize=350%2C200","width":350,"height":200,"srcset":"https:\/\/i0.wp.com\/www.grieta.org.mx\/wp-content\/uploads\/2020\/02\/Entregan-CCH-Vallejo-tras-dos-d%C3%ADas-de-paro-cdmx-feb.jpg?resize=350%2C200 1x, https:\/\/i0.wp.com\/www.grieta.org.mx\/wp-content\/uploads\/2020\/02\/Entregan-CCH-Vallejo-tras-dos-d%C3%ADas-de-paro-cdmx-feb.jpg?resize=525%2C300 1.5x"},"classes":[]},{"id":43404,"url":"http:\/\/www.grieta.org.mx\/index.php\/2020\/01\/23\/estudiantes-de-filosofia-y-prepa-9-denuncian-agresiones-ciudad-de-mexico\/","url_meta":{"origin":47841,"position":2},"title":"Estudiantes de Filosof\u00eda y prepa 9 denuncian agresiones (Ciudad de M\u00e9xico)","author":"grieta","date":"23 enero, 2020","format":false,"excerpt":"Jordana Gonz\u00e1lez y Aseneth Hern\u00e1ndez \/ Contral\u00ednea La Colectiva Mujeres Organizadas de la Facultad de Filosof\u00eda y Letras denunci\u00f3 haber sufrido diversas agresiones en los 79 d\u00edas que lleva el paro de actividades. Durante el foro \u201cViolencia en la UNAM\u201d, celebrado en el estacionamiento del plantel 9 de la Escuela\u2026","rel":"","context":"En &quot;CINTILLO&quot;","block_context":{"text":"CINTILLO","link":"http:\/\/www.grieta.org.mx\/index.php\/category\/cintillo\/"},"img":{"alt_text":"","src":"https:\/\/i0.wp.com\/www.grieta.org.mx\/wp-content\/uploads\/2020\/01\/Estudiantes-de-Filosof%C3%ADa-y-prepa-9-denuncian-agresiones-cdmx-ene.jpg?resize=350%2C200","width":350,"height":200,"srcset":"https:\/\/i0.wp.com\/www.grieta.org.mx\/wp-content\/uploads\/2020\/01\/Estudiantes-de-Filosof%C3%ADa-y-prepa-9-denuncian-agresiones-cdmx-ene.jpg?resize=350%2C200 1x, https:\/\/i0.wp.com\/www.grieta.org.mx\/wp-content\/uploads\/2020\/01\/Estudiantes-de-Filosof%C3%ADa-y-prepa-9-denuncian-agresiones-cdmx-ene.jpg?resize=525%2C300 1.5x"},"classes":[]},{"id":43401,"url":"http:\/\/www.grieta.org.mx\/index.php\/2020\/01\/23\/liberan-a-estudiantes-de-filosofia-y-letras-detenidas-injustificadamente-ciudad-de-mexico\/","url_meta":{"origin":47841,"position":3},"title":"LIBERAN A ESTUDIANTES DE FILOSOF\u00cdA Y LETRAS DETENIDAS INJUSTIFICADAMENTE (Ciudad de M\u00e9xico)","author":"grieta","date":"23 enero, 2020","format":false,"excerpt":"Reporte \u00cdndigo Tres estudiantes de la Facultad de Filosof\u00eda y Letras de la UNAM. fueron detenidas despu\u00e9s de buscar un trato justo para una menor de edad acusada de robo Tres estudiantes de la Facultad de Filosof\u00eda y Letras de la UNAM fueron liberadas despu\u00e9s de que no se encontraran\u2026","rel":"","context":"En &quot;Abuso policiaco y tortura en la Ciudad de M\u00e9xico&quot;","block_context":{"text":"Abuso policiaco y tortura en la Ciudad de M\u00e9xico","link":"http:\/\/www.grieta.org.mx\/index.php\/category\/noticias-nacionales\/ciudad-de-mexico\/abuso-policiaco-y-tortura-en-la-ciudad-de-mexico\/"},"img":{"alt_text":"","src":"https:\/\/i0.wp.com\/www.grieta.org.mx\/wp-content\/uploads\/2020\/01\/LIBERAN-A-ESTUDIANTES-DE-FILOSOF%C3%8DA-Y-LETRAS-DETENIDAS-INJUSTIFICADAMENTE-cdmx-ene.jpg?resize=350%2C200","width":350,"height":200},"classes":[]},{"id":43859,"url":"http:\/\/www.grieta.org.mx\/index.php\/2020\/01\/31\/por-violencia-sexual-y-criminalizacion-paro-de-actividades-en-siete-escuelas-de-la-unam-ciudad-de-mexico\/","url_meta":{"origin":47841,"position":4},"title":"Por violencia sexual y criminalizaci\u00f3n, paro de actividades en siete escuelas de la UNAM (Ciudad de M\u00e9xico)","author":"grieta","date":"31 enero, 2020","format":false,"excerpt":"Contral\u00ednea Cuatro escuelas de la Universidad Nacional Aut\u00f3noma de M\u00e9xico se sumaron a los paros de actividades en demanda de soluci\u00f3n a la violencia sexual de g\u00e9nero que se padece en los recintos universitarios y del cese a la criminalizaci\u00f3n contra el movimiento feminista que reivindica el derecho de las\u2026","rel":"","context":"En &quot;CINTILLO&quot;","block_context":{"text":"CINTILLO","link":"http:\/\/www.grieta.org.mx\/index.php\/category\/cintillo\/"},"img":{"alt_text":"","src":"https:\/\/i0.wp.com\/www.grieta.org.mx\/wp-content\/uploads\/2020\/02\/Por-violencia-sexual-y-criminalizaci%C3%B3n-paro-de-actividades-en-siete-escuelas-de-la-UNAM-cdmx-ene.jpeg?resize=350%2C200","width":350,"height":200,"srcset":"https:\/\/i0.wp.com\/www.grieta.org.mx\/wp-content\/uploads\/2020\/02\/Por-violencia-sexual-y-criminalizaci%C3%B3n-paro-de-actividades-en-siete-escuelas-de-la-UNAM-cdmx-ene.jpeg?resize=350%2C200 1x, https:\/\/i0.wp.com\/www.grieta.org.mx\/wp-content\/uploads\/2020\/02\/Por-violencia-sexual-y-criminalizaci%C3%B3n-paro-de-actividades-en-siete-escuelas-de-la-UNAM-cdmx-ene.jpeg?resize=525%2C300 1.5x"},"classes":[]},{"id":44006,"url":"http:\/\/www.grieta.org.mx\/index.php\/2020\/02\/06\/suman-16-escuelas-de-la-unam-en-paro-ciudad-de-mexico\/","url_meta":{"origin":47841,"position":5},"title":"Suman 16 escuelas de la UNAM en paro (Ciudad de M\u00e9xico)","author":"grieta","date":"6 febrero, 2020","format":false,"excerpt":"Foto: Archivo El Universal Teresa Moreno \/ El Universal Hoy se entreg\u00f3 CCH Vallejo, pero el plantel Oriente va a paro de 72 horas; mientras en Prepa 9, paristas nuevamente impidieron el paso de la directora Gabriela Mart\u00ednez, quien llevaba la respuesta a su pliego petitorio que envi\u00f3 el rector\u2026","rel":"","context":"En &quot;CINTILLO&quot;","block_context":{"text":"CINTILLO","link":"http:\/\/www.grieta.org.mx\/index.php\/category\/cintillo\/"},"img":{"alt_text":"","src":"https:\/\/i0.wp.com\/www.grieta.org.mx\/wp-content\/uploads\/2020\/02\/UNAM_-suman-16-escuelas-en-paro-cdmx-feb.jpg?resize=350%2C200","width":350,"height":200},"classes":[]}],"_links":{"self":[{"href":"http:\/\/www.grieta.org.mx\/index.php\/wp-json\/wp\/v2\/posts\/47841","targetHints":{"allow":["GET"]}}],"collection":[{"href":"http:\/\/www.grieta.org.mx\/index.php\/wp-json\/wp\/v2\/posts"}],"about":[{"href":"http:\/\/www.grieta.org.mx\/index.php\/wp-json\/wp\/v2\/types\/post"}],"author":[{"embeddable":true,"href":"http:\/\/www.grieta.org.mx\/index.php\/wp-json\/wp\/v2\/users\/2"}],"replies":[{"embeddable":true,"href":"http:\/\/www.grieta.org.mx\/index.php\/wp-json\/wp\/v2\/comments?post=47841"}],"version-history":[{"count":1,"href":"http:\/\/www.grieta.org.mx\/index.php\/wp-json\/wp\/v2\/posts\/47841\/revisions"}],"predecessor-version":[{"id":47843,"href":"http:\/\/www.grieta.org.mx\/index.php\/wp-json\/wp\/v2\/posts\/47841\/revisions\/47843"}],"wp:featuredmedia":[{"embeddable":true,"href":"http:\/\/www.grieta.org.mx\/index.php\/wp-json\/wp\/v2\/media\/47842"}],"wp:attachment":[{"href":"http:\/\/www.grieta.org.mx\/index.php\/wp-json\/wp\/v2\/media?parent=47841"}],"wp:term":[{"taxonomy":"category","embeddable":true,"href":"http:\/\/www.grieta.org.mx\/index.php\/wp-json\/wp\/v2\/categories?post=47841"},{"taxonomy":"post_tag","embeddable":true,"href":"http:\/\/www.grieta.org.mx\/index.php\/wp-json\/wp\/v2\/tags?post=47841"}],"curies":[{"name":"wp","href":"https:\/\/api.w.org\/{rel}","templated":true}]}}