{"id":47834,"date":"2020-04-12T03:11:45","date_gmt":"2020-04-12T08:11:45","guid":{"rendered":"http:\/\/www.grieta.org.mx\/?p=47834"},"modified":"2020-04-15T03:17:17","modified_gmt":"2020-04-15T08:17:17","slug":"talan-arboles-y-granaderos-agreden-a-vecinos-en-lomas-de-atizapan-en-plena-contingencia-estado-de-mexico","status":"publish","type":"post","link":"http:\/\/www.grieta.org.mx\/index.php\/2020\/04\/12\/talan-arboles-y-granaderos-agreden-a-vecinos-en-lomas-de-atizapan-en-plena-contingencia-estado-de-mexico\/","title":{"rendered":"Talan \u00e1rboles y granaderos agreden a vecinos en Lomas de Atizap\u00e1n en plena contingencia (Estado de M\u00e9xico)"},"content":{"rendered":"<p><img loading=\"lazy\" decoding=\"async\" data-attachment-id=\"47835\" data-permalink=\"http:\/\/www.grieta.org.mx\/index.php\/2020\/04\/12\/talan-arboles-y-granaderos-agreden-a-vecinos-en-lomas-de-atizapan-en-plena-contingencia-estado-de-mexico\/talan-arboles-y-granaderos-agreden-a-vecinos-en-lomas-de-atizapan-en-plena-contingencia-edomex-abr\/\" data-orig-file=\"http:\/\/www.grieta.org.mx\/wp-content\/uploads\/2020\/04\/Talan-\u00e1rboles-y-granaderos-agreden-a-vecinos-en-Lomas-de-Atizap\u00e1n-en-plena-contingencia-edomex-abr.jpg\" data-orig-size=\"960,652\" data-comments-opened=\"0\" data-image-meta=\"{&quot;aperture&quot;:&quot;0&quot;,&quot;credit&quot;:&quot;&quot;,&quot;camera&quot;:&quot;&quot;,&quot;caption&quot;:&quot;&quot;,&quot;created_timestamp&quot;:&quot;0&quot;,&quot;copyright&quot;:&quot;&quot;,&quot;focal_length&quot;:&quot;0&quot;,&quot;iso&quot;:&quot;0&quot;,&quot;shutter_speed&quot;:&quot;0&quot;,&quot;title&quot;:&quot;&quot;,&quot;orientation&quot;:&quot;0&quot;}\" data-image-title=\"Talan \u00e1rboles y granaderos agreden a vecinos en Lomas de Atizap\u00e1n en plena contingencia edomex abr\" data-image-description=\"\" data-image-caption=\"\" data-medium-file=\"http:\/\/www.grieta.org.mx\/wp-content\/uploads\/2020\/04\/Talan-\u00e1rboles-y-granaderos-agreden-a-vecinos-en-Lomas-de-Atizap\u00e1n-en-plena-contingencia-edomex-abr-300x204.jpg\" data-large-file=\"http:\/\/www.grieta.org.mx\/wp-content\/uploads\/2020\/04\/Talan-\u00e1rboles-y-granaderos-agreden-a-vecinos-en-Lomas-de-Atizap\u00e1n-en-plena-contingencia-edomex-abr.jpg\" class=\"aligncenter  wp-image-47835\" src=\"http:\/\/www.grieta.org.mx\/wp-content\/uploads\/2020\/04\/Talan-\u00e1rboles-y-granaderos-agreden-a-vecinos-en-Lomas-de-Atizap\u00e1n-en-plena-contingencia-edomex-abr.jpg\" alt=\"\" width=\"649\" height=\"441\" srcset=\"http:\/\/www.grieta.org.mx\/wp-content\/uploads\/2020\/04\/Talan-\u00e1rboles-y-granaderos-agreden-a-vecinos-en-Lomas-de-Atizap\u00e1n-en-plena-contingencia-edomex-abr.jpg 960w, http:\/\/www.grieta.org.mx\/wp-content\/uploads\/2020\/04\/Talan-\u00e1rboles-y-granaderos-agreden-a-vecinos-en-Lomas-de-Atizap\u00e1n-en-plena-contingencia-edomex-abr-300x204.jpg 300w, http:\/\/www.grieta.org.mx\/wp-content\/uploads\/2020\/04\/Talan-\u00e1rboles-y-granaderos-agreden-a-vecinos-en-Lomas-de-Atizap\u00e1n-en-plena-contingencia-edomex-abr-768x522.jpg 768w, http:\/\/www.grieta.org.mx\/wp-content\/uploads\/2020\/04\/Talan-\u00e1rboles-y-granaderos-agreden-a-vecinos-en-Lomas-de-Atizap\u00e1n-en-plena-contingencia-edomex-abr-736x500.jpg 736w\" sizes=\"auto, (max-width: 649px) 100vw, 649px\" \/><br \/>\n<em>Foto: Vecino de Lomas de Atizap\u00e1n<\/em><\/p>\n<p>Tripulante<\/p>\n<blockquote><p>En plena contingencia, grupos de vecinos reportaron tala de \u00e1rboles por la madrugada para la construcci\u00f3n de un puente vehicular en el fraccionamiento Lomas de Atizap\u00e1n, en el Estado de M\u00e9xico, con ayuda de granaderos y la Guardia Nacional.<\/p><\/blockquote>\n<p><img loading=\"lazy\" decoding=\"async\" data-attachment-id=\"47836\" data-permalink=\"http:\/\/www.grieta.org.mx\/index.php\/2020\/04\/12\/talan-arboles-y-granaderos-agreden-a-vecinos-en-lomas-de-atizapan-en-plena-contingencia-estado-de-mexico\/atizapan\/\" data-orig-file=\"http:\/\/www.grieta.org.mx\/wp-content\/uploads\/2020\/04\/atizapan-.jpeg\" data-orig-size=\"1024,768\" data-comments-opened=\"0\" data-image-meta=\"{&quot;aperture&quot;:&quot;0&quot;,&quot;credit&quot;:&quot;&quot;,&quot;camera&quot;:&quot;&quot;,&quot;caption&quot;:&quot;&quot;,&quot;created_timestamp&quot;:&quot;0&quot;,&quot;copyright&quot;:&quot;&quot;,&quot;focal_length&quot;:&quot;0&quot;,&quot;iso&quot;:&quot;0&quot;,&quot;shutter_speed&quot;:&quot;0&quot;,&quot;title&quot;:&quot;&quot;,&quot;orientation&quot;:&quot;0&quot;}\" data-image-title=\"atizapan&amp;#8212;\" data-image-description=\"\" data-image-caption=\"\" data-medium-file=\"http:\/\/www.grieta.org.mx\/wp-content\/uploads\/2020\/04\/atizapan--300x225.jpeg\" data-large-file=\"http:\/\/www.grieta.org.mx\/wp-content\/uploads\/2020\/04\/atizapan--1024x768.jpeg\" class=\"aligncenter  wp-image-47836\" src=\"http:\/\/www.grieta.org.mx\/wp-content\/uploads\/2020\/04\/atizapan-.jpeg\" alt=\"\" width=\"647\" height=\"485\" srcset=\"http:\/\/www.grieta.org.mx\/wp-content\/uploads\/2020\/04\/atizapan-.jpeg 1024w, http:\/\/www.grieta.org.mx\/wp-content\/uploads\/2020\/04\/atizapan--300x225.jpeg 300w, http:\/\/www.grieta.org.mx\/wp-content\/uploads\/2020\/04\/atizapan--768x576.jpeg 768w, http:\/\/www.grieta.org.mx\/wp-content\/uploads\/2020\/04\/atizapan--667x500.jpeg 667w\" sizes=\"auto, (max-width: 647px) 100vw, 647px\" \/><br \/>\n<em>Foto: Vecino de Lomas de Atizap\u00e1n<\/em><\/p>\n<p>Los vecinos informaron que fueron agredidos con gas lacrim\u00f3geno y balas de gomas por parte de los elementos de seguridad cuando salieron a manifestarse, sobre la avenida Adolfo Ruiz Cortines en el tramo de la bajada de Galer\u00edas de Atizap\u00e1n.<\/p>\n<p>Anteriormente los vecinos ya hab\u00edan mostrado su incoformidad con la construcci\u00f3n del puente vehicular y la tala de \u00e1rboles.<\/p>\n<p>Ante la emergencia sanitaria que se vive en el pa\u00eds y en el mundo por el virus COVID-19 est\u00e1 prohibido cualquier actividad no esencial y se pide evitar concentraciones de personas, los vecinos se\u00f1alaron que el gobierno de Atizap\u00e1n Zaragoza est\u00e1 rompiendo la cuarentena y poniendo en riesgo la salud de los vecinos, que en su mayor\u00eda son personas de la tercera edad.<\/p>\n<p><a href=\"https:\/\/tripulante.mx\/2020\/04\/12\/talan-arboles-y-agreden-a-vecinos-en-lomas-de-atizapan-en-plena-contingencia\/\" target=\"_blank\" rel=\"noopener noreferrer\">https:\/\/tripulante.mx\/2020\/04\/12\/talan-arboles-y-agreden-a-vecinos-en-lomas-de-atizapan-en-plena-contingencia\/<\/a><\/p>\n","protected":false},"excerpt":{"rendered":"<p>Foto: Vecino de Lomas de Atizap\u00e1n Tripulante En plena contingencia, grupos de vecinos reportaron tala de \u00e1rboles por la madrugada para la construcci\u00f3n de un puente vehicular en el fraccionamiento &hellip; <a href=\"http:\/\/www.grieta.org.mx\/index.php\/2020\/04\/12\/talan-arboles-y-granaderos-agreden-a-vecinos-en-lomas-de-atizapan-en-plena-contingencia-estado-de-mexico\/\" class=\"more-link\">Leer m\u00e1s<\/a><\/p>\n","protected":false},"author":2,"featured_media":47835,"comment_status":"closed","ping_status":"closed","sticky":false,"template":"","format":"standard","meta":{"ngg_post_thumbnail":0,"_jetpack_newsletter_access":"","_jetpack_dont_email_post_to_subs":false,"_jetpack_newsletter_tier_id":0,"_jetpack_memberships_contains_paywalled_content":false,"_jetpack_memberships_contains_paid_content":false,"footnotes":""},"categories":[2798,80,16,2765,2389,2719,3035,2],"tags":[2204,223,614],"class_list":["post-47834","post","type-post","status-publish","format-standard","has-post-thumbnail","hentry","category-abuso-policiaco-y-tortura-en-el-estado-de-mexico","category-cintillo","category-estado-de-mexico","category-incremento-de-la-violencia-en-el-estado-de-mexico","category-legalizacion-de-la-tala-de-arboles-en-el-estado-de-mexico","category-militarizacion-en-el-estado-de-mexico","category-movilizaciones-y-protestas-de-habitantes-en-el-estado-de-mexico","category-noticias-nacionales","tag-abuso-de-fuerzas-represivas","tag-ecocidio","tag-militarizacion","entry"],"jetpack_featured_media_url":"http:\/\/www.grieta.org.mx\/wp-content\/uploads\/2020\/04\/Talan-\u00e1rboles-y-granaderos-agreden-a-vecinos-en-Lomas-de-Atizap\u00e1n-en-plena-contingencia-edomex-abr.jpg","jetpack_sharing_enabled":true,"jetpack_shortlink":"https:\/\/wp.me\/p7ZJR4-crw","jetpack_likes_enabled":false,"jetpack-related-posts":[{"id":52058,"url":"http:\/\/www.grieta.org.mx\/index.php\/2020\/07\/23\/vecinos-se-enfrentan-a-policias-para-detener-tala-de-arboles-en-atizapan-estado-de-mexico\/","url_meta":{"origin":47834,"position":0},"title":"VECINOS SE ENFRENTAN A POLIC\u00cdAS PARA DETENER TALA DE \u00c1RBOLES EN ATIZAP\u00c1N (Estado de M\u00e9xico)","author":"grieta","date":"23 julio, 2020","format":false,"excerpt":"Imagen tomada de: www.reporteindigo.com Reporte \u00cdndigo Desde abril, colonos de Lomas de Atizap\u00e1n rechazan el proyecto argumentando que el puente vehicular no resuelve el problema de congestionamiento vial en la zona Vecinos de Lomas de Atizap\u00e1n se enfrentaron con polic\u00edas tras oponerse a la construcci\u00f3n de un puente vehicular sobre\u2026","rel":"","context":"En &quot;Abuso policiaco y tortura en el Estado de M\u00e9xico&quot;","block_context":{"text":"Abuso policiaco y tortura en el Estado de M\u00e9xico","link":"http:\/\/www.grieta.org.mx\/index.php\/category\/noticias-nacionales\/estado-de-mexico\/abuso-policiaco-y-tortura-en-el-estado-de-mexico\/"},"img":{"alt_text":"","src":"https:\/\/i0.wp.com\/www.grieta.org.mx\/wp-content\/uploads\/2020\/07\/VECINOS-SE-ENFRENTAN-A-POLIC%C3%8DAS-PARA-DETENER-TALA-DE-%C3%81RBOLES-EN-ATIZAP%C3%81N-edomex-jul.jpg?resize=350%2C200","width":350,"height":200},"classes":[]},{"id":48749,"url":"http:\/\/www.grieta.org.mx\/index.php\/2020\/05\/04\/fuerza-publica-usada-contra-la-poblacion-de-tlalnepantla-estado-de-mexico\/","url_meta":{"origin":47834,"position":1},"title":"Fuerza p\u00fablica usada contra la Poblaci\u00f3n de Tlalnepantla. (Estado de M\u00e9xico)","author":"grieta","date":"4 mayo, 2020","format":false,"excerpt":"Vecinos de Atizap\u00e1n Elementos de la polic\u00eda municipal y estatal as\u00ed como de la Guardia Nacional retiran con violencia a los vendedores a quienes incluso, les decomisan sus productos o se los dejan inservibles El gobierno municipal de Tlalnepantla, Estado de M\u00e9xico, encabezado por Raciel P\u00e9rez, orden\u00f3 retirar, mediante el\u2026","rel":"","context":"En &quot;Abuso policiaco y tortura en el Estado de M\u00e9xico&quot;","block_context":{"text":"Abuso policiaco y tortura en el Estado de M\u00e9xico","link":"http:\/\/www.grieta.org.mx\/index.php\/category\/noticias-nacionales\/estado-de-mexico\/abuso-policiaco-y-tortura-en-el-estado-de-mexico\/"},"img":{"alt_text":"","src":"https:\/\/i0.wp.com\/www.grieta.org.mx\/wp-content\/uploads\/2020\/05\/gn-tlalne.png?resize=350%2C200","width":350,"height":200,"srcset":"https:\/\/i0.wp.com\/www.grieta.org.mx\/wp-content\/uploads\/2020\/05\/gn-tlalne.png?resize=350%2C200 1x, https:\/\/i0.wp.com\/www.grieta.org.mx\/wp-content\/uploads\/2020\/05\/gn-tlalne.png?resize=525%2C300 1.5x, https:\/\/i0.wp.com\/www.grieta.org.mx\/wp-content\/uploads\/2020\/05\/gn-tlalne.png?resize=700%2C400 2x, https:\/\/i0.wp.com\/www.grieta.org.mx\/wp-content\/uploads\/2020\/05\/gn-tlalne.png?resize=1050%2C600 3x"},"classes":[]},{"id":47564,"url":"http:\/\/www.grieta.org.mx\/index.php\/2020\/03\/30\/protestan-medicos-de-hospitales-de-naucalpan-atizapan-y-coacalco-por-falta-de-insumos-estado-de-mexico\/","url_meta":{"origin":47834,"position":2},"title":"Protestan m\u00e9dicos de hospitales de Naucalpan, Atizap\u00e1n y Coacalco por falta de insumos (Estado de M\u00e9xico)","author":"grieta","date":"30 marzo, 2020","format":false,"excerpt":"Foto: Patricia Venegas \/ El Sol de Toluca Patricia Venegas \/ El Sol de Toluca Temen personal del sector salud infectarse por el COVID-19 M\u00e9dicos y enfermeras de los Hospitales Generales Salvador Gonz\u00e1lez Herrejon de Atizap\u00e1n, Maximiliano Ruiz Casta\u00f1eda de Naucalpan y del Centro de Salud de Coacalco realizaron protestas\u2026","rel":"","context":"En &quot;CINTILLO&quot;","block_context":{"text":"CINTILLO","link":"http:\/\/www.grieta.org.mx\/index.php\/category\/cintillo\/"},"img":{"alt_text":"","src":"https:\/\/i0.wp.com\/www.grieta.org.mx\/wp-content\/uploads\/2020\/04\/Protestan-m%C3%A9dicos-de-hospitales-de-Naucalpan-Atizap%C3%A1n-y-Coacalco-por-falta-de-insumos-edomex-abr.jpg?resize=350%2C200","width":350,"height":200,"srcset":"https:\/\/i0.wp.com\/www.grieta.org.mx\/wp-content\/uploads\/2020\/04\/Protestan-m%C3%A9dicos-de-hospitales-de-Naucalpan-Atizap%C3%A1n-y-Coacalco-por-falta-de-insumos-edomex-abr.jpg?resize=350%2C200 1x, https:\/\/i0.wp.com\/www.grieta.org.mx\/wp-content\/uploads\/2020\/04\/Protestan-m%C3%A9dicos-de-hospitales-de-Naucalpan-Atizap%C3%A1n-y-Coacalco-por-falta-de-insumos-edomex-abr.jpg?resize=525%2C300 1.5x, https:\/\/i0.wp.com\/www.grieta.org.mx\/wp-content\/uploads\/2020\/04\/Protestan-m%C3%A9dicos-de-hospitales-de-Naucalpan-Atizap%C3%A1n-y-Coacalco-por-falta-de-insumos-edomex-abr.jpg?resize=700%2C400 2x"},"classes":[]},{"id":33721,"url":"http:\/\/www.grieta.org.mx\/index.php\/2019\/05\/11\/fue-un-ecocidio-premeditado-vecinos-del-pueblo-de-xoco-narran-tala-irregular-de-arboles-ciudad-de-mexico\/","url_meta":{"origin":47834,"position":3},"title":"\u201cFue un ecocidio premeditado\u201d: vecinos del Pueblo de Xoco narran tala irregular de \u00e1rboles (Ciudad de M\u00e9xico)","author":"grieta","date":"11 mayo, 2019","format":false,"excerpt":"Siboney Flores\/Animal Pol\u00edtico Vecino cuentan como apenas un d\u00eda antes de lo que llaman uno de los peores \u201cecocidios\u201d de la ciudad, se percataron que los trabajadores de la constructora ya hab\u00edan talado \u00e1rboles. A los vecinos del Pueblo de Xoco nadie les saca de la cabeza que la tala\u2026","rel":"","context":"En &quot;CINTILLO&quot;","block_context":{"text":"CINTILLO","link":"http:\/\/www.grieta.org.mx\/index.php\/category\/cintillo\/"},"img":{"alt_text":"","src":"https:\/\/i0.wp.com\/www.grieta.org.mx\/wp-content\/uploads\/2019\/05\/2876F1A5-E16B-4770-A4B1-1D041EC12F56.jpeg?resize=350%2C200","width":350,"height":200,"srcset":"https:\/\/i0.wp.com\/www.grieta.org.mx\/wp-content\/uploads\/2019\/05\/2876F1A5-E16B-4770-A4B1-1D041EC12F56.jpeg?resize=350%2C200 1x, https:\/\/i0.wp.com\/www.grieta.org.mx\/wp-content\/uploads\/2019\/05\/2876F1A5-E16B-4770-A4B1-1D041EC12F56.jpeg?resize=525%2C300 1.5x, https:\/\/i0.wp.com\/www.grieta.org.mx\/wp-content\/uploads\/2019\/05\/2876F1A5-E16B-4770-A4B1-1D041EC12F56.jpeg?resize=700%2C400 2x"},"classes":[]},{"id":51635,"url":"http:\/\/www.grieta.org.mx\/index.php\/2020\/07\/03\/medicos-del-imss-se-manifiestan-exigen-equipo-de-proteccion-para-el-covid-estado-de-mexico\/","url_meta":{"origin":47834,"position":4},"title":"M\u00e9dicos del IMSS se manifiestan; exigen equipo de protecci\u00f3n para el COVID (Estado de M\u00e9xico)","author":"grieta","date":"3 julio, 2020","format":false,"excerpt":"Foto: Especial Claudia Gonz\u00e1lez \/ El Universal Personal del Hospital de Traumatolog\u00eda de Lomas Verdes sale a las calles y piden la destituci\u00f3n de directivos por abuso de autoridad Personal m\u00e9dico del Hospital de Traumatolog\u00eda de Lomas Verdes del IMSS, ubicado en el municipio de Naucalpan, se manifest\u00f3 la tarde\u2026","rel":"","context":"En &quot;CINTILLO&quot;","block_context":{"text":"CINTILLO","link":"http:\/\/www.grieta.org.mx\/index.php\/category\/cintillo\/"},"img":{"alt_text":"","src":"https:\/\/i0.wp.com\/www.grieta.org.mx\/wp-content\/uploads\/2020\/07\/M%C3%A9dicos-del-IMSS-se-manifiestan-exigen-equipo-de-protecci%C3%B3n-para-el-COVID-edomex-jul.jpg?resize=350%2C200","width":350,"height":200,"srcset":"https:\/\/i0.wp.com\/www.grieta.org.mx\/wp-content\/uploads\/2020\/07\/M%C3%A9dicos-del-IMSS-se-manifiestan-exigen-equipo-de-protecci%C3%B3n-para-el-COVID-edomex-jul.jpg?resize=350%2C200 1x, https:\/\/i0.wp.com\/www.grieta.org.mx\/wp-content\/uploads\/2020\/07\/M%C3%A9dicos-del-IMSS-se-manifiestan-exigen-equipo-de-protecci%C3%B3n-para-el-COVID-edomex-jul.jpg?resize=525%2C300 1.5x"},"classes":[]},{"id":53727,"url":"http:\/\/www.grieta.org.mx\/index.php\/2020\/09\/11\/incendian-sede-de-codhem-en-ecatepec-tras-detencion-de-feministas-estado-de-mexico\/","url_meta":{"origin":47834,"position":5},"title":"Incendian sede de CODHEM en Ecatepec tras detenci\u00f3n de feministas (Estado de M\u00e9xico)","author":"grieta","date":"11 septiembre, 2020","format":false,"excerpt":"Foto: Twiter \/ @Andalalucha Carlos Guevara \/ El Sol de M\u00e9xico Un grupo de aproximadamente 50 mujeres llegaron al recinto ubicado en o en la Avenida Morelos para manifestarse en contra de la violencia policial y feminicidios Mujeres feministas incendiaron este viernes las instalaciones de la visitadur\u00eda general de la\u2026","rel":"","context":"En &quot;Abuso policiaco y tortura en el Estado de M\u00e9xico&quot;","block_context":{"text":"Abuso policiaco y tortura en el Estado de M\u00e9xico","link":"http:\/\/www.grieta.org.mx\/index.php\/category\/noticias-nacionales\/estado-de-mexico\/abuso-policiaco-y-tortura-en-el-estado-de-mexico\/"},"img":{"alt_text":"","src":"https:\/\/i0.wp.com\/www.grieta.org.mx\/wp-content\/uploads\/2020\/09\/Incendian-sede-de-CODHEM-en-Ecatepec-tras-detencion-de-feministas-edomex-sept.jpg?resize=350%2C200","width":350,"height":200,"srcset":"https:\/\/i0.wp.com\/www.grieta.org.mx\/wp-content\/uploads\/2020\/09\/Incendian-sede-de-CODHEM-en-Ecatepec-tras-detencion-de-feministas-edomex-sept.jpg?resize=350%2C200 1x, https:\/\/i0.wp.com\/www.grieta.org.mx\/wp-content\/uploads\/2020\/09\/Incendian-sede-de-CODHEM-en-Ecatepec-tras-detencion-de-feministas-edomex-sept.jpg?resize=525%2C300 1.5x, https:\/\/i0.wp.com\/www.grieta.org.mx\/wp-content\/uploads\/2020\/09\/Incendian-sede-de-CODHEM-en-Ecatepec-tras-detencion-de-feministas-edomex-sept.jpg?resize=700%2C400 2x"},"classes":[]}],"_links":{"self":[{"href":"http:\/\/www.grieta.org.mx\/index.php\/wp-json\/wp\/v2\/posts\/47834","targetHints":{"allow":["GET"]}}],"collection":[{"href":"http:\/\/www.grieta.org.mx\/index.php\/wp-json\/wp\/v2\/posts"}],"about":[{"href":"http:\/\/www.grieta.org.mx\/index.php\/wp-json\/wp\/v2\/types\/post"}],"author":[{"embeddable":true,"href":"http:\/\/www.grieta.org.mx\/index.php\/wp-json\/wp\/v2\/users\/2"}],"replies":[{"embeddable":true,"href":"http:\/\/www.grieta.org.mx\/index.php\/wp-json\/wp\/v2\/comments?post=47834"}],"version-history":[{"count":1,"href":"http:\/\/www.grieta.org.mx\/index.php\/wp-json\/wp\/v2\/posts\/47834\/revisions"}],"predecessor-version":[{"id":47837,"href":"http:\/\/www.grieta.org.mx\/index.php\/wp-json\/wp\/v2\/posts\/47834\/revisions\/47837"}],"wp:featuredmedia":[{"embeddable":true,"href":"http:\/\/www.grieta.org.mx\/index.php\/wp-json\/wp\/v2\/media\/47835"}],"wp:attachment":[{"href":"http:\/\/www.grieta.org.mx\/index.php\/wp-json\/wp\/v2\/media?parent=47834"}],"wp:term":[{"taxonomy":"category","embeddable":true,"href":"http:\/\/www.grieta.org.mx\/index.php\/wp-json\/wp\/v2\/categories?post=47834"},{"taxonomy":"post_tag","embeddable":true,"href":"http:\/\/www.grieta.org.mx\/index.php\/wp-json\/wp\/v2\/tags?post=47834"}],"curies":[{"name":"wp","href":"https:\/\/api.w.org\/{rel}","templated":true}]}}