{"id":4773,"date":"2015-02-09T18:39:19","date_gmt":"2015-02-09T18:39:19","guid":{"rendered":"http:\/\/50.22.11.12\/~grietaor\/?p=4773"},"modified":"2016-03-25T18:51:44","modified_gmt":"2016-03-25T18:51:44","slug":"el-controvertido-acueducto-monterrey-vi-inician-las-protestas","status":"publish","type":"post","link":"http:\/\/www.grieta.org.mx\/index.php\/2015\/02\/09\/el-controvertido-acueducto-monterrey-vi-inician-las-protestas\/","title":{"rendered":"El controvertido Acueducto Monterrey VI; inician las protestas"},"content":{"rendered":"<p>Econom\u00eda Hoy<\/p>\n<p>DAVID ORDAZ<\/p>\n<p>M\u00e1s de 300 ciudadanos e integrantes de organismos no gubernamentales se manifestaron frente al Palacio de Gobierno de Monterrey, Nuevo Le\u00f3n para exigir la cancelaci\u00f3n del proyecto hidr\u00e1ulico Monterrey VI, a cargo de constructoras encabezadas por el Grupo Higa, consorcio de Juan Armando Hinojosa Cant\u00fa.<\/p>\n<p>Asociaciones como Reforestaci\u00f3n Extrema, el Colectivo No a Monterrey VI, as\u00ed como integrantes de los colegios de Abogados y de Arquitectos de Nuevo L\u00e9on, calificaron como el \u201crobo del siglo\u201d la construcci\u00f3n de la obra, por tener un costo superior a los 57,000 millones de pesos.<\/p>\n<p>Los manifestantes anunciaron que presentar\u00e1n en el Congreso de la Uni\u00f3n una ley general de aguas ciudadana, con el respaldo de organismos civiles de todo el pa\u00eds e internacionales, entre ellas Greenpeace.<\/p>\n<p>El proyecto hidr\u00e1ulico Monterrey VI, que consiste en la construcci\u00f3n de un acueducto de 372 kil\u00f3metros de largo desde la Cuenca del Rio P\u00e1nuco hasta Nuevo Le\u00f3n, ha sido cuestionado por la sociedad civil regiomontana a tal grado que exige su cancelaci\u00f3n.<\/p>\n<p>Entre las anomal\u00edas de este proyecto est\u00e1 el desconocimiento del costo, ya que primero se inform\u00f3 que ser\u00edan 14,000 millones de pesos, luego que ser\u00edan 47,000 y despu\u00e9s 57,000 millones de pesos.<\/p>\n<p>Adem\u00e1s, organizaciones civiles comentan que no se han compartido los estudios de factibilidad ecol\u00f3gica que justifiquen la viabilidad del proyecto en los ecosistemas que pretende trastocar.<\/p>\n<p>En tanto, las acusaciones pol\u00edticas van enfocadas a la empresa Concretos y Obra Civil del Pac\u00edfico, filial del Grupo Higa, se\u00f1alado como contratista favorito de la Presidencia y quien se llevar\u00e1 la construcci\u00f3n del acueducto.<\/p>\n<p><a href=\"http:\/\/www.economiahoy.mx\/economia-eAm-mexico\/noticias\/6460920\/02\/15\/El-controvertido-Acueducto-Monterrey-VI-inician-las-protestas.html#Kku8LAhN3bVJWbxj\" target=\"_blank\">www.economiahoy.mx\/economia-eAm-mexico\/noticias\/6460920\/02\/15\/El-controvertido-Acueducto-Monterrey-VI-inician-las-protestas.html#Kku8LAhN3bVJWbxj<\/a><\/p>\n","protected":false},"excerpt":{"rendered":"<p>Econom\u00eda Hoy DAVID ORDAZ M\u00e1s de 300 ciudadanos e integrantes de organismos no gubernamentales se manifestaron frente al Palacio de Gobierno de Monterrey, Nuevo Le\u00f3n para exigir la cancelaci\u00f3n del &hellip; <a href=\"http:\/\/www.grieta.org.mx\/index.php\/2015\/02\/09\/el-controvertido-acueducto-monterrey-vi-inician-las-protestas\/\" class=\"more-link\">Leer m\u00e1s<\/a><\/p>\n","protected":false},"author":2,"featured_media":21928,"comment_status":"closed","ping_status":"open","sticky":false,"template":"","format":"standard","meta":{"ngg_post_thumbnail":0,"_jetpack_newsletter_access":"","_jetpack_dont_email_post_to_subs":false,"_jetpack_newsletter_tier_id":0,"_jetpack_memberships_contains_paywalled_content":false,"_jetpack_memberships_contains_paid_content":false,"footnotes":""},"categories":[80,202,38],"tags":[358],"class_list":["post-4773","post","type-post","status-publish","format-standard","has-post-thumbnail","hentry","category-cintillo","category-nuevo-leon","category-proyectos-hidricos","tag-monterrey-vi","entry"],"jetpack_featured_media_url":"http:\/\/www.grieta.org.mx\/wp-content\/uploads\/2018\/03\/14524434_1106112876131411_958039263622046936_o.jpg","jetpack_sharing_enabled":true,"jetpack_shortlink":"https:\/\/wp.me\/p7ZJR4-1eZ","jetpack_likes_enabled":false,"jetpack-related-posts":[{"id":4784,"url":"http:\/\/www.grieta.org.mx\/index.php\/2015\/02\/08\/ciudadanos-demandan-cancelar-proyecto-hidraulico-monterrey-vi\/","url_meta":{"origin":4773,"position":0},"title":"Ciudadanos demandan cancelar proyecto hidr\u00e1ulico Monterrey VI","author":"grieta","date":"8 febrero, 2015","format":false,"excerpt":"La Jornada Por Erick Mu\u00f1iz Monterrey, N.L. M\u00e1s de 300 ciudadanos e integrantes de organismos no gubernamentales (Ongs) se manifestaron esta ma\u00f1ana frente al palacio de gobierno, en la explanada de Los H\u00e9roes, para exigir la cancelaci\u00f3n del proyecto hidr\u00e1ulico Monterrey VI, a cargo de constructoras encabezadas por el Grupo\u2026","rel":"","context":"En &quot;CINTILLO&quot;","block_context":{"text":"CINTILLO","link":"http:\/\/www.grieta.org.mx\/index.php\/category\/cintillo\/"},"img":{"alt_text":"","src":"https:\/\/i0.wp.com\/www.grieta.org.mx\/wp-content\/uploads\/2018\/03\/14524434_1106112876131411_958039263622046936_o.jpg?resize=350%2C200","width":350,"height":200,"srcset":"https:\/\/i0.wp.com\/www.grieta.org.mx\/wp-content\/uploads\/2018\/03\/14524434_1106112876131411_958039263622046936_o.jpg?resize=350%2C200 1x, https:\/\/i0.wp.com\/www.grieta.org.mx\/wp-content\/uploads\/2018\/03\/14524434_1106112876131411_958039263622046936_o.jpg?resize=525%2C300 1.5x, https:\/\/i0.wp.com\/www.grieta.org.mx\/wp-content\/uploads\/2018\/03\/14524434_1106112876131411_958039263622046936_o.jpg?resize=700%2C400 2x"},"classes":[]},{"id":4792,"url":"http:\/\/www.grieta.org.mx\/index.php\/2015\/01\/29\/piden-ong-cancelar-proyecto-hidraulico-monterrey-vi-de-consorcio-de-higa\/","url_meta":{"origin":4773,"position":1},"title":"Piden ONG cancelar proyecto hidr\u00e1ulico Monterrey VI de consorcio de Higa","author":"grieta","date":"29 enero, 2015","format":false,"excerpt":"La Jornada Por Erick Mu\u00f1iz Monterrey, NL. Organismos civiles de Nuevo Le\u00f3n solicitaron, a trav\u00e9s de desplegados publicados en Monterrey y la ciudad de M\u00e9xico, cancelar el proyecto hidr\u00e1ulico Monterrey VI, que consiste en trasladar agua del r\u00edo P\u00e1nuco, en Veracruz, a la presa Cerro Prieto, en Monterrey. La petici\u00f3n\u2026","rel":"","context":"En &quot;CINTILLO&quot;","block_context":{"text":"CINTILLO","link":"http:\/\/www.grieta.org.mx\/index.php\/category\/cintillo\/"},"img":{"alt_text":"","src":"https:\/\/i0.wp.com\/www.grieta.org.mx\/wp-content\/uploads\/2018\/03\/14524434_1106112876131411_958039263622046936_o.jpg?resize=350%2C200","width":350,"height":200,"srcset":"https:\/\/i0.wp.com\/www.grieta.org.mx\/wp-content\/uploads\/2018\/03\/14524434_1106112876131411_958039263622046936_o.jpg?resize=350%2C200 1x, https:\/\/i0.wp.com\/www.grieta.org.mx\/wp-content\/uploads\/2018\/03\/14524434_1106112876131411_958039263622046936_o.jpg?resize=525%2C300 1.5x, https:\/\/i0.wp.com\/www.grieta.org.mx\/wp-content\/uploads\/2018\/03\/14524434_1106112876131411_958039263622046936_o.jpg?resize=700%2C400 2x"},"classes":[]},{"id":4802,"url":"http:\/\/www.grieta.org.mx\/index.php\/2016\/01\/18\/exigen-con-protesta-frenar-monterrey-vi\/","url_meta":{"origin":4773,"position":2},"title":"Exigen con protesta frenar Monterrey VI","author":"grieta","date":"18 enero, 2016","format":false,"excerpt":"No a Monterrey VI Jos\u00e9 Villas\u00e1ez Monterrey, M\u00e9xico (18 enero 2016).- Con gritos de \u201c\u00a1No a Monterrey VI!\u201d y \u201c\u00a1Cumple, Bronco!\u201d, alrededor de 150 ciudadanos exigieron ayer al Gobernador Jaime Rodr\u00edguez que cumpla su promesa de campa\u00f1a de dar marcha atr\u00e1s a Monterrey VI. Por casi dos horas, integrantes de\u2026","rel":"","context":"En &quot;CINTILLO&quot;","block_context":{"text":"CINTILLO","link":"http:\/\/www.grieta.org.mx\/index.php\/category\/cintillo\/"},"img":{"alt_text":"","src":"https:\/\/i0.wp.com\/www.grieta.org.mx\/wp-content\/uploads\/2018\/03\/14524434_1106112876131411_958039263622046936_o.jpg?resize=350%2C200","width":350,"height":200,"srcset":"https:\/\/i0.wp.com\/www.grieta.org.mx\/wp-content\/uploads\/2018\/03\/14524434_1106112876131411_958039263622046936_o.jpg?resize=350%2C200 1x, https:\/\/i0.wp.com\/www.grieta.org.mx\/wp-content\/uploads\/2018\/03\/14524434_1106112876131411_958039263622046936_o.jpg?resize=525%2C300 1.5x, https:\/\/i0.wp.com\/www.grieta.org.mx\/wp-content\/uploads\/2018\/03\/14524434_1106112876131411_958039263622046936_o.jpg?resize=700%2C400 2x"},"classes":[]},{"id":4700,"url":"http:\/\/www.grieta.org.mx\/index.php\/2015\/07\/07\/costara-14-millones-de-pesos-cancelar-proyecto-monterrey-vi\/","url_meta":{"origin":4773,"position":3},"title":"Costar\u00e1 14 millones de pesos cancelar proyecto Monterrey VI","author":"grieta","date":"7 julio, 2015","format":false,"excerpt":"El Financiero Directivos de Servicios de Agua y Drenaje de Monterrey se\u00f1alaron que el monto tendr\u00eda que pagarlo el gobierno de Nuevo Le\u00f3n, en caso de rescindir el contrato ya pactado. Juan Antonio Lara MONTERREY.- Servicios de Agua y Drenaje de Monterrey (SADM) se\u00f1al\u00f3 que el proyecto de Monterrey VI\u2026","rel":"","context":"En &quot;CINTILLO&quot;","block_context":{"text":"CINTILLO","link":"http:\/\/www.grieta.org.mx\/index.php\/category\/cintillo\/"},"img":{"alt_text":"","src":"https:\/\/i0.wp.com\/www.grieta.org.mx\/wp-content\/uploads\/2018\/03\/14524434_1106112876131411_958039263622046936_o.jpg?resize=350%2C200","width":350,"height":200,"srcset":"https:\/\/i0.wp.com\/www.grieta.org.mx\/wp-content\/uploads\/2018\/03\/14524434_1106112876131411_958039263622046936_o.jpg?resize=350%2C200 1x, https:\/\/i0.wp.com\/www.grieta.org.mx\/wp-content\/uploads\/2018\/03\/14524434_1106112876131411_958039263622046936_o.jpg?resize=525%2C300 1.5x, https:\/\/i0.wp.com\/www.grieta.org.mx\/wp-content\/uploads\/2018\/03\/14524434_1106112876131411_958039263622046936_o.jpg?resize=700%2C400 2x"},"classes":[]},{"id":4765,"url":"http:\/\/www.grieta.org.mx\/index.php\/2015\/02\/09\/protestan-miles-contra-proyecto-monterrey-vi\/","url_meta":{"origin":4773,"position":4},"title":"Protestan miles contra proyecto Monterrey VI","author":"grieta","date":"9 febrero, 2015","format":false,"excerpt":"El Siglo de Torre\u00f3n Frente al Palacio de Gobierno, alrededor de mil ciudadanos, seg\u00fan cifras de organizadores, convocados a trav\u00e9s de redes sociales, acudieron para protestar contra la construcci\u00f3n del acueducto de 365 kil\u00f3metros que pretende traer agua del R\u00edo P\u00e1nuco, en Veracruz, a Nuevo Le\u00f3n. De las 12:00 a\u2026","rel":"","context":"En &quot;CINTILLO&quot;","block_context":{"text":"CINTILLO","link":"http:\/\/www.grieta.org.mx\/index.php\/category\/cintillo\/"},"img":{"alt_text":"","src":"https:\/\/i0.wp.com\/www.grieta.org.mx\/wp-content\/uploads\/2018\/03\/14524434_1106112876131411_958039263622046936_o.jpg?resize=350%2C200","width":350,"height":200,"srcset":"https:\/\/i0.wp.com\/www.grieta.org.mx\/wp-content\/uploads\/2018\/03\/14524434_1106112876131411_958039263622046936_o.jpg?resize=350%2C200 1x, https:\/\/i0.wp.com\/www.grieta.org.mx\/wp-content\/uploads\/2018\/03\/14524434_1106112876131411_958039263622046936_o.jpg?resize=525%2C300 1.5x, https:\/\/i0.wp.com\/www.grieta.org.mx\/wp-content\/uploads\/2018\/03\/14524434_1106112876131411_958039263622046936_o.jpg?resize=700%2C400 2x"},"classes":[]},{"id":4559,"url":"http:\/\/www.grieta.org.mx\/index.php\/2015\/07\/17\/advierten-falta-de-sustento-en-proyecto-monterrey-vi\/","url_meta":{"origin":4773,"position":5},"title":"Advierten falta de sustento en proyecto Monterrey VI","author":"grieta","date":"17 julio, 2015","format":false,"excerpt":"No a Monterrey VI Se\u00f1alan ONGs que documentos evidencian ilegalidad de la obra Perla Mart\u00ednez Mariano N\u00fa\u00f1ez, , representante legal de los organismos en el amparo contra Monterrey VI, calific\u00f3 el proyecto como carente de sustento. Foto: El Norte. Con los documentos obtenidos dentro del juicio de amparo promovido contra\u2026","rel":"","context":"En &quot;CINTILLO&quot;","block_context":{"text":"CINTILLO","link":"http:\/\/www.grieta.org.mx\/index.php\/category\/cintillo\/"},"img":{"alt_text":"","src":"https:\/\/i0.wp.com\/www.grieta.org.mx\/wp-content\/uploads\/2018\/03\/14524434_1106112876131411_958039263622046936_o.jpg?resize=350%2C200","width":350,"height":200,"srcset":"https:\/\/i0.wp.com\/www.grieta.org.mx\/wp-content\/uploads\/2018\/03\/14524434_1106112876131411_958039263622046936_o.jpg?resize=350%2C200 1x, https:\/\/i0.wp.com\/www.grieta.org.mx\/wp-content\/uploads\/2018\/03\/14524434_1106112876131411_958039263622046936_o.jpg?resize=525%2C300 1.5x, https:\/\/i0.wp.com\/www.grieta.org.mx\/wp-content\/uploads\/2018\/03\/14524434_1106112876131411_958039263622046936_o.jpg?resize=700%2C400 2x"},"classes":[]}],"_links":{"self":[{"href":"http:\/\/www.grieta.org.mx\/index.php\/wp-json\/wp\/v2\/posts\/4773","targetHints":{"allow":["GET"]}}],"collection":[{"href":"http:\/\/www.grieta.org.mx\/index.php\/wp-json\/wp\/v2\/posts"}],"about":[{"href":"http:\/\/www.grieta.org.mx\/index.php\/wp-json\/wp\/v2\/types\/post"}],"author":[{"embeddable":true,"href":"http:\/\/www.grieta.org.mx\/index.php\/wp-json\/wp\/v2\/users\/2"}],"replies":[{"embeddable":true,"href":"http:\/\/www.grieta.org.mx\/index.php\/wp-json\/wp\/v2\/comments?post=4773"}],"version-history":[{"count":1,"href":"http:\/\/www.grieta.org.mx\/index.php\/wp-json\/wp\/v2\/posts\/4773\/revisions"}],"predecessor-version":[{"id":4783,"href":"http:\/\/www.grieta.org.mx\/index.php\/wp-json\/wp\/v2\/posts\/4773\/revisions\/4783"}],"wp:featuredmedia":[{"embeddable":true,"href":"http:\/\/www.grieta.org.mx\/index.php\/wp-json\/wp\/v2\/media\/21928"}],"wp:attachment":[{"href":"http:\/\/www.grieta.org.mx\/index.php\/wp-json\/wp\/v2\/media?parent=4773"}],"wp:term":[{"taxonomy":"category","embeddable":true,"href":"http:\/\/www.grieta.org.mx\/index.php\/wp-json\/wp\/v2\/categories?post=4773"},{"taxonomy":"post_tag","embeddable":true,"href":"http:\/\/www.grieta.org.mx\/index.php\/wp-json\/wp\/v2\/tags?post=4773"}],"curies":[{"name":"wp","href":"https:\/\/api.w.org\/{rel}","templated":true}]}}