{"id":47518,"date":"2020-04-06T14:08:44","date_gmt":"2020-04-06T19:08:44","guid":{"rendered":"http:\/\/www.grieta.org.mx\/?p=47518"},"modified":"2020-04-09T14:18:53","modified_gmt":"2020-04-09T19:18:53","slug":"se-calcula-que-son-420-los-empleados-despedidos-del-inegi-en-guadalajara-por-la-cancelacion-del-censo-de-poblacion-jalisco","status":"publish","type":"post","link":"http:\/\/www.grieta.org.mx\/index.php\/2020\/04\/06\/se-calcula-que-son-420-los-empleados-despedidos-del-inegi-en-guadalajara-por-la-cancelacion-del-censo-de-poblacion-jalisco\/","title":{"rendered":"Se calcula que son 420 los empleados despedidos del INEGI en Guadalajara, por la cancelaci\u00f3n del Censo de Poblaci\u00f3n (Jalisco)"},"content":{"rendered":"<p><img loading=\"lazy\" decoding=\"async\" data-attachment-id=\"47520\" data-permalink=\"http:\/\/www.grieta.org.mx\/index.php\/2020\/04\/06\/se-calcula-que-son-420-los-empleados-despedidos-del-inegi-en-guadalajara-por-la-cancelacion-del-censo-de-poblacion-jalisco\/protesta-inegi-ignacio-perez-vega-696x522\/\" data-orig-file=\"http:\/\/www.grieta.org.mx\/wp-content\/uploads\/2020\/04\/Protesta-INEGI-Ignacio-P\u00e9rez-Vega-696x522.jpeg\" data-orig-size=\"696,522\" data-comments-opened=\"0\" data-image-meta=\"{&quot;aperture&quot;:&quot;0&quot;,&quot;credit&quot;:&quot;&quot;,&quot;camera&quot;:&quot;&quot;,&quot;caption&quot;:&quot;&quot;,&quot;created_timestamp&quot;:&quot;0&quot;,&quot;copyright&quot;:&quot;&quot;,&quot;focal_length&quot;:&quot;0&quot;,&quot;iso&quot;:&quot;0&quot;,&quot;shutter_speed&quot;:&quot;0&quot;,&quot;title&quot;:&quot;&quot;,&quot;orientation&quot;:&quot;0&quot;}\" data-image-title=\"Protesta-INEGI-Ignacio-P\u00e9rez-Vega-696&amp;#215;522\" data-image-description=\"\" data-image-caption=\"\" data-medium-file=\"http:\/\/www.grieta.org.mx\/wp-content\/uploads\/2020\/04\/Protesta-INEGI-Ignacio-P\u00e9rez-Vega-696x522-300x225.jpeg\" data-large-file=\"http:\/\/www.grieta.org.mx\/wp-content\/uploads\/2020\/04\/Protesta-INEGI-Ignacio-P\u00e9rez-Vega-696x522.jpeg\" class=\"aligncenter wp-image-47520\" src=\"http:\/\/www.grieta.org.mx\/wp-content\/uploads\/2020\/04\/Protesta-INEGI-Ignacio-P\u00e9rez-Vega-696x522.jpeg\" alt=\"\" width=\"799\" height=\"598\" srcset=\"http:\/\/www.grieta.org.mx\/wp-content\/uploads\/2020\/04\/Protesta-INEGI-Ignacio-P\u00e9rez-Vega-696x522.jpeg 696w, http:\/\/www.grieta.org.mx\/wp-content\/uploads\/2020\/04\/Protesta-INEGI-Ignacio-P\u00e9rez-Vega-696x522-300x225.jpeg 300w, http:\/\/www.grieta.org.mx\/wp-content\/uploads\/2020\/04\/Protesta-INEGI-Ignacio-P\u00e9rez-Vega-696x522-667x500.jpeg 667w\" sizes=\"auto, (max-width: 799px) 100vw, 799px\" \/><\/p>\n<p>Foto: UDGTV<\/p>\n<p><em>El abogado Jes\u00fas Su\u00e1rez, quien representa a los trabajadores cesados del INEGI, explic\u00f3 que se est\u00e1 gestando un movimiento nacional para ejercer presi\u00f3n y lograr que se paguen los salarios pendientes<\/em><\/p>\n<p>Ignacio P\u00e9rez Vega \/ UDGTV<\/p>\n<p>Guadalajara, Jalisco. En el \u00c1rea Metropolitana de Guadalajara, <strong>se calcula que son 420 los encuestadores y verificadores despedidos por el INEGI, a ra\u00edz de la\u00a0\u00a0emergencia sanitaria del COVID-19.<\/strong><\/p>\n<p><strong>Un grupo de alrededor de 40 trabajadores se manifestaron frente a las oficinas centrales del organismo p\u00fablico aut\u00f3nomo,<\/strong>\u00a0localizadas en avenida 16 de Septiembre y Mexicaltzingo, para exigir que les paguen los salarios que quedaron pendientes tras la cancelaci\u00f3n del Censo Nacional de Poblaci\u00f3n y Vivienda y la Encuesta Nacional de Victimizaci\u00f3n y Percepci\u00f3n sobre Seguridad P\u00fablica 2020 (ENVIPE).<\/p>\n<p>Diego Armando D\u00edaz, verificador del Censo de Poblaci\u00f3n, expres\u00f3 que\u00a0<strong>se les debe pagar una quincena de trabajo, en el caso de los encuestadores y 12 d\u00edas adicionales a los verificadores.<\/strong><\/p>\n<p><em>\u201cEs lo que nosotros estamos peleando y es lo que nosotros le estamos exigiendo al INEGI, porque nosotros salimos a trabajar sin descanso pr\u00e1cticamente, parti\u00e9ndonos el lomo y para qu\u00e9 nos d\u00e9 la espalda el INEGI. La verdad, no se nos hace justo\u201d,<\/em>\u00a0reclam\u00f3.<\/p>\n<p>A su vez, Cecilia Medina, quien trabaj\u00f3 en la Encuesta Nacional de Victimizaci\u00f3n y Percepci\u00f3n sobre Seguridad P\u00fablica, tambi\u00e9n particip\u00f3 en la protesta y<strong>\u00a0dijo que ante la falta de respuesta del INEGI, van a presentar una demanda laboral.<\/strong><\/p>\n<p><em>\u201cYo me asesor\u00e9 y est\u00e1n terminando la relaci\u00f3n laboral, no la est\u00e1n posponiendo y en este caso nos dejaron totalmente a la deriva. Es totalmente injusto, indigno y c\u00f3mo podemos ver, somos miles en todo el pa\u00eds, sobre todo m\u00e1s en el Censo, pero hay otros proyectos tambi\u00e9n quedamos igual\u201d<\/em>, expres\u00f3.<\/p>\n<p>El abogado Jes\u00fas Su\u00e1rez, quien representa a los trabajadores cesados del INEGI, explic\u00f3 que<strong>\u00a0se est\u00e1 gestando un movimiento nacional para ejercer presi\u00f3n y lograr que se paguen los salarios pendientes.<\/strong><\/p>\n<p><em>\u201cAs\u00ed es. Si no hay ninguna conciliaci\u00f3n por medio del INEGI, nos ir\u00edamos a una demanda laboral y en su momento la presentaremos. Cuando sea el momento oportuno, vamos a presentar las pruebas contundentes. En total son entre 380 y 420 aqu\u00ed en Guadalajara y en otros estados tambi\u00e9n se est\u00e1 organizando para que hagan lo correspondiente\u201d,<\/em>\u00a0precis\u00f3.<\/p>\n<p>Los empleados cesados del INEGI bloquearon un carril de la avenida 16 de Septiembre. Sin embargo, como no sali\u00f3 nadie del organismo p\u00fablico,<strong>\u00a0los inconformes concluyeron con la manifestaci\u00f3n.<\/strong><\/p>\n<p>En otras ciudades del pa\u00eds, hubo protestas similares a la de Guadalajara.<\/p>\n<p><a href=\"http:\/\/udgtv.com\/noticias\/calcula-420-empleados-despedidos-inegi-guadalajara-cancelacion-censo-poblacion\/\">http:\/\/udgtv.com\/noticias\/calcula-420-empleados-despedidos-inegi-guadalajara-cancelacion-censo-poblacion\/<\/a><\/p>\n","protected":false},"excerpt":{"rendered":"<p>Foto: UDGTV El abogado Jes\u00fas Su\u00e1rez, quien representa a los trabajadores cesados del INEGI, explic\u00f3 que se est\u00e1 gestando un movimiento nacional para ejercer presi\u00f3n y lograr que se paguen &hellip; <a href=\"http:\/\/www.grieta.org.mx\/index.php\/2020\/04\/06\/se-calcula-que-son-420-los-empleados-despedidos-del-inegi-en-guadalajara-por-la-cancelacion-del-censo-de-poblacion-jalisco\/\" class=\"more-link\">Leer m\u00e1s<\/a><\/p>\n","protected":false},"author":2,"featured_media":47520,"comment_status":"closed","ping_status":"closed","sticky":false,"template":"","format":"standard","meta":{"ngg_post_thumbnail":0,"_jetpack_newsletter_access":"","_jetpack_dont_email_post_to_subs":false,"_jetpack_newsletter_tier_id":0,"_jetpack_memberships_contains_paywalled_content":false,"_jetpack_memberships_contains_paid_content":false,"footnotes":""},"categories":[80,3271,910,3289,20,2,83],"tags":[3241,3198,2105,2841,1564],"class_list":["post-47518","post","type-post","status-publish","format-standard","has-post-thumbnail","hentry","category-cintillo","category-covid-19-en-jalisco","category-explotacion-y-precariedad-laboral","category-explotacion-y-precariedad-laboral-en-jalisco","category-jalisco","category-noticias-nacionales","category-temas-nacionales","tag-covid-19","tag-covid19","tag-despidos-masivos","tag-explotacion-y-precariedad-laboral","tag-trabajadores-del-estado","entry"],"jetpack_featured_media_url":"http:\/\/www.grieta.org.mx\/wp-content\/uploads\/2020\/04\/Protesta-INEGI-Ignacio-P\u00e9rez-Vega-696x522.jpeg","jetpack_sharing_enabled":true,"jetpack_shortlink":"https:\/\/wp.me\/p7ZJR4-cmq","jetpack_likes_enabled":false,"jetpack-related-posts":[{"id":49692,"url":"http:\/\/www.grieta.org.mx\/index.php\/2020\/05\/20\/exigen-garantias-de-salud-para-trabajadores-de-reclusorios-en-jalisco\/","url_meta":{"origin":47518,"position":0},"title":"Exigen garant\u00edas de salud para trabajadores de reclusorios en Jalisco","author":"grieta","date":"20 mayo, 2020","format":false,"excerpt":"Foto. Pablo Toledo Integrantes del Sindicato Democr\u00e1tico del Sistema Penitenciario del Estado de Jalisco denunciaron tambi\u00e9n la falta de pagos de bonos, discriminaci\u00f3n laboral y la falta de protocolos sanitarios Pablo Toledo \/ UDGTV Guadalajara, Jalisco. Integrantes del Sindicato Democr\u00e1tico del Sistema Penitenciario del Estado de Jalisco entregaron un pliego\u2026","rel":"","context":"En &quot;CINTILLO&quot;","block_context":{"text":"CINTILLO","link":"http:\/\/www.grieta.org.mx\/index.php\/category\/cintillo\/"},"img":{"alt_text":"","src":"https:\/\/i0.wp.com\/www.grieta.org.mx\/wp-content\/uploads\/2020\/05\/reclusorios-de-Jalisco-Pablo-Toledo-696x385.jpeg?resize=350%2C200","width":350,"height":200,"srcset":"https:\/\/i0.wp.com\/www.grieta.org.mx\/wp-content\/uploads\/2020\/05\/reclusorios-de-Jalisco-Pablo-Toledo-696x385.jpeg?resize=350%2C200 1x, https:\/\/i0.wp.com\/www.grieta.org.mx\/wp-content\/uploads\/2020\/05\/reclusorios-de-Jalisco-Pablo-Toledo-696x385.jpeg?resize=525%2C300 1.5x"},"classes":[]},{"id":49675,"url":"http:\/\/www.grieta.org.mx\/index.php\/2020\/05\/17\/trabajadores-despedidos-de-sistecozome-tras-el-cierre-en-2017-exigen-laudos-jalisco\/","url_meta":{"origin":47518,"position":1},"title":"Trabajadores despedidos de Sistecozome tras el cierre en 2017 exigen laudos (Jalisco)","author":"grieta","date":"17 mayo, 2020","format":false,"excerpt":"Foto: Redes Sociales Los ex conductores exigen que antes de pagar las liquidaciones respectivas a los empleados de SyT, debe cumplirse con los pagos pendientes a los trabajadores despedidos del Sistecozome Ignacio P\u00e9rez Vega \/ UDGTV Luego de que el Congreso del Estado vot\u00f3 a favor de desaparecer a la\u2026","rel":"","context":"En &quot;CINTILLO&quot;","block_context":{"text":"CINTILLO","link":"http:\/\/www.grieta.org.mx\/index.php\/category\/cintillo\/"},"img":{"alt_text":"","src":"https:\/\/i0.wp.com\/www.grieta.org.mx\/wp-content\/uploads\/2020\/05\/Justicia-Sistecozome3-Ignacio-P%C3%A9rez-Vega.jpg?resize=350%2C200","width":350,"height":200,"srcset":"https:\/\/i0.wp.com\/www.grieta.org.mx\/wp-content\/uploads\/2020\/05\/Justicia-Sistecozome3-Ignacio-P%C3%A9rez-Vega.jpg?resize=350%2C200 1x, https:\/\/i0.wp.com\/www.grieta.org.mx\/wp-content\/uploads\/2020\/05\/Justicia-Sistecozome3-Ignacio-P%C3%A9rez-Vega.jpg?resize=525%2C300 1.5x, https:\/\/i0.wp.com\/www.grieta.org.mx\/wp-content\/uploads\/2020\/05\/Justicia-Sistecozome3-Ignacio-P%C3%A9rez-Vega.jpg?resize=700%2C400 2x"},"classes":[]},{"id":59151,"url":"http:\/\/www.grieta.org.mx\/index.php\/2021\/04\/27\/trabajadores-de-hospitales-covid-19-se-manifiestan-en-casa-jalisco-por-despido\/","url_meta":{"origin":47518,"position":2},"title":"Trabajadores de hospitales covid-19 se manifiestan en Casa Jalisco por despido","author":"grieta","date":"27 abril, 2021","format":false,"excerpt":"Foto: Medios Roc\u00edo Fonseca \/ UDGTV Esta no es la primera vez que la secretar\u00eda de Salud prescinde de trabajadores que sacaron adelante las \u00e1reas covid-19 en el sector P\u00fablico. El 25 de noviembre una veintena de\u00a0trabajadores del Hospital \u00c1ngel Lea\u00f1o fueron dados de baja del servicio a pesar de\u2026","rel":"","context":"En &quot;CINTILLO&quot;","block_context":{"text":"CINTILLO","link":"http:\/\/www.grieta.org.mx\/index.php\/category\/cintillo\/"},"img":{"alt_text":"","src":"https:\/\/i0.wp.com\/www.grieta.org.mx\/wp-content\/uploads\/2021\/05\/Casa-Jalisco-medios.jpg?resize=350%2C200","width":350,"height":200,"srcset":"https:\/\/i0.wp.com\/www.grieta.org.mx\/wp-content\/uploads\/2021\/05\/Casa-Jalisco-medios.jpg?resize=350%2C200 1x, https:\/\/i0.wp.com\/www.grieta.org.mx\/wp-content\/uploads\/2021\/05\/Casa-Jalisco-medios.jpg?resize=525%2C300 1.5x, https:\/\/i0.wp.com\/www.grieta.org.mx\/wp-content\/uploads\/2021\/05\/Casa-Jalisco-medios.jpg?resize=700%2C400 2x"},"classes":[]},{"id":50793,"url":"http:\/\/www.grieta.org.mx\/index.php\/2020\/06\/10\/empleados-del-siop-piden-auxilio-ante-la-existencia-de-casos-de-covid-19-en-las-oficinas-centrales-jalisco\/","url_meta":{"origin":47518,"position":3},"title":"Empleados del SIOP piden \u201cauxilio\u201d ante la existencia de casos de COVID-19 en las oficinas centrales (Jalisco)","author":"grieta","date":"10 junio, 2020","format":false,"excerpt":"Foto: Ignacio P\u00e9rez Vega Los empleados se\u00f1alaron que en la SIOP no han dejado de trabajar, ya que las obras p\u00fablicas que emprende esa dependencia se han realizado sin detenerse, pese a la emergencia sanitaria Ignacio P\u00e9rez Vega \/ UDGTV Guadalajara, Jalisco.\u00a0Empleados que laboran en las oficinas de la Secretar\u00eda\u2026","rel":"","context":"En &quot;CINTILLO&quot;","block_context":{"text":"CINTILLO","link":"http:\/\/www.grieta.org.mx\/index.php\/category\/cintillo\/"},"img":{"alt_text":"","src":"https:\/\/i0.wp.com\/www.grieta.org.mx\/wp-content\/uploads\/2020\/06\/SIOP-Ignacio-P%C3%A9rez-Vega-e1591835730737-600x451.jpeg?resize=350%2C200","width":350,"height":200,"srcset":"https:\/\/i0.wp.com\/www.grieta.org.mx\/wp-content\/uploads\/2020\/06\/SIOP-Ignacio-P%C3%A9rez-Vega-e1591835730737-600x451.jpeg?resize=350%2C200 1x, https:\/\/i0.wp.com\/www.grieta.org.mx\/wp-content\/uploads\/2020\/06\/SIOP-Ignacio-P%C3%A9rez-Vega-e1591835730737-600x451.jpeg?resize=525%2C300 1.5x"},"classes":[]},{"id":49672,"url":"http:\/\/www.grieta.org.mx\/index.php\/2020\/05\/19\/protestan-maestros-de-la-seccion-16-de-snte-por-falta-de-pago-jalisco\/","url_meta":{"origin":47518,"position":4},"title":"Protestan maestros de la secci\u00f3n 16 de SNTE por falta de pago (Jalisco)","author":"grieta","date":"19 mayo, 2020","format":false,"excerpt":"Foto: Rafael Hern\u00e1ndez Adri\u00e1n Delgado, vocero de la secci\u00f3n 16 del sindicato, dijo en entrevista con Se\u00f1al Informativa que son tres mil 207 casos de profesores a los que se les adeudan hasta un a\u00f1o de salario Rafael Hern\u00e1ndez \/ UDGTV Guadalajara, Jalisco. Maestros de la secci\u00f3n 16 del Sindicato\u2026","rel":"","context":"En &quot;CINTILLO&quot;","block_context":{"text":"CINTILLO","link":"http:\/\/www.grieta.org.mx\/index.php\/category\/cintillo\/"},"img":{"alt_text":"","src":"https:\/\/i0.wp.com\/www.grieta.org.mx\/wp-content\/uploads\/2020\/05\/Protestan-maestros-Rafael-Hern%C3%A1ndez-1-696x706.jpeg?resize=350%2C200","width":350,"height":200,"srcset":"https:\/\/i0.wp.com\/www.grieta.org.mx\/wp-content\/uploads\/2020\/05\/Protestan-maestros-Rafael-Hern%C3%A1ndez-1-696x706.jpeg?resize=350%2C200 1x, https:\/\/i0.wp.com\/www.grieta.org.mx\/wp-content\/uploads\/2020\/05\/Protestan-maestros-Rafael-Hern%C3%A1ndez-1-696x706.jpeg?resize=525%2C300 1.5x"},"classes":[]},{"id":47525,"url":"http:\/\/www.grieta.org.mx\/index.php\/2020\/04\/07\/comerciantes-exigen-que-los-dejen-vender-jalisco\/","url_meta":{"origin":47518,"position":5},"title":"Comerciantes exigen que los dejen vender (Jalisco)","author":"grieta","date":"7 abril, 2020","format":false,"excerpt":"Foto: Especial Edgar Flores Alrededor de 70 comerciantes de diferentes tianguis de la Zona Metropolitana de Guadalajara (ZMG), pero mayormente de El Baratillo, se manifestaron ayer a las afueras de palacio de gobierno para exigir a las autoridades que los dejen trabajar, ya que sus negocios son considerados no esenciales\u2026","rel":"","context":"En &quot;CINTILLO&quot;","block_context":{"text":"CINTILLO","link":"http:\/\/www.grieta.org.mx\/index.php\/category\/cintillo\/"},"img":{"alt_text":"","src":"https:\/\/i0.wp.com\/www.grieta.org.mx\/wp-content\/uploads\/2020\/04\/2020-04-07_12-04-19___6858.jpg?resize=350%2C200","width":350,"height":200,"srcset":"https:\/\/i0.wp.com\/www.grieta.org.mx\/wp-content\/uploads\/2020\/04\/2020-04-07_12-04-19___6858.jpg?resize=350%2C200 1x, https:\/\/i0.wp.com\/www.grieta.org.mx\/wp-content\/uploads\/2020\/04\/2020-04-07_12-04-19___6858.jpg?resize=525%2C300 1.5x, https:\/\/i0.wp.com\/www.grieta.org.mx\/wp-content\/uploads\/2020\/04\/2020-04-07_12-04-19___6858.jpg?resize=700%2C400 2x"},"classes":[]}],"_links":{"self":[{"href":"http:\/\/www.grieta.org.mx\/index.php\/wp-json\/wp\/v2\/posts\/47518","targetHints":{"allow":["GET"]}}],"collection":[{"href":"http:\/\/www.grieta.org.mx\/index.php\/wp-json\/wp\/v2\/posts"}],"about":[{"href":"http:\/\/www.grieta.org.mx\/index.php\/wp-json\/wp\/v2\/types\/post"}],"author":[{"embeddable":true,"href":"http:\/\/www.grieta.org.mx\/index.php\/wp-json\/wp\/v2\/users\/2"}],"replies":[{"embeddable":true,"href":"http:\/\/www.grieta.org.mx\/index.php\/wp-json\/wp\/v2\/comments?post=47518"}],"version-history":[{"count":1,"href":"http:\/\/www.grieta.org.mx\/index.php\/wp-json\/wp\/v2\/posts\/47518\/revisions"}],"predecessor-version":[{"id":47522,"href":"http:\/\/www.grieta.org.mx\/index.php\/wp-json\/wp\/v2\/posts\/47518\/revisions\/47522"}],"wp:featuredmedia":[{"embeddable":true,"href":"http:\/\/www.grieta.org.mx\/index.php\/wp-json\/wp\/v2\/media\/47520"}],"wp:attachment":[{"href":"http:\/\/www.grieta.org.mx\/index.php\/wp-json\/wp\/v2\/media?parent=47518"}],"wp:term":[{"taxonomy":"category","embeddable":true,"href":"http:\/\/www.grieta.org.mx\/index.php\/wp-json\/wp\/v2\/categories?post=47518"},{"taxonomy":"post_tag","embeddable":true,"href":"http:\/\/www.grieta.org.mx\/index.php\/wp-json\/wp\/v2\/tags?post=47518"}],"curies":[{"name":"wp","href":"https:\/\/api.w.org\/{rel}","templated":true}]}}