{"id":47512,"date":"2020-04-08T14:01:29","date_gmt":"2020-04-08T19:01:29","guid":{"rendered":"http:\/\/www.grieta.org.mx\/?p=47512"},"modified":"2020-04-09T14:07:29","modified_gmt":"2020-04-09T19:07:29","slug":"la-uady-echa-reversa-sus-pasantes-tienen-que-regresar-a-las-clinicas","status":"publish","type":"post","link":"http:\/\/www.grieta.org.mx\/index.php\/2020\/04\/08\/la-uady-echa-reversa-sus-pasantes-tienen-que-regresar-a-las-clinicas\/","title":{"rendered":"La UADY echa reversa, sus pasantes tienen que regresar a las cl\u00ednicas"},"content":{"rendered":"<p><img loading=\"lazy\" decoding=\"async\" data-attachment-id=\"47516\" data-permalink=\"http:\/\/www.grieta.org.mx\/index.php\/2020\/04\/08\/la-uady-echa-reversa-sus-pasantes-tienen-que-regresar-a-las-clinicas\/medicina-uady-560x416\/\" data-orig-file=\"http:\/\/www.grieta.org.mx\/wp-content\/uploads\/2020\/04\/medicina-uady-560x416.jpg\" data-orig-size=\"560,416\" data-comments-opened=\"0\" data-image-meta=\"{&quot;aperture&quot;:&quot;0&quot;,&quot;credit&quot;:&quot;&quot;,&quot;camera&quot;:&quot;&quot;,&quot;caption&quot;:&quot;&quot;,&quot;created_timestamp&quot;:&quot;0&quot;,&quot;copyright&quot;:&quot;&quot;,&quot;focal_length&quot;:&quot;0&quot;,&quot;iso&quot;:&quot;0&quot;,&quot;shutter_speed&quot;:&quot;0&quot;,&quot;title&quot;:&quot;&quot;,&quot;orientation&quot;:&quot;0&quot;}\" data-image-title=\"medicina-uady-560&amp;#215;416\" data-image-description=\"\" data-image-caption=\"\" data-medium-file=\"http:\/\/www.grieta.org.mx\/wp-content\/uploads\/2020\/04\/medicina-uady-560x416-300x223.jpg\" data-large-file=\"http:\/\/www.grieta.org.mx\/wp-content\/uploads\/2020\/04\/medicina-uady-560x416.jpg\" src=\"http:\/\/www.grieta.org.mx\/wp-content\/uploads\/2020\/04\/medicina-uady-560x416.jpg\" alt=\"\" width=\"560\" height=\"416\" class=\"aligncenter size-full wp-image-47516\" srcset=\"http:\/\/www.grieta.org.mx\/wp-content\/uploads\/2020\/04\/medicina-uady-560x416.jpg 560w, http:\/\/www.grieta.org.mx\/wp-content\/uploads\/2020\/04\/medicina-uady-560x416-300x223.jpg 300w\" sizes=\"auto, (max-width: 560px) 100vw, 560px\" \/><\/p>\n<blockquote><p>Las y los estudiantes de Medicina arremeten en redes sociales tras el nuevo acuerdo de la Facultad con la Secretar\u00eda de Salud, pues temen contagiarse de Covid-19.<\/p><\/blockquote>\n<p> Herbeth Escalante \/ Haz Ruido<\/p>\n<p>M\u00e9rida, Yucat\u00e1n, 8 de abril de 2020.- A 24 horas de que la Facultad de Medicina de la Universidad Aut\u00f3noma de Yucat\u00e1n (UADY) anunci\u00f3 que retiraba a todas sus m\u00e9dicas y m\u00e9dicos en formaci\u00f3n de las instituciones de salud, emiti\u00f3 un nuevo comunicado: lleg\u00f3 a un acuerdo con la Secretar\u00eda de Salud estatal (SSY), por lo que las y los pasantes tendr\u00edan que regresar a las cl\u00ednicas para continuar con sus labores de servicio social en la actual contingencia del Covid-19.<\/p>\n<p>Como informamos en Haz Ruido, dicha Facultad orden\u00f3 retirar a sus estudiantes de las cl\u00ednicas yucatecas al detectar que no les entregaban equipos e insumos de protecci\u00f3n para evitar contagiarse y su seguridad estaba en riesgo.<\/p>\n<p>Sin embargo, la Universidad se retract\u00f3 este mi\u00e9rcoles, pues lleg\u00f3 a un acuerdo con el titular de la SSY, Mauricio Sauri Vivas, quien \u201casumi\u00f3 el compromiso de velar por la salud de los pasantes de servicio social\u201d.<\/p>\n<p>Seg\u00fan el nuevo comunicado, la dependencia se comprometi\u00f3 a entregar a todos los pasantes un \u201ckit de protecci\u00f3n acorde a lo establecido por las normas de seguridad para las contingencias epidemiol\u00f3gicas\u201d.<\/p>\n<p>En ese sentido, estudiantes de la UADY lamentaron que ese kit consiste b\u00e1sicamente en cubrebocas, gel antibacterial y una careta de acr\u00edlico, lo que consideran como insuficiente.<\/p>\n<p>Otro de los compromisos de la SSY es capacitar a las y los becarios, darles insumos permanentemente, adem\u00e1s de que no habr\u00e1 sanciones para quienes hayan acatado las disposiciones del anuncio anterior.<\/p>\n<p>Por cierto, llam\u00f3 la atenci\u00f3n que el director de la Facultad, Carlos Jos\u00e9 Castro Sansores, emiti\u00f3 el mencionado documento, pero \u00e9ste no lleva su firma.<\/p>\n<p>La nueva disposici\u00f3n gener\u00f3 malestar entre las y los estudiantes que tundieron a dicha escuela en las redes sociales, criticando que ninguna instituci\u00f3n se har\u00e1 responsable si se contagian de coronavirus.<\/p>\n<p>\u201cExponernos de esa manera sin el equipo correcto es mandarnos a la guerra sin fusil\u201d; \u201cninguno va a regresar sin la protecci\u00f3n correcta\u201d; \u201csi nuestra casa de estudios nos da la espalda, nosotros se las daremos hasta recibir protecci\u00f3n digna\u201d, fueron algunos de los comentarios publicados en el muro de Facebook de la Facultad.<\/p>\n<p>\u201cEn caso de que un pasante resultara positivo para Covid-19, \u00bfqui\u00e9n va a cubrir sus servicios m\u00e9dicos?\u201d; \u201cSi alguno de nosotros enferma y en el peor de los casos llegase a morir, que el peso de su conciencia cargue con ello\u201d; \u201cOjal\u00e1 conocieran las carencias reales de los centros de salud y hospitales donde realizamos nuestro servicio, incluso antes de la pandemia no ten\u00edamos lo necesario\u201d, fueron otros de los reclamos.<\/p>\n<p>\u201cLos supuestos kit y protecci\u00f3n que nos ofrecen parecen m\u00e1s una broma\u2026 s\u00f3lo seremos un medio de contagio m\u00e1s, tanto para nuestra familia como para los pacientes que atendamos\u201d; \u201cel pasante, como siempre, es carne de ca\u00f1\u00f3n, mano de obra barata. Ellos son la primera l\u00ednea de contacto, y en muchos pa\u00edses, los de primer nivel son los que m\u00e1s se contagian\u201d, fueron algunos de los comentarios del alumnado.<\/p>\n<p>Aunque la UADY con este comunicado pr\u00e1cticamente est\u00e1 pidiendo a las y los pasantes que regresen a las cl\u00ednicas, \u00e9stos recalcan que no lo har\u00e1n durante la contingencia y que lo har\u00edan hasta el 30 de abril.<\/p>\n<p><a href=\"http:\/\/www.hazruido.mx\/reportes\/la-uady-echa-reversa-sus-pasantes-tienen-que-regresar-a-las-clinicas\/\" rel=\"noopener noreferrer\" target=\"_blank\">http:\/\/www.hazruido.mx\/reportes\/la-uady-echa-reversa-sus-pasantes-tienen-que-regresar-a-las-clinicas\/<\/a><\/p>\n","protected":false},"excerpt":{"rendered":"<p>Las y los estudiantes de Medicina arremeten en redes sociales tras el nuevo acuerdo de la Facultad con la Secretar\u00eda de Salud, pues temen contagiarse de Covid-19. Herbeth Escalante \/ &hellip; <a href=\"http:\/\/www.grieta.org.mx\/index.php\/2020\/04\/08\/la-uady-echa-reversa-sus-pasantes-tienen-que-regresar-a-las-clinicas\/\" class=\"more-link\">Leer m\u00e1s<\/a><\/p>\n","protected":false},"author":2,"featured_media":47516,"comment_status":"closed","ping_status":"closed","sticky":false,"template":"","format":"standard","meta":{"ngg_post_thumbnail":0,"_jetpack_newsletter_access":"","_jetpack_dont_email_post_to_subs":false,"_jetpack_newsletter_tier_id":0,"_jetpack_memberships_contains_paywalled_content":false,"_jetpack_memberships_contains_paid_content":false,"footnotes":""},"categories":[80,3272,918,2,83,36],"tags":[3241,2367],"class_list":["post-47512","post","type-post","status-publish","format-standard","has-post-thumbnail","hentry","category-cintillo","category-covid-19-en-yucatan","category-privatizacion-del-sector-salud","category-noticias-nacionales","category-temas-nacionales","category-yucatan","tag-covid-19","tag-crisis-en-el-sector-salud","entry"],"jetpack_featured_media_url":"http:\/\/www.grieta.org.mx\/wp-content\/uploads\/2020\/04\/medicina-uady-560x416.jpg","jetpack_sharing_enabled":true,"jetpack_shortlink":"https:\/\/wp.me\/p7ZJR4-cmk","jetpack_likes_enabled":false,"jetpack-related-posts":[{"id":48394,"url":"http:\/\/www.grieta.org.mx\/index.php\/2020\/04\/29\/pasantes-medicos-de-la-uady-se-amparan-tras-bajas-injustificadas\/","url_meta":{"origin":47512,"position":0},"title":"Pasantes m\u00e9dicos de la UADY se amparan, tras bajas injustificadas","author":"grieta","date":"29 abril, 2020","format":false,"excerpt":"Dejaron de asistir a las cl\u00ednicas porque corr\u00edan el riesgo de contagiarse de Covid-19 y, en respuesta, la Secretar\u00eda de Salud les dio de baja del servicio social. Tampoco contaron con el respaldo de la Facultad de Medicina, por lo que han iniciado un proceso legal en contra de esas\u2026","rel":"","context":"En &quot;CINTILLO&quot;","block_context":{"text":"CINTILLO","link":"http:\/\/www.grieta.org.mx\/index.php\/category\/cintillo\/"},"img":{"alt_text":"","src":"https:\/\/i0.wp.com\/www.grieta.org.mx\/wp-content\/uploads\/2020\/04\/caretas-560x416.jpg?resize=350%2C200","width":350,"height":200,"srcset":"https:\/\/i0.wp.com\/www.grieta.org.mx\/wp-content\/uploads\/2020\/04\/caretas-560x416.jpg?resize=350%2C200 1x, https:\/\/i0.wp.com\/www.grieta.org.mx\/wp-content\/uploads\/2020\/04\/caretas-560x416.jpg?resize=525%2C300 1.5x"},"classes":[]},{"id":47867,"url":"http:\/\/www.grieta.org.mx\/index.php\/2020\/04\/15\/pasantes-de-medicina-reportan-falta-de-medidas-de-seguridad-ante-el-covid-19-en-hospitales-de-yucatan\/","url_meta":{"origin":47512,"position":1},"title":"Pasantes de medicina reportan falta de medidas de seguridad ante el COVID-19 en hospitales de Yucat\u00e1n","author":"grieta","date":"15 abril, 2020","format":false,"excerpt":"Itzel Chan \/ Noticaribe M\u00c9RIDA, MX.- A pesar de que la Universidad Aut\u00f3noma de Yucat\u00e1n (UADY) ha informado que se buscar\u00eda garantizar la seguridad de los pasantes de medicina que prestan sus servicios en diversas cl\u00ednicas del Instituto Mexicano del Seguro Social (IMSS), hoy en d\u00eda m\u00e1s de 170 alumnos\u2026","rel":"","context":"En &quot;CINTILLO&quot;","block_context":{"text":"CINTILLO","link":"http:\/\/www.grieta.org.mx\/index.php\/category\/cintillo\/"},"img":{"alt_text":"","src":"https:\/\/i0.wp.com\/www.grieta.org.mx\/wp-content\/uploads\/2020\/04\/PasantesMedicina.png?resize=350%2C200","width":350,"height":200,"srcset":"https:\/\/i0.wp.com\/www.grieta.org.mx\/wp-content\/uploads\/2020\/04\/PasantesMedicina.png?resize=350%2C200 1x, https:\/\/i0.wp.com\/www.grieta.org.mx\/wp-content\/uploads\/2020\/04\/PasantesMedicina.png?resize=525%2C300 1.5x, https:\/\/i0.wp.com\/www.grieta.org.mx\/wp-content\/uploads\/2020\/04\/PasantesMedicina.png?resize=700%2C400 2x"},"classes":[]},{"id":53659,"url":"http:\/\/www.grieta.org.mx\/index.php\/2020\/09\/17\/yucatan-alumnos-se-lanzan-contra-la-uady-tras-suicidio-de-pasante-de-medicina\/","url_meta":{"origin":47512,"position":2},"title":"Yucat\u00e1n: alumnos se lanzan contra la UADY tras suicidio de pasante de medicina","author":"grieta","date":"17 septiembre, 2020","format":false,"excerpt":"Rosa Santana \/ Proceso M\u00c9RIDA, Yuc. (apro). \u2013 Estudiantes de la Facultad de Medicina arremetieron de nuevo contra las autoridades de la Universidad Aut\u00f3noma de Yucat\u00e1n (UADY), en esta ocasi\u00f3n por el reciente suicidio de una de sus compa\u00f1eras en la cl\u00ednica de Tahdzi\u00fa, donde realizaba su residencia. Por causas\u2026","rel":"","context":"En &quot;CINTILLO&quot;","block_context":{"text":"CINTILLO","link":"http:\/\/www.grieta.org.mx\/index.php\/category\/cintillo\/"},"img":{"alt_text":"","src":"https:\/\/i0.wp.com\/www.grieta.org.mx\/wp-content\/uploads\/2020\/09\/FacMedicina-e1600726666735.png?resize=350%2C200","width":350,"height":200,"srcset":"https:\/\/i0.wp.com\/www.grieta.org.mx\/wp-content\/uploads\/2020\/09\/FacMedicina-e1600726666735.png?resize=350%2C200 1x, https:\/\/i0.wp.com\/www.grieta.org.mx\/wp-content\/uploads\/2020\/09\/FacMedicina-e1600726666735.png?resize=525%2C300 1.5x, https:\/\/i0.wp.com\/www.grieta.org.mx\/wp-content\/uploads\/2020\/09\/FacMedicina-e1600726666735.png?resize=700%2C400 2x"},"classes":[]},{"id":48785,"url":"http:\/\/www.grieta.org.mx\/index.php\/2020\/05\/06\/recomiendan-darse-de-baja-a-estudiantes-enfermos-o-sin-internet-yucatan\/","url_meta":{"origin":47512,"position":3},"title":"Recomiendan \u00abdarse de baja\u00bb a estudiantes enfermos o sin internet (Yucat\u00e1n)","author":"grieta","date":"6 mayo, 2020","format":false,"excerpt":"La Facultad de Ingenier\u00eda de la UADY propuso al alumnado darse de baja del semestre o de la asignatura en caso de que presenten problemas de salud, tecnol\u00f3gicos, familiares o econ\u00f3micos, que les impidan seguir con las clases en la actual contingencia sanitaria. Herbeth Escalante \/ Haz Ruido M\u00e9rida, Yucat\u00e1n,\u2026","rel":"","context":"En &quot;CINTILLO&quot;","block_context":{"text":"CINTILLO","link":"http:\/\/www.grieta.org.mx\/index.php\/category\/cintillo\/"},"img":{"alt_text":"","src":"https:\/\/i0.wp.com\/www.grieta.org.mx\/wp-content\/uploads\/2020\/05\/inge-560x416.jpg?resize=350%2C200","width":350,"height":200,"srcset":"https:\/\/i0.wp.com\/www.grieta.org.mx\/wp-content\/uploads\/2020\/05\/inge-560x416.jpg?resize=350%2C200 1x, https:\/\/i0.wp.com\/www.grieta.org.mx\/wp-content\/uploads\/2020\/05\/inge-560x416.jpg?resize=525%2C300 1.5x"},"classes":[]},{"id":56706,"url":"http:\/\/www.grieta.org.mx\/index.php\/2021\/02\/01\/estudiantes-de-medicina-marchan-para-exigir-justicia-por-karla-y-mariana-yucatan\/","url_meta":{"origin":47512,"position":4},"title":"Estudiantes de Medicina marchan para exigir justicia por Karla y Mariana (Yucat\u00e1n)","author":"grieta","date":"1 febrero, 2021","format":false,"excerpt":"Claudia Arriaga \/ Haz Ruido Le recordaron a la UADY que tiene una deuda pendiente con la joven Karla Guti\u00e9rrez, quien perdi\u00f3 la vida en un consultorio de Tahdzi\u00fa. Demandan que les garanticen seguridad en su servicio social y pasant\u00eda. M\u00e9rida, Yucat\u00e1n, 1 de febrero del 2021.\u2013 Este lunes, m\u00e1s\u2026","rel":"","context":"En &quot;CINTILLO&quot;","block_context":{"text":"CINTILLO","link":"http:\/\/www.grieta.org.mx\/index.php\/category\/cintillo\/"},"img":{"alt_text":"","src":"https:\/\/i0.wp.com\/www.grieta.org.mx\/wp-content\/uploads\/2021\/02\/MedicinaUady.png?resize=350%2C200","width":350,"height":200,"srcset":"https:\/\/i0.wp.com\/www.grieta.org.mx\/wp-content\/uploads\/2021\/02\/MedicinaUady.png?resize=350%2C200 1x, https:\/\/i0.wp.com\/www.grieta.org.mx\/wp-content\/uploads\/2021\/02\/MedicinaUady.png?resize=525%2C300 1.5x, https:\/\/i0.wp.com\/www.grieta.org.mx\/wp-content\/uploads\/2021\/02\/MedicinaUady.png?resize=700%2C400 2x"},"classes":[]},{"id":57794,"url":"http:\/\/www.grieta.org.mx\/index.php\/2021\/03\/19\/personal-del-psiquiatrico-protesta-para-recibir-vacunas-yucatan\/","url_meta":{"origin":47512,"position":5},"title":"Personal del Psiqui\u00e1trico protesta para recibir vacunas (Yucat\u00e1n)","author":"grieta","date":"19 marzo, 2021","format":false,"excerpt":"Por Herbeth Escalante \/ Haz Ruido Trabajadoras y trabajadores de salud mental se manifestaron en la Secretar\u00eda de Salud de Yucat\u00e1n porque han sido ignorados en la pandemia y no les quieren aplicar las vacunas contra el Covid-19. M\u00e9rida, Yucat\u00e1n, 19 de marzo de 2021.- Tras varias semanas de ser\u2026","rel":"","context":"En &quot;CINTILLO&quot;","block_context":{"text":"CINTILLO","link":"http:\/\/www.grieta.org.mx\/index.php\/category\/cintillo\/"},"img":{"alt_text":"","src":"https:\/\/i0.wp.com\/www.grieta.org.mx\/wp-content\/uploads\/2021\/03\/trabaajadores-psquiatricos-2-e1616191841641.jpg?resize=350%2C200","width":350,"height":200,"srcset":"https:\/\/i0.wp.com\/www.grieta.org.mx\/wp-content\/uploads\/2021\/03\/trabaajadores-psquiatricos-2-e1616191841641.jpg?resize=350%2C200 1x, https:\/\/i0.wp.com\/www.grieta.org.mx\/wp-content\/uploads\/2021\/03\/trabaajadores-psquiatricos-2-e1616191841641.jpg?resize=525%2C300 1.5x, https:\/\/i0.wp.com\/www.grieta.org.mx\/wp-content\/uploads\/2021\/03\/trabaajadores-psquiatricos-2-e1616191841641.jpg?resize=700%2C400 2x"},"classes":[]}],"_links":{"self":[{"href":"http:\/\/www.grieta.org.mx\/index.php\/wp-json\/wp\/v2\/posts\/47512","targetHints":{"allow":["GET"]}}],"collection":[{"href":"http:\/\/www.grieta.org.mx\/index.php\/wp-json\/wp\/v2\/posts"}],"about":[{"href":"http:\/\/www.grieta.org.mx\/index.php\/wp-json\/wp\/v2\/types\/post"}],"author":[{"embeddable":true,"href":"http:\/\/www.grieta.org.mx\/index.php\/wp-json\/wp\/v2\/users\/2"}],"replies":[{"embeddable":true,"href":"http:\/\/www.grieta.org.mx\/index.php\/wp-json\/wp\/v2\/comments?post=47512"}],"version-history":[{"count":1,"href":"http:\/\/www.grieta.org.mx\/index.php\/wp-json\/wp\/v2\/posts\/47512\/revisions"}],"predecessor-version":[{"id":47517,"href":"http:\/\/www.grieta.org.mx\/index.php\/wp-json\/wp\/v2\/posts\/47512\/revisions\/47517"}],"wp:featuredmedia":[{"embeddable":true,"href":"http:\/\/www.grieta.org.mx\/index.php\/wp-json\/wp\/v2\/media\/47516"}],"wp:attachment":[{"href":"http:\/\/www.grieta.org.mx\/index.php\/wp-json\/wp\/v2\/media?parent=47512"}],"wp:term":[{"taxonomy":"category","embeddable":true,"href":"http:\/\/www.grieta.org.mx\/index.php\/wp-json\/wp\/v2\/categories?post=47512"},{"taxonomy":"post_tag","embeddable":true,"href":"http:\/\/www.grieta.org.mx\/index.php\/wp-json\/wp\/v2\/tags?post=47512"}],"curies":[{"name":"wp","href":"https:\/\/api.w.org\/{rel}","templated":true}]}}