{"id":47511,"date":"2020-04-08T13:59:11","date_gmt":"2020-04-08T18:59:11","guid":{"rendered":"http:\/\/www.grieta.org.mx\/?p=47511"},"modified":"2020-04-09T14:07:11","modified_gmt":"2020-04-09T19:07:11","slug":"en-aguascalientes-a-trabajadores-del-ica-no-se-les-ha-permitido-acatar-la-cuarentena-por-covid-19","status":"publish","type":"post","link":"http:\/\/www.grieta.org.mx\/index.php\/2020\/04\/08\/en-aguascalientes-a-trabajadores-del-ica-no-se-les-ha-permitido-acatar-la-cuarentena-por-covid-19\/","title":{"rendered":"EN AGUASCALIENTES, A TRABAJADORES DEL ICA NO SE LES HA PERMITIDO ACATAR LA CUARENTENA POR COVID-19"},"content":{"rendered":"<p>Gabriel Soriano\/La Jornada Aguascalientes<br \/>\n8 abril 2020<\/p>\n<p><img loading=\"lazy\" decoding=\"async\" data-attachment-id=\"47513\" data-permalink=\"http:\/\/www.grieta.org.mx\/index.php\/2020\/04\/08\/en-aguascalientes-a-trabajadores-del-ica-no-se-les-ha-permitido-acatar-la-cuarentena-por-covid-19\/49748016071_36b0411899_c\/\" data-orig-file=\"http:\/\/www.grieta.org.mx\/wp-content\/uploads\/2020\/04\/49748016071_36b0411899_c.jpg\" data-orig-size=\"750,500\" data-comments-opened=\"0\" data-image-meta=\"{&quot;aperture&quot;:&quot;0&quot;,&quot;credit&quot;:&quot;&quot;,&quot;camera&quot;:&quot;&quot;,&quot;caption&quot;:&quot;&quot;,&quot;created_timestamp&quot;:&quot;0&quot;,&quot;copyright&quot;:&quot;&quot;,&quot;focal_length&quot;:&quot;0&quot;,&quot;iso&quot;:&quot;0&quot;,&quot;shutter_speed&quot;:&quot;0&quot;,&quot;title&quot;:&quot;&quot;,&quot;orientation&quot;:&quot;0&quot;}\" data-image-title=\"49748016071_36b0411899_c\" data-image-description=\"\" data-image-caption=\"\" data-medium-file=\"http:\/\/www.grieta.org.mx\/wp-content\/uploads\/2020\/04\/49748016071_36b0411899_c-300x200.jpg\" data-large-file=\"http:\/\/www.grieta.org.mx\/wp-content\/uploads\/2020\/04\/49748016071_36b0411899_c.jpg\" src=\"http:\/\/www.grieta.org.mx\/wp-content\/uploads\/2020\/04\/49748016071_36b0411899_c.jpg\" alt=\"\" width=\"750\" height=\"500\" class=\"aligncenter size-full wp-image-47513\" srcset=\"http:\/\/www.grieta.org.mx\/wp-content\/uploads\/2020\/04\/49748016071_36b0411899_c.jpg 750w, http:\/\/www.grieta.org.mx\/wp-content\/uploads\/2020\/04\/49748016071_36b0411899_c-300x200.jpg 300w\" sizes=\"auto, (max-width: 750px) 100vw, 750px\" \/><\/p>\n<blockquote><p>Acusan al ICA de querer aparentar productividad, justificar que se hace algo a pesar de no tener actividades<br \/>\nActividades culturales no son indispensables seg\u00fan el DOF<\/p><\/blockquote>\n<p>Denuncian trabajadores del Instituto Cultural de Aguascalientes (ICA) que, a pesar de que el decreto de emergencia sanitaria no considere su actividad como esencial, se les obliga a asistir a sus lugares de trabajo y sin tener alguna actividad asignada, van a calentar la silla durante ocho horas.<\/p>\n<p>Seg\u00fan informaci\u00f3n publicada en el Diario Oficial de la Federaci\u00f3n este lunes, en resumen, las actividades que son esenciales y que no podr\u00edan parar durante esta contingencia sanitaria son las relacionadas a la producci\u00f3n de acero, cemento y vidrio, de tecnolog\u00edas de la informaci\u00f3n, empresas de mensajer\u00eda, de comercio electr\u00f3nico y las relacionadas con el suministro de energ\u00eda. Por consiguiente, algunas secretar\u00edas e institutos de orden gubernamental tampoco se pueden detener como lo es el sector Salud, Seguridad P\u00fablica y Servicios P\u00fablicos.<\/p>\n<p>El trabajo del ICA es muy loable en materia de promoci\u00f3n cultural, pero la realidad es que gran parte de actividad cultural presencial ha quedado suspendida. Los museos ya han cerrado para evitar la conglomeraci\u00f3n del p\u00fablico, actividades como talleres y clases han sido suspendidas en su totalidad, sin embargo, gran parte del personal administrativo debe de seguir asistiendo a pesar de que no tenga actividades laborales en el d\u00eda.<\/p>\n<p>Ante esta situaciones, varios trabajadores del ICA, principalmente de la Direcci\u00f3n de Museos y Galer\u00edas, han manifestado su preocupaci\u00f3n por el tener que abandonar el aislamiento para tener que asistir a sus trabajos en donde son pocas las medidas sanitarias que se implementan, adem\u00e1s de que s\u00f3lo se les provee de gel antibacterial y no hay cubrebocas.<\/p>\n<p>\u201cNo entiendo para qu\u00e9 nos quieren en las oficinas si todas las actividades est\u00e1n canceladas, literalmente nos est\u00e1n pagando para calentar la silla por ocho horas. No entiendo la necesidad de las autoridades de justificar que se est\u00e1 haciendo algo, muchos podr\u00edan ser m\u00e1s productivos desde casa. Tienen una pol\u00edtica obstinada de aparentar productividad a pesar de que la cultura p\u00fablica no es una empresa lucrativa\u201d, extern\u00f3 uno de los trabajadores.<\/p>\n<p>El personal se mostr\u00f3 preocupados por su salud, pues temen que al acudir a sus trabajos o en el trayecto sean contagiados, en la calle o al tomar el cami\u00f3n urbano, por lo que piden que se implementen medidas como home office o una asistencia escalonada a los lugares de trabajo<\/p>\n<p>A pesar de que asegur\u00f3 el ICA que se ha comenzado a trabajar desde casa, trabajadores de esta direcci\u00f3n externan que no se les ha permitido laborar de esta manera y que les ha obligado a asistir a sus \u00e1reas de trabajo en donde no hay mucho qu\u00e9 hacer.<\/p>\n<p>Seg\u00fan los inconformes, aquellos trabajadores que deseen faltar para poder aislarse, deber\u00e1n acudir a una cl\u00ednica del Instituto Mexicano del Seguro Social para ser valorado y analizar si es apto para una incapacidad.<\/p>\n<p>Tambi\u00e9n se\u00f1alaron se les ha amenazado con que, de suspender labores, esos d\u00edas ser\u00e1n considerados como vacaciones y no como descanso por contingencia, a pesar de que, seg\u00fan el art\u00edculo 25 de la Ley Federal del Trabajo, las vacaciones deben de ser acordadas entre el trabajador y el patr\u00f3n; y las establecidas en el cap\u00edtulo VII del t\u00edtulo s\u00e9ptimo.<\/p>\n<p><a href=\"https:\/\/www.lja.mx\/2020\/04\/en-aguascalientes-a-trabajadores-del-ica-no-se-les-ha-permitido-acatar-la-cuarentena-por-covid-19\/\" rel=\"noopener noreferrer\" target=\"_blank\">https:\/\/www.lja.mx\/2020\/04\/en-aguascalientes-a-trabajadores-del-ica-no-se-les-ha-permitido-acatar-la-cuarentena-por-covid-19\/<\/a><\/p>\n","protected":false},"excerpt":{"rendered":"<p>Gabriel Soriano\/La Jornada Aguascalientes 8 abril 2020 Acusan al ICA de querer aparentar productividad, justificar que se hace algo a pesar de no tener actividades Actividades culturales no son indispensables &hellip; <a href=\"http:\/\/www.grieta.org.mx\/index.php\/2020\/04\/08\/en-aguascalientes-a-trabajadores-del-ica-no-se-les-ha-permitido-acatar-la-cuarentena-por-covid-19\/\" class=\"more-link\">Leer m\u00e1s<\/a><\/p>\n","protected":false},"author":2,"featured_media":47513,"comment_status":"closed","ping_status":"closed","sticky":false,"template":"","format":"standard","meta":{"ngg_post_thumbnail":0,"_jetpack_newsletter_access":"","_jetpack_dont_email_post_to_subs":false,"_jetpack_newsletter_tier_id":0,"_jetpack_memberships_contains_paywalled_content":false,"_jetpack_memberships_contains_paid_content":false,"footnotes":""},"categories":[4,80,3290,910,1373,2,83],"tags":[3241,2841],"class_list":["post-47511","post","type-post","status-publish","format-standard","has-post-thumbnail","hentry","category-aguascalientes","category-cintillo","category-covid-19-en-aguascalientes","category-explotacion-y-precariedad-laboral","category-explotacion-y-precariedad-laboral-en-aguascalientes","category-noticias-nacionales","category-temas-nacionales","tag-covid-19","tag-explotacion-y-precariedad-laboral","entry"],"jetpack_featured_media_url":"http:\/\/www.grieta.org.mx\/wp-content\/uploads\/2020\/04\/49748016071_36b0411899_c.jpg","jetpack_sharing_enabled":true,"jetpack_shortlink":"https:\/\/wp.me\/p7ZJR4-cmj","jetpack_likes_enabled":false,"jetpack-related-posts":[{"id":49250,"url":"http:\/\/www.grieta.org.mx\/index.php\/2020\/04\/21\/en-aguascalientes-meseros-piden-ser-incluidos-en-apoyos-economicos\/","url_meta":{"origin":47511,"position":0},"title":"En Aguascalientes, meseros piden ser incluidos en apoyos econ\u00f3micos","author":"grieta","date":"21 abril, 2020","format":false,"excerpt":"Gabriel Soriano\/La Jornada Aguascalientes 21 abril 2020 Sin ingresos quedaron los meseros al prohibir la realizaci\u00f3n de eventos Gobierno del Estado prometi\u00f3 hacerle entrega a la brevedad de apoyos econ\u00f3micos Meseros que son contratados por eventos se manifiestan afuera del Palacio de Gobierno, pues ante la baja actividad en el\u2026","rel":"","context":"En &quot;Aguascalientes&quot;","block_context":{"text":"Aguascalientes","link":"http:\/\/www.grieta.org.mx\/index.php\/category\/noticias-nacionales\/aguascalientes\/"},"img":{"alt_text":"","src":"https:\/\/i0.wp.com\/www.grieta.org.mx\/wp-content\/uploads\/2020\/05\/48791281107_90b9f4861e_c.jpg?resize=350%2C200","width":350,"height":200,"srcset":"https:\/\/i0.wp.com\/www.grieta.org.mx\/wp-content\/uploads\/2020\/05\/48791281107_90b9f4861e_c.jpg?resize=350%2C200 1x, https:\/\/i0.wp.com\/www.grieta.org.mx\/wp-content\/uploads\/2020\/05\/48791281107_90b9f4861e_c.jpg?resize=525%2C300 1.5x, https:\/\/i0.wp.com\/www.grieta.org.mx\/wp-content\/uploads\/2020\/05\/48791281107_90b9f4861e_c.jpg?resize=700%2C400 2x"},"classes":[]},{"id":49437,"url":"http:\/\/www.grieta.org.mx\/index.php\/2020\/04\/30\/en-aguascalientes-trabajadores-del-ramo-automotriz-no-reciben-el-100-de-sus-salarios\/","url_meta":{"origin":47511,"position":1},"title":"EN AGUASCALIENTES, TRABAJADORES DEL RAMO AUTOMOTRIZ NO RECIBEN EL 100% DE SUS SALARIOS","author":"grieta","date":"30 abril, 2020","format":false,"excerpt":"Gabriel Soriano\/La Jornada Aguascalientes 30 abril 2020 FTA respalda la petici\u00f3n del gobernador para que se reactive el ramo pues no a todos los trabajadores se les ha pagado al 100% Se reanudar\u00e1n actividades con respecto al trabajo de proveedores La Federaci\u00f3n de Trabajadores de Aguascalientes (FTA) respalda la petici\u00f3n\u2026","rel":"","context":"En &quot;Aguascalientes&quot;","block_context":{"text":"Aguascalientes","link":"http:\/\/www.grieta.org.mx\/index.php\/category\/noticias-nacionales\/aguascalientes\/"},"img":{"alt_text":"","src":"https:\/\/i0.wp.com\/www.grieta.org.mx\/wp-content\/uploads\/2020\/05\/12178465393_c58b70a62f_c.jpg?resize=350%2C200","width":350,"height":200,"srcset":"https:\/\/i0.wp.com\/www.grieta.org.mx\/wp-content\/uploads\/2020\/05\/12178465393_c58b70a62f_c.jpg?resize=350%2C200 1x, https:\/\/i0.wp.com\/www.grieta.org.mx\/wp-content\/uploads\/2020\/05\/12178465393_c58b70a62f_c.jpg?resize=525%2C300 1.5x, https:\/\/i0.wp.com\/www.grieta.org.mx\/wp-content\/uploads\/2020\/05\/12178465393_c58b70a62f_c.jpg?resize=700%2C400 2x"},"classes":[]},{"id":50376,"url":"http:\/\/www.grieta.org.mx\/index.php\/2020\/06\/04\/nissan-despide-300-personas-en-aguascalientes\/","url_meta":{"origin":47511,"position":2},"title":"Nissan despide 300 personas en Aguascalientes","author":"grieta","date":"4 junio, 2020","format":false,"excerpt":"Jennifer Gonz\u00e1lez\/Expansi\u00f3n 4 junio 2020 500 personas dejar\u00e1n de trabajar en la planta de Nissan y en el sector de autopartes a partir de este lunes, informaron organizaciones sindicales. M\u00e9xico es el mayor proveedor de partes y componentes automotrices para Estados Unidos. (gerenme\/Getty Images\/iStockphoto) La armadora japonesa Nissan, que emplea\u2026","rel":"","context":"En &quot;CINTILLO&quot;","block_context":{"text":"CINTILLO","link":"http:\/\/www.grieta.org.mx\/index.php\/category\/cintillo\/"},"img":{"alt_text":"","src":"https:\/\/i0.wp.com\/www.grieta.org.mx\/wp-content\/uploads\/2020\/06\/autopartes.jpg?resize=350%2C200","width":350,"height":200,"srcset":"https:\/\/i0.wp.com\/www.grieta.org.mx\/wp-content\/uploads\/2020\/06\/autopartes.jpg?resize=350%2C200 1x, https:\/\/i0.wp.com\/www.grieta.org.mx\/wp-content\/uploads\/2020\/06\/autopartes.jpg?resize=525%2C300 1.5x, https:\/\/i0.wp.com\/www.grieta.org.mx\/wp-content\/uploads\/2020\/06\/autopartes.jpg?resize=700%2C400 2x, https:\/\/i0.wp.com\/www.grieta.org.mx\/wp-content\/uploads\/2020\/06\/autopartes.jpg?resize=1050%2C600 3x, https:\/\/i0.wp.com\/www.grieta.org.mx\/wp-content\/uploads\/2020\/06\/autopartes.jpg?resize=1400%2C800 4x"},"classes":[]},{"id":51268,"url":"http:\/\/www.grieta.org.mx\/index.php\/2020\/06\/16\/trabajadores-y-ex-empleados-protestan-en-planta-de-nissan-en-aguascalientes\/","url_meta":{"origin":47511,"position":3},"title":"Trabajadores y ex empleados protestan en planta de Nissan, en Aguascalientes","author":"grieta","date":"16 junio, 2020","format":false,"excerpt":"Liberto Ure\u00f1a\/Milenio 16 junio 2020 Los manifestantes impidieron el tr\u00e1nsito en la carretera 45 Sur; exigen libertad sindical, reajuste en salarios y horarios de funciones. Los manifestantes se instalaron frente a los accesos de la empresa en Aguascalientes. (Foto: Liberto Ure\u00f1a) Cerca de 100 trabajadores despedidos y algunos en activo\u2026","rel":"","context":"En &quot;Aguascalientes&quot;","block_context":{"text":"Aguascalientes","link":"http:\/\/www.grieta.org.mx\/index.php\/category\/noticias-nacionales\/aguascalientes\/"},"img":{"alt_text":"","src":"https:\/\/i0.wp.com\/www.grieta.org.mx\/wp-content\/uploads\/2020\/06\/manifestantes-instalaron-frente-accesos-empresa_0_27_1200_746.jpeg?resize=350%2C200","width":350,"height":200,"srcset":"https:\/\/i0.wp.com\/www.grieta.org.mx\/wp-content\/uploads\/2020\/06\/manifestantes-instalaron-frente-accesos-empresa_0_27_1200_746.jpeg?resize=350%2C200 1x, https:\/\/i0.wp.com\/www.grieta.org.mx\/wp-content\/uploads\/2020\/06\/manifestantes-instalaron-frente-accesos-empresa_0_27_1200_746.jpeg?resize=525%2C300 1.5x, https:\/\/i0.wp.com\/www.grieta.org.mx\/wp-content\/uploads\/2020\/06\/manifestantes-instalaron-frente-accesos-empresa_0_27_1200_746.jpeg?resize=700%2C400 2x"},"classes":[]},{"id":51585,"url":"http:\/\/www.grieta.org.mx\/index.php\/2020\/07\/05\/cierran-elektra-de-aguascalientes-por-brote-de-covid-19-entre-el-personal\/","url_meta":{"origin":47511,"position":4},"title":"Fallece trabajadora en Aguascalientes por brote de Covid-19 en Elektra","author":"grieta","date":"5 julio, 2020","format":false,"excerpt":"Redacci\u00f3n\/La Verdad 5 julio 2020 Uno de los empleados de Elektra de Aguascalientes falleci\u00f3 a causa del Covid-19; se detect\u00f3 un brote en el personal. Cierran Elektra de Aguascalientes por brote de Covid-19 entre el personal Una sucursal de Elektra de Aguascalientes cerr\u00f3 sus puertas temporalmente luego que se detect\u00f3\u2026","rel":"","context":"En &quot;Aguascalientes&quot;","block_context":{"text":"Aguascalientes","link":"http:\/\/www.grieta.org.mx\/index.php\/category\/noticias-nacionales\/aguascalientes\/"},"img":{"alt_text":"","src":"https:\/\/i0.wp.com\/www.grieta.org.mx\/wp-content\/uploads\/2020\/07\/elektra_aguascalientes.jpg_793492074.jpg?resize=350%2C200","width":350,"height":200,"srcset":"https:\/\/i0.wp.com\/www.grieta.org.mx\/wp-content\/uploads\/2020\/07\/elektra_aguascalientes.jpg_793492074.jpg?resize=350%2C200 1x, https:\/\/i0.wp.com\/www.grieta.org.mx\/wp-content\/uploads\/2020\/07\/elektra_aguascalientes.jpg_793492074.jpg?resize=525%2C300 1.5x, https:\/\/i0.wp.com\/www.grieta.org.mx\/wp-content\/uploads\/2020\/07\/elektra_aguascalientes.jpg_793492074.jpg?resize=700%2C400 2x"},"classes":[]},{"id":59126,"url":"http:\/\/www.grieta.org.mx\/index.php\/2021\/04\/30\/afectan-paros-tecnicos-en-planta-a-1-de-nissana-10-mil-trabajadores-en-aguascalientes-durante-mayo\/","url_meta":{"origin":47511,"position":5},"title":"Afectan paros t\u00e9cnicos en planta A-1 de Nissana 10 mil trabajadores en Aguascalientes durante mayo","author":"grieta","date":"30 abril, 2021","format":false,"excerpt":"Alejandro Romo\/Newsweek Aguascalientes 30 abril 2021 Debido al desabasto de microcomponentes y aditamentos electr\u00f3nicos en la industria automotriz, durante mayo continuar\u00e1n los paros parciales de actividades en la planta ensambladora A-1 de Nissan en Aguascalientes. De acuerdo al Sindicato de la Industria Automotriz y Metalmec\u00e1nica, los d\u00edas en los que\u2026","rel":"","context":"En &quot;Aguascalientes&quot;","block_context":{"text":"Aguascalientes","link":"http:\/\/www.grieta.org.mx\/index.php\/category\/noticias-nacionales\/aguascalientes\/"},"img":{"alt_text":"","src":"https:\/\/i0.wp.com\/www.grieta.org.mx\/wp-content\/uploads\/2021\/04\/planta-nissan.jpg?resize=350%2C200","width":350,"height":200,"srcset":"https:\/\/i0.wp.com\/www.grieta.org.mx\/wp-content\/uploads\/2021\/04\/planta-nissan.jpg?resize=350%2C200 1x, https:\/\/i0.wp.com\/www.grieta.org.mx\/wp-content\/uploads\/2021\/04\/planta-nissan.jpg?resize=525%2C300 1.5x"},"classes":[]}],"_links":{"self":[{"href":"http:\/\/www.grieta.org.mx\/index.php\/wp-json\/wp\/v2\/posts\/47511","targetHints":{"allow":["GET"]}}],"collection":[{"href":"http:\/\/www.grieta.org.mx\/index.php\/wp-json\/wp\/v2\/posts"}],"about":[{"href":"http:\/\/www.grieta.org.mx\/index.php\/wp-json\/wp\/v2\/types\/post"}],"author":[{"embeddable":true,"href":"http:\/\/www.grieta.org.mx\/index.php\/wp-json\/wp\/v2\/users\/2"}],"replies":[{"embeddable":true,"href":"http:\/\/www.grieta.org.mx\/index.php\/wp-json\/wp\/v2\/comments?post=47511"}],"version-history":[{"count":1,"href":"http:\/\/www.grieta.org.mx\/index.php\/wp-json\/wp\/v2\/posts\/47511\/revisions"}],"predecessor-version":[{"id":47514,"href":"http:\/\/www.grieta.org.mx\/index.php\/wp-json\/wp\/v2\/posts\/47511\/revisions\/47514"}],"wp:featuredmedia":[{"embeddable":true,"href":"http:\/\/www.grieta.org.mx\/index.php\/wp-json\/wp\/v2\/media\/47513"}],"wp:attachment":[{"href":"http:\/\/www.grieta.org.mx\/index.php\/wp-json\/wp\/v2\/media?parent=47511"}],"wp:term":[{"taxonomy":"category","embeddable":true,"href":"http:\/\/www.grieta.org.mx\/index.php\/wp-json\/wp\/v2\/categories?post=47511"},{"taxonomy":"post_tag","embeddable":true,"href":"http:\/\/www.grieta.org.mx\/index.php\/wp-json\/wp\/v2\/tags?post=47511"}],"curies":[{"name":"wp","href":"https:\/\/api.w.org\/{rel}","templated":true}]}}