{"id":47494,"date":"2020-04-08T13:28:20","date_gmt":"2020-04-08T18:28:20","guid":{"rendered":"http:\/\/www.grieta.org.mx\/?p=47494"},"modified":"2020-04-09T13:50:24","modified_gmt":"2020-04-09T18:50:24","slug":"jalisco-se-ubica-entre-los-6-estados-que-perdieron-mas-empleos-formales-por-covid-19","status":"publish","type":"post","link":"http:\/\/www.grieta.org.mx\/index.php\/2020\/04\/08\/jalisco-se-ubica-entre-los-6-estados-que-perdieron-mas-empleos-formales-por-covid-19\/","title":{"rendered":"Jalisco se ubica entre los 6 estados que perdieron m\u00e1s empleos formales por Covid-19"},"content":{"rendered":"<p><img loading=\"lazy\" decoding=\"async\" data-attachment-id=\"47500\" data-permalink=\"http:\/\/www.grieta.org.mx\/index.php\/2020\/04\/08\/jalisco-se-ubica-entre-los-6-estados-que-perdieron-mas-empleos-formales-por-covid-19\/empleo-5\/\" data-orig-file=\"http:\/\/www.grieta.org.mx\/wp-content\/uploads\/2020\/04\/Empleo.jpg\" data-orig-size=\"768,479\" data-comments-opened=\"0\" data-image-meta=\"{&quot;aperture&quot;:&quot;0&quot;,&quot;credit&quot;:&quot;&quot;,&quot;camera&quot;:&quot;&quot;,&quot;caption&quot;:&quot;&quot;,&quot;created_timestamp&quot;:&quot;0&quot;,&quot;copyright&quot;:&quot;&quot;,&quot;focal_length&quot;:&quot;0&quot;,&quot;iso&quot;:&quot;0&quot;,&quot;shutter_speed&quot;:&quot;0&quot;,&quot;title&quot;:&quot;&quot;,&quot;orientation&quot;:&quot;0&quot;}\" data-image-title=\"Empleo\" data-image-description=\"\" data-image-caption=\"\" data-medium-file=\"http:\/\/www.grieta.org.mx\/wp-content\/uploads\/2020\/04\/Empleo-300x187.jpg\" data-large-file=\"http:\/\/www.grieta.org.mx\/wp-content\/uploads\/2020\/04\/Empleo.jpg\" class=\"aligncenter wp-image-47500\" src=\"http:\/\/www.grieta.org.mx\/wp-content\/uploads\/2020\/04\/Empleo.jpg\" alt=\"\" width=\"798\" height=\"498\" srcset=\"http:\/\/www.grieta.org.mx\/wp-content\/uploads\/2020\/04\/Empleo.jpg 768w, http:\/\/www.grieta.org.mx\/wp-content\/uploads\/2020\/04\/Empleo-300x187.jpg 300w\" sizes=\"auto, (max-width: 798px) 100vw, 798px\" \/><\/p>\n<p>Foto: Cuartoscuro<\/p>\n<p class=\"subtitle\"><em>Son 6 empresas del estado las que se ubican en el listado de empresas a nivel nacional con \u201cdestrucci\u00f3n total de empleos\u201d<\/em><\/p>\n<p>Isabel Bare\u00f1o \/ El Occidental<\/p>\n<p>La Secretar\u00eda del Trabajo y Previsi\u00f3n Social del Gobierno de la Rep\u00fablica inform\u00f3 que del 13 de marzo al 6 de abril durante la pandemia del Covid-19 en el pa\u00eds se perdieron 346 mil 878 empleos formales registrados ante el IMSS, de los cuales Jalisco perdi\u00f3 21 mil 535 fuentes de empleo. Son 6 empresas de Jalisco que se ubican en el listado de empresas a nivel nacional con \u201cdestrucci\u00f3n total de empleos\u201d.<\/p>\n<p>En el listado de cerca de 80 empresas a nivel nacional que las ubican como las que registraron \u201cdestrucci\u00f3n total de empleos del 13 de marzo al 6 de abril\u201d ante el Covid-19 se ubican 6 de Jalisco: Corporativo Vidav\u00a0<a href=\"http:\/\/s.a.de\/\" target=\"_blank\" rel=\"noopener noreferrer\">S.A.de<\/a>\u00a0C.V; Sistema de Servicios de Agua Potable; Especializaci\u00f3n directiva Asociada; Empresa de Transporte y Comunicaciones Carlos Enrique Navarro Orozco; Artzelz Servicios para Empresas y hogar; Stentech para comercio.<\/p>\n<p><a href=\"https:\/\/www.eloccidental.com.mx\/local\/jalisco-se-ubica-entre-los-6-estados-que-perdieron-mas-empleos-formales-por-covid-19-coronavirus-pandemia-oms-emergencia-sanitaria-mexico-5079063.html\">https:\/\/www.eloccidental.com.mx\/local\/jalisco-se-ubica-entre-los-6-estados-que-perdieron-mas-empleos-formales-por-covid-19-coronavirus-pandemia-oms-emergencia-sanitaria-mexico-5079063.html<\/a><\/p>\n","protected":false},"excerpt":{"rendered":"<p>Foto: Cuartoscuro Son 6 empresas del estado las que se ubican en el listado de empresas a nivel nacional con \u201cdestrucci\u00f3n total de empleos\u201d Isabel Bare\u00f1o \/ El Occidental La &hellip; <a href=\"http:\/\/www.grieta.org.mx\/index.php\/2020\/04\/08\/jalisco-se-ubica-entre-los-6-estados-que-perdieron-mas-empleos-formales-por-covid-19\/\" class=\"more-link\">Leer m\u00e1s<\/a><\/p>\n","protected":false},"author":2,"featured_media":47500,"comment_status":"closed","ping_status":"closed","sticky":false,"template":"","format":"standard","meta":{"ngg_post_thumbnail":0,"_jetpack_newsletter_access":"","_jetpack_dont_email_post_to_subs":false,"_jetpack_newsletter_tier_id":0,"_jetpack_memberships_contains_paywalled_content":false,"_jetpack_memberships_contains_paid_content":false,"footnotes":""},"categories":[80,3271,918,2535,910,3289,20,2,83],"tags":[3260,3241,3198,2105,2841],"class_list":["post-47494","post","type-post","status-publish","format-standard","has-post-thumbnail","hentry","category-cintillo","category-covid-19-en-jalisco","category-privatizacion-del-sector-salud","category-crisis-del-sector-salud-en-jalisco","category-explotacion-y-precariedad-laboral","category-explotacion-y-precariedad-laboral-en-jalisco","category-jalisco","category-noticias-nacionales","category-temas-nacionales","tag-covid","tag-covid-19","tag-covid19","tag-despidos-masivos","tag-explotacion-y-precariedad-laboral","entry"],"jetpack_featured_media_url":"http:\/\/www.grieta.org.mx\/wp-content\/uploads\/2020\/04\/Empleo.jpg","jetpack_sharing_enabled":true,"jetpack_shortlink":"https:\/\/wp.me\/p7ZJR4-cm2","jetpack_likes_enabled":false,"jetpack-related-posts":[{"id":49356,"url":"http:\/\/www.grieta.org.mx\/index.php\/2020\/05\/12\/cifra-record-38-mil-empleos-se-perdieron-en-jalisco-durante-abril\/","url_meta":{"origin":47494,"position":0},"title":"Cifra r\u00e9cord: 38 mil empleos se perdieron en Jalisco durante abril","author":"grieta","date":"12 mayo, 2020","format":false,"excerpt":"Foto: Cuartooscuro V\u00edctor Ch\u00e1vez \/ El Occidental De 38 mil 145 empleos es la p\u00e9rdida en Jalisco durante el mes de abril y a consecuencia de la contingencia de Covid-19, de acuerdo a las cifras de personal registrado ante el Instituto Mexicano del Seguro Social (IMSS). Antes, y durante marzo\u2026","rel":"","context":"En &quot;CINTILLO&quot;","block_context":{"text":"CINTILLO","link":"http:\/\/www.grieta.org.mx\/index.php\/category\/cintillo\/"},"img":{"alt_text":"","src":"https:\/\/i0.wp.com\/www.grieta.org.mx\/wp-content\/uploads\/2020\/05\/Empleos.jpg?resize=350%2C200","width":350,"height":200,"srcset":"https:\/\/i0.wp.com\/www.grieta.org.mx\/wp-content\/uploads\/2020\/05\/Empleos.jpg?resize=350%2C200 1x, https:\/\/i0.wp.com\/www.grieta.org.mx\/wp-content\/uploads\/2020\/05\/Empleos.jpg?resize=525%2C300 1.5x, https:\/\/i0.wp.com\/www.grieta.org.mx\/wp-content\/uploads\/2020\/05\/Empleos.jpg?resize=700%2C400 2x"},"classes":[]},{"id":59151,"url":"http:\/\/www.grieta.org.mx\/index.php\/2021\/04\/27\/trabajadores-de-hospitales-covid-19-se-manifiestan-en-casa-jalisco-por-despido\/","url_meta":{"origin":47494,"position":1},"title":"Trabajadores de hospitales covid-19 se manifiestan en Casa Jalisco por despido","author":"grieta","date":"27 abril, 2021","format":false,"excerpt":"Foto: Medios Roc\u00edo Fonseca \/ UDGTV Esta no es la primera vez que la secretar\u00eda de Salud prescinde de trabajadores que sacaron adelante las \u00e1reas covid-19 en el sector P\u00fablico. El 25 de noviembre una veintena de\u00a0trabajadores del Hospital \u00c1ngel Lea\u00f1o fueron dados de baja del servicio a pesar de\u2026","rel":"","context":"En &quot;CINTILLO&quot;","block_context":{"text":"CINTILLO","link":"http:\/\/www.grieta.org.mx\/index.php\/category\/cintillo\/"},"img":{"alt_text":"","src":"https:\/\/i0.wp.com\/www.grieta.org.mx\/wp-content\/uploads\/2021\/05\/Casa-Jalisco-medios.jpg?resize=350%2C200","width":350,"height":200,"srcset":"https:\/\/i0.wp.com\/www.grieta.org.mx\/wp-content\/uploads\/2021\/05\/Casa-Jalisco-medios.jpg?resize=350%2C200 1x, https:\/\/i0.wp.com\/www.grieta.org.mx\/wp-content\/uploads\/2021\/05\/Casa-Jalisco-medios.jpg?resize=525%2C300 1.5x, https:\/\/i0.wp.com\/www.grieta.org.mx\/wp-content\/uploads\/2021\/05\/Casa-Jalisco-medios.jpg?resize=700%2C400 2x"},"classes":[]},{"id":49692,"url":"http:\/\/www.grieta.org.mx\/index.php\/2020\/05\/20\/exigen-garantias-de-salud-para-trabajadores-de-reclusorios-en-jalisco\/","url_meta":{"origin":47494,"position":2},"title":"Exigen garant\u00edas de salud para trabajadores de reclusorios en Jalisco","author":"grieta","date":"20 mayo, 2020","format":false,"excerpt":"Foto. Pablo Toledo Integrantes del Sindicato Democr\u00e1tico del Sistema Penitenciario del Estado de Jalisco denunciaron tambi\u00e9n la falta de pagos de bonos, discriminaci\u00f3n laboral y la falta de protocolos sanitarios Pablo Toledo \/ UDGTV Guadalajara, Jalisco. Integrantes del Sindicato Democr\u00e1tico del Sistema Penitenciario del Estado de Jalisco entregaron un pliego\u2026","rel":"","context":"En &quot;CINTILLO&quot;","block_context":{"text":"CINTILLO","link":"http:\/\/www.grieta.org.mx\/index.php\/category\/cintillo\/"},"img":{"alt_text":"","src":"https:\/\/i0.wp.com\/www.grieta.org.mx\/wp-content\/uploads\/2020\/05\/reclusorios-de-Jalisco-Pablo-Toledo-696x385.jpeg?resize=350%2C200","width":350,"height":200,"srcset":"https:\/\/i0.wp.com\/www.grieta.org.mx\/wp-content\/uploads\/2020\/05\/reclusorios-de-Jalisco-Pablo-Toledo-696x385.jpeg?resize=350%2C200 1x, https:\/\/i0.wp.com\/www.grieta.org.mx\/wp-content\/uploads\/2020\/05\/reclusorios-de-Jalisco-Pablo-Toledo-696x385.jpeg?resize=525%2C300 1.5x"},"classes":[]},{"id":47525,"url":"http:\/\/www.grieta.org.mx\/index.php\/2020\/04\/07\/comerciantes-exigen-que-los-dejen-vender-jalisco\/","url_meta":{"origin":47494,"position":3},"title":"Comerciantes exigen que los dejen vender (Jalisco)","author":"grieta","date":"7 abril, 2020","format":false,"excerpt":"Foto: Especial Edgar Flores Alrededor de 70 comerciantes de diferentes tianguis de la Zona Metropolitana de Guadalajara (ZMG), pero mayormente de El Baratillo, se manifestaron ayer a las afueras de palacio de gobierno para exigir a las autoridades que los dejen trabajar, ya que sus negocios son considerados no esenciales\u2026","rel":"","context":"En &quot;CINTILLO&quot;","block_context":{"text":"CINTILLO","link":"http:\/\/www.grieta.org.mx\/index.php\/category\/cintillo\/"},"img":{"alt_text":"","src":"https:\/\/i0.wp.com\/www.grieta.org.mx\/wp-content\/uploads\/2020\/04\/2020-04-07_12-04-19___6858.jpg?resize=350%2C200","width":350,"height":200,"srcset":"https:\/\/i0.wp.com\/www.grieta.org.mx\/wp-content\/uploads\/2020\/04\/2020-04-07_12-04-19___6858.jpg?resize=350%2C200 1x, https:\/\/i0.wp.com\/www.grieta.org.mx\/wp-content\/uploads\/2020\/04\/2020-04-07_12-04-19___6858.jpg?resize=525%2C300 1.5x, https:\/\/i0.wp.com\/www.grieta.org.mx\/wp-content\/uploads\/2020\/04\/2020-04-07_12-04-19___6858.jpg?resize=700%2C400 2x"},"classes":[]},{"id":47890,"url":"http:\/\/www.grieta.org.mx\/index.php\/2020\/04\/13\/8-mil-empleos-perdidos-en-nayarit-por-covid\/","url_meta":{"origin":47494,"position":4},"title":"8 mil empleos perdidos en Nayarit por Covid","author":"grieta","date":"13 abril, 2020","format":false,"excerpt":"Imagen: Realidades de Nayarit Mildra Ben\u00edtez Robledo \/ Realidades de Nayarit Tepic, Nayarit.- Lunes 13 de abril del 2020.- El Covid-19 , ya est\u00e1 provocando serios da\u00f1os econ\u00f3micos a Nayarit, pues a\u00fan cuando la Entidad tiene muy pocos empleos formales, estos comienza a perderse ante la contingencia. El titular del\u2026","rel":"","context":"En &quot;CINTILLO&quot;","block_context":{"text":"CINTILLO","link":"http:\/\/www.grieta.org.mx\/index.php\/category\/cintillo\/"},"img":{"alt_text":"","src":"https:\/\/i0.wp.com\/www.grieta.org.mx\/wp-content\/uploads\/2020\/04\/des-768x405.jpg?resize=350%2C200","width":350,"height":200,"srcset":"https:\/\/i0.wp.com\/www.grieta.org.mx\/wp-content\/uploads\/2020\/04\/des-768x405.jpg?resize=350%2C200 1x, https:\/\/i0.wp.com\/www.grieta.org.mx\/wp-content\/uploads\/2020\/04\/des-768x405.jpg?resize=525%2C300 1.5x, https:\/\/i0.wp.com\/www.grieta.org.mx\/wp-content\/uploads\/2020\/04\/des-768x405.jpg?resize=700%2C400 2x"},"classes":[]},{"id":51002,"url":"http:\/\/www.grieta.org.mx\/index.php\/2020\/06\/18\/q-roo-tiene-la-mayor-perdida-de-empleos-durante-tres-meses\/","url_meta":{"origin":47494,"position":5},"title":"Q.Roo tiene la mayor p\u00e9rdida de empleos durante tres meses","author":"grieta","date":"18 junio, 2020","format":false,"excerpt":"Rub\u00e9n Migueles \/ El Universal Los trabajadores de Quintana Roo han sido los m\u00e1s afectados por el recorte de personal derivado de la pandemia de coronavirus, principalmente en actividades del sector servicios relacionadas con el turismo como hoteles y restaurantes. En la entidad caribe\u00f1a, uno de cuatro empleos registrados ante\u2026","rel":"","context":"En &quot;CINTILLO&quot;","block_context":{"text":"CINTILLO","link":"http:\/\/www.grieta.org.mx\/index.php\/category\/cintillo\/"},"img":{"alt_text":"","src":"https:\/\/i0.wp.com\/www.grieta.org.mx\/wp-content\/uploads\/2020\/06\/DespidosQRoo.png?resize=350%2C200","width":350,"height":200,"srcset":"https:\/\/i0.wp.com\/www.grieta.org.mx\/wp-content\/uploads\/2020\/06\/DespidosQRoo.png?resize=350%2C200 1x, https:\/\/i0.wp.com\/www.grieta.org.mx\/wp-content\/uploads\/2020\/06\/DespidosQRoo.png?resize=525%2C300 1.5x"},"classes":[]}],"_links":{"self":[{"href":"http:\/\/www.grieta.org.mx\/index.php\/wp-json\/wp\/v2\/posts\/47494","targetHints":{"allow":["GET"]}}],"collection":[{"href":"http:\/\/www.grieta.org.mx\/index.php\/wp-json\/wp\/v2\/posts"}],"about":[{"href":"http:\/\/www.grieta.org.mx\/index.php\/wp-json\/wp\/v2\/types\/post"}],"author":[{"embeddable":true,"href":"http:\/\/www.grieta.org.mx\/index.php\/wp-json\/wp\/v2\/users\/2"}],"replies":[{"embeddable":true,"href":"http:\/\/www.grieta.org.mx\/index.php\/wp-json\/wp\/v2\/comments?post=47494"}],"version-history":[{"count":1,"href":"http:\/\/www.grieta.org.mx\/index.php\/wp-json\/wp\/v2\/posts\/47494\/revisions"}],"predecessor-version":[{"id":47506,"href":"http:\/\/www.grieta.org.mx\/index.php\/wp-json\/wp\/v2\/posts\/47494\/revisions\/47506"}],"wp:featuredmedia":[{"embeddable":true,"href":"http:\/\/www.grieta.org.mx\/index.php\/wp-json\/wp\/v2\/media\/47500"}],"wp:attachment":[{"href":"http:\/\/www.grieta.org.mx\/index.php\/wp-json\/wp\/v2\/media?parent=47494"}],"wp:term":[{"taxonomy":"category","embeddable":true,"href":"http:\/\/www.grieta.org.mx\/index.php\/wp-json\/wp\/v2\/categories?post=47494"},{"taxonomy":"post_tag","embeddable":true,"href":"http:\/\/www.grieta.org.mx\/index.php\/wp-json\/wp\/v2\/tags?post=47494"}],"curies":[{"name":"wp","href":"https:\/\/api.w.org\/{rel}","templated":true}]}}