{"id":47488,"date":"2020-04-07T12:32:23","date_gmt":"2020-04-07T17:32:23","guid":{"rendered":"http:\/\/www.grieta.org.mx\/?p=47488"},"modified":"2020-04-09T12:49:49","modified_gmt":"2020-04-09T17:49:49","slug":"gobernador-de-colima-ha-despedido-a-mas-de-2-mil-trabajadores","status":"publish","type":"post","link":"http:\/\/www.grieta.org.mx\/index.php\/2020\/04\/07\/gobernador-de-colima-ha-despedido-a-mas-de-2-mil-trabajadores\/","title":{"rendered":"Gobernador de Colima ha despedido a m\u00e1s de 2 mil trabajadores"},"content":{"rendered":"<p><img loading=\"lazy\" decoding=\"async\" data-attachment-id=\"47489\" data-permalink=\"http:\/\/www.grieta.org.mx\/index.php\/2020\/04\/07\/gobernador-de-colima-ha-despedido-a-mas-de-2-mil-trabajadores\/nacho-peralta-risa\/\" data-orig-file=\"http:\/\/www.grieta.org.mx\/wp-content\/uploads\/2020\/04\/Nacho-Peralta-Risa.png\" data-orig-size=\"472,376\" data-comments-opened=\"0\" data-image-meta=\"{&quot;aperture&quot;:&quot;0&quot;,&quot;credit&quot;:&quot;&quot;,&quot;camera&quot;:&quot;&quot;,&quot;caption&quot;:&quot;&quot;,&quot;created_timestamp&quot;:&quot;0&quot;,&quot;copyright&quot;:&quot;&quot;,&quot;focal_length&quot;:&quot;0&quot;,&quot;iso&quot;:&quot;0&quot;,&quot;shutter_speed&quot;:&quot;0&quot;,&quot;title&quot;:&quot;&quot;,&quot;orientation&quot;:&quot;0&quot;}\" data-image-title=\"Nacho-Peralta-Risa\" data-image-description=\"\" data-image-caption=\"\" data-medium-file=\"http:\/\/www.grieta.org.mx\/wp-content\/uploads\/2020\/04\/Nacho-Peralta-Risa-300x239.png\" data-large-file=\"http:\/\/www.grieta.org.mx\/wp-content\/uploads\/2020\/04\/Nacho-Peralta-Risa.png\" class=\"aligncenter wp-image-47489\" src=\"http:\/\/www.grieta.org.mx\/wp-content\/uploads\/2020\/04\/Nacho-Peralta-Risa.png\" alt=\"\" width=\"798\" height=\"635\" srcset=\"http:\/\/www.grieta.org.mx\/wp-content\/uploads\/2020\/04\/Nacho-Peralta-Risa.png 472w, http:\/\/www.grieta.org.mx\/wp-content\/uploads\/2020\/04\/Nacho-Peralta-Risa-300x239.png 300w\" sizes=\"auto, (max-width: 798px) 100vw, 798px\" \/><\/p>\n<p>Foto: Diario Avanzada<\/p>\n<p>Redacci\u00f3n \/ Diario Avanzada<\/p>\n<p>Colima, M\u00e9xico, Avanzada (07\/04\/2020).- Durante su periodo, el gobierno de Jos\u00e9 Ignacio Peralta S\u00e1nchez ha despedido m\u00e1s de 2 mil trabajadores de la administraci\u00f3n estatal, con el pretexto de ahorrar recursos, pero ha dejado desprotegidas de sus ingresos a una gran cantidad de familias que han visto afectada su fuente de ingresos.<\/p>\n<p>A menos de un mes de haber asumido la gubernatura, a finales de febrero de 2016, el gobernador decidi\u00f3 echar a la calle a alrededor de 1,500 trabajadores, con el argumento de que el gobierno anterior, de su antecesor Mario Anguiano Moreno, dej\u00f3 un desorden en las finanzas p\u00fablicas y era imposible continuar sosteniendo la gruesa n\u00f3mina gubernamental.<\/p>\n<p>Esa decisi\u00f3n fue duramente criticada en algunos espacios de opini\u00f3n, donde se cuestion\u00f3 que fuera el sector m\u00e1s d\u00e9bil, el de los trabajadores, el que pagara las consecuencias de una mala administraci\u00f3n en el manejo de los recursos.<\/p>\n<p>Otro de los despidos masivos ocurri\u00f3 el diciembre de 2019, cuando fueron 600 empleados los que se sumaron a las listas de despedidos del gobierno estatal, con lo que supuestamente el gobierno estatal se ahorr\u00f3 135 millones en pago de n\u00f3mina.<\/p>\n<p>El gobierno de Colima responsabiliz\u00f3 de esta situaci\u00f3n a los recortes del gobierno federal y a la baja percepci\u00f3n de ingresos propios, lo que \u201chace imposible seguir manteniendo la n\u00f3mina actual, por lo que no se renovar\u00e1n los contratos a varios trabajadores\u201d.<\/p>\n<p>Seg\u00fan el gobierno de Peralta S\u00e1nchez, hubo una grave reducci\u00f3n del presupuesto en 2019, cuando disminuyeron los ingresos en el presupuesto por mil millones de pesos y se espera que para 2020 la reducci\u00f3n sobrepase los mil 300 millones, por lo que est\u00e1 sometida a una fuerte presi\u00f3n financiera que este a\u00f1o ya se vio reflejada en la falta de liquidez para solventar los compromisos contractuales de fin de a\u00f1o.<\/p>\n<p>Nuevamente, la administraci\u00f3n de Peralta volvi\u00f3 a culpar al gobierno del priista Mario Anguiano Moreno de haber sumido a la entidad en la \u201cpeor crisis financiera\u201d de su historia.<\/p>\n<p>A principios de abril, el gobierno estatal continu\u00f3 con su din\u00e1mica de despedir trabajadores, ahora con la separaci\u00f3n de diez integrantes del Sindicato Independiente de Trabajadores al Servicio del Gobierno del Estado, adem\u00e1s de presionar y hostigar a muchos trabajadores m\u00e1s para que se desistan de una demanda interpuesta desde octubre pasado ante el Tribunal de Arbitraje y Escalaf\u00f3n en busca de su basificaci\u00f3n laboral.<\/p>\n<p>De acuerdo con la secretaria general del sindicato independiente, Ana Cristina Navarro, los trabajadores est\u00e1n siendo citados en su centro de trabajo, donde se les ofrece la disyuntiva de firmar su desistimiento de la demanda, bajo la amenaza de ser despedidos si no lo hacen.<\/p>\n<p>Este lunes 6, miembros de ese sindicato se manifestaron frente a la Casa de Gobierno de Colima, donde exigieron la reinstalaci\u00f3n de sus compa\u00f1eros y el cese de los actos de represi\u00f3n para que renuncien al ejercicio de sus derechos, pero el gobierno de Ignacio Peralta no los atendi\u00f3.<\/p>\n<p><a href=\"https:\/\/www.diarioavanzada.com.mx\/?p=11791\">https:\/\/www.diarioavanzada.com.mx\/?p=11791<\/a><\/p>\n","protected":false},"excerpt":{"rendered":"<p>Foto: Diario Avanzada Redacci\u00f3n \/ Diario Avanzada Colima, M\u00e9xico, Avanzada (07\/04\/2020).- Durante su periodo, el gobierno de Jos\u00e9 Ignacio Peralta S\u00e1nchez ha despedido m\u00e1s de 2 mil trabajadores de la &hellip; <a href=\"http:\/\/www.grieta.org.mx\/index.php\/2020\/04\/07\/gobernador-de-colima-ha-despedido-a-mas-de-2-mil-trabajadores\/\" class=\"more-link\">Leer m\u00e1s<\/a><\/p>\n","protected":false},"author":2,"featured_media":21928,"comment_status":"closed","ping_status":"closed","sticky":false,"template":"","format":"standard","meta":{"ngg_post_thumbnail":0,"_jetpack_newsletter_access":"","_jetpack_dont_email_post_to_subs":false,"_jetpack_newsletter_tier_id":0,"_jetpack_memberships_contains_paywalled_content":false,"_jetpack_memberships_contains_paid_content":false,"footnotes":""},"categories":[80,13,910,2192,2,83],"tags":[2340,105,2105,2841],"class_list":["post-47488","post","type-post","status-publish","format-standard","has-post-thumbnail","hentry","category-cintillo","category-colima","category-explotacion-y-precariedad-laboral","category-explotacion-y-precariedad-laboral-en-colima","category-noticias-nacionales","category-temas-nacionales","tag-conflictos-laborales-en-colima","tag-derechos-laborales","tag-despidos-masivos","tag-explotacion-y-precariedad-laboral","entry"],"jetpack_featured_media_url":"http:\/\/www.grieta.org.mx\/wp-content\/uploads\/2018\/03\/14524434_1106112876131411_958039263622046936_o.jpg","jetpack_sharing_enabled":true,"jetpack_shortlink":"https:\/\/wp.me\/p7ZJR4-clW","jetpack_likes_enabled":false,"jetpack-related-posts":[{"id":47180,"url":"http:\/\/www.grieta.org.mx\/index.php\/2020\/04\/01\/233-mil-colimenses-viven-al-dia-no-pueden-parar-colima\/","url_meta":{"origin":47488,"position":0},"title":"233 mil colimenses \u201cviven al d\u00eda\u201d, no pueden parar (Colima)","author":"grieta","date":"1 abril, 2020","format":false,"excerpt":"Foto: Diario Avanzada Heidi de Le\u00f3n Gutierrez \/ Diario Avanazada Colima, M\u00e9xico, Avanzada (01\/04\/2020).- Las medidas de aislamiento social decretadas para \u00a0frenar el contagio del Covid-19 en Colima no s\u00f3lo est\u00e1n afectando gravemente a los restauranteros y trabajadores del sector tur\u00edstico, tambi\u00e9n a 233 mil colimenses que se encuentran en\u2026","rel":"","context":"En &quot;CINTILLO&quot;","block_context":{"text":"CINTILLO","link":"http:\/\/www.grieta.org.mx\/index.php\/category\/cintillo\/"},"img":{"alt_text":"","src":"https:\/\/i0.wp.com\/www.grieta.org.mx\/wp-content\/uploads\/2020\/04\/Colima-tierra-de-pobres.png?resize=350%2C200","width":350,"height":200,"srcset":"https:\/\/i0.wp.com\/www.grieta.org.mx\/wp-content\/uploads\/2020\/04\/Colima-tierra-de-pobres.png?resize=350%2C200 1x, https:\/\/i0.wp.com\/www.grieta.org.mx\/wp-content\/uploads\/2020\/04\/Colima-tierra-de-pobres.png?resize=525%2C300 1.5x, https:\/\/i0.wp.com\/www.grieta.org.mx\/wp-content\/uploads\/2020\/04\/Colima-tierra-de-pobres.png?resize=700%2C400 2x"},"classes":[]},{"id":46893,"url":"http:\/\/www.grieta.org.mx\/index.php\/2020\/03\/26\/172-mil-trabajadores-en-colima-sufren-pobreza-laboral\/","url_meta":{"origin":47488,"position":1},"title":"172 mil trabajadores en Colima sufren pobreza laboral","author":"grieta","date":"26 marzo, 2020","format":false,"excerpt":"Foto: Diario Avanzada Heidi de Le\u00f3n Guti\u00e9rrez \/ Diario Avanzada Colima, M\u00e9xico, Avanzada (26\/03\/2020).- En Colima, el 23 por ciento de la poblaci\u00f3n registra un ingreso laboral inferior al costo de la canasta b\u00e1sica, seg\u00fan la medici\u00f3n realizada por el Consejo Nacional de Evaluaci\u00f3n (Coneval), durante el cuarto trimestre de\u2026","rel":"","context":"En &quot;CINTILLO&quot;","block_context":{"text":"CINTILLO","link":"http:\/\/www.grieta.org.mx\/index.php\/category\/cintillo\/"},"img":{"alt_text":"","src":"https:\/\/i0.wp.com\/www.grieta.org.mx\/wp-content\/uploads\/2020\/03\/Colima-tierra-de-pobres.png?resize=350%2C200","width":350,"height":200,"srcset":"https:\/\/i0.wp.com\/www.grieta.org.mx\/wp-content\/uploads\/2020\/03\/Colima-tierra-de-pobres.png?resize=350%2C200 1x, https:\/\/i0.wp.com\/www.grieta.org.mx\/wp-content\/uploads\/2020\/03\/Colima-tierra-de-pobres.png?resize=525%2C300 1.5x, https:\/\/i0.wp.com\/www.grieta.org.mx\/wp-content\/uploads\/2020\/03\/Colima-tierra-de-pobres.png?resize=700%2C400 2x"},"classes":[]},{"id":62547,"url":"http:\/\/www.grieta.org.mx\/index.php\/2021\/10\/22\/miles-de-trabajadores-exigen-el-pago-de-su-salario-colima\/","url_meta":{"origin":47488,"position":2},"title":"Miles de trabajadores exigen el pago de su salario (Colima)","author":"grieta","date":"22 octubre, 2021","format":false,"excerpt":"Imagen: Diario Avanzada Heidi de Le\u00f3n Guti\u00e9rrez \/ Diario Avanzada Colima, M\u00e9xico, Avanzada (22\/10\/2021).-\u00a0Afuera del reci\u00e9n remodelado Palacio de Gobierno, m\u00e1s de cuatro mil trabajadores\u00a0de la administraci\u00f3n estatal exigieron el pago de las dos \u00faltimas quincenas y las prestaciones que el titular del Ejecutivo, Ignacio Peralta S\u00e1nchez \u00a0adeuda a la\u2026","rel":"","context":"En &quot;CINTILLO&quot;","block_context":{"text":"CINTILLO","link":"http:\/\/www.grieta.org.mx\/index.php\/category\/cintillo\/"},"img":{"alt_text":"","src":"https:\/\/i0.wp.com\/www.grieta.org.mx\/wp-content\/uploads\/2021\/10\/IMG_5616-2-1024x683-1.jpg?resize=350%2C200","width":350,"height":200,"srcset":"https:\/\/i0.wp.com\/www.grieta.org.mx\/wp-content\/uploads\/2021\/10\/IMG_5616-2-1024x683-1.jpg?resize=350%2C200 1x, https:\/\/i0.wp.com\/www.grieta.org.mx\/wp-content\/uploads\/2021\/10\/IMG_5616-2-1024x683-1.jpg?resize=525%2C300 1.5x, https:\/\/i0.wp.com\/www.grieta.org.mx\/wp-content\/uploads\/2021\/10\/IMG_5616-2-1024x683-1.jpg?resize=700%2C400 2x"},"classes":[]},{"id":47936,"url":"http:\/\/www.grieta.org.mx\/index.php\/2020\/04\/16\/despidos-impago-o-reduccion-de-salario-120-mil-colimenses-en-incertidumbre-laboral-colima\/","url_meta":{"origin":47488,"position":3},"title":"Despidos, impago o reducci\u00f3n de salario; 120 mil colimenses en incertidumbre laboral (Colima)","author":"grieta","date":"16 abril, 2020","format":false,"excerpt":"Imagen: Diario Avanzada Redacci\u00f3n \/ Diario Avanzada Colima, M\u00e9xico, Avanzada (16\/04\/2020).- \u00a0M\u00e1s de 120 mil trabajadores en Colima, que pertenecen al sector comercial y actividades financieras, enfrentan complicaciones econ\u00f3micas\u00a0 delicadas por \u00a0despidos, la falta de salarios o la reducci\u00f3n de los mismo, \u00a0a partir de la emergencia sanitaria decretada para\u2026","rel":"","context":"En &quot;CINTILLO&quot;","block_context":{"text":"CINTILLO","link":"http:\/\/www.grieta.org.mx\/index.php\/category\/cintillo\/"},"img":{"alt_text":"","src":"https:\/\/i0.wp.com\/www.grieta.org.mx\/wp-content\/uploads\/2020\/04\/93867421_1293082597568319_2675660884767932416_n.jpg?resize=350%2C200","width":350,"height":200,"srcset":"https:\/\/i0.wp.com\/www.grieta.org.mx\/wp-content\/uploads\/2020\/04\/93867421_1293082597568319_2675660884767932416_n.jpg?resize=350%2C200 1x, https:\/\/i0.wp.com\/www.grieta.org.mx\/wp-content\/uploads\/2020\/04\/93867421_1293082597568319_2675660884767932416_n.jpg?resize=525%2C300 1.5x, https:\/\/i0.wp.com\/www.grieta.org.mx\/wp-content\/uploads\/2020\/04\/93867421_1293082597568319_2675660884767932416_n.jpg?resize=700%2C400 2x"},"classes":[]},{"id":68596,"url":"http:\/\/www.grieta.org.mx\/index.php\/2024\/03\/11\/sin-prestaciones-el-46-de-los-trabajadores-24-esta-en-pobreza-laboral-colima\/","url_meta":{"origin":47488,"position":4},"title":"Sin prestaciones: El 46 % de los trabajadores; 24 % est\u00e1 en pobreza laboral (Colima)","author":"grieta","date":"11 marzo, 2024","format":false,"excerpt":"Imagen: Diario Avanzada Heidi de Le\u00f3n Guti\u00e9rrez \/ Diario Avanzada Colima, M\u00e9xico, Avanzada (11\/03\/2024).- Omar sabe que no contar\u00e1 con una jubilaci\u00f3n que le permita sobrevivir si es que llega a la vejez. Desde hace diez a\u00f1os se dedica a dar clases particulares y en la instituci\u00f3n donde labora solo\u2026","rel":"","context":"En &quot;CINTILLO&quot;","block_context":{"text":"CINTILLO","link":"http:\/\/www.grieta.org.mx\/index.php\/category\/cintillo\/"},"img":{"alt_text":"","src":"https:\/\/i0.wp.com\/www.grieta.org.mx\/wp-content\/uploads\/2024\/03\/a2-17.jpg?resize=350%2C200","width":350,"height":200},"classes":[]},{"id":68876,"url":"http:\/\/www.grieta.org.mx\/index.php\/2024\/05\/08\/trabajadores-cada-vez-mas-pobres-colima\/","url_meta":{"origin":47488,"position":5},"title":"Trabajadores, cada vez m\u00e1s pobres (Colima)","author":"grieta","date":"8 mayo, 2024","format":false,"excerpt":"Imagen: Ilustrativa, Diario Avanzada Heidi de Le\u00f3n Guti\u00e9rrez \/ Diario Avanzada Colima, M\u00e9xico, Avanzada (08\/05\/2024).- En Colima, cada vez se complican m\u00e1s las cosas para la poblaci\u00f3n econ\u00f3micamente activa: no solo padecen la falta de trabajos diversificados, tambi\u00e9n la falta de salarios que permitan cubrir las necesidades b\u00e1sicas. En el\u2026","rel":"","context":"En &quot;CINTILLO&quot;","block_context":{"text":"CINTILLO","link":"http:\/\/www.grieta.org.mx\/index.php\/category\/cintillo\/"},"img":{"alt_text":"","src":"https:\/\/i0.wp.com\/www.grieta.org.mx\/wp-content\/uploads\/2024\/05\/img_8814-1.jpg?resize=350%2C200","width":350,"height":200,"srcset":"https:\/\/i0.wp.com\/www.grieta.org.mx\/wp-content\/uploads\/2024\/05\/img_8814-1.jpg?resize=350%2C200 1x, https:\/\/i0.wp.com\/www.grieta.org.mx\/wp-content\/uploads\/2024\/05\/img_8814-1.jpg?resize=525%2C300 1.5x, https:\/\/i0.wp.com\/www.grieta.org.mx\/wp-content\/uploads\/2024\/05\/img_8814-1.jpg?resize=700%2C400 2x, https:\/\/i0.wp.com\/www.grieta.org.mx\/wp-content\/uploads\/2024\/05\/img_8814-1.jpg?resize=1050%2C600 3x, https:\/\/i0.wp.com\/www.grieta.org.mx\/wp-content\/uploads\/2024\/05\/img_8814-1.jpg?resize=1400%2C800 4x"},"classes":[]}],"_links":{"self":[{"href":"http:\/\/www.grieta.org.mx\/index.php\/wp-json\/wp\/v2\/posts\/47488","targetHints":{"allow":["GET"]}}],"collection":[{"href":"http:\/\/www.grieta.org.mx\/index.php\/wp-json\/wp\/v2\/posts"}],"about":[{"href":"http:\/\/www.grieta.org.mx\/index.php\/wp-json\/wp\/v2\/types\/post"}],"author":[{"embeddable":true,"href":"http:\/\/www.grieta.org.mx\/index.php\/wp-json\/wp\/v2\/users\/2"}],"replies":[{"embeddable":true,"href":"http:\/\/www.grieta.org.mx\/index.php\/wp-json\/wp\/v2\/comments?post=47488"}],"version-history":[{"count":1,"href":"http:\/\/www.grieta.org.mx\/index.php\/wp-json\/wp\/v2\/posts\/47488\/revisions"}],"predecessor-version":[{"id":47490,"href":"http:\/\/www.grieta.org.mx\/index.php\/wp-json\/wp\/v2\/posts\/47488\/revisions\/47490"}],"wp:featuredmedia":[{"embeddable":true,"href":"http:\/\/www.grieta.org.mx\/index.php\/wp-json\/wp\/v2\/media\/21928"}],"wp:attachment":[{"href":"http:\/\/www.grieta.org.mx\/index.php\/wp-json\/wp\/v2\/media?parent=47488"}],"wp:term":[{"taxonomy":"category","embeddable":true,"href":"http:\/\/www.grieta.org.mx\/index.php\/wp-json\/wp\/v2\/categories?post=47488"},{"taxonomy":"post_tag","embeddable":true,"href":"http:\/\/www.grieta.org.mx\/index.php\/wp-json\/wp\/v2\/tags?post=47488"}],"curies":[{"name":"wp","href":"https:\/\/api.w.org\/{rel}","templated":true}]}}