{"id":4746,"date":"2015-03-05T18:15:27","date_gmt":"2015-03-05T18:15:27","guid":{"rendered":"http:\/\/50.22.11.12\/~grietaor\/?p=4746"},"modified":"2016-03-25T18:31:11","modified_gmt":"2016-03-25T18:31:11","slug":"aprueban-ley-que-privatiza-el-suministro-de-agua-grupo-higa-uno-de-los-primeros-beneficiados","status":"publish","type":"post","link":"http:\/\/www.grieta.org.mx\/index.php\/2015\/03\/05\/aprueban-ley-que-privatiza-el-suministro-de-agua-grupo-higa-uno-de-los-primeros-beneficiados\/","title":{"rendered":"Aprueban Ley que privatiza el suministro de agua; Grupo Higa, uno de los primeros beneficiados"},"content":{"rendered":"<p>El Sol de Nayarit<\/p>\n<p>Redacci\u00f3n. Las comisiones unidas de Recursos Hidr\u00e1ulicos y Agua Potable y Alcantarillado aprobaron con 31 votos de los diputados de los partidos Revolucionario Institucional (PRI), Acci\u00f3n Nacional (PAN) y Verde Ecologista de M\u00e9xico (PVEM), un dictamen que nunca fue consensuado con las organizaciones de la sociedad civil, el de la Ley General de Aguas.<\/p>\n<p>Los legisladores de PRI, PAN y PVEM aprobaron en comisiones el dictamen de la Ley General de Aguas, que privatiza el suministro y construcci\u00f3n de infraestructura de agua en todo el pa\u00eds y que incluso declara \u201cde inter\u00e9s p\u00fablico\u201d la participaci\u00f3n de concesionarios y entes privados que prestar\u00e1n el servicio p\u00fablico, adem\u00e1s de regular el uso del l\u00edquido para la fractura hidr\u00e1ulica (fracking).<\/p>\n<p>Tambi\u00e9n ampara en la misma forma al trasvase de una cuenca a otra, como ya ocurre con el proyecto Monterrey-VI para llevar agua de Veracruz a la capital de Nuevo Le\u00f3n, una obra entregada al Grupo Higa y otras empresas, asunto que ha causado una viva reacci\u00f3n de rechazo popular y empresaria.<\/p>\n<p>El dictamen por el cual se crea la nueva Ley General de Aguas favorece a empresas particulares en detrimento del derecho humano al agua potable, entre ellas a Grupo Higa, la empresa de Juan Armando Hinojosa Cant\u00fa, la misma que se ha visto beneficiada en m\u00faltiples ocasiones con contratos para construir obra del Gobierno federal, afirmaron diputados de oposici\u00f3n.<\/p>\n<p>La izquierda se opuso a la aprobaci\u00f3n de este nueva ley, Los diputados Manuel Huerta (Morena), V\u00edctor Manuel Bautista y Javier Orihuela, ambos del PRD, cuestionaron que el presidente de la Comisi\u00f3n de Agua potable, Kamel Athi\u00e9 (PRI), envi\u00f3 el proyecto de dictamen durante la madrugada y la ma\u00f1ana de este mi\u00e9rcoles y le pidieron excusarse de la aprobaci\u00f3n del documento, ante el probable conflicto de intereses personales que podr\u00edan enfrentar.<\/p>\n<p>Manuel Huerta sostuvo que la prisa por avalar la iniciativa ten\u00eda por objeto legalizar el trasvase del proyecto Acueducto Monterrey-VI, \u201cdonde las empresas del Grupo Higa participan con casi 60 por ciento del contrato para un acueducto en el que por primera vez un grupo privado participa de manera directa en el uso de una cuenca para el suministro de agua potable\u201d que tendr\u00e1 un costo de m\u00e1s de 45 mil millones de pesos.<\/p>\n<p>Aunque en el texto aprobado nunca se menciona la frase \u201cprivatizaci\u00f3n del agua\u201d y sus defensores argumentan que no se toca el art\u00edculo 27 constitucional por lo que es imposible hablar de privatizaci\u00f3n de este bien nacional, lo cierto es que la nueva ley permite la participaci\u00f3n de la iniciativa privada mediante concesiones \u201cpara la explotaci\u00f3n, uso o aprovechamiento de zonas federales y dem\u00e1s bienes p\u00fablicos inherentes\u201d, seg\u00fan el art\u00edculo 88 fracci\u00f3n tercera.<\/p>\n<p>Con informaci\u00f3n de La Jornada y sin embargo.<\/p>\n<p><a href=\"http:\/\/www.elsoldenayarit.mx\/politica\/33103-aprueban-ley-que-privatiza-el-suministro-de-agua-grupo-higa-uno-de-los-primeros-beneficiados\" target=\"_blank\">www.elsoldenayarit.mx\/politica\/33103-aprueban-ley-que-privatiza-el-suministro-de-agua-grupo-higa-uno-de-los-primeros-beneficiados<\/a><\/p>\n","protected":false},"excerpt":{"rendered":"<p>El Sol de Nayarit Redacci\u00f3n. Las comisiones unidas de Recursos Hidr\u00e1ulicos y Agua Potable y Alcantarillado aprobaron con 31 votos de los diputados de los partidos Revolucionario Institucional (PRI), Acci\u00f3n &hellip; <a href=\"http:\/\/www.grieta.org.mx\/index.php\/2015\/03\/05\/aprueban-ley-que-privatiza-el-suministro-de-agua-grupo-higa-uno-de-los-primeros-beneficiados\/\" class=\"more-link\">Leer m\u00e1s<\/a><\/p>\n","protected":false},"author":2,"featured_media":21928,"comment_status":"closed","ping_status":"open","sticky":false,"template":"","format":"standard","meta":{"ngg_post_thumbnail":0,"_jetpack_newsletter_access":"","_jetpack_dont_email_post_to_subs":false,"_jetpack_newsletter_tier_id":0,"_jetpack_memberships_contains_paywalled_content":false,"_jetpack_memberships_contains_paid_content":false,"footnotes":""},"categories":[80,202,38],"tags":[365,358],"class_list":["post-4746","post","type-post","status-publish","format-standard","has-post-thumbnail","hentry","category-cintillo","category-nuevo-leon","category-proyectos-hidricos","tag-ley-de-aguas","tag-monterrey-vi","entry"],"jetpack_featured_media_url":"http:\/\/www.grieta.org.mx\/wp-content\/uploads\/2018\/03\/14524434_1106112876131411_958039263622046936_o.jpg","jetpack_sharing_enabled":true,"jetpack_shortlink":"https:\/\/wp.me\/p7ZJR4-1ey","jetpack_likes_enabled":false,"jetpack-related-posts":[{"id":4735,"url":"http:\/\/www.grieta.org.mx\/index.php\/2015\/03\/10\/frenan-ley-de-aguas\/","url_meta":{"origin":4746,"position":0},"title":"Frenan Ley de Aguas","author":"grieta","date":"10 marzo, 2015","format":false,"excerpt":"No a Monterrey VI M\u00c9XICO.\u2013 La Ley General de Aguas se evapor\u00f3\u2026 por lo pronto. La Junta de Coordinaci\u00f3n Pol\u00edtica de la C\u00e1mara de Diputados fren\u00f3 el proceso de aprobaci\u00f3n de esta pol\u00e9mica ley que estaba programada para votarse hoy en el pleno. La semana pasada, cuando en comisiones unidas\u2026","rel":"","context":"En &quot;CINTILLO&quot;","block_context":{"text":"CINTILLO","link":"http:\/\/www.grieta.org.mx\/index.php\/category\/cintillo\/"},"img":{"alt_text":"","src":"https:\/\/i0.wp.com\/www.grieta.org.mx\/wp-content\/uploads\/2018\/03\/14524434_1106112876131411_958039263622046936_o.jpg?resize=350%2C200","width":350,"height":200,"srcset":"https:\/\/i0.wp.com\/www.grieta.org.mx\/wp-content\/uploads\/2018\/03\/14524434_1106112876131411_958039263622046936_o.jpg?resize=350%2C200 1x, https:\/\/i0.wp.com\/www.grieta.org.mx\/wp-content\/uploads\/2018\/03\/14524434_1106112876131411_958039263622046936_o.jpg?resize=525%2C300 1.5x, https:\/\/i0.wp.com\/www.grieta.org.mx\/wp-content\/uploads\/2018\/03\/14524434_1106112876131411_958039263622046936_o.jpg?resize=700%2C400 2x"},"classes":[]},{"id":4741,"url":"http:\/\/www.grieta.org.mx\/index.php\/2015\/03\/08\/beneficia-a-mty-vi-nueva-ley-de-aguas\/","url_meta":{"origin":4746,"position":1},"title":"Beneficia a Mty VI nueva Ley de Aguas","author":"grieta","date":"8 marzo, 2015","format":false,"excerpt":"No a Monterrey VI Mayolo L\u00f3pez M\u00c9XICO.- Con la oposici\u00f3n y protesta de la izquierda, el dictamen que expide la Ley General de Aguas fue aprobado en comisiones en la C\u00e1mara baja y algunos Diputados advirtieron que la legislaci\u00f3n beneficiar\u00e1 al Grupo Higa, ligado con el Proyecto de Monterrey VI.\u2026","rel":"","context":"En &quot;CINTILLO&quot;","block_context":{"text":"CINTILLO","link":"http:\/\/www.grieta.org.mx\/index.php\/category\/cintillo\/"},"img":{"alt_text":"","src":"https:\/\/i0.wp.com\/www.grieta.org.mx\/wp-content\/uploads\/2018\/03\/14524434_1106112876131411_958039263622046936_o.jpg?resize=350%2C200","width":350,"height":200,"srcset":"https:\/\/i0.wp.com\/www.grieta.org.mx\/wp-content\/uploads\/2018\/03\/14524434_1106112876131411_958039263622046936_o.jpg?resize=350%2C200 1x, https:\/\/i0.wp.com\/www.grieta.org.mx\/wp-content\/uploads\/2018\/03\/14524434_1106112876131411_958039263622046936_o.jpg?resize=525%2C300 1.5x, https:\/\/i0.wp.com\/www.grieta.org.mx\/wp-content\/uploads\/2018\/03\/14524434_1106112876131411_958039263622046936_o.jpg?resize=700%2C400 2x"},"classes":[]},{"id":7595,"url":"http:\/\/www.grieta.org.mx\/index.php\/2015\/03\/09\/busca-gobierno-que-empresarios-exploten-el-agua\/","url_meta":{"origin":4746,"position":2},"title":"Busca gobierno que empresarios exploten el agua (Tlaxcala)","author":"grieta","date":"9 marzo, 2015","format":false,"excerpt":"e-consulta El porcentaje en que la iniciativa privada participar\u00e1 en los proyectos de infraestructura, explotaci\u00f3n, distribuci\u00f3n, facturaci\u00f3n y cobro de agua potable al usuario final ser\u00e1 decidido por la Comisi\u00f3n Nacional del Agua (Conagua), como se define en el dictamen de la Ley General de Aguas promovido por el gobierno\u2026","rel":"","context":"En &quot;CINTILLO&quot;","block_context":{"text":"CINTILLO","link":"http:\/\/www.grieta.org.mx\/index.php\/category\/cintillo\/"},"img":{"alt_text":"","src":"https:\/\/i0.wp.com\/www.grieta.org.mx\/wp-content\/uploads\/2018\/03\/14524434_1106112876131411_958039263622046936_o.jpg?resize=350%2C200","width":350,"height":200,"srcset":"https:\/\/i0.wp.com\/www.grieta.org.mx\/wp-content\/uploads\/2018\/03\/14524434_1106112876131411_958039263622046936_o.jpg?resize=350%2C200 1x, https:\/\/i0.wp.com\/www.grieta.org.mx\/wp-content\/uploads\/2018\/03\/14524434_1106112876131411_958039263622046936_o.jpg?resize=525%2C300 1.5x, https:\/\/i0.wp.com\/www.grieta.org.mx\/wp-content\/uploads\/2018\/03\/14524434_1106112876131411_958039263622046936_o.jpg?resize=700%2C400 2x"},"classes":[]},{"id":51626,"url":"http:\/\/www.grieta.org.mx\/index.php\/2020\/07\/05\/reforma-ambiental-de-silvano-aureoles-privatiza-areas-naturales-protegidas-michoacan\/","url_meta":{"origin":4746,"position":3},"title":"Reforma ambiental de Silvano Aureoles \u00abprivatiza\u00bb \u00e1reas naturales protegidas (Michoac\u00e1n)","author":"grieta","date":"5 julio, 2020","format":false,"excerpt":"Ireri Pi\u00f1a \/Contramuro, Michoac\u00e1n ntegrantes de diversas asociaciones de protecci\u00f3n al medio ambiente, aseguran que facilita el cambio de uso de suelo de las tierras que actualmente est\u00e1n protegidas Morelia, Michoac\u00e1n.- La \u201cLey para la Conservaci\u00f3n y Sustentabilidad Ambiental del Estado de Michoac\u00e1n de Ocampo\u201d, es un retroceso en el\u2026","rel":"","context":"En &quot;CINTILLO&quot;","block_context":{"text":"CINTILLO","link":"http:\/\/www.grieta.org.mx\/index.php\/category\/cintillo\/"},"img":{"alt_text":"","src":"https:\/\/i0.wp.com\/www.grieta.org.mx\/wp-content\/uploads\/2020\/07\/bosque.jpg?resize=350%2C200","width":350,"height":200,"srcset":"https:\/\/i0.wp.com\/www.grieta.org.mx\/wp-content\/uploads\/2020\/07\/bosque.jpg?resize=350%2C200 1x, https:\/\/i0.wp.com\/www.grieta.org.mx\/wp-content\/uploads\/2020\/07\/bosque.jpg?resize=525%2C300 1.5x, https:\/\/i0.wp.com\/www.grieta.org.mx\/wp-content\/uploads\/2020\/07\/bosque.jpg?resize=700%2C400 2x"},"classes":[]},{"id":4889,"url":"http:\/\/www.grieta.org.mx\/index.php\/2015\/03\/10\/alienta-ley-de-aguas-el-fracking-acusan\/","url_meta":{"origin":4746,"position":4},"title":"Alienta Ley de Aguas el \u2018fracking\u2019, acusan","author":"grieta","date":"10 marzo, 2015","format":false,"excerpt":"No a Monterrey VI M\u00c9XICO.- La Ley General de Aguas se convertir\u00e1 en el brazo ejecutor de la reforma energ\u00e9tica, pues alienta la pr\u00e1ctica del \u201cfracking\u201d para extraer gas shale, advirtieron ambientalistas. Adem\u00e1s, expusieron, permite que particulares puedan intervenir en el trasvase de grandes obras hidr\u00e1ulicas. En conferencia, representantes de\u2026","rel":"","context":"En &quot;CINTILLO&quot;","block_context":{"text":"CINTILLO","link":"http:\/\/www.grieta.org.mx\/index.php\/category\/cintillo\/"},"img":{"alt_text":"","src":"https:\/\/i0.wp.com\/www.grieta.org.mx\/wp-content\/uploads\/2018\/03\/14524434_1106112876131411_958039263622046936_o.jpg?resize=350%2C200","width":350,"height":200,"srcset":"https:\/\/i0.wp.com\/www.grieta.org.mx\/wp-content\/uploads\/2018\/03\/14524434_1106112876131411_958039263622046936_o.jpg?resize=350%2C200 1x, https:\/\/i0.wp.com\/www.grieta.org.mx\/wp-content\/uploads\/2018\/03\/14524434_1106112876131411_958039263622046936_o.jpg?resize=525%2C300 1.5x, https:\/\/i0.wp.com\/www.grieta.org.mx\/wp-content\/uploads\/2018\/03\/14524434_1106112876131411_958039263622046936_o.jpg?resize=700%2C400 2x"},"classes":[]},{"id":4291,"url":"http:\/\/www.grieta.org.mx\/index.php\/2014\/08\/04\/pena-y-el-fracking-de-la-reforma-en-tamaulipas\/","url_meta":{"origin":4746,"position":5},"title":"Pe\u00f1a y el \u201cFracking\u201d de la Reforma en Tamaulipas","author":"grieta","date":"4 agosto, 2014","format":false,"excerpt":"Hoy Tamaulipas Por: Jorge Hiram Hdz Y el punto de quiebre ser\u00e1 en Tamaulipas. Estado que tiene capacidad energ\u00e9tica en el 60 por ciento de su territorio y que concentra el 40 por ciento de la capacidad de extracci\u00f3n de petr\u00f3leo y gas de M\u00e9xico en los siguientes a\u00f1os, que\u2026","rel":"","context":"En &quot;CINTILLO&quot;","block_context":{"text":"CINTILLO","link":"http:\/\/www.grieta.org.mx\/index.php\/category\/cintillo\/"},"img":{"alt_text":"","src":"https:\/\/i0.wp.com\/www.grieta.org.mx\/wp-content\/uploads\/2018\/03\/14524434_1106112876131411_958039263622046936_o.jpg?resize=350%2C200","width":350,"height":200,"srcset":"https:\/\/i0.wp.com\/www.grieta.org.mx\/wp-content\/uploads\/2018\/03\/14524434_1106112876131411_958039263622046936_o.jpg?resize=350%2C200 1x, https:\/\/i0.wp.com\/www.grieta.org.mx\/wp-content\/uploads\/2018\/03\/14524434_1106112876131411_958039263622046936_o.jpg?resize=525%2C300 1.5x, https:\/\/i0.wp.com\/www.grieta.org.mx\/wp-content\/uploads\/2018\/03\/14524434_1106112876131411_958039263622046936_o.jpg?resize=700%2C400 2x"},"classes":[]}],"_links":{"self":[{"href":"http:\/\/www.grieta.org.mx\/index.php\/wp-json\/wp\/v2\/posts\/4746","targetHints":{"allow":["GET"]}}],"collection":[{"href":"http:\/\/www.grieta.org.mx\/index.php\/wp-json\/wp\/v2\/posts"}],"about":[{"href":"http:\/\/www.grieta.org.mx\/index.php\/wp-json\/wp\/v2\/types\/post"}],"author":[{"embeddable":true,"href":"http:\/\/www.grieta.org.mx\/index.php\/wp-json\/wp\/v2\/users\/2"}],"replies":[{"embeddable":true,"href":"http:\/\/www.grieta.org.mx\/index.php\/wp-json\/wp\/v2\/comments?post=4746"}],"version-history":[{"count":1,"href":"http:\/\/www.grieta.org.mx\/index.php\/wp-json\/wp\/v2\/posts\/4746\/revisions"}],"predecessor-version":[{"id":4753,"href":"http:\/\/www.grieta.org.mx\/index.php\/wp-json\/wp\/v2\/posts\/4746\/revisions\/4753"}],"wp:featuredmedia":[{"embeddable":true,"href":"http:\/\/www.grieta.org.mx\/index.php\/wp-json\/wp\/v2\/media\/21928"}],"wp:attachment":[{"href":"http:\/\/www.grieta.org.mx\/index.php\/wp-json\/wp\/v2\/media?parent=4746"}],"wp:term":[{"taxonomy":"category","embeddable":true,"href":"http:\/\/www.grieta.org.mx\/index.php\/wp-json\/wp\/v2\/categories?post=4746"},{"taxonomy":"post_tag","embeddable":true,"href":"http:\/\/www.grieta.org.mx\/index.php\/wp-json\/wp\/v2\/tags?post=4746"}],"curies":[{"name":"wp","href":"https:\/\/api.w.org\/{rel}","templated":true}]}}