{"id":4743,"date":"2016-03-06T18:12:11","date_gmt":"2016-03-06T18:12:11","guid":{"rendered":"http:\/\/50.22.11.12\/~grietaor\/?p=4743"},"modified":"2016-03-25T18:14:47","modified_gmt":"2016-03-25T18:14:47","slug":"lo-que-busca-la-ley-de-aguas-de-korenfeld-en-10-puntos","status":"publish","type":"post","link":"http:\/\/www.grieta.org.mx\/index.php\/2016\/03\/06\/lo-que-busca-la-ley-de-aguas-de-korenfeld-en-10-puntos\/","title":{"rendered":"Lo que busca la Ley de Aguas de Korenfeld en 10 puntos"},"content":{"rendered":"<p>No a Monterrey VI<\/p>\n<p>1. Poder tomar decisiones a espaldas de la ciudadan\u00eda, y ejecutarlas con la fuerza p\u00fablica.<br \/>\nSolo los concesionarios tendr\u00edan voz y voto en los Consejos de Cuenca (Art. 55-57). Los presidentes municipales, el Jefe de Gobierno y las corporaciones extranjeras seguir\u00edan controlando los sistemas de agua y saneamiento (65 II). La autoridad del agua podr\u00e1 solicitar el auxilio de la fuerza p\u00fablica para hacer cumplir con sus determinaciones (263).<\/p>\n<p>2. Privatizar el agua v\u00eda la concesi\u00f3n de grandes obras hidr\u00e1ulicas, y de sistemas municipales.<br \/>\nSe concesionar\u00eda megaobras hidr\u00e1ulicas (129, 232) en torno a grandes ciudades: Monterrey VI, Acueducto Independencia, Zapotillo\/Le\u00f3n, Cutzamala IV, Paso Ancho\/Oaxaca, Chapultepec\/Acapulco (72 V, 116); pozos ultraprofundos (191), desalinizadores (9 X). Se promover\u00e1 la privatizaci\u00f3n de los sistemas municipales de agua y saneamiento. (80, 81).<\/p>\n<p>3. Sobreexplotar cuencas y acu\u00edferos y despojar pueblos ind\u00edgenas y campesinas para dar agua a grandes corporaciones.<br \/>\nLas concesiones a aguas nacionales seguir\u00edan siendo otorgadas por la Conagua por 5-30 a\u00f1os, prorrogables, heredables y sujetas a din\u00e1micas de compra-venta; en violaci\u00f3n de sus propios estudios de disponibilidad, a pesar de afectaciones a ecosistemas y terceros (88-112). Al rentar sus parcelas los comuneros o ejidatarios ceder\u00edan sus derechos al agua. (160) Al pasar al dominio pleno, tendr\u00edan que solicitar concesi\u00f3n (161). Los sistemas comunitarios de agua ser\u00edan municipalizados o concesionados (65). La Conagua manejar\u00eda \u201cbancos de agua\u201d para \u201cproyectos estrat\u00e9gicos\u201d. (113).<\/p>\n<p>4. Definir el \u201cderecho humano al agua\u201d como la lucha para acceder a 50 litros de agua por d\u00eda.<br \/>\nLa \u00fanica obligaci\u00f3n de la autoridad ser\u00eda garantizar 50 litros diarios a los habitantes en asentamientos humanos. (49).<\/p>\n<p>5. Garantizar la recuperaci\u00f3n de inversiones a trav\u00e9s de tarifas blindadas ante la presi\u00f3n social.<br \/>\nLas tarifas cobradas a los usuarios finales ser\u00edan fijadas por convenio con la Conagua como condici\u00f3n para acceso a fondos federales, y tendr\u00e1n que cubrir la recuperaci\u00f3n de las inversiones y costos de los inversionistas. (250, 256, 257, 258) Los gobiernos tendr\u00edan que subsidiar las tarifas cobradas a poblaciones vulnerables (240).<\/p>\n<p>6. Asegurar agua para el uso minero y el fracking.<br \/>\nEl uso minero no requerir\u00e1 de concesi\u00f3n (191). La fracturaci\u00f3n hidr\u00e1ulica cabr\u00eda dentro de la definici\u00f3n de uso industrial (\u201cagua para la extracci\u00f3n de cualquier sustancia\u201d). (10, LVI).<\/p>\n<p>7.Seguir ofreciendo impunidad a contaminadores.<br \/>\n\u201cEl Estado promover\u00e1 la participaci\u00f3n voluntaria en esquemas de auditor\u00eda y evaluaci\u00f3n en el sector h\u00eddrico para cuantificar el cumplimiento de la normatividad\u2026\u201d. (39).<\/p>\n<p>8. Evadir responsabilidades por la mala calidad del \u201cagua potable\u201d.<br \/>\nLos prestadores de servicios podr\u00edan obtener una certificaci\u00f3n en materia de calidad del agua. (35) (193 VI, 211).<\/p>\n<p>9. Desentenderse frente a desastres.<br \/>\nEn caso de emergencias hidrometeorol\u00f3gicas, el gobierno impulsar\u00e1 el \u201cautocuidado y autoprotecci\u00f3n\u201d. La poblaci\u00f3n debe tomar medidas para contar con agua, y adoptar previsiones para disminuir da\u00f1os a su persona, bienes y entorno. (225).<\/p>\n<p>10 Prohibir el estudio de la situaci\u00f3n real del agua.<br \/>\nLa realizaci\u00f3n de obras de exploraci\u00f3n, estudio, monitoreo y remediaci\u00f3n sin contar con el permiso de la Conagua (262 XXVI) ser\u00e1 considerada falta grave, con sanci\u00f3n de 1000 a 50,000 d\u00edas de salario m\u00ednimo (269, 270).<\/p>\n<p>Ay\u00fadanos a construir el Buen Gobierno del Agua<\/p>\n<p>1. Corre la voz y manifi\u00e9state\u2014con volantes, tuits, Facebook, videos, foros, en escuelas, lecher\u00edas, ferias. \u00a1No pasar\u00e1 la Ley Korenfeld!<br \/>\n2. Conoce la Propuesta Ciudadana en: www.aguaparatodos.org.mx<br \/>\n3. J\u00fantate con tus vecin@s para formar un Comit\u00e9 del Agua\u2014y haz recorridos para conocer de d\u00f3nde viene su agua, qu\u00e9 calidad tiene, c\u00f3mo se almacena y se distribuye. Env\u00eda fotos y textos de lo que encuentres por celular al mapa nacional v\u00eda \u201cagua.org.mx app\u201d, y cons\u00faltalo para conocer tu cuenca y conectarte con m\u00e1s vecin@s.<br \/>\n4. Si tu sistema de agua est\u00e1 en manos de tu comunidad \u00a1Participa y defi\u00e9ndelo!<br \/>\n5. Empieza desde ahora a captar agua de lluvia, reciclar, reforestar.<br \/>\n6. Apoya las luchas frente a trasvases, presas, la Miner\u00eda t\u00f3xica, el fracking, la privatizaci\u00f3n de sistemas municipales o metropolitanos, las megaobras (como aeropuerto Texcoco) en cuencas con estr\u00e9s h\u00eddrico.<br \/>\n7. Buscamos la liberaci\u00f3n de l@s pres@s, y honremos a los que han dado sus vidas defendiendo el agua.<br \/>\nPARTICIPA EN ACCIONES DE CONTRALOR\u00cdA SOCIAL DEL AGUA FRENTE A OFICINAS LOCALES Y NACIONALES DE LA CONAGUA EL DOMINGO 22 DE MARZO<\/p>\n<p>\u00a1Agua para la vida, no para el lucro!<\/p>\n<p><a href=\"http:\/\/noamonterreyvi.com\/2015\/03\/06\/lo-que-busca-la-ley-de-aguas-de-korenfeld-en-10-puntos\/\" target=\"_blank\">noamonterreyvi.com\/2015\/03\/06\/lo-que-busca-la-ley-de-aguas-de-korenfeld-en-10-puntos\/<\/a><\/p>\n","protected":false},"excerpt":{"rendered":"<p>No a Monterrey VI 1. Poder tomar decisiones a espaldas de la ciudadan\u00eda, y ejecutarlas con la fuerza p\u00fablica. Solo los concesionarios tendr\u00edan voz y voto en los Consejos de &hellip; <a href=\"http:\/\/www.grieta.org.mx\/index.php\/2016\/03\/06\/lo-que-busca-la-ley-de-aguas-de-korenfeld-en-10-puntos\/\" class=\"more-link\">Leer m\u00e1s<\/a><\/p>\n","protected":false},"author":2,"featured_media":21928,"comment_status":"closed","ping_status":"open","sticky":false,"template":"","format":"standard","meta":{"ngg_post_thumbnail":0,"_jetpack_newsletter_access":"","_jetpack_dont_email_post_to_subs":false,"_jetpack_newsletter_tier_id":0,"_jetpack_memberships_contains_paywalled_content":false,"_jetpack_memberships_contains_paid_content":false,"footnotes":""},"categories":[80,202,38],"tags":[365,358],"class_list":["post-4743","post","type-post","status-publish","format-standard","has-post-thumbnail","hentry","category-cintillo","category-nuevo-leon","category-proyectos-hidricos","tag-ley-de-aguas","tag-monterrey-vi","entry"],"jetpack_featured_media_url":"http:\/\/www.grieta.org.mx\/wp-content\/uploads\/2018\/03\/14524434_1106112876131411_958039263622046936_o.jpg","jetpack_sharing_enabled":true,"jetpack_shortlink":"https:\/\/wp.me\/p7ZJR4-1ev","jetpack_likes_enabled":false,"jetpack-related-posts":[{"id":4530,"url":"http:\/\/www.grieta.org.mx\/index.php\/2016\/09\/14\/proyecto-hidraulico-monterrey-vi\/","url_meta":{"origin":4743,"position":0},"title":"Proyecto Hidr\u00e1ulico Monterrey VI","author":"grieta","date":"14 septiembre, 2016","format":false,"excerpt":"13\/09\/16. Admite gobernador acuerdo con EPN sobre Monterrey VI'Milenio Monterrey 14\/08\/16. Proyecto de acueducto en Monterrey 'sigue vivo'El Economista 07\/07\/16. Exigen revisar alternativas a proyecto Monterrey VI Milenio Monterrey 18\/06\/16. Monterrey VI da\u00f1ar\u00eda a sectores productivos Milenio Tamaulipas 21\/05\/16. Planta gobernador a inconformes con Monterrey VI Milenio Monterrey 16\/05\/16. En\u2026","rel":"","context":"En &quot;NOTICIAS NACIONALES&quot;","block_context":{"text":"NOTICIAS NACIONALES","link":"http:\/\/www.grieta.org.mx\/index.php\/category\/noticias-nacionales\/"},"img":{"alt_text":"","src":"https:\/\/i0.wp.com\/www.grieta.org.mx\/wp-content\/uploads\/2018\/03\/14524434_1106112876131411_958039263622046936_o.jpg?resize=350%2C200","width":350,"height":200,"srcset":"https:\/\/i0.wp.com\/www.grieta.org.mx\/wp-content\/uploads\/2018\/03\/14524434_1106112876131411_958039263622046936_o.jpg?resize=350%2C200 1x, https:\/\/i0.wp.com\/www.grieta.org.mx\/wp-content\/uploads\/2018\/03\/14524434_1106112876131411_958039263622046936_o.jpg?resize=525%2C300 1.5x, https:\/\/i0.wp.com\/www.grieta.org.mx\/wp-content\/uploads\/2018\/03\/14524434_1106112876131411_958039263622046936_o.jpg?resize=700%2C400 2x"},"classes":[]},{"id":4889,"url":"http:\/\/www.grieta.org.mx\/index.php\/2015\/03\/10\/alienta-ley-de-aguas-el-fracking-acusan\/","url_meta":{"origin":4743,"position":1},"title":"Alienta Ley de Aguas el \u2018fracking\u2019, acusan","author":"grieta","date":"10 marzo, 2015","format":false,"excerpt":"No a Monterrey VI M\u00c9XICO.- La Ley General de Aguas se convertir\u00e1 en el brazo ejecutor de la reforma energ\u00e9tica, pues alienta la pr\u00e1ctica del \u201cfracking\u201d para extraer gas shale, advirtieron ambientalistas. Adem\u00e1s, expusieron, permite que particulares puedan intervenir en el trasvase de grandes obras hidr\u00e1ulicas. En conferencia, representantes de\u2026","rel":"","context":"En &quot;CINTILLO&quot;","block_context":{"text":"CINTILLO","link":"http:\/\/www.grieta.org.mx\/index.php\/category\/cintillo\/"},"img":{"alt_text":"","src":"https:\/\/i0.wp.com\/www.grieta.org.mx\/wp-content\/uploads\/2018\/03\/14524434_1106112876131411_958039263622046936_o.jpg?resize=350%2C200","width":350,"height":200,"srcset":"https:\/\/i0.wp.com\/www.grieta.org.mx\/wp-content\/uploads\/2018\/03\/14524434_1106112876131411_958039263622046936_o.jpg?resize=350%2C200 1x, https:\/\/i0.wp.com\/www.grieta.org.mx\/wp-content\/uploads\/2018\/03\/14524434_1106112876131411_958039263622046936_o.jpg?resize=525%2C300 1.5x, https:\/\/i0.wp.com\/www.grieta.org.mx\/wp-content\/uploads\/2018\/03\/14524434_1106112876131411_958039263622046936_o.jpg?resize=700%2C400 2x"},"classes":[]},{"id":4547,"url":"http:\/\/www.grieta.org.mx\/index.php\/2015\/08\/19\/monterrey-vi-en-compas-%e2%80%a8de-espera\/","url_meta":{"origin":4743,"position":2},"title":"Monterrey VI, en comp\u00e1s ?de espera","author":"grieta","date":"19 agosto, 2015","format":false,"excerpt":"El Economista Una segunda opci\u00f3n para traer agua a la zona metropolitana, coment\u00f3 Jaime Rodr\u00edguez, es a trav\u00e9s de un segundo acueducto desde la presa El Cuchillo hasta la ciudad de Monterrey. El inconveniente, coment\u00f3, es que se tienen que comprar los derechos del agua. LOURDES FLORES Monterrey, NL. El\u2026","rel":"","context":"En &quot;CINTILLO&quot;","block_context":{"text":"CINTILLO","link":"http:\/\/www.grieta.org.mx\/index.php\/category\/cintillo\/"},"img":{"alt_text":"","src":"https:\/\/i0.wp.com\/www.grieta.org.mx\/wp-content\/uploads\/2018\/03\/14524434_1106112876131411_958039263622046936_o.jpg?resize=350%2C200","width":350,"height":200,"srcset":"https:\/\/i0.wp.com\/www.grieta.org.mx\/wp-content\/uploads\/2018\/03\/14524434_1106112876131411_958039263622046936_o.jpg?resize=350%2C200 1x, https:\/\/i0.wp.com\/www.grieta.org.mx\/wp-content\/uploads\/2018\/03\/14524434_1106112876131411_958039263622046936_o.jpg?resize=525%2C300 1.5x, https:\/\/i0.wp.com\/www.grieta.org.mx\/wp-content\/uploads\/2018\/03\/14524434_1106112876131411_958039263622046936_o.jpg?resize=700%2C400 2x"},"classes":[]},{"id":4784,"url":"http:\/\/www.grieta.org.mx\/index.php\/2015\/02\/08\/ciudadanos-demandan-cancelar-proyecto-hidraulico-monterrey-vi\/","url_meta":{"origin":4743,"position":3},"title":"Ciudadanos demandan cancelar proyecto hidr\u00e1ulico Monterrey VI","author":"grieta","date":"8 febrero, 2015","format":false,"excerpt":"La Jornada Por Erick Mu\u00f1iz Monterrey, N.L. M\u00e1s de 300 ciudadanos e integrantes de organismos no gubernamentales (Ongs) se manifestaron esta ma\u00f1ana frente al palacio de gobierno, en la explanada de Los H\u00e9roes, para exigir la cancelaci\u00f3n del proyecto hidr\u00e1ulico Monterrey VI, a cargo de constructoras encabezadas por el Grupo\u2026","rel":"","context":"En &quot;CINTILLO&quot;","block_context":{"text":"CINTILLO","link":"http:\/\/www.grieta.org.mx\/index.php\/category\/cintillo\/"},"img":{"alt_text":"","src":"https:\/\/i0.wp.com\/www.grieta.org.mx\/wp-content\/uploads\/2018\/03\/14524434_1106112876131411_958039263622046936_o.jpg?resize=350%2C200","width":350,"height":200,"srcset":"https:\/\/i0.wp.com\/www.grieta.org.mx\/wp-content\/uploads\/2018\/03\/14524434_1106112876131411_958039263622046936_o.jpg?resize=350%2C200 1x, https:\/\/i0.wp.com\/www.grieta.org.mx\/wp-content\/uploads\/2018\/03\/14524434_1106112876131411_958039263622046936_o.jpg?resize=525%2C300 1.5x, https:\/\/i0.wp.com\/www.grieta.org.mx\/wp-content\/uploads\/2018\/03\/14524434_1106112876131411_958039263622046936_o.jpg?resize=700%2C400 2x"},"classes":[]},{"id":4741,"url":"http:\/\/www.grieta.org.mx\/index.php\/2015\/03\/08\/beneficia-a-mty-vi-nueva-ley-de-aguas\/","url_meta":{"origin":4743,"position":4},"title":"Beneficia a Mty VI nueva Ley de Aguas","author":"grieta","date":"8 marzo, 2015","format":false,"excerpt":"No a Monterrey VI Mayolo L\u00f3pez M\u00c9XICO.- Con la oposici\u00f3n y protesta de la izquierda, el dictamen que expide la Ley General de Aguas fue aprobado en comisiones en la C\u00e1mara baja y algunos Diputados advirtieron que la legislaci\u00f3n beneficiar\u00e1 al Grupo Higa, ligado con el Proyecto de Monterrey VI.\u2026","rel":"","context":"En &quot;CINTILLO&quot;","block_context":{"text":"CINTILLO","link":"http:\/\/www.grieta.org.mx\/index.php\/category\/cintillo\/"},"img":{"alt_text":"","src":"https:\/\/i0.wp.com\/www.grieta.org.mx\/wp-content\/uploads\/2018\/03\/14524434_1106112876131411_958039263622046936_o.jpg?resize=350%2C200","width":350,"height":200,"srcset":"https:\/\/i0.wp.com\/www.grieta.org.mx\/wp-content\/uploads\/2018\/03\/14524434_1106112876131411_958039263622046936_o.jpg?resize=350%2C200 1x, https:\/\/i0.wp.com\/www.grieta.org.mx\/wp-content\/uploads\/2018\/03\/14524434_1106112876131411_958039263622046936_o.jpg?resize=525%2C300 1.5x, https:\/\/i0.wp.com\/www.grieta.org.mx\/wp-content\/uploads\/2018\/03\/14524434_1106112876131411_958039263622046936_o.jpg?resize=700%2C400 2x"},"classes":[]},{"id":4735,"url":"http:\/\/www.grieta.org.mx\/index.php\/2015\/03\/10\/frenan-ley-de-aguas\/","url_meta":{"origin":4743,"position":5},"title":"Frenan Ley de Aguas","author":"grieta","date":"10 marzo, 2015","format":false,"excerpt":"No a Monterrey VI M\u00c9XICO.\u2013 La Ley General de Aguas se evapor\u00f3\u2026 por lo pronto. La Junta de Coordinaci\u00f3n Pol\u00edtica de la C\u00e1mara de Diputados fren\u00f3 el proceso de aprobaci\u00f3n de esta pol\u00e9mica ley que estaba programada para votarse hoy en el pleno. La semana pasada, cuando en comisiones unidas\u2026","rel":"","context":"En &quot;CINTILLO&quot;","block_context":{"text":"CINTILLO","link":"http:\/\/www.grieta.org.mx\/index.php\/category\/cintillo\/"},"img":{"alt_text":"","src":"https:\/\/i0.wp.com\/www.grieta.org.mx\/wp-content\/uploads\/2018\/03\/14524434_1106112876131411_958039263622046936_o.jpg?resize=350%2C200","width":350,"height":200,"srcset":"https:\/\/i0.wp.com\/www.grieta.org.mx\/wp-content\/uploads\/2018\/03\/14524434_1106112876131411_958039263622046936_o.jpg?resize=350%2C200 1x, https:\/\/i0.wp.com\/www.grieta.org.mx\/wp-content\/uploads\/2018\/03\/14524434_1106112876131411_958039263622046936_o.jpg?resize=525%2C300 1.5x, https:\/\/i0.wp.com\/www.grieta.org.mx\/wp-content\/uploads\/2018\/03\/14524434_1106112876131411_958039263622046936_o.jpg?resize=700%2C400 2x"},"classes":[]}],"_links":{"self":[{"href":"http:\/\/www.grieta.org.mx\/index.php\/wp-json\/wp\/v2\/posts\/4743","targetHints":{"allow":["GET"]}}],"collection":[{"href":"http:\/\/www.grieta.org.mx\/index.php\/wp-json\/wp\/v2\/posts"}],"about":[{"href":"http:\/\/www.grieta.org.mx\/index.php\/wp-json\/wp\/v2\/types\/post"}],"author":[{"embeddable":true,"href":"http:\/\/www.grieta.org.mx\/index.php\/wp-json\/wp\/v2\/users\/2"}],"replies":[{"embeddable":true,"href":"http:\/\/www.grieta.org.mx\/index.php\/wp-json\/wp\/v2\/comments?post=4743"}],"version-history":[{"count":1,"href":"http:\/\/www.grieta.org.mx\/index.php\/wp-json\/wp\/v2\/posts\/4743\/revisions"}],"predecessor-version":[{"id":4745,"href":"http:\/\/www.grieta.org.mx\/index.php\/wp-json\/wp\/v2\/posts\/4743\/revisions\/4745"}],"wp:featuredmedia":[{"embeddable":true,"href":"http:\/\/www.grieta.org.mx\/index.php\/wp-json\/wp\/v2\/media\/21928"}],"wp:attachment":[{"href":"http:\/\/www.grieta.org.mx\/index.php\/wp-json\/wp\/v2\/media?parent=4743"}],"wp:term":[{"taxonomy":"category","embeddable":true,"href":"http:\/\/www.grieta.org.mx\/index.php\/wp-json\/wp\/v2\/categories?post=4743"},{"taxonomy":"post_tag","embeddable":true,"href":"http:\/\/www.grieta.org.mx\/index.php\/wp-json\/wp\/v2\/tags?post=4743"}],"curies":[{"name":"wp","href":"https:\/\/api.w.org\/{rel}","templated":true}]}}