{"id":47373,"date":"2020-03-31T01:02:34","date_gmt":"2020-03-31T07:02:34","guid":{"rendered":"http:\/\/www.grieta.org.mx\/?p=47373"},"modified":"2020-04-07T01:08:53","modified_gmt":"2020-04-07T06:08:53","slug":"exigen-un-alto-a-violencia-contra-periodistas-tras-asesinato-en-veracruz-video","status":"publish","type":"post","link":"http:\/\/www.grieta.org.mx\/index.php\/2020\/03\/31\/exigen-un-alto-a-violencia-contra-periodistas-tras-asesinato-en-veracruz-video\/","title":{"rendered":"Exigen un alto a violencia contra periodistas tras asesinato en Veracruz | Video"},"content":{"rendered":"<p><a href=\"http:\/\/www.grieta.org.mx\/wp-content\/uploads\/2020\/04\/Screenshot_2020-04-07-Exigen-un-alto-a-violencia-contra-periodistas-tras-asesinato-en-Veracruz-Video.png\"><img loading=\"lazy\" decoding=\"async\" data-attachment-id=\"47374\" data-permalink=\"http:\/\/www.grieta.org.mx\/index.php\/2020\/03\/31\/exigen-un-alto-a-violencia-contra-periodistas-tras-asesinato-en-veracruz-video\/screenshot_2020-04-07-exigen-un-alto-a-violencia-contra-periodistas-tras-asesinato-en-veracruz-video\/\" data-orig-file=\"http:\/\/www.grieta.org.mx\/wp-content\/uploads\/2020\/04\/Screenshot_2020-04-07-Exigen-un-alto-a-violencia-contra-periodistas-tras-asesinato-en-Veracruz-Video.png\" data-orig-size=\"625,285\" data-comments-opened=\"0\" data-image-meta=\"{&quot;aperture&quot;:&quot;0&quot;,&quot;credit&quot;:&quot;&quot;,&quot;camera&quot;:&quot;&quot;,&quot;caption&quot;:&quot;&quot;,&quot;created_timestamp&quot;:&quot;0&quot;,&quot;copyright&quot;:&quot;&quot;,&quot;focal_length&quot;:&quot;0&quot;,&quot;iso&quot;:&quot;0&quot;,&quot;shutter_speed&quot;:&quot;0&quot;,&quot;title&quot;:&quot;&quot;,&quot;orientation&quot;:&quot;0&quot;}\" data-image-title=\"Screenshot_2020-04-07 Exigen un alto a violencia contra periodistas tras asesinato en Veracruz Video\" data-image-description=\"\" data-image-caption=\"\" data-medium-file=\"http:\/\/www.grieta.org.mx\/wp-content\/uploads\/2020\/04\/Screenshot_2020-04-07-Exigen-un-alto-a-violencia-contra-periodistas-tras-asesinato-en-Veracruz-Video-300x137.png\" data-large-file=\"http:\/\/www.grieta.org.mx\/wp-content\/uploads\/2020\/04\/Screenshot_2020-04-07-Exigen-un-alto-a-violencia-contra-periodistas-tras-asesinato-en-Veracruz-Video.png\" class=\"aligncenter wp-image-47374\" src=\"http:\/\/www.grieta.org.mx\/wp-content\/uploads\/2020\/04\/Screenshot_2020-04-07-Exigen-un-alto-a-violencia-contra-periodistas-tras-asesinato-en-Veracruz-Video.png\" alt=\"\" width=\"720\" height=\"328\" srcset=\"http:\/\/www.grieta.org.mx\/wp-content\/uploads\/2020\/04\/Screenshot_2020-04-07-Exigen-un-alto-a-violencia-contra-periodistas-tras-asesinato-en-Veracruz-Video.png 625w, http:\/\/www.grieta.org.mx\/wp-content\/uploads\/2020\/04\/Screenshot_2020-04-07-Exigen-un-alto-a-violencia-contra-periodistas-tras-asesinato-en-Veracruz-Video-300x137.png 300w\" sizes=\"auto, (max-width: 720px) 100vw, 720px\" \/><\/a><\/p>\n<p>Redacci\u00f3n \/ Aristegui Noticias<\/p>\n<p>El periodista \u00c9dgar Escamilla informa que Mar\u00eda Elena Ferral ten\u00eda 30 a\u00f1os informando en los municipios de la zona totonaca, donde se dedic\u00f3 a la cobertura de las manifestaciones y exigencias que se registraban en la zona. Informa desde la protesta por el asesinato de la reportera que realizan colegas en Papantla para exigir justicia ante el crimen. <\/p>\n<div class=\"jetpack-video-wrapper\"><iframe loading=\"lazy\" title=\"Mar\u00eda Elena Ferral era el referente informativo en los municipios totonacas\" width=\"1170\" height=\"658\" src=\"https:\/\/www.youtube.com\/embed\/9K4JZUmhtR4?feature=oembed\" frameborder=\"0\" allow=\"accelerometer; autoplay; clipboard-write; encrypted-media; gyroscope; picture-in-picture\" allowfullscreen><\/iframe><\/div>\n<p><a href=\"https:\/\/m.aristeguinoticias.com\/3103\/mexico\/exigen-un-alto-a-violencia-contra-periodistas-tras-asesinato-en-veracruz-video\/\">https:\/\/m.aristeguinoticias.com\/3103\/mexico\/exigen-un-alto-a-violencia-contra-periodistas-tras-asesinato-en-veracruz-video\/<\/a><\/p>\n","protected":false},"excerpt":{"rendered":"<p>Redacci\u00f3n \/ Aristegui Noticias El periodista \u00c9dgar Escamilla informa que Mar\u00eda Elena Ferral ten\u00eda 30 a\u00f1os informando en los municipios de la zona totonaca, donde se dedic\u00f3 a la cobertura &hellip; <a href=\"http:\/\/www.grieta.org.mx\/index.php\/2020\/03\/31\/exigen-un-alto-a-violencia-contra-periodistas-tras-asesinato-en-veracruz-video\/\" class=\"more-link\">Leer m\u00e1s<\/a><\/p>\n","protected":false},"author":1,"featured_media":47374,"comment_status":"closed","ping_status":"closed","sticky":false,"template":"","format":"standard","meta":{"ngg_post_thumbnail":0,"_jetpack_newsletter_access":"","_jetpack_dont_email_post_to_subs":false,"_jetpack_newsletter_tier_id":0,"_jetpack_memberships_contains_paywalled_content":false,"_jetpack_memberships_contains_paid_content":false,"footnotes":""},"categories":[80,2,83,35,88,1221],"tags":[2262,1180],"class_list":["post-47373","post","type-post","status-publish","format-standard","has-post-thumbnail","hentry","category-cintillo","category-noticias-nacionales","category-temas-nacionales","category-veracruz","category-violencia-contra-periodistas","category-violencia-contra-periodistas-en-veracruz","tag-agresiones-contra-periodistas","tag-asesinato-de-periodistas","entry"],"jetpack_featured_media_url":"http:\/\/www.grieta.org.mx\/wp-content\/uploads\/2020\/04\/Screenshot_2020-04-07-Exigen-un-alto-a-violencia-contra-periodistas-tras-asesinato-en-Veracruz-Video.png","jetpack_sharing_enabled":true,"jetpack_shortlink":"https:\/\/wp.me\/p7ZJR4-ck5","jetpack_likes_enabled":false,"jetpack-related-posts":[{"id":6692,"url":"http:\/\/www.grieta.org.mx\/index.php\/2015\/08\/08\/violencia-contra-periodistas-en-aguascalientes\/","url_meta":{"origin":47373,"position":0},"title":"Violencia contra periodistas en Aguascalientes","author":"grieta","date":"8 agosto, 2015","format":false,"excerpt":"08\/08\/15. Periodistas en Aguascalientes exigen justicia a Osorio Chong por el asesinato de Rub\u00e9n Espinosa Sin embargo 07\/08\/15. Reporteros piden Ni Uno M\u00e1s, Ni Una Menos Hidroc\u00e1lido digital","rel":"","context":"En &quot;Aguascalientes&quot;","block_context":{"text":"Aguascalientes","link":"http:\/\/www.grieta.org.mx\/index.php\/category\/noticias-nacionales\/aguascalientes\/"},"img":{"alt_text":"","src":"https:\/\/i0.wp.com\/www.grieta.org.mx\/wp-content\/uploads\/2018\/03\/14524434_1106112876131411_958039263622046936_o.jpg?resize=350%2C200","width":350,"height":200,"srcset":"https:\/\/i0.wp.com\/www.grieta.org.mx\/wp-content\/uploads\/2018\/03\/14524434_1106112876131411_958039263622046936_o.jpg?resize=350%2C200 1x, https:\/\/i0.wp.com\/www.grieta.org.mx\/wp-content\/uploads\/2018\/03\/14524434_1106112876131411_958039263622046936_o.jpg?resize=525%2C300 1.5x, https:\/\/i0.wp.com\/www.grieta.org.mx\/wp-content\/uploads\/2018\/03\/14524434_1106112876131411_958039263622046936_o.jpg?resize=700%2C400 2x"},"classes":[]},{"id":63217,"url":"http:\/\/www.grieta.org.mx\/index.php\/2022\/01\/25\/exigen-periodistas-de-puerto-vallarta-un-cese-a-la-violencia-contra-el-gremio-jalisco\/","url_meta":{"origin":47373,"position":1},"title":"Exigen periodistas de Puerto Vallarta un cese a la violencia contra el gremio (Jalisco)","author":"grieta","date":"25 enero, 2022","format":false,"excerpt":"Foto: Zona Docs Periodistas de Puerto Vallarta, Jalisco, tambi\u00e9n se sumaron a la Movilizaci\u00f3n Nacional #PeriodismoEnRiesgo y desde el malec\u00f3n exigieron condiciones de seguridad para ejercer su trabajo, as\u00ed mismo exhortaron al gobierno para que ninguna del cr\u00edmenes cometidos contra periodistas quede impune. Leslie Zepeda\/ Zona Docs Tras el asesinato\u2026","rel":"","context":"En &quot;CINTILLO&quot;","block_context":{"text":"CINTILLO","link":"http:\/\/www.grieta.org.mx\/index.php\/category\/cintillo\/"},"img":{"alt_text":"","src":"https:\/\/i0.wp.com\/www.grieta.org.mx\/wp-content\/uploads\/2022\/01\/Unknown-20-2-768x512-1.jpeg?resize=350%2C200","width":350,"height":200,"srcset":"https:\/\/i0.wp.com\/www.grieta.org.mx\/wp-content\/uploads\/2022\/01\/Unknown-20-2-768x512-1.jpeg?resize=350%2C200 1x, https:\/\/i0.wp.com\/www.grieta.org.mx\/wp-content\/uploads\/2022\/01\/Unknown-20-2-768x512-1.jpeg?resize=525%2C300 1.5x, https:\/\/i0.wp.com\/www.grieta.org.mx\/wp-content\/uploads\/2022\/01\/Unknown-20-2-768x512-1.jpeg?resize=700%2C400 2x"},"classes":[]},{"id":38460,"url":"http:\/\/www.grieta.org.mx\/index.php\/2019\/08\/21\/con-marcha-en-cdmx-exigen-un-alto-al-asesinato-de-periodistas\/","url_meta":{"origin":47373,"position":2},"title":"Con marcha en CdMx, exigen un alto al asesinato de periodistas","author":"grieta","date":"21 agosto, 2019","format":false,"excerpt":"Jorge Becerril\/Milenio Un grupo de 15 periodistas se concentraron en el \u00c1ngel de la Independencia para marchar con direcci\u00f3n al Senado, para protestar por los 153 muertos y m\u00e1s de 20 comunicadores desaparecidos en el pa\u00eds. \u201c\u00a1Queremos periodistas vivos, ni uno m\u00e1s!\u201d, son las consignas que usaron los integrantes de\u2026","rel":"","context":"En &quot;CINTILLO&quot;","block_context":{"text":"CINTILLO","link":"http:\/\/www.grieta.org.mx\/index.php\/category\/cintillo\/"},"img":{"alt_text":"","src":"https:\/\/i0.wp.com\/www.grieta.org.mx\/wp-content\/uploads\/2019\/08\/comunicadores-protestan-cdmx-asesinato-colegas.jpeg?resize=350%2C200","width":350,"height":200,"srcset":"https:\/\/i0.wp.com\/www.grieta.org.mx\/wp-content\/uploads\/2019\/08\/comunicadores-protestan-cdmx-asesinato-colegas.jpeg?resize=350%2C200 1x, https:\/\/i0.wp.com\/www.grieta.org.mx\/wp-content\/uploads\/2019\/08\/comunicadores-protestan-cdmx-asesinato-colegas.jpeg?resize=525%2C300 1.5x, https:\/\/i0.wp.com\/www.grieta.org.mx\/wp-content\/uploads\/2019\/08\/comunicadores-protestan-cdmx-asesinato-colegas.jpeg?resize=700%2C400 2x"},"classes":[]},{"id":27973,"url":"http:\/\/www.grieta.org.mx\/index.php\/2019\/01\/02\/exigen-justicia-para-el-periodista-moises-sanchez-asesinado-hace-cuatro-anos-veracruz\/","url_meta":{"origin":47373,"position":3},"title":"Exigen justicia para el periodista Mois\u00e9s S\u00e1nchez asesinado hace cuatro a\u00f1os (Veracruz)","author":"grieta","date":"2 enero, 2019","format":false,"excerpt":"Jos\u00e9 Morales | Diario de Xalapa Jorge S\u00e1nchez asegur\u00f3 que hay irregularidades en la investigaci\u00f3n Xalapa.- Jorge S\u00e1nchez, hijo del periodista Mois\u00e9s S\u00e1nchez acompa\u00f1ado de otras personas realizaron a primeras horas de este mi\u00e9rcoles una pinta sobre la plaza Lerdo donde se puede leer la palabra impunidad. Aunque no hubo\u2026","rel":"","context":"En &quot;CINTILLO&quot;","block_context":{"text":"CINTILLO","link":"http:\/\/www.grieta.org.mx\/index.php\/category\/cintillo\/"},"img":{"alt_text":"","src":"https:\/\/i0.wp.com\/www.grieta.org.mx\/wp-content\/uploads\/2019\/01\/protesta-DIARIO-DE-XALAPA.2.jpg?resize=350%2C200","width":350,"height":200,"srcset":"https:\/\/i0.wp.com\/www.grieta.org.mx\/wp-content\/uploads\/2019\/01\/protesta-DIARIO-DE-XALAPA.2.jpg?resize=350%2C200 1x, https:\/\/i0.wp.com\/www.grieta.org.mx\/wp-content\/uploads\/2019\/01\/protesta-DIARIO-DE-XALAPA.2.jpg?resize=525%2C300 1.5x, https:\/\/i0.wp.com\/www.grieta.org.mx\/wp-content\/uploads\/2019\/01\/protesta-DIARIO-DE-XALAPA.2.jpg?resize=700%2C400 2x"},"classes":[]},{"id":38366,"url":"http:\/\/www.grieta.org.mx\/index.php\/2019\/08\/26\/mas-de-100-periodistas-exigen-justicia-y-garantias-de-seguridad-tras-asesinato-de-un-colega-en-el-edomex\/","url_meta":{"origin":47373,"position":4},"title":"M\u00e1s de 100 periodistas exigen justicia y garant\u00edas de seguridad tras asesinato de un colega en el Edomex","author":"grieta","date":"26 agosto, 2019","format":false,"excerpt":"Redacci\u00f3n\/Proceso CIUDAD DE M\u00c9XICO (apro). \u2013 A trav\u00e9s de una carta, un grupo de 120 periodistas conden\u00f3 el asesinato de su colega Nevith Cond\u00e9s Jaramillo en el Estado de M\u00e9xico y exigieron a las autoridades locales y federales justicia por este caso, as\u00ed como establecer mecanismos que garanticen el libre\u2026","rel":"","context":"En &quot;CINTILLO&quot;","block_context":{"text":"CINTILLO","link":"http:\/\/www.grieta.org.mx\/index.php\/category\/cintillo\/"},"img":{"alt_text":"","src":"https:\/\/i0.wp.com\/www.grieta.org.mx\/wp-content\/uploads\/2019\/08\/Nevith-870x522.jpg?resize=350%2C200","width":350,"height":200,"srcset":"https:\/\/i0.wp.com\/www.grieta.org.mx\/wp-content\/uploads\/2019\/08\/Nevith-870x522.jpg?resize=350%2C200 1x, https:\/\/i0.wp.com\/www.grieta.org.mx\/wp-content\/uploads\/2019\/08\/Nevith-870x522.jpg?resize=525%2C300 1.5x, https:\/\/i0.wp.com\/www.grieta.org.mx\/wp-content\/uploads\/2019\/08\/Nevith-870x522.jpg?resize=700%2C400 2x"},"classes":[]},{"id":30866,"url":"http:\/\/www.grieta.org.mx\/index.php\/2019\/03\/18\/periodistas-exigen-a-autoridades-garantias-para-ejercer-su-trabajo-sonora\/","url_meta":{"origin":47373,"position":5},"title":"Periodistas exigen a autoridades garant\u00edas para ejercer su trabajo (Sonora)","author":"grieta","date":"18 marzo, 2019","format":false,"excerpt":"M\u00f3nica Miranda\/UNIRADIO NOTICIAS Hermosillo.- Colectivos de periodistas se manifestaron este lunes por fuera de Palacio de Gobierno y de las instalaciones de la Fiscal\u00eda General de la Rep\u00fablica para exigir justicia por el asesinato del periodista Santiago Barroso Alfaro. El homicidio de Barroso se convirti\u00f3 en el segundo que ocurre\u2026","rel":"","context":"En &quot;CINTILLO&quot;","block_context":{"text":"CINTILLO","link":"http:\/\/www.grieta.org.mx\/index.php\/category\/cintillo\/"},"img":{"alt_text":"","src":"https:\/\/i0.wp.com\/www.grieta.org.mx\/wp-content\/uploads\/2019\/03\/protesta-periodistas.jpg?resize=350%2C200","width":350,"height":200,"srcset":"https:\/\/i0.wp.com\/www.grieta.org.mx\/wp-content\/uploads\/2019\/03\/protesta-periodistas.jpg?resize=350%2C200 1x, https:\/\/i0.wp.com\/www.grieta.org.mx\/wp-content\/uploads\/2019\/03\/protesta-periodistas.jpg?resize=525%2C300 1.5x, https:\/\/i0.wp.com\/www.grieta.org.mx\/wp-content\/uploads\/2019\/03\/protesta-periodistas.jpg?resize=700%2C400 2x"},"classes":[]}],"_links":{"self":[{"href":"http:\/\/www.grieta.org.mx\/index.php\/wp-json\/wp\/v2\/posts\/47373","targetHints":{"allow":["GET"]}}],"collection":[{"href":"http:\/\/www.grieta.org.mx\/index.php\/wp-json\/wp\/v2\/posts"}],"about":[{"href":"http:\/\/www.grieta.org.mx\/index.php\/wp-json\/wp\/v2\/types\/post"}],"author":[{"embeddable":true,"href":"http:\/\/www.grieta.org.mx\/index.php\/wp-json\/wp\/v2\/users\/1"}],"replies":[{"embeddable":true,"href":"http:\/\/www.grieta.org.mx\/index.php\/wp-json\/wp\/v2\/comments?post=47373"}],"version-history":[{"count":1,"href":"http:\/\/www.grieta.org.mx\/index.php\/wp-json\/wp\/v2\/posts\/47373\/revisions"}],"predecessor-version":[{"id":47375,"href":"http:\/\/www.grieta.org.mx\/index.php\/wp-json\/wp\/v2\/posts\/47373\/revisions\/47375"}],"wp:featuredmedia":[{"embeddable":true,"href":"http:\/\/www.grieta.org.mx\/index.php\/wp-json\/wp\/v2\/media\/47374"}],"wp:attachment":[{"href":"http:\/\/www.grieta.org.mx\/index.php\/wp-json\/wp\/v2\/media?parent=47373"}],"wp:term":[{"taxonomy":"category","embeddable":true,"href":"http:\/\/www.grieta.org.mx\/index.php\/wp-json\/wp\/v2\/categories?post=47373"},{"taxonomy":"post_tag","embeddable":true,"href":"http:\/\/www.grieta.org.mx\/index.php\/wp-json\/wp\/v2\/tags?post=47373"}],"curies":[{"name":"wp","href":"https:\/\/api.w.org\/{rel}","templated":true}]}}