{"id":47339,"date":"2020-04-06T22:42:26","date_gmt":"2020-04-07T03:42:26","guid":{"rendered":"http:\/\/www.grieta.org.mx\/?p=47339"},"modified":"2020-04-09T01:11:56","modified_gmt":"2020-04-09T06:11:56","slug":"en-monclova-mueren-doctora-y-padre-de-reportera-sospechoso-de-covid-19-coahuila","status":"publish","type":"post","link":"http:\/\/www.grieta.org.mx\/index.php\/2020\/04\/06\/en-monclova-mueren-doctora-y-padre-de-reportera-sospechoso-de-covid-19-coahuila\/","title":{"rendered":"En Monclova, mueren doctora y padre de reportera, sospechoso de COVID-19 (Coahuila)"},"content":{"rendered":"<figure id=\"attachment_47340\" aria-describedby=\"caption-attachment-47340\" style=\"width: 800px\" class=\"wp-caption aligncenter\"><img loading=\"lazy\" decoding=\"async\" data-attachment-id=\"47340\" data-permalink=\"http:\/\/www.grieta.org.mx\/index.php\/2020\/04\/06\/en-monclova-mueren-doctora-y-padre-de-reportera-sospechoso-de-covid-19-coahuila\/dscn3544-1_0_0\/\" data-orig-file=\"http:\/\/www.grieta.org.mx\/wp-content\/uploads\/2020\/04\/dscn3544-1_0_0.jpg\" data-orig-size=\"980,654\" data-comments-opened=\"0\" data-image-meta=\"{&quot;aperture&quot;:&quot;0&quot;,&quot;credit&quot;:&quot;&quot;,&quot;camera&quot;:&quot;&quot;,&quot;caption&quot;:&quot;&quot;,&quot;created_timestamp&quot;:&quot;0&quot;,&quot;copyright&quot;:&quot;&quot;,&quot;focal_length&quot;:&quot;0&quot;,&quot;iso&quot;:&quot;0&quot;,&quot;shutter_speed&quot;:&quot;0&quot;,&quot;title&quot;:&quot;&quot;,&quot;orientation&quot;:&quot;0&quot;}\" data-image-title=\"dscn3544-1_0_0\" data-image-description=\"\" data-image-caption=\"&lt;p&gt;Una reportera de Monclova report\u00f3 el deceso de su padre, quien habr\u00eda estado de visita en el IMSS 7 con un paciente, en medio de la llegada y la atenci\u00f3n del \u201cpaciente cero\u201d. Foto: Archivo&lt;\/p&gt;\n\" data-medium-file=\"http:\/\/www.grieta.org.mx\/wp-content\/uploads\/2020\/04\/dscn3544-1_0_0-300x200.jpg\" data-large-file=\"http:\/\/www.grieta.org.mx\/wp-content\/uploads\/2020\/04\/dscn3544-1_0_0.jpg\" class=\"wp-image-47340\" src=\"http:\/\/www.grieta.org.mx\/wp-content\/uploads\/2020\/04\/dscn3544-1_0_0.jpg\" alt=\"\" width=\"800\" height=\"534\" srcset=\"http:\/\/www.grieta.org.mx\/wp-content\/uploads\/2020\/04\/dscn3544-1_0_0.jpg 980w, http:\/\/www.grieta.org.mx\/wp-content\/uploads\/2020\/04\/dscn3544-1_0_0-300x200.jpg 300w, http:\/\/www.grieta.org.mx\/wp-content\/uploads\/2020\/04\/dscn3544-1_0_0-768x513.jpg 768w, http:\/\/www.grieta.org.mx\/wp-content\/uploads\/2020\/04\/dscn3544-1_0_0-749x500.jpg 749w\" sizes=\"auto, (max-width: 800px) 100vw, 800px\" \/><figcaption id=\"caption-attachment-47340\" class=\"wp-caption-text\">Una reportera de Monclova report\u00f3 el deceso de su padre, quien habr\u00eda estado de visita en el IMSS 7 con un paciente, en medio de la llegada y la atenci\u00f3n del \u201cpaciente cero\u201d. Foto: Archivo<\/figcaption><\/figure>\n<p>VANGUARDIA MX<\/p>\n<p><strong>Aunque la neumon\u00eda fue la causa del fallecimiento de la m\u00e9dico, su hermana exigi\u00f3 a trav\u00e9s de una publicaci\u00f3n, aplicar al cuerpo la prueba de COVID-19 y que esclarezca la situaci\u00f3n de su muerte<\/strong><\/p>\n<p>Luego de la ola de contagios de coronavirus que padeci\u00f3 el Hospital General de Zona n\u00famero 7 del IMSS Monclova, fue reportado el fallecimiento de una m\u00e9dico y del padre de una reportera que se encontraban en el lugar en medio de la atenci\u00f3n al &#8220;paciente cero&#8221; que gener\u00f3 la mayor cadena de contagios en el Estado.<\/p>\n<p>Fue poco despu\u00e9s de las 5:00 horas de este domingo, cuando familiares de la doctora Elisa Mar\u00eda Amaya Cruz del HGZ, dieron a conocer la noticia del fallecimiento, del cual les han informado hasta estos momentos fue causa de una neumon\u00eda que se le complic\u00f3 a un d\u00eda de haber ingresado a hospitalizaci\u00f3n donde present\u00f3 problemas con su respiraci\u00f3n.<\/p>\n<p>Aunque la neumon\u00eda fue la causa del fallecimiento, la hermana de la m\u00e9dico que era madre de una menor de 12 a\u00f1os, exigi\u00f3 a trav\u00e9s de una publicaci\u00f3n, aplicar al cuerpo una prueba de COVID-19, que esclarezca la situaci\u00f3n del caso, y que a su vez ampl\u00ede las medidas para evitar mayores contagios.<\/p>\n<p>Tambi\u00e9n, una prima de Elisa Amaya, realiz\u00f3 una publicaci\u00f3n donde pidi\u00f3 a la poblaci\u00f3n tomar en serio la situaci\u00f3n, y manifest\u00f3 que a este grado, ya se ha vuelto innecesario repetir las recomendaciones que ha dado el sector salud.<\/p>\n<p>\u201cHoy falleci\u00f3 v\u00edctima de esta situaci\u00f3n que muy pocos est\u00e1n tomando enserio\u201d, expresa.<\/p>\n<p>&#8220;Hasta el momento las autoridades del IMSS no han reportado oficialmente nada. Lo que se sabe es por redes, lo cual no es informaci\u00f3n oficial&#8221;, expres\u00f3 la Secretar\u00eda de Salud de Coahuila tras el cuestionamiento.<\/p>\n<p>Por otro lado, una reportera de la misma regi\u00f3n, report\u00f3 el deceso de su padre, quien habr\u00eda estado de visita con un paciente, en medio de la llegada y la atenci\u00f3n del \u201cpaciente cero\u201d que propag\u00f3 una serie de contagios en la unidad m\u00e9dica.<\/p>\n<p>Tras el fallecimiento de este \u00faltimo hombre, la hija quien se dedica a los medios de comunicaci\u00f3n, report\u00f3 que su padre esperaba resultados de la prueba de COVID-19 este lunes.<\/p>\n<p>Estos datos exponen que la cifra de muertos en Monclova habr\u00edan aumentado a cuatro, adem\u00e1s de los 49 contagios oficialmente reportados de los cuales, m\u00e1s de 30 son de personal m\u00e9dico del HGZ 7 del IMSS.<\/p>\n<p><a href=\"https:\/\/vanguardia.com.mx\/articulo\/en-monclova-mueren-doctora-y-padre-de-reportera-sospechoso-de-covid-19\" target=\"_blank\" rel=\"noopener noreferrer\">https:\/\/vanguardia.com.mx\/articulo\/en-monclova-mueren-doctora-y-padre-de-reportera-sospechoso-de-covid-19<\/a><\/p>\n","protected":false},"excerpt":{"rendered":"<p>VANGUARDIA MX Aunque la neumon\u00eda fue la causa del fallecimiento de la m\u00e9dico, su hermana exigi\u00f3 a trav\u00e9s de una publicaci\u00f3n, aplicar al cuerpo la prueba de COVID-19 y que &hellip; <a href=\"http:\/\/www.grieta.org.mx\/index.php\/2020\/04\/06\/en-monclova-mueren-doctora-y-padre-de-reportera-sospechoso-de-covid-19-coahuila\/\" class=\"more-link\">Leer m\u00e1s<\/a><\/p>\n","protected":false},"author":2,"featured_media":47340,"comment_status":"closed","ping_status":"closed","sticky":false,"template":"","format":"standard","meta":{"ngg_post_thumbnail":0,"_jetpack_newsletter_access":"","_jetpack_dont_email_post_to_subs":false,"_jetpack_newsletter_tier_id":0,"_jetpack_memberships_contains_paywalled_content":false,"_jetpack_memberships_contains_paid_content":false,"footnotes":""},"categories":[419,3240,2],"tags":[3241,617,3247,640,3264,3195,530],"class_list":["post-47339","post","type-post","status-publish","format-standard","has-post-thumbnail","hentry","category-coahuila","category-covid-19-en-coahuila","category-noticias-nacionales","tag-covid-19","tag-enfermeras","tag-falta-de-insumos-medicos","tag-medicos","tag-muerte-de-medicos","tag-protestas-de-medicos","tag-trabajadores-de-la-salud","entry"],"jetpack_featured_media_url":"http:\/\/www.grieta.org.mx\/wp-content\/uploads\/2020\/04\/dscn3544-1_0_0.jpg","jetpack_sharing_enabled":true,"jetpack_shortlink":"https:\/\/wp.me\/p7ZJR4-cjx","jetpack_likes_enabled":false,"jetpack-related-posts":[{"id":47479,"url":"http:\/\/www.grieta.org.mx\/index.php\/2020\/04\/08\/disfraza-imss-muertes-por-el-coronavirus-coahuila\/","url_meta":{"origin":47339,"position":0},"title":"Disfraza IMSS muertes por el coronavirus (Coahuila)","author":"grieta","date":"8 abril, 2020","format":false,"excerpt":"Wendy V\u00e1zquez\/ Z\u00d3CALO Periodista narra la odisea que pas\u00f3 su familia por el fallecimiento de su padre Monclova, Coah.- Los casos de fallecimiento por \u201cneumon\u00eda at\u00edpica\u201d siguen registr\u00e1ndose en Monclova sin que a la fecha se tenga un n\u00famero determinado de cu\u00e1ntos casos se han certificado por esta causa y\u2026","rel":"","context":"En &quot;CINTILLO&quot;","block_context":{"text":"CINTILLO","link":"http:\/\/www.grieta.org.mx\/index.php\/category\/cintillo\/"},"img":{"alt_text":"","src":"https:\/\/i0.wp.com\/www.grieta.org.mx\/wp-content\/uploads\/2020\/04\/imss-1586347127-621x354.jpg?resize=350%2C200","width":350,"height":200,"srcset":"https:\/\/i0.wp.com\/www.grieta.org.mx\/wp-content\/uploads\/2020\/04\/imss-1586347127-621x354.jpg?resize=350%2C200 1x, https:\/\/i0.wp.com\/www.grieta.org.mx\/wp-content\/uploads\/2020\/04\/imss-1586347127-621x354.jpg?resize=525%2C300 1.5x"},"classes":[]},{"id":47476,"url":"http:\/\/www.grieta.org.mx\/index.php\/2020\/04\/08\/fallece-por-coronavirus-subdirector-del-imss-7-en-monclova-coahuila\/","url_meta":{"origin":47339,"position":1},"title":"Fallece por coronavirus subdirector del IMSS 7 en Monclova (Coahuila)","author":"grieta","date":"8 abril, 2020","format":false,"excerpt":"El director de protecci\u00f3n civil, Agust\u00edn Ramos P\u00e9rez confirm\u00f3 el fallecimiento Sergio A. Rodr\u00edguez\/ EL SIGLO DE TORRE\u00d3N El subdirector administrativo del Hospital General de Zona n\u00famero 7 (HGZ No. 7) del Instituto Mexicano del Seguro Social (IMSS), Mario Trejo, falleci\u00f3 en las primeras horas de este mi\u00e9rcoles. El director\u2026","rel":"","context":"En &quot;CINTILLO&quot;","block_context":{"text":"CINTILLO","link":"http:\/\/www.grieta.org.mx\/index.php\/category\/cintillo\/"},"img":{"alt_text":"","src":"https:\/\/i0.wp.com\/www.grieta.org.mx\/wp-content\/uploads\/2020\/04\/1297847.jpeg?resize=350%2C200","width":350,"height":200,"srcset":"https:\/\/i0.wp.com\/www.grieta.org.mx\/wp-content\/uploads\/2020\/04\/1297847.jpeg?resize=350%2C200 1x, https:\/\/i0.wp.com\/www.grieta.org.mx\/wp-content\/uploads\/2020\/04\/1297847.jpeg?resize=525%2C300 1.5x, https:\/\/i0.wp.com\/www.grieta.org.mx\/wp-content\/uploads\/2020\/04\/1297847.jpeg?resize=700%2C400 2x"},"classes":[]},{"id":47028,"url":"http:\/\/www.grieta.org.mx\/index.php\/2020\/03\/29\/8-medicos-y-8-enfermeras-han-dado-positivo-en-pruebas-de-coronavirus-en-monclova-coahuila\/","url_meta":{"origin":47339,"position":2},"title":"8 m\u00e9dicos y 8 enfermeras han dado positivo en pruebas de coronavirus en Monclova, Coahuila","author":"grieta","date":"29 marzo, 2020","format":false,"excerpt":"En Coahuila se han registrado 33 casos de COVID-19, de los cuales 20 han sido en la ciudad de Monclova. \u00a0 ANIMAL POL\u00cdTICO El gobernador de Coahuila, Miguel \u00c1ngel Riquelme, detall\u00f3 este domingo que de los 20 casos de COVID-19 que se han dado en el municipio de Monclova, 8\u2026","rel":"","context":"En &quot;CINTILLO&quot;","block_context":{"text":"CINTILLO","link":"http:\/\/www.grieta.org.mx\/index.php\/category\/cintillo\/"},"img":{"alt_text":"","src":"https:\/\/i0.wp.com\/www.grieta.org.mx\/wp-content\/uploads\/2018\/03\/14524434_1106112876131411_958039263622046936_o.jpg?resize=350%2C200","width":350,"height":200,"srcset":"https:\/\/i0.wp.com\/www.grieta.org.mx\/wp-content\/uploads\/2018\/03\/14524434_1106112876131411_958039263622046936_o.jpg?resize=350%2C200 1x, https:\/\/i0.wp.com\/www.grieta.org.mx\/wp-content\/uploads\/2018\/03\/14524434_1106112876131411_958039263622046936_o.jpg?resize=525%2C300 1.5x, https:\/\/i0.wp.com\/www.grieta.org.mx\/wp-content\/uploads\/2018\/03\/14524434_1106112876131411_958039263622046936_o.jpg?resize=700%2C400 2x"},"classes":[]},{"id":47482,"url":"http:\/\/www.grieta.org.mx\/index.php\/2020\/04\/08\/rinden-homenaje-a-medicos-fallecidos-por-el-coronavirus-monclova-coahuila\/","url_meta":{"origin":47339,"position":3},"title":"Rinden homenaje a m\u00e9dicos fallecidos por el Coronavirus (Monclova, Coahuila)","author":"grieta","date":"8 abril, 2020","format":false,"excerpt":"Roberto Ortiz\/ EL TIEMPO Con tristeza, con enojo, con sentimientos encontrados, personal de la Cl\u00ednica 7 del IMSS, realizaron un peque\u00f1o pero emotivo homenaje post mortem a sus compa\u00f1eros Elisa Amaya y Walberto Reyes, ambos fallecidos al ser contagiados de coronavirus y considerarlos como v\u00edctimas de la irresponsabilidad de directivos\u2026","rel":"","context":"En &quot;CINTILLO&quot;","block_context":{"text":"CINTILLO","link":"http:\/\/www.grieta.org.mx\/index.php\/category\/cintillo\/"},"img":{"alt_text":"","src":"https:\/\/i0.wp.com\/www.grieta.org.mx\/wp-content\/uploads\/2020\/04\/11-copia-1.jpg?resize=350%2C200","width":350,"height":200,"srcset":"https:\/\/i0.wp.com\/www.grieta.org.mx\/wp-content\/uploads\/2020\/04\/11-copia-1.jpg?resize=350%2C200 1x, https:\/\/i0.wp.com\/www.grieta.org.mx\/wp-content\/uploads\/2020\/04\/11-copia-1.jpg?resize=525%2C300 1.5x, https:\/\/i0.wp.com\/www.grieta.org.mx\/wp-content\/uploads\/2020\/04\/11-copia-1.jpg?resize=700%2C400 2x"},"classes":[]},{"id":47244,"url":"http:\/\/www.grieta.org.mx\/index.php\/2020\/04\/03\/combatiran-especialistas-contagio-de-coronasvirus-en-la-clinica-7-del-imss-de-monclova-coahuila\/","url_meta":{"origin":47339,"position":4},"title":"Combatir\u00e1n especialistas contagio de coronasvirus en la Cl\u00ednica 7 del IMSS de Monclova (Coahuila)","author":"grieta","date":"3 abril, 2020","format":false,"excerpt":"Lidiet Mexicano\/ VANGUARDIA MX El nosocomio tiene a m\u00e1s de 30 m\u00e9dicos y enfermeras infectados Equipos de m\u00e9dicos especializados, arribar\u00e1n a la cl\u00ednica 7 del IMSS en Monclova para hacer frente al contagio comunitario que se inici\u00f3 al interior del nosocomio y que al momento tiene a m\u00e1s de 30\u2026","rel":"","context":"En &quot;CINTILLO&quot;","block_context":{"text":"CINTILLO","link":"http:\/\/www.grieta.org.mx\/index.php\/category\/cintillo\/"},"img":{"alt_text":"","src":"https:\/\/i0.wp.com\/www.grieta.org.mx\/wp-content\/uploads\/2018\/03\/14524434_1106112876131411_958039263622046936_o.jpg?resize=350%2C200","width":350,"height":200,"srcset":"https:\/\/i0.wp.com\/www.grieta.org.mx\/wp-content\/uploads\/2018\/03\/14524434_1106112876131411_958039263622046936_o.jpg?resize=350%2C200 1x, https:\/\/i0.wp.com\/www.grieta.org.mx\/wp-content\/uploads\/2018\/03\/14524434_1106112876131411_958039263622046936_o.jpg?resize=525%2C300 1.5x, https:\/\/i0.wp.com\/www.grieta.org.mx\/wp-content\/uploads\/2018\/03\/14524434_1106112876131411_958039263622046936_o.jpg?resize=700%2C400 2x"},"classes":[]},{"id":47576,"url":"http:\/\/www.grieta.org.mx\/index.php\/2020\/04\/09\/denuncian-medicos-falta-de-medicamento-monclova-coahuila\/","url_meta":{"origin":47339,"position":5},"title":"Denuncian m\u00e9dicos falta de medicamento (Monclova, Coahuila)","author":"grieta","date":"9 abril, 2020","format":false,"excerpt":"Azucena Tenorio\/ LA VOZ DE COAHUILA No hay suficientes medicamentos para aplicarles a los ocho hospitalizados con Covid-19 de la Cl\u00ednica 7 del Seguro Social, trabajadores dieron a conocer que de cinco solo tienen dos, adem\u00e1s, a los pacientes contagiados los cambiaron al segundo piso del bloque B. Los doctores\u2026","rel":"","context":"En &quot;CINTILLO&quot;","block_context":{"text":"CINTILLO","link":"http:\/\/www.grieta.org.mx\/index.php\/category\/cintillo\/"},"img":{"alt_text":"","src":"https:\/\/i0.wp.com\/www.grieta.org.mx\/wp-content\/uploads\/2020\/04\/medida-pag-web-208.jpg?resize=350%2C200","width":350,"height":200,"srcset":"https:\/\/i0.wp.com\/www.grieta.org.mx\/wp-content\/uploads\/2020\/04\/medida-pag-web-208.jpg?resize=350%2C200 1x, https:\/\/i0.wp.com\/www.grieta.org.mx\/wp-content\/uploads\/2020\/04\/medida-pag-web-208.jpg?resize=525%2C300 1.5x, https:\/\/i0.wp.com\/www.grieta.org.mx\/wp-content\/uploads\/2020\/04\/medida-pag-web-208.jpg?resize=700%2C400 2x, https:\/\/i0.wp.com\/www.grieta.org.mx\/wp-content\/uploads\/2020\/04\/medida-pag-web-208.jpg?resize=1050%2C600 3x"},"classes":[]}],"_links":{"self":[{"href":"http:\/\/www.grieta.org.mx\/index.php\/wp-json\/wp\/v2\/posts\/47339","targetHints":{"allow":["GET"]}}],"collection":[{"href":"http:\/\/www.grieta.org.mx\/index.php\/wp-json\/wp\/v2\/posts"}],"about":[{"href":"http:\/\/www.grieta.org.mx\/index.php\/wp-json\/wp\/v2\/types\/post"}],"author":[{"embeddable":true,"href":"http:\/\/www.grieta.org.mx\/index.php\/wp-json\/wp\/v2\/users\/2"}],"replies":[{"embeddable":true,"href":"http:\/\/www.grieta.org.mx\/index.php\/wp-json\/wp\/v2\/comments?post=47339"}],"version-history":[{"count":1,"href":"http:\/\/www.grieta.org.mx\/index.php\/wp-json\/wp\/v2\/posts\/47339\/revisions"}],"predecessor-version":[{"id":47341,"href":"http:\/\/www.grieta.org.mx\/index.php\/wp-json\/wp\/v2\/posts\/47339\/revisions\/47341"}],"wp:featuredmedia":[{"embeddable":true,"href":"http:\/\/www.grieta.org.mx\/index.php\/wp-json\/wp\/v2\/media\/47340"}],"wp:attachment":[{"href":"http:\/\/www.grieta.org.mx\/index.php\/wp-json\/wp\/v2\/media?parent=47339"}],"wp:term":[{"taxonomy":"category","embeddable":true,"href":"http:\/\/www.grieta.org.mx\/index.php\/wp-json\/wp\/v2\/categories?post=47339"},{"taxonomy":"post_tag","embeddable":true,"href":"http:\/\/www.grieta.org.mx\/index.php\/wp-json\/wp\/v2\/tags?post=47339"}],"curies":[{"name":"wp","href":"https:\/\/api.w.org\/{rel}","templated":true}]}}