{"id":4726,"date":"2015-03-23T17:53:49","date_gmt":"2015-03-23T17:53:49","guid":{"rendered":"http:\/\/50.22.11.12\/~grietaor\/?p=4726"},"modified":"2016-03-25T17:57:46","modified_gmt":"2016-03-25T17:57:46","slug":"alertan-por-crisis-hidrica","status":"publish","type":"post","link":"http:\/\/www.grieta.org.mx\/index.php\/2015\/03\/23\/alertan-por-crisis-hidrica\/","title":{"rendered":"Alertan por crisis h\u00eddrica"},"content":{"rendered":"<header id=\"cb-standard-featured\">\n<div class=\"cb-entry-header cb-style-standard\">\u00a0No a Monterrey VI<\/div>\n<\/header>\n<section class=\"entry-content clearfix\"><\/section>\n<section class=\"entry-content clearfix\">Evlyn Cervantes<\/section>\n<section class=\"entry-content clearfix\">\nM\u00c9XICO.- En el Pa\u00eds hay una severa crisis por el agua derivada de la mala administraci\u00f3n ejercida por la Comisi\u00f3n Nacional del Agua (Conagua) que promueve un modelo privatizador, acusaron ayer investigadores, acad\u00e9micos e integrantes de organizaciones ambientales y campesinas.Durante una protesta frente a las instalaciones de la Conagua, con motivo del D\u00eda Mundial del Agua, advirtieron que la dependencia ha mostrado desde su creaci\u00f3n, en 1989, un car\u00e1cter autoritario y arbitrario en la gesti\u00f3n h\u00eddrica.<\/p>\n<p>\u201cLa actuaci\u00f3n de la Conagua ha sido violatoria de la legislaci\u00f3n durante estas d\u00e9cadas y ahora ya estamos en muchas situaciones extremas de contaminaci\u00f3n de agua, de sobreexplotaci\u00f3n y falta de acceso en los sectores m\u00e1s vulnerables\u201d, afirm\u00f3 Elena Burns, investigadora de la Universidad Aut\u00f3noma Metropolitana (UAM).<\/p>\n<p>Al presentar un mapa sobre los problemas ambientales y de sobreexplotaci\u00f3n en el Pa\u00eds, Burns dijo que la Conagua promueve megaobras que priorizan proyectos privados y de car\u00e1cter empresarial por encima del abasto a la poblaci\u00f3n.<\/p>\n<p>Ejemplo de ello, cit\u00f3 la investigadora, son los proyectos de los acueductos Monterrey VI, El Realito, en San Luis Potos\u00ed, Lomas de Chapultepec, en Acapulco, Agua Futura, en Durango, Paso Ancho, en Oaxaca, e Independencia, en Hermosillo, entre otros.<\/p>\n<p>\u201cLa crisis por estos proyectos ya la estamos viendo con la mala calidad del agua como primera causa de muerte; que no tengamos asegurado el saneamiento para todos los mexicanos; el hecho de que las presas han desplazado a m\u00e1s de 185 mil mexicanos\u201d, dijo Alessia Kachadourian, estudiante de la maestr\u00eda en Agua Subterr\u00e1nea de la UNAM.<\/p>\n<p>Nathal\u00ed Segu\u00edn Tovar, coordinadora de la Red de Acci\u00f3n por el Agua, explic\u00f3 que el modelo de administraci\u00f3n de la Conagua es privatizante e insustentable debido a que abre el uso industrial a tecnolog\u00edas que utilizan grandes vol\u00famenes de agua como el \u201cfracking\u201d, impactando directamente el derecho humano al l\u00edquido.<\/p>\n<p>En un comunicado que distribuyeron entre los asistentes a la manifestaci\u00f3n, las organizaciones e investigadores consideraron que la propuesta de la Ley General de Aguas, la cual fue pospuesta en la C\u00e1mara de Diputados, profundizar\u00e1 la actual crisis h\u00eddrica adem\u00e1s de que limitar\u00e1 la dotaci\u00f3n obligatoria del agua a 50 litros por d\u00eda para dedicar los vol\u00famenes restantes a actividades industriales, mineras y de \u201cfracking\u201d.<\/p>\n<p>La Comisi\u00f3n Nacional de los Derechos Humanos (CNDH) llam\u00f3 a garantizar el respeto al derecho al acceso al agua y al saneamiento, los cuales consider\u00f3 como elementos indispensables para una vida humana digna.<\/p>\n<p>Tras se\u00f1alar que dar\u00e1 seguimiento al proceso legislativo de la Ley General de Aguas, confi\u00f3 en que \u00e9ste contemple un debate p\u00fablico, objetivo, incluyente e informado.<\/p>\n<p><a class=\"cb-lightbox\" href=\"http:\/\/www.grieta.org.mx\/wp-content\/uploads\/2015\/03\/infraestructura-polc3a9mica.png\"><img loading=\"lazy\" decoding=\"async\" class=\"alignnone size-medium wp-image-351031\" src=\"http:\/\/www.grieta.org.mx\/wp-content\/uploads\/2015\/03\/infraestructura-polc3a9mica-300x263.png\" alt=\"infraestructura-polc3a9mica\" width=\"300\" height=\"263\" \/><\/a><\/p>\n<p>Nota publicada en El Norte el 23 de marzo de 2015.<\/p>\n<p><a class=\"autohyperlink\" title=\"http:\/\/noamonterreyvi.com\/2015\/03\/23\/alertan-por-crisis-hidrica-el-norte\/\" href=\"http:\/\/noamonterreyvi.com\/2015\/03\/23\/alertan-por-crisis-hidrica-el-norte\/\" target=\"_blank\">noamonterreyvi.com\/2015\/03\/23\/alertan-por-crisis-hidrica-el-norte\/<\/a><\/p>\n<\/section>\n","protected":false},"excerpt":{"rendered":"<p>\u00a0No a Monterrey VI Evlyn Cervantes M\u00c9XICO.- En el Pa\u00eds hay una severa crisis por el agua derivada de la mala administraci\u00f3n ejercida por la Comisi\u00f3n Nacional del Agua (Conagua) &hellip; <a href=\"http:\/\/www.grieta.org.mx\/index.php\/2015\/03\/23\/alertan-por-crisis-hidrica\/\" class=\"more-link\">Leer m\u00e1s<\/a><\/p>\n","protected":false},"author":2,"featured_media":21928,"comment_status":"closed","ping_status":"open","sticky":false,"template":"","format":"standard","meta":{"ngg_post_thumbnail":0,"_jetpack_newsletter_access":"","_jetpack_dont_email_post_to_subs":false,"_jetpack_newsletter_tier_id":0,"_jetpack_memberships_contains_paywalled_content":false,"_jetpack_memberships_contains_paid_content":false,"footnotes":""},"categories":[80,202,38],"tags":[358],"class_list":["post-4726","post","type-post","status-publish","format-standard","has-post-thumbnail","hentry","category-cintillo","category-nuevo-leon","category-proyectos-hidricos","tag-monterrey-vi","entry"],"jetpack_featured_media_url":"http:\/\/www.grieta.org.mx\/wp-content\/uploads\/2018\/03\/14524434_1106112876131411_958039263622046936_o.jpg","jetpack_sharing_enabled":true,"jetpack_shortlink":"https:\/\/wp.me\/p7ZJR4-1ee","jetpack_likes_enabled":false,"jetpack-related-posts":[{"id":4709,"url":"http:\/\/www.grieta.org.mx\/index.php\/2015\/05\/12\/acueducto-monterrey-vi-el-abastecimiento-para-nl-esta-garantizado\/","url_meta":{"origin":4726,"position":0},"title":"Acueducto Monterrey VI, \u00bfel abastecimiento para NL est\u00e1 garantizado?","author":"grieta","date":"12 mayo, 2015","format":false,"excerpt":"Econom\u00eda Hoy DAVID ORDAZ El proyecto Monterrey VI con el que se busca abastecer de agua al estado sigue sin arrancar y actualmente Nuevo Le\u00f3n enfrenta una de las peores crisis de agua, por ello, diputados federales y locales exhortaron al gobierno federal a echar a andar la obra. Monterrey\u2026","rel":"","context":"En &quot;CINTILLO&quot;","block_context":{"text":"CINTILLO","link":"http:\/\/www.grieta.org.mx\/index.php\/category\/cintillo\/"},"img":{"alt_text":"","src":"https:\/\/i0.wp.com\/www.grieta.org.mx\/wp-content\/uploads\/2018\/03\/14524434_1106112876131411_958039263622046936_o.jpg?resize=350%2C200","width":350,"height":200,"srcset":"https:\/\/i0.wp.com\/www.grieta.org.mx\/wp-content\/uploads\/2018\/03\/14524434_1106112876131411_958039263622046936_o.jpg?resize=350%2C200 1x, https:\/\/i0.wp.com\/www.grieta.org.mx\/wp-content\/uploads\/2018\/03\/14524434_1106112876131411_958039263622046936_o.jpg?resize=525%2C300 1.5x, https:\/\/i0.wp.com\/www.grieta.org.mx\/wp-content\/uploads\/2018\/03\/14524434_1106112876131411_958039263622046936_o.jpg?resize=700%2C400 2x"},"classes":[]},{"id":69190,"url":"http:\/\/www.grieta.org.mx\/index.php\/2024\/06\/19\/crisis-hidrica-en-colima-mineria-metalica-sobreexplota-acuiferos\/","url_meta":{"origin":4726,"position":1},"title":"Crisis h\u00eddrica en Colima: miner\u00eda met\u00e1lica sobreexplota acu\u00edferos","author":"grieta","date":"19 junio, 2024","format":false,"excerpt":"Imagen Diario Avanzada Heidi de Le\u00f3n Guti\u00e9rrez \/ Diario Avanzada Colima, M\u00e9xico, Avanzada (19\/06\/2024).- Mientras las autoridades estatales de Colima reconocen que la demanda de agua es superior a la cantidad disponible, la entidad se ubica entre los primeros cinco estados del pa\u00eds con el mayor volumen de agua concesionada\u2026","rel":"","context":"En &quot;CINTILLO&quot;","block_context":{"text":"CINTILLO","link":"http:\/\/www.grieta.org.mx\/index.php\/category\/cintillo\/"},"img":{"alt_text":"","src":"https:\/\/i0.wp.com\/www.grieta.org.mx\/wp-content\/uploads\/2024\/06\/aaa-17.jpg?resize=350%2C200","width":350,"height":200},"classes":[]},{"id":13452,"url":"http:\/\/www.grieta.org.mx\/index.php\/2016\/05\/16\/en-riesgo-la-privatizacion-del-agua-con-acueducto-monterrey-vi-regios-pagaran-hasta-500-mas-por-el-liquido\/","url_meta":{"origin":4726,"position":2},"title":"En riesgo la privatizaci\u00f3n del agua; con Acueducto Monterrey VI, regios pagar\u00e1n hasta 500% m\u00e1s por el l\u00edquido","author":"grieta","date":"16 mayo, 2016","format":false,"excerpt":"Cecilia Balderas (16 de mayo, 2016. Revoluci\u00f3n TRESPUNTOCERO).- De concretarse el proyecto denominado Acueducto Monterrey VI, que transitar\u00e1 por los estados de Veracruz, Tamaulipas, San Luis Potos\u00ed y Nuevo Le\u00f3n, \u201cse van a presentar much\u00edsimos problemas sociales\u201d, advirti\u00f3 el pasado abril Celerino Cruz Garc\u00eda, director general de Auditor\u00eda de Inversiones\u2026","rel":"","context":"En &quot;CINTILLO&quot;","block_context":{"text":"CINTILLO","link":"http:\/\/www.grieta.org.mx\/index.php\/category\/cintillo\/"},"img":{"alt_text":"","src":"https:\/\/i0.wp.com\/www.grieta.org.mx\/wp-content\/uploads\/2018\/03\/14524434_1106112876131411_958039263622046936_o.jpg?resize=350%2C200","width":350,"height":200,"srcset":"https:\/\/i0.wp.com\/www.grieta.org.mx\/wp-content\/uploads\/2018\/03\/14524434_1106112876131411_958039263622046936_o.jpg?resize=350%2C200 1x, https:\/\/i0.wp.com\/www.grieta.org.mx\/wp-content\/uploads\/2018\/03\/14524434_1106112876131411_958039263622046936_o.jpg?resize=525%2C300 1.5x, https:\/\/i0.wp.com\/www.grieta.org.mx\/wp-content\/uploads\/2018\/03\/14524434_1106112876131411_958039263622046936_o.jpg?resize=700%2C400 2x"},"classes":[]},{"id":69387,"url":"http:\/\/www.grieta.org.mx\/index.php\/2024\/08\/13\/empresa-cervecera-consume-cuatro-veces-mas-agua-que-toda-la-poblacion-en-hunucma-yucatan\/","url_meta":{"origin":4726,"position":3},"title":"Empresa cervecera consume cuatro veces m\u00e1s agua que toda la poblaci\u00f3n en Hunucm\u00e1 (Yucat\u00e1n)","author":"grieta","date":"13 agosto, 2024","format":false,"excerpt":"William Casanova \/ Fotos Sara\u00ed Manzo \/ Por Esto! De acuerdo con el Consejo Ciudadano por el Agua, la Comisi\u00f3n Nacional del Agua (Conagua) no ha emitido ninguna advertencia para proteger el Anillo de Cenotes, pues -seg\u00fan la organizaci\u00f3n-, \u201ct\u00e9cnica, moral y legalmente, (la dependencia) ten\u00eda la obligaci\u00f3n de rechazar\u2026","rel":"","context":"En &quot;Agroindustria&quot;","block_context":{"text":"Agroindustria","link":"http:\/\/www.grieta.org.mx\/index.php\/category\/megaproyectos\/agroindustria\/"},"img":{"alt_text":"","src":"https:\/\/i0.wp.com\/www.grieta.org.mx\/wp-content\/uploads\/2024\/08\/Cervecera-e1723595489284.jpg?resize=350%2C200","width":350,"height":200,"srcset":"https:\/\/i0.wp.com\/www.grieta.org.mx\/wp-content\/uploads\/2024\/08\/Cervecera-e1723595489284.jpg?resize=350%2C200 1x, https:\/\/i0.wp.com\/www.grieta.org.mx\/wp-content\/uploads\/2024\/08\/Cervecera-e1723595489284.jpg?resize=525%2C300 1.5x, https:\/\/i0.wp.com\/www.grieta.org.mx\/wp-content\/uploads\/2024\/08\/Cervecera-e1723595489284.jpg?resize=700%2C400 2x"},"classes":[]},{"id":58931,"url":"http:\/\/www.grieta.org.mx\/index.php\/2021\/03\/22\/video-no-a-la-privatizacion-del-agua-exigen-activistas-en-conagua-veracruz\/","url_meta":{"origin":4726,"position":4},"title":"(Video) \u00a1No a la privatizaci\u00f3n del agua! Exigen activistas en Conagua (Veracruz)","author":"Admin","date":"22 marzo, 2021","format":false,"excerpt":"Paco De Luna \/ Vanguardia de Veracruz \u00a0 Xalapa, Ver.- Activistas ambientales protestaron en las instalaciones de la Comisi\u00f3n Nacional del Agua (Conagua) para se\u00f1alar alto a la privatizaci\u00f3n del l\u00edquido en Veracruz y en el territorio mexicano. En la entrada principal colgaron lonas y pancartas de diversas organizaciones que\u2026","rel":"","context":"En &quot;CINTILLO&quot;","block_context":{"text":"CINTILLO","link":"http:\/\/www.grieta.org.mx\/index.php\/category\/cintillo\/"},"img":{"alt_text":"","src":"https:\/\/i0.wp.com\/www.grieta.org.mx\/wp-content\/uploads\/2021\/04\/Screenshot_2021-04-22-Video-%F0%9F%93%B9-%C2%A1No-a-la-privatizacion-del-agua-Exigen-activistas-en-Conagua.png?resize=350%2C200","width":350,"height":200,"srcset":"https:\/\/i0.wp.com\/www.grieta.org.mx\/wp-content\/uploads\/2021\/04\/Screenshot_2021-04-22-Video-%F0%9F%93%B9-%C2%A1No-a-la-privatizacion-del-agua-Exigen-activistas-en-Conagua.png?resize=350%2C200 1x, https:\/\/i0.wp.com\/www.grieta.org.mx\/wp-content\/uploads\/2021\/04\/Screenshot_2021-04-22-Video-%F0%9F%93%B9-%C2%A1No-a-la-privatizacion-del-agua-Exigen-activistas-en-Conagua.png?resize=525%2C300 1.5x, https:\/\/i0.wp.com\/www.grieta.org.mx\/wp-content\/uploads\/2021\/04\/Screenshot_2021-04-22-Video-%F0%9F%93%B9-%C2%A1No-a-la-privatizacion-del-agua-Exigen-activistas-en-Conagua.png?resize=700%2C400 2x"},"classes":[]},{"id":4743,"url":"http:\/\/www.grieta.org.mx\/index.php\/2016\/03\/06\/lo-que-busca-la-ley-de-aguas-de-korenfeld-en-10-puntos\/","url_meta":{"origin":4726,"position":5},"title":"Lo que busca la Ley de Aguas de Korenfeld en 10 puntos","author":"grieta","date":"6 marzo, 2016","format":false,"excerpt":"No a Monterrey VI 1. Poder tomar decisiones a espaldas de la ciudadan\u00eda, y ejecutarlas con la fuerza p\u00fablica. Solo los concesionarios tendr\u00edan voz y voto en los Consejos de Cuenca (Art. 55-57). Los presidentes municipales, el Jefe de Gobierno y las corporaciones extranjeras seguir\u00edan controlando los sistemas de agua\u2026","rel":"","context":"En &quot;CINTILLO&quot;","block_context":{"text":"CINTILLO","link":"http:\/\/www.grieta.org.mx\/index.php\/category\/cintillo\/"},"img":{"alt_text":"","src":"https:\/\/i0.wp.com\/www.grieta.org.mx\/wp-content\/uploads\/2018\/03\/14524434_1106112876131411_958039263622046936_o.jpg?resize=350%2C200","width":350,"height":200,"srcset":"https:\/\/i0.wp.com\/www.grieta.org.mx\/wp-content\/uploads\/2018\/03\/14524434_1106112876131411_958039263622046936_o.jpg?resize=350%2C200 1x, https:\/\/i0.wp.com\/www.grieta.org.mx\/wp-content\/uploads\/2018\/03\/14524434_1106112876131411_958039263622046936_o.jpg?resize=525%2C300 1.5x, https:\/\/i0.wp.com\/www.grieta.org.mx\/wp-content\/uploads\/2018\/03\/14524434_1106112876131411_958039263622046936_o.jpg?resize=700%2C400 2x"},"classes":[]}],"_links":{"self":[{"href":"http:\/\/www.grieta.org.mx\/index.php\/wp-json\/wp\/v2\/posts\/4726","targetHints":{"allow":["GET"]}}],"collection":[{"href":"http:\/\/www.grieta.org.mx\/index.php\/wp-json\/wp\/v2\/posts"}],"about":[{"href":"http:\/\/www.grieta.org.mx\/index.php\/wp-json\/wp\/v2\/types\/post"}],"author":[{"embeddable":true,"href":"http:\/\/www.grieta.org.mx\/index.php\/wp-json\/wp\/v2\/users\/2"}],"replies":[{"embeddable":true,"href":"http:\/\/www.grieta.org.mx\/index.php\/wp-json\/wp\/v2\/comments?post=4726"}],"version-history":[{"count":1,"href":"http:\/\/www.grieta.org.mx\/index.php\/wp-json\/wp\/v2\/posts\/4726\/revisions"}],"predecessor-version":[{"id":4730,"href":"http:\/\/www.grieta.org.mx\/index.php\/wp-json\/wp\/v2\/posts\/4726\/revisions\/4730"}],"wp:featuredmedia":[{"embeddable":true,"href":"http:\/\/www.grieta.org.mx\/index.php\/wp-json\/wp\/v2\/media\/21928"}],"wp:attachment":[{"href":"http:\/\/www.grieta.org.mx\/index.php\/wp-json\/wp\/v2\/media?parent=4726"}],"wp:term":[{"taxonomy":"category","embeddable":true,"href":"http:\/\/www.grieta.org.mx\/index.php\/wp-json\/wp\/v2\/categories?post=4726"},{"taxonomy":"post_tag","embeddable":true,"href":"http:\/\/www.grieta.org.mx\/index.php\/wp-json\/wp\/v2\/tags?post=4726"}],"curies":[{"name":"wp","href":"https:\/\/api.w.org\/{rel}","templated":true}]}}