{"id":4724,"date":"2015-03-23T17:50:42","date_gmt":"2015-03-23T17:50:42","guid":{"rendered":"http:\/\/50.22.11.12\/~grietaor\/?p=4724"},"modified":"2016-03-25T17:53:17","modified_gmt":"2016-03-25T17:53:17","slug":"el-proyecto-hidraulico-monterrey-vi-innecesario-en-monterrey-ong","status":"publish","type":"post","link":"http:\/\/www.grieta.org.mx\/index.php\/2015\/03\/23\/el-proyecto-hidraulico-monterrey-vi-innecesario-en-monterrey-ong\/","title":{"rendered":"El proyecto hidr\u00e1ulico Monterrey VI, innecesario en Monterrey: ONG"},"content":{"rendered":"<p>El Diario de Coahuila<\/p>\n<p>CNN M\u00e9xico. lunes, 23 de marzo de 2015<\/p>\n<p>La pol\u00e9mica que envuelve al proyecto hidr\u00e1ulico Monterrey VI, por el reclamo de organismos empresariales, ambientalistas y civiles que exigen al gobierno de Nuevo Le\u00f3n suspender la obra, va en aumento.<\/p>\n<p>Desde que el gobierno estatal anunci\u00f3 la obra en octubre de 2012 hasta este mes, 55 organismos nacionales y estatales han formado un frente opositor a la construcci\u00f3n, la cual califican de costosa e innecesaria.<\/p>\n<p>Los organismos acusan que la construcci\u00f3n de Monterrey VI, que consistir\u00eda en un acueducto de 372 kil\u00f3metros que llevar\u00eda agua al \u00e1rea metropolitana de Monterrey desde la cuenca del r\u00edo P\u00e1nuco, en Veracruz, ocasionar\u00eda da\u00f1os al medio ambiente.<\/p>\n<p>Para trasladar el agua a Monterrey, capital de Nuevo Le\u00f3n, el acueducto cruzar\u00eda los estados de Tamaulipas y San Luis Potos\u00ed, entidades del noreste de M\u00e9xico.<\/p>\n<p>El rechazo a la obra aument\u00f3 con el arranque de las campa\u00f1as rumbo a la elecci\u00f3n de gobernador del 7 de junio. Los candidatos opositores al Partido Revolucionario Institucional (PRI), que actualmente gobierna el estado, se han sumado a la exigencia de frenar la construcci\u00f3n.<\/p>\n<p>Entre los organismos opositores est\u00e1n la Confederaci\u00f3n Patronal de la Rep\u00fablica Mexicana (Coparmex), la C\u00e1mara Nacional de Comercio (Canaco), Greenpeace M\u00e9xico, Agua para Todos, Reforestaci\u00f3n Extrema, el Consejo C\u00edvico de Nuevo Le\u00f3n, Academia Nacional de Arquitectura y Evoluci\u00f3n Mexicana, entre otros.<br \/>\nPese a los reclamos, el gobernador Rodrigo Medina ha reiterado que la obra continuar\u00e1 porque la construcci\u00f3n es necesaria para garantizar el abasto de agua en los pr\u00f3ximos 50 a\u00f1os.<\/p>\n<p>\u201cEl proyecto sigue su marcha. Ya se inici\u00f3 y continuar\u00e1. Es un proyecto muy necesario. Detenerlo no es opci\u00f3n\u201d, declar\u00f3 Medina el 29 de enero tras cuestionamientos de los organismos.<\/p>\n<p>Obra millonaria<\/p>\n<p>El acueducto costar\u00eda \u2014entre la construcci\u00f3n de la obra f\u00edsica, mantenimiento, operaci\u00f3n y financiamiento\u2014 47,000 millones de pesos que se pagar\u00edan a 27 a\u00f1os mediante un esquema de Asociaci\u00f3n P\u00fablico Privada.<\/p>\n<p>El costo ha sido criticado por organismos y analistas financieros ante el nivel de endeudamiento que enfrenta el estado, pues los pasivos estatales ya rebasan los 60,000 millones de pesos.<\/p>\n<p>El costo real del acueducto se dio a conocer al concluir la licitaci\u00f3n en septiembre de 2014, y pese a anunciar dos a\u00f1os antes que el costo aproximado ser\u00eda de 14,000 millones de pesos, la cifra aument\u00f3 en 235% m\u00e1s de lo planteado.<\/p>\n<p>La cifra de 47,000 millones de pesos se desprende de los detalles incluidos en el contrato adjudicado en septiembre de 2014 al consorcio ganador de la obra.<\/p>\n<p>En el documento se indica que la construcci\u00f3n de la obra f\u00edsica costar\u00eda 16,426 millones de pesos, pero al tomar en cuenta los pagos por el financiamiento, mantenimiento y operaci\u00f3n, que ser\u00edan de 144 millones 999,033 pesos mensuales durante 27 a\u00f1os, el gasto asciende a cerca de 47,000 millones de pesos.<\/p>\n<p>El gobierno alega que la obra costar\u00eda alrededor de 17,000 millones al considerar solo el gasto en la construcci\u00f3n de la obra f\u00edsica.<\/p>\n<p>Jos\u00e9 Luis Luege Tamargo, quien encabez\u00f3 la Comisi\u00f3n Nacional del Agua (Conagua) durante el sexenio del expresidente Felipe Calder\u00f3n, ha calificado el incremento en el gasto por la obra de \u201clocura\u201d, al asegurar que la cifra registrada del proyecto en la dependencia era 13,500 millones.<\/p>\n<p>\u201cEs un proyecto exageradamente caro para Agua y Drenaje de Monterrey y, por lo tanto, es un proyecto que debe replantearse\u201d, se\u00f1al\u00f3 Luege al ser consultado por CNNM\u00e9xico durante una aparici\u00f3n p\u00fablica con la exprimera dama, Margarita Zavala.<\/p>\n<p>\u201cEstos proyectos de agua requieren un mayor apoyo del gobierno federal a fondo perdido. Nosotros planteamos el Monterrey VI con un 35% m\u00ednimo de apoyo a fondo perdido, pues como lo plantearon con un 18%, el capital de riesgo y el financiamiento se encarecen mucho y lo que tendr\u00e1 que pagar el usuario del agua van a ser cantidades fuera de la l\u00f3gica\u201d.<\/p>\n<p>La suma total del costo de la obra planteada por el gobierno estatal contrasta con el costo de otras obras en Nuevo Le\u00f3n, como la L\u00ednea 3 del Metro de Monterrey, en la que se invierten 5,692 millones de pesos.<\/p>\n<p>Sobre el aspecto financiero, Aguas y Drenaje Monterrey explica que el costo de la obra es recuperable a trav\u00e9s de las cuotas de nuevos desarrollos.<\/p>\n<p>\u201cSe debe hacer hincapi\u00e9 en que la inversi\u00f3n que se aplicar\u00e1 para llevar a cabo este proyecto es totalmente recuperable trav\u00e9s de las cuotas de aportaci\u00f3n que cubren los nuevos desarrollos urbanos, comerciales e industriales, as\u00ed como con los ingresos adicionales que recibir\u00e1 el organismo durante los pr\u00f3ximos 30 a\u00f1os\u201d, dice el organismo en su sitio de internet.<\/p>\n<p>Grupo Higa acapara ganancias<\/p>\n<p>Otro aspecto que aviva la pol\u00e9mica en torno a Monterrey VI es la participaci\u00f3n de Grupo Higa, propiedad de Juan Armando Hinojosa Cant\u00fa, que tendr\u00eda 52.75% de las ganancias del proyecto, seg\u00fan informaci\u00f3n publicada el 30 de enero por Reforma.<\/p>\n<p>Este porcentaje se desprende de las ganancias que obtendr\u00eda la empresa Concretos y Obra Civil del Pac\u00edfico, de Higa, por un 37.5% del costo de la obra, y los ingresos que tendr\u00eda Desarrollos y Construcciones Rogar, por un 15.25% de la inversi\u00f3n.<\/p>\n<p>De acuerdo con Reforma, aunque aparentemente solo Concretos y Obra Civil del Pac\u00edfico pertenece a Hinojosa, en documentos de la licitaci\u00f3n el propietario de Desarrollos y Construcciones Rogar, Jes\u00fas Rogelio Garc\u00eda Arzabala, aparece tambi\u00e9n como representante legal de la compa\u00f1\u00eda de Higa que particip\u00f3 en el proceso.<\/p>\n<p>En conjunto, ambas compa\u00f1\u00edas, ligadas a Higa, obtendr\u00edan 24,792 millones de pesos, 52.75% del costo total de la obra.<\/p>\n<p>Hinojosa es el constructor de la casa blanca de la primera dama Ang\u00e9lica Rivera y ha sido beneficiado con m\u00faltiples contratos durante las gestiones de Enrique Pe\u00f1a Nieto como gobernador del Estado de M\u00e9xico y ahora como presidente.<\/p>\n<p>Higa form\u00f3 parte del consorcio que obtuvo en noviembre de 2014 el contrato de 51,000 millones de pesos para construir el Tren de Alta Velocidad M\u00e9xico-Quer\u00e9taro y que fue cancelado en medio del esc\u00e1ndalo por el posible conflicto de inter\u00e9s con la empresa, quien tambi\u00e9n vendi\u00f3 una casa al secretario de Hacienda, Luis Videgaray.<\/p>\n<p>Las empresas restantes son las siguientes: Controladora de Operaciones e Infraestructura, del Grupo ICA, Desarrollos y Construcciones Rogar, Recsa Concesiones y Pyecsa.<\/p>\n<p>Ambientalistas y ciudadanos cuestionan viabilidad<\/p>\n<p>Organismos ambientalistas como el Fondo de Agua Metropolitano de Monterrey (FAMM), Agua para Todos, Reforestaci\u00f3n Extrema y Mundo Sustentable consideran innecesario el proyecto.<\/p>\n<p>A trav\u00e9s de diversos estudios, entre los que destaca uno elaborado por la organizaci\u00f3n internacional The Nature Conservancy (TNC), con presencia en 30 pa\u00edses, se se\u00f1ala que Monterrey VI es inviable y que ocasionar\u00eda da\u00f1os al medio ambiente.<\/p>\n<p>Los ambientalistas proponen que, para garantizar el abasto de agua, en lugar del acueducto, el gobierno construya presas, que costar\u00edan una fracci\u00f3n m\u00ednima de lo que se gastar\u00e1 en Monterrey VI.<br \/>\nEl 4 de febrero, al dar a conocer el estudio realizado por 20 expertos de TNC, Eugenio Clariond, presidente del FAMM, calific\u00f3 de \u201cnefasto\u201d el proyecto.<\/p>\n<p>Clariond mencion\u00f3 que \u201c(la inversi\u00f3n en el acueducto) va a ser nefasta en lo econ\u00f3mico, en lo ecol\u00f3gico y en lo social\u201d.<\/p>\n<p>En otro estudio, avalado por 11 organismos ambientalistas y civiles, se detalla que el estado manipul\u00f3 cifras t\u00e9cnicas para justificar la obra.<\/p>\n<p>Por ejemplo, el an\u00e1lisis sostiene que, mientras el estado asegura que la ciudad de Monterrey requerir\u00e1 de 6 millones de metros c\u00fabicos de agua en los pr\u00f3ximos 30 a\u00f1os, en realidad solo necesitar\u00e1 2 millones.<\/p>\n<p>El gobernador Medina declar\u00f3 el 20 de febrero que la obra arranc\u00f3 desde el 29 de diciembre pasado \u2014fecha establecida en el contrato para comenzar los trabajos\u2014, con el inicio de los estudios de campo en la zona donde se construir\u00eda el acueducto.<\/p>\n<p>\u201cEl arranque significa ver la zanja y el tubo, pero para eso tiene que haber, primero, trabajos de estudio en campo en todo el tendido\u2026 son casi 400 kil\u00f3metros. Ya est\u00e1n los equipos en campo. Ya se est\u00e1 haciendo ese trabajo\u201d, expres\u00f3 el mandatario.<\/p>\n<p>www.eldiariodecoahuila.com.mx\/notas\/2015\/3\/23\/proyecto-hidraulico-monterrey-innecesario-monterrey-497134.asp<\/p>\n","protected":false},"excerpt":{"rendered":"<p>El Diario de Coahuila CNN M\u00e9xico. lunes, 23 de marzo de 2015 La pol\u00e9mica que envuelve al proyecto hidr\u00e1ulico Monterrey VI, por el reclamo de organismos empresariales, ambientalistas y civiles &hellip; <a href=\"http:\/\/www.grieta.org.mx\/index.php\/2015\/03\/23\/el-proyecto-hidraulico-monterrey-vi-innecesario-en-monterrey-ong\/\" class=\"more-link\">Leer m\u00e1s<\/a><\/p>\n","protected":false},"author":2,"featured_media":21928,"comment_status":"closed","ping_status":"open","sticky":false,"template":"","format":"standard","meta":{"ngg_post_thumbnail":0,"_jetpack_newsletter_access":"","_jetpack_dont_email_post_to_subs":false,"_jetpack_newsletter_tier_id":0,"_jetpack_memberships_contains_paywalled_content":false,"_jetpack_memberships_contains_paid_content":false,"footnotes":""},"categories":[80,202,38],"tags":[358],"class_list":["post-4724","post","type-post","status-publish","format-standard","has-post-thumbnail","hentry","category-cintillo","category-nuevo-leon","category-proyectos-hidricos","tag-monterrey-vi","entry"],"jetpack_featured_media_url":"http:\/\/www.grieta.org.mx\/wp-content\/uploads\/2018\/03\/14524434_1106112876131411_958039263622046936_o.jpg","jetpack_sharing_enabled":true,"jetpack_shortlink":"https:\/\/wp.me\/p7ZJR4-1ec","jetpack_likes_enabled":false,"jetpack-related-posts":[{"id":4784,"url":"http:\/\/www.grieta.org.mx\/index.php\/2015\/02\/08\/ciudadanos-demandan-cancelar-proyecto-hidraulico-monterrey-vi\/","url_meta":{"origin":4724,"position":0},"title":"Ciudadanos demandan cancelar proyecto hidr\u00e1ulico Monterrey VI","author":"grieta","date":"8 febrero, 2015","format":false,"excerpt":"La Jornada Por Erick Mu\u00f1iz Monterrey, N.L. M\u00e1s de 300 ciudadanos e integrantes de organismos no gubernamentales (Ongs) se manifestaron esta ma\u00f1ana frente al palacio de gobierno, en la explanada de Los H\u00e9roes, para exigir la cancelaci\u00f3n del proyecto hidr\u00e1ulico Monterrey VI, a cargo de constructoras encabezadas por el Grupo\u2026","rel":"","context":"En &quot;CINTILLO&quot;","block_context":{"text":"CINTILLO","link":"http:\/\/www.grieta.org.mx\/index.php\/category\/cintillo\/"},"img":{"alt_text":"","src":"https:\/\/i0.wp.com\/www.grieta.org.mx\/wp-content\/uploads\/2018\/03\/14524434_1106112876131411_958039263622046936_o.jpg?resize=350%2C200","width":350,"height":200,"srcset":"https:\/\/i0.wp.com\/www.grieta.org.mx\/wp-content\/uploads\/2018\/03\/14524434_1106112876131411_958039263622046936_o.jpg?resize=350%2C200 1x, https:\/\/i0.wp.com\/www.grieta.org.mx\/wp-content\/uploads\/2018\/03\/14524434_1106112876131411_958039263622046936_o.jpg?resize=525%2C300 1.5x, https:\/\/i0.wp.com\/www.grieta.org.mx\/wp-content\/uploads\/2018\/03\/14524434_1106112876131411_958039263622046936_o.jpg?resize=700%2C400 2x"},"classes":[]},{"id":4792,"url":"http:\/\/www.grieta.org.mx\/index.php\/2015\/01\/29\/piden-ong-cancelar-proyecto-hidraulico-monterrey-vi-de-consorcio-de-higa\/","url_meta":{"origin":4724,"position":1},"title":"Piden ONG cancelar proyecto hidr\u00e1ulico Monterrey VI de consorcio de Higa","author":"grieta","date":"29 enero, 2015","format":false,"excerpt":"La Jornada Por Erick Mu\u00f1iz Monterrey, NL. Organismos civiles de Nuevo Le\u00f3n solicitaron, a trav\u00e9s de desplegados publicados en Monterrey y la ciudad de M\u00e9xico, cancelar el proyecto hidr\u00e1ulico Monterrey VI, que consiste en trasladar agua del r\u00edo P\u00e1nuco, en Veracruz, a la presa Cerro Prieto, en Monterrey. La petici\u00f3n\u2026","rel":"","context":"En &quot;CINTILLO&quot;","block_context":{"text":"CINTILLO","link":"http:\/\/www.grieta.org.mx\/index.php\/category\/cintillo\/"},"img":{"alt_text":"","src":"https:\/\/i0.wp.com\/www.grieta.org.mx\/wp-content\/uploads\/2018\/03\/14524434_1106112876131411_958039263622046936_o.jpg?resize=350%2C200","width":350,"height":200,"srcset":"https:\/\/i0.wp.com\/www.grieta.org.mx\/wp-content\/uploads\/2018\/03\/14524434_1106112876131411_958039263622046936_o.jpg?resize=350%2C200 1x, https:\/\/i0.wp.com\/www.grieta.org.mx\/wp-content\/uploads\/2018\/03\/14524434_1106112876131411_958039263622046936_o.jpg?resize=525%2C300 1.5x, https:\/\/i0.wp.com\/www.grieta.org.mx\/wp-content\/uploads\/2018\/03\/14524434_1106112876131411_958039263622046936_o.jpg?resize=700%2C400 2x"},"classes":[]},{"id":4773,"url":"http:\/\/www.grieta.org.mx\/index.php\/2015\/02\/09\/el-controvertido-acueducto-monterrey-vi-inician-las-protestas\/","url_meta":{"origin":4724,"position":2},"title":"El controvertido Acueducto Monterrey VI; inician las protestas","author":"grieta","date":"9 febrero, 2015","format":false,"excerpt":"Econom\u00eda Hoy DAVID ORDAZ M\u00e1s de 300 ciudadanos e integrantes de organismos no gubernamentales se manifestaron frente al Palacio de Gobierno de Monterrey, Nuevo Le\u00f3n para exigir la cancelaci\u00f3n del proyecto hidr\u00e1ulico Monterrey VI, a cargo de constructoras encabezadas por el Grupo Higa, consorcio de Juan Armando Hinojosa Cant\u00fa. Asociaciones\u2026","rel":"","context":"En &quot;CINTILLO&quot;","block_context":{"text":"CINTILLO","link":"http:\/\/www.grieta.org.mx\/index.php\/category\/cintillo\/"},"img":{"alt_text":"","src":"https:\/\/i0.wp.com\/www.grieta.org.mx\/wp-content\/uploads\/2018\/03\/14524434_1106112876131411_958039263622046936_o.jpg?resize=350%2C200","width":350,"height":200,"srcset":"https:\/\/i0.wp.com\/www.grieta.org.mx\/wp-content\/uploads\/2018\/03\/14524434_1106112876131411_958039263622046936_o.jpg?resize=350%2C200 1x, https:\/\/i0.wp.com\/www.grieta.org.mx\/wp-content\/uploads\/2018\/03\/14524434_1106112876131411_958039263622046936_o.jpg?resize=525%2C300 1.5x, https:\/\/i0.wp.com\/www.grieta.org.mx\/wp-content\/uploads\/2018\/03\/14524434_1106112876131411_958039263622046936_o.jpg?resize=700%2C400 2x"},"classes":[]},{"id":4530,"url":"http:\/\/www.grieta.org.mx\/index.php\/2016\/09\/14\/proyecto-hidraulico-monterrey-vi\/","url_meta":{"origin":4724,"position":3},"title":"Proyecto Hidr\u00e1ulico Monterrey VI","author":"grieta","date":"14 septiembre, 2016","format":false,"excerpt":"13\/09\/16. Admite gobernador acuerdo con EPN sobre Monterrey VI'Milenio Monterrey 14\/08\/16. Proyecto de acueducto en Monterrey 'sigue vivo'El Economista 07\/07\/16. Exigen revisar alternativas a proyecto Monterrey VI Milenio Monterrey 18\/06\/16. Monterrey VI da\u00f1ar\u00eda a sectores productivos Milenio Tamaulipas 21\/05\/16. Planta gobernador a inconformes con Monterrey VI Milenio Monterrey 16\/05\/16. En\u2026","rel":"","context":"En &quot;NOTICIAS NACIONALES&quot;","block_context":{"text":"NOTICIAS NACIONALES","link":"http:\/\/www.grieta.org.mx\/index.php\/category\/noticias-nacionales\/"},"img":{"alt_text":"","src":"https:\/\/i0.wp.com\/www.grieta.org.mx\/wp-content\/uploads\/2018\/03\/14524434_1106112876131411_958039263622046936_o.jpg?resize=350%2C200","width":350,"height":200,"srcset":"https:\/\/i0.wp.com\/www.grieta.org.mx\/wp-content\/uploads\/2018\/03\/14524434_1106112876131411_958039263622046936_o.jpg?resize=350%2C200 1x, https:\/\/i0.wp.com\/www.grieta.org.mx\/wp-content\/uploads\/2018\/03\/14524434_1106112876131411_958039263622046936_o.jpg?resize=525%2C300 1.5x, https:\/\/i0.wp.com\/www.grieta.org.mx\/wp-content\/uploads\/2018\/03\/14524434_1106112876131411_958039263622046936_o.jpg?resize=700%2C400 2x"},"classes":[]},{"id":4765,"url":"http:\/\/www.grieta.org.mx\/index.php\/2015\/02\/09\/protestan-miles-contra-proyecto-monterrey-vi\/","url_meta":{"origin":4724,"position":4},"title":"Protestan miles contra proyecto Monterrey VI","author":"grieta","date":"9 febrero, 2015","format":false,"excerpt":"El Siglo de Torre\u00f3n Frente al Palacio de Gobierno, alrededor de mil ciudadanos, seg\u00fan cifras de organizadores, convocados a trav\u00e9s de redes sociales, acudieron para protestar contra la construcci\u00f3n del acueducto de 365 kil\u00f3metros que pretende traer agua del R\u00edo P\u00e1nuco, en Veracruz, a Nuevo Le\u00f3n. De las 12:00 a\u2026","rel":"","context":"En &quot;CINTILLO&quot;","block_context":{"text":"CINTILLO","link":"http:\/\/www.grieta.org.mx\/index.php\/category\/cintillo\/"},"img":{"alt_text":"","src":"https:\/\/i0.wp.com\/www.grieta.org.mx\/wp-content\/uploads\/2018\/03\/14524434_1106112876131411_958039263622046936_o.jpg?resize=350%2C200","width":350,"height":200,"srcset":"https:\/\/i0.wp.com\/www.grieta.org.mx\/wp-content\/uploads\/2018\/03\/14524434_1106112876131411_958039263622046936_o.jpg?resize=350%2C200 1x, https:\/\/i0.wp.com\/www.grieta.org.mx\/wp-content\/uploads\/2018\/03\/14524434_1106112876131411_958039263622046936_o.jpg?resize=525%2C300 1.5x, https:\/\/i0.wp.com\/www.grieta.org.mx\/wp-content\/uploads\/2018\/03\/14524434_1106112876131411_958039263622046936_o.jpg?resize=700%2C400 2x"},"classes":[]},{"id":4531,"url":"http:\/\/www.grieta.org.mx\/index.php\/2016\/01\/13\/reviven-en-nuevo-leon-proyecto-monterrey-vi\/","url_meta":{"origin":4724,"position":5},"title":"Reviven en Nuevo Le\u00f3n proyecto Monterrey VI","author":"grieta","date":"13 enero, 2016","format":false,"excerpt":"El Economista Aunque el gobernador aclara que s\u00f3lo ser\u00e1 en nombre, tambi\u00e9n llevar\u00e1 agua desde SLP. Lourdes Flores Realizar\u00e1n reestructura o ajustes al original El mandatario dijo que se encuentran analizando todas las posturas porque el l\u00edquido es necesario. Monterrey, NL. El gobernador de Nuevo Le\u00f3n, Jaime Rodr\u00edguez, dijo que\u2026","rel":"","context":"En &quot;CINTILLO&quot;","block_context":{"text":"CINTILLO","link":"http:\/\/www.grieta.org.mx\/index.php\/category\/cintillo\/"},"img":{"alt_text":"","src":"https:\/\/i0.wp.com\/www.grieta.org.mx\/wp-content\/uploads\/2018\/03\/14524434_1106112876131411_958039263622046936_o.jpg?resize=350%2C200","width":350,"height":200,"srcset":"https:\/\/i0.wp.com\/www.grieta.org.mx\/wp-content\/uploads\/2018\/03\/14524434_1106112876131411_958039263622046936_o.jpg?resize=350%2C200 1x, https:\/\/i0.wp.com\/www.grieta.org.mx\/wp-content\/uploads\/2018\/03\/14524434_1106112876131411_958039263622046936_o.jpg?resize=525%2C300 1.5x, https:\/\/i0.wp.com\/www.grieta.org.mx\/wp-content\/uploads\/2018\/03\/14524434_1106112876131411_958039263622046936_o.jpg?resize=700%2C400 2x"},"classes":[]}],"_links":{"self":[{"href":"http:\/\/www.grieta.org.mx\/index.php\/wp-json\/wp\/v2\/posts\/4724","targetHints":{"allow":["GET"]}}],"collection":[{"href":"http:\/\/www.grieta.org.mx\/index.php\/wp-json\/wp\/v2\/posts"}],"about":[{"href":"http:\/\/www.grieta.org.mx\/index.php\/wp-json\/wp\/v2\/types\/post"}],"author":[{"embeddable":true,"href":"http:\/\/www.grieta.org.mx\/index.php\/wp-json\/wp\/v2\/users\/2"}],"replies":[{"embeddable":true,"href":"http:\/\/www.grieta.org.mx\/index.php\/wp-json\/wp\/v2\/comments?post=4724"}],"version-history":[{"count":1,"href":"http:\/\/www.grieta.org.mx\/index.php\/wp-json\/wp\/v2\/posts\/4724\/revisions"}],"predecessor-version":[{"id":4725,"href":"http:\/\/www.grieta.org.mx\/index.php\/wp-json\/wp\/v2\/posts\/4724\/revisions\/4725"}],"wp:featuredmedia":[{"embeddable":true,"href":"http:\/\/www.grieta.org.mx\/index.php\/wp-json\/wp\/v2\/media\/21928"}],"wp:attachment":[{"href":"http:\/\/www.grieta.org.mx\/index.php\/wp-json\/wp\/v2\/media?parent=4724"}],"wp:term":[{"taxonomy":"category","embeddable":true,"href":"http:\/\/www.grieta.org.mx\/index.php\/wp-json\/wp\/v2\/categories?post=4724"},{"taxonomy":"post_tag","embeddable":true,"href":"http:\/\/www.grieta.org.mx\/index.php\/wp-json\/wp\/v2\/tags?post=4724"}],"curies":[{"name":"wp","href":"https:\/\/api.w.org\/{rel}","templated":true}]}}