{"id":4721,"date":"2015-03-24T17:44:56","date_gmt":"2015-03-24T17:44:56","guid":{"rendered":"http:\/\/50.22.11.12\/~grietaor\/?p=4721"},"modified":"2016-03-25T17:49:33","modified_gmt":"2016-03-25T17:49:33","slug":"califican-de-ilegal-plan-monterrey-vi","status":"publish","type":"post","link":"http:\/\/www.grieta.org.mx\/index.php\/2015\/03\/24\/califican-de-ilegal-plan-monterrey-vi\/","title":{"rendered":"Califican de ilegal plan Monterrey VI"},"content":{"rendered":"<p>No a Monterrey VI<\/p>\n<p>Por Mirna Ramos<\/p>\n<p>El hecho de que el proyecto Monterrey VI no est\u00e9 iniciado, como afirm\u00f3 el Gobernador, s\u00f3lo demuestra que la obra es ilegal y tiene vicios de origen que no fueron solventados, advirtieron ayer l\u00edderes de organismos ciudadanos.<\/p>\n<p>Los inconformes insistieron en que el acueducto debe suspenderse mientras no sean clarificadas todas las dudas surgidas hasta ahora.<\/p>\n<p>Cosijoopii Montero, representante de Reforestaci\u00f3n Extrema, opin\u00f3 que al no tener resuelta ni la posesi\u00f3n de la tierra queda claro que es un proyecto plagado de ilegalidades. Se\u00f1al\u00f3 que ni siquiera los funcionarios del Estado tienen claro el proyecto.<\/p>\n<p>\u201cEst\u00e1n pagando las consecuencias de haber lanzando un proyecto que es totalmente opaco, que est\u00e1 sin ning\u00fan tipo de planeaci\u00f3n, ni siquiera todos los datos que originalmente publicaron est\u00e1n siendo utilizados para justificar el proyecto.<\/p>\n<p>\u201cEl proyecto es un proyecto ilegal. Es obvio que vamos a exigir que este proyecto, de entrada, se detenga hasta que no se clarifique todo lo que estamos buscando\u201d, se\u00f1al\u00f3.<\/p>\n<p>EL NORTE public\u00f3 ayer que aunque el Gobernador Rodrigo Medina afirm\u00f3 que desde diciembre arrancaron trabajos preliminares en la zona del proyecto, durante un recorrido por el lugar se pudo constatar que no hay ning\u00fan trabajo en proceso. Adem\u00e1s, los lugare\u00f1os afectados por el paso de la obra ni siquiera han concretado la venta de sus tierras.<\/p>\n<p>Nora Toscano, presidenta de la Academia Nacional de Arquitectura en Monterrey, consider\u00f3 que el desconocimiento sobre los trabajos por parte de los pobladores afectados en sus predios muestra que ni siquiera hubo una consulta p\u00fablica y que el proceso no se realiz\u00f3 correctamente.<\/p>\n<p>\u201cTodo este discurso de legalidad que Agua y Drenaje y el Gobernador presumen pues no hay tal.<\/p>\n<p>\u201cEl proceso deb\u00eda tener una consulta p\u00fablica y no se realiz\u00f3, o sea, de origen, ya tiene vicios\u201d, dijo.<\/p>\n<p>Daniel Butruille, consejero de Evoluci\u00f3n Mexicana, consider\u00f3 que qued\u00f3 al descubierto el enga\u00f1o del Gobernador.<\/p>\n<p>Desde su punto de vista, hay muchos aspectos legales que est\u00e1n sin completar y por eso los trabajos no han podido iniciar.<\/p>\n<p>\u201cHay una especie de blof, un enga\u00f1o por parte del Gobernador del Estado\u201d, afirm\u00f3.<\/p>\n<p>\u201cPorque aparentemente no hay nada concreto y hay muchos aspectos legales pendientes todav\u00eda. Entonces, de alguna manera (el Gobernador) est\u00e1 como bravuc\u00f3n ah\u00ed, diciendo cosas que corresponden a su imaginaci\u00f3n.<\/p>\n<p>\u201cFirm\u00f3 el contrato, pero hay tantos impedimentos legales para iniciar la obra que se meter\u00eda en m\u00e1s broncas con la ley\u201d.<\/p>\n<p>Publicado en El Norte el 24 de marzo de 2015<\/p>\n<p><a href=\"http:\/\/noamonterreyvi.com\/2015\/03\/24\/califican-de-ilegal-plan-monterrey-vi-el-norte\/\" target=\"_blank\">noamonterreyvi.com\/2015\/03\/24\/califican-de-ilegal-plan-monterrey-vi-el-norte\/<\/a><\/p>\n","protected":false},"excerpt":{"rendered":"<p>No a Monterrey VI Por Mirna Ramos El hecho de que el proyecto Monterrey VI no est\u00e9 iniciado, como afirm\u00f3 el Gobernador, s\u00f3lo demuestra que la obra es ilegal y &hellip; <a href=\"http:\/\/www.grieta.org.mx\/index.php\/2015\/03\/24\/califican-de-ilegal-plan-monterrey-vi\/\" class=\"more-link\">Leer m\u00e1s<\/a><\/p>\n","protected":false},"author":2,"featured_media":21928,"comment_status":"closed","ping_status":"open","sticky":false,"template":"","format":"standard","meta":{"ngg_post_thumbnail":0,"_jetpack_newsletter_access":"","_jetpack_dont_email_post_to_subs":false,"_jetpack_newsletter_tier_id":0,"_jetpack_memberships_contains_paywalled_content":false,"_jetpack_memberships_contains_paid_content":false,"footnotes":""},"categories":[80,202,38],"tags":[358],"class_list":["post-4721","post","type-post","status-publish","format-standard","has-post-thumbnail","hentry","category-cintillo","category-nuevo-leon","category-proyectos-hidricos","tag-monterrey-vi","entry"],"jetpack_featured_media_url":"http:\/\/www.grieta.org.mx\/wp-content\/uploads\/2018\/03\/14524434_1106112876131411_958039263622046936_o.jpg","jetpack_sharing_enabled":true,"jetpack_shortlink":"https:\/\/wp.me\/p7ZJR4-1e9","jetpack_likes_enabled":false,"jetpack-related-posts":[{"id":4530,"url":"http:\/\/www.grieta.org.mx\/index.php\/2016\/09\/14\/proyecto-hidraulico-monterrey-vi\/","url_meta":{"origin":4721,"position":0},"title":"Proyecto Hidr\u00e1ulico Monterrey VI","author":"grieta","date":"14 septiembre, 2016","format":false,"excerpt":"13\/09\/16. Admite gobernador acuerdo con EPN sobre Monterrey VI'Milenio Monterrey 14\/08\/16. Proyecto de acueducto en Monterrey 'sigue vivo'El Economista 07\/07\/16. Exigen revisar alternativas a proyecto Monterrey VI Milenio Monterrey 18\/06\/16. Monterrey VI da\u00f1ar\u00eda a sectores productivos Milenio Tamaulipas 21\/05\/16. Planta gobernador a inconformes con Monterrey VI Milenio Monterrey 16\/05\/16. En\u2026","rel":"","context":"En &quot;NOTICIAS NACIONALES&quot;","block_context":{"text":"NOTICIAS NACIONALES","link":"http:\/\/www.grieta.org.mx\/index.php\/category\/noticias-nacionales\/"},"img":{"alt_text":"","src":"https:\/\/i0.wp.com\/www.grieta.org.mx\/wp-content\/uploads\/2018\/03\/14524434_1106112876131411_958039263622046936_o.jpg?resize=350%2C200","width":350,"height":200,"srcset":"https:\/\/i0.wp.com\/www.grieta.org.mx\/wp-content\/uploads\/2018\/03\/14524434_1106112876131411_958039263622046936_o.jpg?resize=350%2C200 1x, https:\/\/i0.wp.com\/www.grieta.org.mx\/wp-content\/uploads\/2018\/03\/14524434_1106112876131411_958039263622046936_o.jpg?resize=525%2C300 1.5x, https:\/\/i0.wp.com\/www.grieta.org.mx\/wp-content\/uploads\/2018\/03\/14524434_1106112876131411_958039263622046936_o.jpg?resize=700%2C400 2x"},"classes":[]},{"id":4556,"url":"http:\/\/www.grieta.org.mx\/index.php\/2015\/07\/17\/piden-cancelar-monterrey-vi-sin-pagar-indemnizacion\/","url_meta":{"origin":4721,"position":1},"title":"Piden cancelar Monterrey VI sin pagar indemnizaci\u00f3n","author":"grieta","date":"17 julio, 2015","format":false,"excerpt":"El Financiero Dirigentes de organizaciones de la sociedad civil de Nuevo Le\u00f3n consideraron que el proyecto Monterrey VI se debe cancelar sin pagar ning\u00fan tipo de indemnizaci\u00f3n. Juan Antonio Lara MONTERREY.- El proyecto Monterrey VI se debe cancelar sin pagar ning\u00fan tipo de indemnizaci\u00f3n, se\u00f1alaron dirigentes de organizaciones de la\u2026","rel":"","context":"En &quot;CINTILLO&quot;","block_context":{"text":"CINTILLO","link":"http:\/\/www.grieta.org.mx\/index.php\/category\/cintillo\/"},"img":{"alt_text":"","src":"https:\/\/i0.wp.com\/www.grieta.org.mx\/wp-content\/uploads\/2018\/03\/14524434_1106112876131411_958039263622046936_o.jpg?resize=350%2C200","width":350,"height":200,"srcset":"https:\/\/i0.wp.com\/www.grieta.org.mx\/wp-content\/uploads\/2018\/03\/14524434_1106112876131411_958039263622046936_o.jpg?resize=350%2C200 1x, https:\/\/i0.wp.com\/www.grieta.org.mx\/wp-content\/uploads\/2018\/03\/14524434_1106112876131411_958039263622046936_o.jpg?resize=525%2C300 1.5x, https:\/\/i0.wp.com\/www.grieta.org.mx\/wp-content\/uploads\/2018\/03\/14524434_1106112876131411_958039263622046936_o.jpg?resize=700%2C400 2x"},"classes":[]},{"id":4715,"url":"http:\/\/www.grieta.org.mx\/index.php\/2015\/04\/07\/el-proyecto-monterrey-vi-factores-para-su-cancelacion\/","url_meta":{"origin":4721,"position":2},"title":"El proyecto Monterrey VI: factores para su cancelaci\u00f3n","author":"grieta","date":"7 abril, 2015","format":false,"excerpt":"\u00a0No a Monterrey VI 7 abril, 2015 Les compartimos esta galer\u00eda multimedia publicada por elnorte.com el 7 de abril de 2015 en la que explican diversos factores por los que desde todos los \u00e1mbitos de la sociedad se exige la cancelaci\u00f3n del proyecto Monterrey VI. \u201cMientras el Gobierno de NL\u2026","rel":"","context":"En &quot;CINTILLO&quot;","block_context":{"text":"CINTILLO","link":"http:\/\/www.grieta.org.mx\/index.php\/category\/cintillo\/"},"img":{"alt_text":"","src":"https:\/\/i0.wp.com\/www.grieta.org.mx\/wp-content\/uploads\/2018\/03\/14524434_1106112876131411_958039263622046936_o.jpg?resize=350%2C200","width":350,"height":200,"srcset":"https:\/\/i0.wp.com\/www.grieta.org.mx\/wp-content\/uploads\/2018\/03\/14524434_1106112876131411_958039263622046936_o.jpg?resize=350%2C200 1x, https:\/\/i0.wp.com\/www.grieta.org.mx\/wp-content\/uploads\/2018\/03\/14524434_1106112876131411_958039263622046936_o.jpg?resize=525%2C300 1.5x, https:\/\/i0.wp.com\/www.grieta.org.mx\/wp-content\/uploads\/2018\/03\/14524434_1106112876131411_958039263622046936_o.jpg?resize=700%2C400 2x"},"classes":[]},{"id":14564,"url":"http:\/\/www.grieta.org.mx\/index.php\/2016\/06\/19\/afectaciones-en-tamaulipas-por-proyecto-monterrey-vi\/","url_meta":{"origin":4721,"position":3},"title":"Afectaciones en Tamaulipas por proyecto Monterrey VI","author":"grieta","date":"19 junio, 2016","format":false,"excerpt":"18\/06\/16. Monterrey VI da\u00f1ar\u00eda a sectores productivosMilenio Tamaulipas","rel":"","context":"En &quot;NOTICIAS NACIONALES&quot;","block_context":{"text":"NOTICIAS NACIONALES","link":"http:\/\/www.grieta.org.mx\/index.php\/category\/noticias-nacionales\/"},"img":{"alt_text":"","src":"https:\/\/i0.wp.com\/www.grieta.org.mx\/wp-content\/uploads\/2018\/03\/14524434_1106112876131411_958039263622046936_o.jpg?resize=350%2C200","width":350,"height":200,"srcset":"https:\/\/i0.wp.com\/www.grieta.org.mx\/wp-content\/uploads\/2018\/03\/14524434_1106112876131411_958039263622046936_o.jpg?resize=350%2C200 1x, https:\/\/i0.wp.com\/www.grieta.org.mx\/wp-content\/uploads\/2018\/03\/14524434_1106112876131411_958039263622046936_o.jpg?resize=525%2C300 1.5x, https:\/\/i0.wp.com\/www.grieta.org.mx\/wp-content\/uploads\/2018\/03\/14524434_1106112876131411_958039263622046936_o.jpg?resize=700%2C400 2x"},"classes":[]},{"id":4765,"url":"http:\/\/www.grieta.org.mx\/index.php\/2015\/02\/09\/protestan-miles-contra-proyecto-monterrey-vi\/","url_meta":{"origin":4721,"position":4},"title":"Protestan miles contra proyecto Monterrey VI","author":"grieta","date":"9 febrero, 2015","format":false,"excerpt":"El Siglo de Torre\u00f3n Frente al Palacio de Gobierno, alrededor de mil ciudadanos, seg\u00fan cifras de organizadores, convocados a trav\u00e9s de redes sociales, acudieron para protestar contra la construcci\u00f3n del acueducto de 365 kil\u00f3metros que pretende traer agua del R\u00edo P\u00e1nuco, en Veracruz, a Nuevo Le\u00f3n. De las 12:00 a\u2026","rel":"","context":"En &quot;CINTILLO&quot;","block_context":{"text":"CINTILLO","link":"http:\/\/www.grieta.org.mx\/index.php\/category\/cintillo\/"},"img":{"alt_text":"","src":"https:\/\/i0.wp.com\/www.grieta.org.mx\/wp-content\/uploads\/2018\/03\/14524434_1106112876131411_958039263622046936_o.jpg?resize=350%2C200","width":350,"height":200,"srcset":"https:\/\/i0.wp.com\/www.grieta.org.mx\/wp-content\/uploads\/2018\/03\/14524434_1106112876131411_958039263622046936_o.jpg?resize=350%2C200 1x, https:\/\/i0.wp.com\/www.grieta.org.mx\/wp-content\/uploads\/2018\/03\/14524434_1106112876131411_958039263622046936_o.jpg?resize=525%2C300 1.5x, https:\/\/i0.wp.com\/www.grieta.org.mx\/wp-content\/uploads\/2018\/03\/14524434_1106112876131411_958039263622046936_o.jpg?resize=700%2C400 2x"},"classes":[]},{"id":4567,"url":"http:\/\/www.grieta.org.mx\/index.php\/2015\/07\/08\/monterrey-vi-cronica-de-una-obra-polemica\/","url_meta":{"origin":4721,"position":5},"title":"Monterrey VI, cr\u00f3nica de una obra pol\u00e9mica","author":"grieta","date":"8 julio, 2015","format":false,"excerpt":"Milenio Eduardo Mendieta Monterrey, NL. Pese a que el proyecto Monterrey VI ha sido considerado desde hace un par de a\u00f1os en los planes de mandatarios estatales y federales, el acueducto ha creado pol\u00e9mica en la sociedad regiomontana casi desde su planteamiento. De acuerdo a reportes period\u00edsticos, el presidente Enrique\u2026","rel":"","context":"En &quot;CINTILLO&quot;","block_context":{"text":"CINTILLO","link":"http:\/\/www.grieta.org.mx\/index.php\/category\/cintillo\/"},"img":{"alt_text":"","src":"https:\/\/i0.wp.com\/www.grieta.org.mx\/wp-content\/uploads\/2018\/03\/14524434_1106112876131411_958039263622046936_o.jpg?resize=350%2C200","width":350,"height":200,"srcset":"https:\/\/i0.wp.com\/www.grieta.org.mx\/wp-content\/uploads\/2018\/03\/14524434_1106112876131411_958039263622046936_o.jpg?resize=350%2C200 1x, https:\/\/i0.wp.com\/www.grieta.org.mx\/wp-content\/uploads\/2018\/03\/14524434_1106112876131411_958039263622046936_o.jpg?resize=525%2C300 1.5x, https:\/\/i0.wp.com\/www.grieta.org.mx\/wp-content\/uploads\/2018\/03\/14524434_1106112876131411_958039263622046936_o.jpg?resize=700%2C400 2x"},"classes":[]}],"_links":{"self":[{"href":"http:\/\/www.grieta.org.mx\/index.php\/wp-json\/wp\/v2\/posts\/4721","targetHints":{"allow":["GET"]}}],"collection":[{"href":"http:\/\/www.grieta.org.mx\/index.php\/wp-json\/wp\/v2\/posts"}],"about":[{"href":"http:\/\/www.grieta.org.mx\/index.php\/wp-json\/wp\/v2\/types\/post"}],"author":[{"embeddable":true,"href":"http:\/\/www.grieta.org.mx\/index.php\/wp-json\/wp\/v2\/users\/2"}],"replies":[{"embeddable":true,"href":"http:\/\/www.grieta.org.mx\/index.php\/wp-json\/wp\/v2\/comments?post=4721"}],"version-history":[{"count":1,"href":"http:\/\/www.grieta.org.mx\/index.php\/wp-json\/wp\/v2\/posts\/4721\/revisions"}],"predecessor-version":[{"id":4722,"href":"http:\/\/www.grieta.org.mx\/index.php\/wp-json\/wp\/v2\/posts\/4721\/revisions\/4722"}],"wp:featuredmedia":[{"embeddable":true,"href":"http:\/\/www.grieta.org.mx\/index.php\/wp-json\/wp\/v2\/media\/21928"}],"wp:attachment":[{"href":"http:\/\/www.grieta.org.mx\/index.php\/wp-json\/wp\/v2\/media?parent=4721"}],"wp:term":[{"taxonomy":"category","embeddable":true,"href":"http:\/\/www.grieta.org.mx\/index.php\/wp-json\/wp\/v2\/categories?post=4721"},{"taxonomy":"post_tag","embeddable":true,"href":"http:\/\/www.grieta.org.mx\/index.php\/wp-json\/wp\/v2\/tags?post=4721"}],"curies":[{"name":"wp","href":"https:\/\/api.w.org\/{rel}","templated":true}]}}