{"id":4712,"date":"2015-04-24T17:34:27","date_gmt":"2015-04-24T17:34:27","guid":{"rendered":"http:\/\/50.22.11.12\/~grietaor\/?p=4712"},"modified":"2016-03-25T17:37:25","modified_gmt":"2016-03-25T17:37:25","slug":"cruzara-frontera-mty-vi","status":"publish","type":"post","link":"http:\/\/www.grieta.org.mx\/index.php\/2015\/04\/24\/cruzara-frontera-mty-vi\/","title":{"rendered":"Cruzar\u00e1 frontera MTY VI"},"content":{"rendered":"<p>No a Monterrey VI<\/p>\n<p>Alfredo Gonz\u00e1lez<\/p>\n<p>Porque el Estado ha ignorado los aspectos negativos del proyecto Monterrey VI para la salud de la poblaci\u00f3n, el Fondo de Agua Metropolitano de Monterrey (FAMM) presentar\u00e1 una queja ante las autoridades del Acuerdo Norteamericano de Cooperaci\u00f3n Ambiental, NAAEC, por sus siglas en ingl\u00e9s.<\/p>\n<p>Eugenio Clariond, presidente del FAMM, hizo el anuncio ante la Junta Anual de la Comisi\u00f3n para la Cooperaci\u00f3n Ambiental (CCAC), instituci\u00f3n de organismos no gubernamentales de M\u00e9xico, Estados Unidos y Canad\u00e1 que busca la protecci\u00f3n del medio ambiente.<\/p>\n<p>\u201cEn el caso de Monterrey VI, nuestras autoridades de agua no han tomado en cuenta, ni se han ocupado de m\u00faltiples aspectos negativos que impactan el costo y la factibilidad del proyecto, el cual tambi\u00e9n impacta la salud y la econom\u00eda de nuestra sociedad\u201d, enfatiz\u00f3 Clariond en el foro realizado en la EGADE del Tec de Monterrey.<\/p>\n<p>\u201cEllos han fallado en hacer cumplir las leyes ambientales, como son la Ley Nacional de Equilibrio Ecol\u00f3gico y la Protecci\u00f3n del Medio Ambiente, y la Ley General de Cambio Clim\u00e1tico\u201d.<\/p>\n<p>En entrevista, Clariond dijo desconocer el alcance de su queja, aunque aclar\u00f3 que los acuerdos internacionales deben respetarse.<\/p>\n<p>El pasado 4 de febrero, el empresario calific\u00f3 como nefasto el plan Monterrey VI y revel\u00f3 un estudio del organismo internacional The Nature Conservancy (TNC) con al menos nueve razones para descartar la viabilidad del proyecto, por ser caro y da\u00f1ar al medio ambiente.<\/p>\n<p>Monterrey VI consiste en la construcci\u00f3n de un acueducto de 372 kil\u00f3metros de largo que transportar\u00e1 agua de la Cuenca del R\u00edo P\u00e1nuco hasta la Presa Cerro Prieto y que al realizarse mediante una APP a 27 a\u00f1os, requerir\u00eda pagos por 61 mil 791 millones de pesos, 131 por ciento m\u00e1s que con un cr\u00e9dito bancario.<\/p>\n<p>Ayer, Clariond particip\u00f3 en un panel junto con ambientalistas de Estados Unidos y Canad\u00e1, dentro de los trabajos de Junta Anual de la CCAC.<\/p>\n<p>Uno de los asistentes cuestion\u00f3 al empresario sobre las diferencias entre Gobierno y sociedad en torno a Monterrey VI.<\/p>\n<p>\u201cEl problema es que el proyecto no se negoci\u00f3. Fue una ocurrencia del Gobernador (Rodrigo Medina) que quiere traer cinco metros c\u00fabicos adicionales de agua\u201d, respondi\u00f3 el empresario.<\/p>\n<p>\u201cEl proyecto no se necesita\u201d, asegur\u00f3.<\/p>\n<p>\u201cQueremos sentarnos a negociar\u201d, agreg\u00f3, \u201cporque el Gobernador cree que ser\u00e1 la obra de su sexenio, pero no lo va a ser, porque \u00e9l ya se va en unos meses, pero est\u00e1 montado en la idea de hacerlo\u201d.<\/p>\n<p><a href=\"http:\/\/noamonterreyvi.com\/2015\/04\/24\/cruzara-frontera-mty-vi-el-norte\/\" target=\"_blank\">http:\/\/noamonterreyvi.com\/2015\/04\/24\/cruzara-frontera-mty-vi-el-norte\/<\/a><\/p>\n","protected":false},"excerpt":{"rendered":"<p>No a Monterrey VI Alfredo Gonz\u00e1lez Porque el Estado ha ignorado los aspectos negativos del proyecto Monterrey VI para la salud de la poblaci\u00f3n, el Fondo de Agua Metropolitano de &hellip; <a href=\"http:\/\/www.grieta.org.mx\/index.php\/2015\/04\/24\/cruzara-frontera-mty-vi\/\" class=\"more-link\">Leer m\u00e1s<\/a><\/p>\n","protected":false},"author":2,"featured_media":21928,"comment_status":"closed","ping_status":"open","sticky":false,"template":"","format":"standard","meta":{"ngg_post_thumbnail":0,"_jetpack_newsletter_access":"","_jetpack_dont_email_post_to_subs":false,"_jetpack_newsletter_tier_id":0,"_jetpack_memberships_contains_paywalled_content":false,"_jetpack_memberships_contains_paid_content":false,"footnotes":""},"categories":[80,202,38],"tags":[358],"class_list":["post-4712","post","type-post","status-publish","format-standard","has-post-thumbnail","hentry","category-cintillo","category-nuevo-leon","category-proyectos-hidricos","tag-monterrey-vi","entry"],"jetpack_featured_media_url":"http:\/\/www.grieta.org.mx\/wp-content\/uploads\/2018\/03\/14524434_1106112876131411_958039263622046936_o.jpg","jetpack_sharing_enabled":true,"jetpack_shortlink":"https:\/\/wp.me\/p7ZJR4-1e0","jetpack_likes_enabled":false,"jetpack-related-posts":[{"id":4531,"url":"http:\/\/www.grieta.org.mx\/index.php\/2016\/01\/13\/reviven-en-nuevo-leon-proyecto-monterrey-vi\/","url_meta":{"origin":4712,"position":0},"title":"Reviven en Nuevo Le\u00f3n proyecto Monterrey VI","author":"grieta","date":"13 enero, 2016","format":false,"excerpt":"El Economista Aunque el gobernador aclara que s\u00f3lo ser\u00e1 en nombre, tambi\u00e9n llevar\u00e1 agua desde SLP. Lourdes Flores Realizar\u00e1n reestructura o ajustes al original El mandatario dijo que se encuentran analizando todas las posturas porque el l\u00edquido es necesario. Monterrey, NL. El gobernador de Nuevo Le\u00f3n, Jaime Rodr\u00edguez, dijo que\u2026","rel":"","context":"En &quot;CINTILLO&quot;","block_context":{"text":"CINTILLO","link":"http:\/\/www.grieta.org.mx\/index.php\/category\/cintillo\/"},"img":{"alt_text":"","src":"https:\/\/i0.wp.com\/www.grieta.org.mx\/wp-content\/uploads\/2018\/03\/14524434_1106112876131411_958039263622046936_o.jpg?resize=350%2C200","width":350,"height":200,"srcset":"https:\/\/i0.wp.com\/www.grieta.org.mx\/wp-content\/uploads\/2018\/03\/14524434_1106112876131411_958039263622046936_o.jpg?resize=350%2C200 1x, https:\/\/i0.wp.com\/www.grieta.org.mx\/wp-content\/uploads\/2018\/03\/14524434_1106112876131411_958039263622046936_o.jpg?resize=525%2C300 1.5x, https:\/\/i0.wp.com\/www.grieta.org.mx\/wp-content\/uploads\/2018\/03\/14524434_1106112876131411_958039263622046936_o.jpg?resize=700%2C400 2x"},"classes":[]},{"id":4838,"url":"http:\/\/www.grieta.org.mx\/index.php\/2016\/02\/22\/cuidado-el-fondo-del-agua-metropolitano-de-monterrey-considera-valido-traer-a-nl-agua-del-rio-panuco\/","url_meta":{"origin":4712,"position":1},"title":"\u00a1CUIDADO! EL FONDO DEL AGUA METROPOLITANO DE MONTERREY CONSIDERA V\u00c1LIDO TRAER A NL AGUA DEL R\u00cdO P\u00c1NUCO","author":"grieta","date":"22 febrero, 2016","format":false,"excerpt":"No a Monterrey VI Llama la atenci\u00f3n la\u00a0declaraci\u00f3n\u00a0de Eugenio Clariond Reyes, presidente del Fondo del Agua Metropolitano de Monterrey (FAMM), quien afirma que \u201ctraer agua desde el R\u00edo P\u00e1nuco a\u00fan es una alternativa\u201d. Habr\u00eda que recordarle al se\u00f1or Clariond que hay razones t\u00e9cnicas, econ\u00f3micas, ecol\u00f3gicas y sociopol\u00edticas que dejan claro\u2026","rel":"","context":"En &quot;CINTILLO&quot;","block_context":{"text":"CINTILLO","link":"http:\/\/www.grieta.org.mx\/index.php\/category\/cintillo\/"},"img":{"alt_text":"","src":"https:\/\/i0.wp.com\/www.grieta.org.mx\/wp-content\/uploads\/2018\/03\/14524434_1106112876131411_958039263622046936_o.jpg?resize=350%2C200","width":350,"height":200,"srcset":"https:\/\/i0.wp.com\/www.grieta.org.mx\/wp-content\/uploads\/2018\/03\/14524434_1106112876131411_958039263622046936_o.jpg?resize=350%2C200 1x, https:\/\/i0.wp.com\/www.grieta.org.mx\/wp-content\/uploads\/2018\/03\/14524434_1106112876131411_958039263622046936_o.jpg?resize=525%2C300 1.5x, https:\/\/i0.wp.com\/www.grieta.org.mx\/wp-content\/uploads\/2018\/03\/14524434_1106112876131411_958039263622046936_o.jpg?resize=700%2C400 2x"},"classes":[]},{"id":20181,"url":"http:\/\/www.grieta.org.mx\/index.php\/2016\/08\/14\/proyecto-de-acueducto-en-monterrey-sigue-vivo\/","url_meta":{"origin":4712,"position":2},"title":"Proyecto de acueducto en Monterrey &#8216;sigue vivo&#8217;","author":"grieta","date":"14 agosto, 2016","format":false,"excerpt":"Lourdes Flores Pol\u00e9mico plan para acarrear agua del r\u00edo tampa\u00f3n Proyecto de acueducto en Monterrey, viable pero en estudio Se analiza junto con otras 27 propuestas de abastecimiento. El gobierno de Nuevo Le\u00f3n anunciar\u00e1 la decisi\u00f3n definitiva sobre el plan Monterrey VI, en febrero del 2017. Foto: Shutterstock Monterrey, NL.\u2026","rel":"","context":"En &quot;CINTILLO&quot;","block_context":{"text":"CINTILLO","link":"http:\/\/www.grieta.org.mx\/index.php\/category\/cintillo\/"},"img":{"alt_text":"","src":"https:\/\/i0.wp.com\/www.grieta.org.mx\/wp-content\/uploads\/2018\/03\/14524434_1106112876131411_958039263622046936_o.jpg?resize=350%2C200","width":350,"height":200,"srcset":"https:\/\/i0.wp.com\/www.grieta.org.mx\/wp-content\/uploads\/2018\/03\/14524434_1106112876131411_958039263622046936_o.jpg?resize=350%2C200 1x, https:\/\/i0.wp.com\/www.grieta.org.mx\/wp-content\/uploads\/2018\/03\/14524434_1106112876131411_958039263622046936_o.jpg?resize=525%2C300 1.5x, https:\/\/i0.wp.com\/www.grieta.org.mx\/wp-content\/uploads\/2018\/03\/14524434_1106112876131411_958039263622046936_o.jpg?resize=700%2C400 2x"},"classes":[]},{"id":4715,"url":"http:\/\/www.grieta.org.mx\/index.php\/2015\/04\/07\/el-proyecto-monterrey-vi-factores-para-su-cancelacion\/","url_meta":{"origin":4712,"position":3},"title":"El proyecto Monterrey VI: factores para su cancelaci\u00f3n","author":"grieta","date":"7 abril, 2015","format":false,"excerpt":"\u00a0No a Monterrey VI 7 abril, 2015 Les compartimos esta galer\u00eda multimedia publicada por elnorte.com el 7 de abril de 2015 en la que explican diversos factores por los que desde todos los \u00e1mbitos de la sociedad se exige la cancelaci\u00f3n del proyecto Monterrey VI. \u201cMientras el Gobierno de NL\u2026","rel":"","context":"En &quot;CINTILLO&quot;","block_context":{"text":"CINTILLO","link":"http:\/\/www.grieta.org.mx\/index.php\/category\/cintillo\/"},"img":{"alt_text":"","src":"https:\/\/i0.wp.com\/www.grieta.org.mx\/wp-content\/uploads\/2018\/03\/14524434_1106112876131411_958039263622046936_o.jpg?resize=350%2C200","width":350,"height":200,"srcset":"https:\/\/i0.wp.com\/www.grieta.org.mx\/wp-content\/uploads\/2018\/03\/14524434_1106112876131411_958039263622046936_o.jpg?resize=350%2C200 1x, https:\/\/i0.wp.com\/www.grieta.org.mx\/wp-content\/uploads\/2018\/03\/14524434_1106112876131411_958039263622046936_o.jpg?resize=525%2C300 1.5x, https:\/\/i0.wp.com\/www.grieta.org.mx\/wp-content\/uploads\/2018\/03\/14524434_1106112876131411_958039263622046936_o.jpg?resize=700%2C400 2x"},"classes":[]},{"id":4530,"url":"http:\/\/www.grieta.org.mx\/index.php\/2016\/09\/14\/proyecto-hidraulico-monterrey-vi\/","url_meta":{"origin":4712,"position":4},"title":"Proyecto Hidr\u00e1ulico Monterrey VI","author":"grieta","date":"14 septiembre, 2016","format":false,"excerpt":"13\/09\/16. Admite gobernador acuerdo con EPN sobre Monterrey VI'Milenio Monterrey 14\/08\/16. Proyecto de acueducto en Monterrey 'sigue vivo'El Economista 07\/07\/16. Exigen revisar alternativas a proyecto Monterrey VI Milenio Monterrey 18\/06\/16. Monterrey VI da\u00f1ar\u00eda a sectores productivos Milenio Tamaulipas 21\/05\/16. Planta gobernador a inconformes con Monterrey VI Milenio Monterrey 16\/05\/16. En\u2026","rel":"","context":"En &quot;NOTICIAS NACIONALES&quot;","block_context":{"text":"NOTICIAS NACIONALES","link":"http:\/\/www.grieta.org.mx\/index.php\/category\/noticias-nacionales\/"},"img":{"alt_text":"","src":"https:\/\/i0.wp.com\/www.grieta.org.mx\/wp-content\/uploads\/2018\/03\/14524434_1106112876131411_958039263622046936_o.jpg?resize=350%2C200","width":350,"height":200,"srcset":"https:\/\/i0.wp.com\/www.grieta.org.mx\/wp-content\/uploads\/2018\/03\/14524434_1106112876131411_958039263622046936_o.jpg?resize=350%2C200 1x, https:\/\/i0.wp.com\/www.grieta.org.mx\/wp-content\/uploads\/2018\/03\/14524434_1106112876131411_958039263622046936_o.jpg?resize=525%2C300 1.5x, https:\/\/i0.wp.com\/www.grieta.org.mx\/wp-content\/uploads\/2018\/03\/14524434_1106112876131411_958039263622046936_o.jpg?resize=700%2C400 2x"},"classes":[]},{"id":17801,"url":"http:\/\/www.grieta.org.mx\/index.php\/2016\/07\/07\/exigen-revisar-alternativas-a-proyecto-monterrey-vi\/","url_meta":{"origin":4712,"position":5},"title":"Exigen revisar alternativas a proyecto Monterrey VI","author":"grieta","date":"7 julio, 2016","format":false,"excerpt":"Syndy Garc\u00eda Movimiento Ambientalista del Noreste exige al gobierno del Estado que no decida sobre Monterrey VI solo en base a estudios del Fondo Metropolitano del Agua. Antes de tomar una decisi\u00f3n sobre el proyecto Monterrey VI, integrantes de organizaciones civiles demandaron que se exija a las autoridades estatales revisar\u2026","rel":"","context":"En &quot;CINTILLO&quot;","block_context":{"text":"CINTILLO","link":"http:\/\/www.grieta.org.mx\/index.php\/category\/cintillo\/"},"img":{"alt_text":"","src":"https:\/\/i0.wp.com\/www.grieta.org.mx\/wp-content\/uploads\/2018\/03\/14524434_1106112876131411_958039263622046936_o.jpg?resize=350%2C200","width":350,"height":200,"srcset":"https:\/\/i0.wp.com\/www.grieta.org.mx\/wp-content\/uploads\/2018\/03\/14524434_1106112876131411_958039263622046936_o.jpg?resize=350%2C200 1x, https:\/\/i0.wp.com\/www.grieta.org.mx\/wp-content\/uploads\/2018\/03\/14524434_1106112876131411_958039263622046936_o.jpg?resize=525%2C300 1.5x, https:\/\/i0.wp.com\/www.grieta.org.mx\/wp-content\/uploads\/2018\/03\/14524434_1106112876131411_958039263622046936_o.jpg?resize=700%2C400 2x"},"classes":[]}],"_links":{"self":[{"href":"http:\/\/www.grieta.org.mx\/index.php\/wp-json\/wp\/v2\/posts\/4712","targetHints":{"allow":["GET"]}}],"collection":[{"href":"http:\/\/www.grieta.org.mx\/index.php\/wp-json\/wp\/v2\/posts"}],"about":[{"href":"http:\/\/www.grieta.org.mx\/index.php\/wp-json\/wp\/v2\/types\/post"}],"author":[{"embeddable":true,"href":"http:\/\/www.grieta.org.mx\/index.php\/wp-json\/wp\/v2\/users\/2"}],"replies":[{"embeddable":true,"href":"http:\/\/www.grieta.org.mx\/index.php\/wp-json\/wp\/v2\/comments?post=4712"}],"version-history":[{"count":1,"href":"http:\/\/www.grieta.org.mx\/index.php\/wp-json\/wp\/v2\/posts\/4712\/revisions"}],"predecessor-version":[{"id":4713,"href":"http:\/\/www.grieta.org.mx\/index.php\/wp-json\/wp\/v2\/posts\/4712\/revisions\/4713"}],"wp:featuredmedia":[{"embeddable":true,"href":"http:\/\/www.grieta.org.mx\/index.php\/wp-json\/wp\/v2\/media\/21928"}],"wp:attachment":[{"href":"http:\/\/www.grieta.org.mx\/index.php\/wp-json\/wp\/v2\/media?parent=4712"}],"wp:term":[{"taxonomy":"category","embeddable":true,"href":"http:\/\/www.grieta.org.mx\/index.php\/wp-json\/wp\/v2\/categories?post=4712"},{"taxonomy":"post_tag","embeddable":true,"href":"http:\/\/www.grieta.org.mx\/index.php\/wp-json\/wp\/v2\/tags?post=4712"}],"curies":[{"name":"wp","href":"https:\/\/api.w.org\/{rel}","templated":true}]}}