{"id":47098,"date":"2020-03-31T01:39:00","date_gmt":"2020-03-31T07:39:00","guid":{"rendered":"http:\/\/www.grieta.org.mx\/?p=47098"},"modified":"2020-04-02T02:00:57","modified_gmt":"2020-04-02T08:00:57","slug":"personal-medico-se-manifiesta-en-eje-central-solicitan-insumos-ciudad-de-mexico","status":"publish","type":"post","link":"http:\/\/www.grieta.org.mx\/index.php\/2020\/03\/31\/personal-medico-se-manifiesta-en-eje-central-solicitan-insumos-ciudad-de-mexico\/","title":{"rendered":"Personal m\u00e9dico se manifiesta en Eje Central, solicitan insumos (Ciudad de M\u00e9xico)"},"content":{"rendered":"<p><img loading=\"lazy\" decoding=\"async\" data-attachment-id=\"47100\" data-permalink=\"http:\/\/www.grieta.org.mx\/index.php\/2020\/03\/31\/personal-medico-se-manifiesta-en-eje-central-solicitan-insumos-ciudad-de-mexico\/personal-medico-se-manifiesta-en-eje-central-solicitan-insumos-cdmx-abr\/\" data-orig-file=\"http:\/\/www.grieta.org.mx\/wp-content\/uploads\/2020\/04\/Personal-m\u00e9dico-se-manifiesta-en-Eje-Central-solicitan-insumos-cdmx-abr.jpg\" data-orig-size=\"268,188\" data-comments-opened=\"0\" data-image-meta=\"{&quot;aperture&quot;:&quot;0&quot;,&quot;credit&quot;:&quot;&quot;,&quot;camera&quot;:&quot;&quot;,&quot;caption&quot;:&quot;&quot;,&quot;created_timestamp&quot;:&quot;0&quot;,&quot;copyright&quot;:&quot;&quot;,&quot;focal_length&quot;:&quot;0&quot;,&quot;iso&quot;:&quot;0&quot;,&quot;shutter_speed&quot;:&quot;0&quot;,&quot;title&quot;:&quot;&quot;,&quot;orientation&quot;:&quot;0&quot;}\" data-image-title=\"Personal m\u00e9dico se manifiesta en Eje Central, solicitan insumos cdmx abr\" data-image-description=\"\" data-image-caption=\"\" data-medium-file=\"http:\/\/www.grieta.org.mx\/wp-content\/uploads\/2020\/04\/Personal-m\u00e9dico-se-manifiesta-en-Eje-Central-solicitan-insumos-cdmx-abr.jpg\" data-large-file=\"http:\/\/www.grieta.org.mx\/wp-content\/uploads\/2020\/04\/Personal-m\u00e9dico-se-manifiesta-en-Eje-Central-solicitan-insumos-cdmx-abr.jpg\" class=\"aligncenter size-full wp-image-47100\" src=\"http:\/\/www.grieta.org.mx\/wp-content\/uploads\/2020\/04\/Personal-m\u00e9dico-se-manifiesta-en-Eje-Central-solicitan-insumos-cdmx-abr.jpg\" alt=\"\" width=\"268\" height=\"188\" \/><br \/>\n<em>Imagen tomada de: letraroja.com<\/em><\/p>\n<p>Letra Roja<\/p>\n<blockquote><p>Los trabajadores solicitan a las autoridades insumos y equipo para poder realizar su trabajo de manera segura ante la contingencia<\/p><\/blockquote>\n<p>M\u00e9xico. Este martes, personal m\u00e9dico inici\u00f3 una manifestaci\u00f3n en el cruce de Eje Central, L\u00e1zaro C\u00e1rdenas y Manuel Gonz\u00e1lez en la Ciudad de M\u00e9xico.<\/p>\n<p>Esta protesta est\u00e1 integrada principalmente por enfermeras y personal del Hospital General de zona n\u00famero 27 de Tlatelolco.<\/p>\n<p>En su reclamo, los trabajadores solicitan a las autoridades insumos y equipo para poder realizar su trabajo de manera segura ante la contingencia.<\/p>\n<p>Cabe mencionar, que esta no es la primera marcha que se realiza por dicha causa, en estados como Quintana Roo, Quer\u00e9taro, Estado de M\u00e9xico, Baja California y San Luis Potos\u00ed, personal m\u00e9dico tambi\u00e9n ha denunciado al gobierno la falta de equipo m\u00e9dico y de protecci\u00f3n.<\/p>\n<p>Asimismo, se\u00f1alan que no se les ha capacitado para dar atenci\u00f3n pertinente a los pacientes que llegan con Covd-19.<\/p>\n<p>Adem\u00e1s, indican que las pruebas para verificar si se es portador del virus son muy limitadas, por lo que tienen que ser muy selectivos a la hora de dar un diagnostico final.<\/p>\n<p>Con informaci\u00f3n de Jorge Becerril \/ Red vial.<\/p>\n<p><a href=\"https:\/\/letraroja.com\/index.php\/personal-medico-se-manifiesta-en-eje-central-solicitan-insumos\/\" target=\"_blank\" rel=\"noopener noreferrer\">https:\/\/letraroja.com\/index.php\/personal-medico-se-manifiesta-en-eje-central-solicitan-insumos\/<\/a><\/p>\n","protected":false},"excerpt":{"rendered":"<p>Imagen tomada de: letraroja.com Letra Roja Los trabajadores solicitan a las autoridades insumos y equipo para poder realizar su trabajo de manera segura ante la contingencia M\u00e9xico. Este martes, personal &hellip; <a href=\"http:\/\/www.grieta.org.mx\/index.php\/2020\/03\/31\/personal-medico-se-manifiesta-en-eje-central-solicitan-insumos-ciudad-de-mexico\/\" class=\"more-link\">Leer m\u00e1s<\/a><\/p>\n","protected":false},"author":2,"featured_media":47100,"comment_status":"closed","ping_status":"closed","sticky":false,"template":"","format":"standard","meta":{"ngg_post_thumbnail":0,"_jetpack_newsletter_access":"","_jetpack_dont_email_post_to_subs":false,"_jetpack_newsletter_tier_id":0,"_jetpack_memberships_contains_paywalled_content":false,"_jetpack_memberships_contains_paid_content":false,"footnotes":""},"categories":[80,14,918,3033,1225,910,2,2119,83],"tags":[2367,312,2366,2841],"class_list":["post-47098","post","type-post","status-publish","format-standard","has-post-thumbnail","hentry","category-cintillo","category-ciudad-de-mexico","category-privatizacion-del-sector-salud","category-crisis-en-el-sector-salud-en-la-ciudad-de-mexico","category-explotacion-laboral-en-la-ciudad-de-mexico","category-explotacion-y-precariedad-laboral","category-noticias-nacionales","category-precarizacion-de-las-condiciones-laborales-en-la-ciudad-de-mexico","category-temas-nacionales","tag-crisis-en-el-sector-salud","tag-desabasto","tag-desabasto-de-medicinas","tag-explotacion-y-precariedad-laboral","entry"],"jetpack_featured_media_url":"http:\/\/www.grieta.org.mx\/wp-content\/uploads\/2020\/04\/Personal-m\u00e9dico-se-manifiesta-en-Eje-Central-solicitan-insumos-cdmx-abr.jpg","jetpack_sharing_enabled":true,"jetpack_shortlink":"https:\/\/wp.me\/p7ZJR4-cfE","jetpack_likes_enabled":false,"jetpack-related-posts":[{"id":48327,"url":"http:\/\/www.grieta.org.mx\/index.php\/2020\/04\/27\/personal-medico-bloquea-ermita-iztapalapa-por-falta-de-insumos-ciudad-de-mexico\/","url_meta":{"origin":47098,"position":0},"title":"Personal m\u00e9dico bloquea Ermita Iztapalapa por falta de insumos (Ciudad de M\u00e9xico)","author":"grieta","date":"27 abril, 2020","format":false,"excerpt":"Foto: @GRAWPEREZ Diario de M\u00e9xico Ciudad de M\u00e9xico. -M\u00e9dicos, enfermeras y personal de salud que trabaja en el Hospital Pedi\u00e1trico de Iztapalapa, mantienen bloqueada la circulaci\u00f3n en la Avenida Ermita Iztapalapa, entre Eje 3 Oriente y La Viga. El personal m\u00e9dico asegura que no tienen los materiales necesarios, como cubrebocas\u2026","rel":"","context":"En &quot;CINTILLO&quot;","block_context":{"text":"CINTILLO","link":"http:\/\/www.grieta.org.mx\/index.php\/category\/cintillo\/"},"img":{"alt_text":"","src":"https:\/\/i0.wp.com\/www.grieta.org.mx\/wp-content\/uploads\/2020\/04\/Personal-m%C3%A9dico-bloquea-Ermita-Iztapalapa-por-falta-de-insumos-cdmx-abr.jpg?resize=350%2C200","width":350,"height":200,"srcset":"https:\/\/i0.wp.com\/www.grieta.org.mx\/wp-content\/uploads\/2020\/04\/Personal-m%C3%A9dico-bloquea-Ermita-Iztapalapa-por-falta-de-insumos-cdmx-abr.jpg?resize=350%2C200 1x, https:\/\/i0.wp.com\/www.grieta.org.mx\/wp-content\/uploads\/2020\/04\/Personal-m%C3%A9dico-bloquea-Ermita-Iztapalapa-por-falta-de-insumos-cdmx-abr.jpg?resize=525%2C300 1.5x, https:\/\/i0.wp.com\/www.grieta.org.mx\/wp-content\/uploads\/2020\/04\/Personal-m%C3%A9dico-bloquea-Ermita-Iztapalapa-por-falta-de-insumos-cdmx-abr.jpg?resize=700%2C400 2x, https:\/\/i0.wp.com\/www.grieta.org.mx\/wp-content\/uploads\/2020\/04\/Personal-m%C3%A9dico-bloquea-Ermita-Iztapalapa-por-falta-de-insumos-cdmx-abr.jpg?resize=1050%2C600 3x"},"classes":[]},{"id":46712,"url":"http:\/\/www.grieta.org.mx\/index.php\/2020\/03\/20\/personal-del-imss-bloquea-eje-4-sur-exigen-material-y-protocolos-para-atender-covid-19-ciudad-de-mexico\/","url_meta":{"origin":47098,"position":1},"title":"Personal del IMSS bloquea Eje 4 Sur; exigen material y protocolos para atender COVID-19 (Ciudad de M\u00e9xico)","author":"grieta","date":"20 marzo, 2020","format":false,"excerpt":"Foto: Arturo \u00c1ngel Animal Pol\u00edtico Solicitan material, protocolos para el manejo del coronavirus, as\u00ed como m\u00e1s seguridad Personal del Instituto Mexicano del Seguro Social (IMSS) del Hospital Regional n\u00famero 1 \u201cDr. Carlos Mac Gregor S\u00e1nchez Navarro\u201d se manifestaron sobre el Eje 4 Sur, en exigencia de m\u00e1s insumos para atender\u2026","rel":"","context":"En &quot;CINTILLO&quot;","block_context":{"text":"CINTILLO","link":"http:\/\/www.grieta.org.mx\/index.php\/category\/cintillo\/"},"img":{"alt_text":"","src":"https:\/\/i0.wp.com\/www.grieta.org.mx\/wp-content\/uploads\/2020\/03\/Personal-del-IMSS-bloquea-Eje-4-Sur-exigen-material-y-protocolos-para-atender-COVID-19-cdmx-mzo.jpg?resize=350%2C200","width":350,"height":200,"srcset":"https:\/\/i0.wp.com\/www.grieta.org.mx\/wp-content\/uploads\/2020\/03\/Personal-del-IMSS-bloquea-Eje-4-Sur-exigen-material-y-protocolos-para-atender-COVID-19-cdmx-mzo.jpg?resize=350%2C200 1x, https:\/\/i0.wp.com\/www.grieta.org.mx\/wp-content\/uploads\/2020\/03\/Personal-del-IMSS-bloquea-Eje-4-Sur-exigen-material-y-protocolos-para-atender-COVID-19-cdmx-mzo.jpg?resize=525%2C300 1.5x, https:\/\/i0.wp.com\/www.grieta.org.mx\/wp-content\/uploads\/2020\/03\/Personal-del-IMSS-bloquea-Eje-4-Sur-exigen-material-y-protocolos-para-atender-COVID-19-cdmx-mzo.jpg?resize=700%2C400 2x, https:\/\/i0.wp.com\/www.grieta.org.mx\/wp-content\/uploads\/2020\/03\/Personal-del-IMSS-bloquea-Eje-4-Sur-exigen-material-y-protocolos-para-atender-COVID-19-cdmx-mzo.jpg?resize=1050%2C600 3x"},"classes":[]},{"id":46659,"url":"http:\/\/www.grieta.org.mx\/index.php\/2020\/03\/23\/personal-del-imss-protesta-por-falta-de-insumos-y-protocolos-ante-covid-19-ciudad-de-mexico\/","url_meta":{"origin":47098,"position":2},"title":"Personal del IMSS protesta por falta de insumos y protocolos ante Covid-19 (Ciudad de M\u00e9xico)","author":"grieta","date":"23 marzo, 2020","format":false,"excerpt":"Foto: Jorge Gonz\u00e1lez Jorge Gonz\u00e1lez \/ Excelsior Enfermeras, camilleros y doctores de la Cl\u00ednica 32, piden capacitaci\u00f3n y medidas para la recepci\u00f3n de pacientes CIUDAD DE M\u00c9XICO. La ma\u00f1ana de este lunes, trabajadores del Instituto Mexicano del Seguro Social (IMSS) salieron a las calles a levantar la voz por la\u2026","rel":"","context":"En &quot;CINTILLO&quot;","block_context":{"text":"CINTILLO","link":"http:\/\/www.grieta.org.mx\/index.php\/category\/cintillo\/"},"img":{"alt_text":"","src":"https:\/\/i0.wp.com\/www.grieta.org.mx\/wp-content\/uploads\/2020\/03\/Personal-del-IMSS-protesta-por-falta-de-insumos-y-protocolos-ante-Covid-19-cdmx-mzo.jpg?resize=350%2C200","width":350,"height":200,"srcset":"https:\/\/i0.wp.com\/www.grieta.org.mx\/wp-content\/uploads\/2020\/03\/Personal-del-IMSS-protesta-por-falta-de-insumos-y-protocolos-ante-Covid-19-cdmx-mzo.jpg?resize=350%2C200 1x, https:\/\/i0.wp.com\/www.grieta.org.mx\/wp-content\/uploads\/2020\/03\/Personal-del-IMSS-protesta-por-falta-de-insumos-y-protocolos-ante-Covid-19-cdmx-mzo.jpg?resize=525%2C300 1.5x, https:\/\/i0.wp.com\/www.grieta.org.mx\/wp-content\/uploads\/2020\/03\/Personal-del-IMSS-protesta-por-falta-de-insumos-y-protocolos-ante-Covid-19-cdmx-mzo.jpg?resize=700%2C400 2x, https:\/\/i0.wp.com\/www.grieta.org.mx\/wp-content\/uploads\/2020\/03\/Personal-del-IMSS-protesta-por-falta-de-insumos-y-protocolos-ante-Covid-19-cdmx-mzo.jpg?resize=1050%2C600 3x"},"classes":[]},{"id":47810,"url":"http:\/\/www.grieta.org.mx\/index.php\/2020\/04\/13\/personal-medico-del-imss-exige-insumos-para-atender-coronavirus-ciudad-de-mexico\/","url_meta":{"origin":47098,"position":3},"title":"Personal m\u00e9dico del IMSS exige insumos para atender coronavirus (Ciudad de M\u00e9xico)","author":"grieta","date":"13 abril, 2020","format":false,"excerpt":"Imagen tomada de: www.eluniversal.com.mx Carla Mart\u00ednez \/ El Universal Personal que labora en el Hospital General de Zona Venados del IMSS bloque\u00f3 la avenida Municipio Libre para exigir insumos m\u00e9dicos para atender a pacientes con Covid-19 Por falta de insumos m\u00e9dicos para atender a pacientes con Covid-19, personal de salud\u2026","rel":"","context":"En &quot;CINTILLO&quot;","block_context":{"text":"CINTILLO","link":"http:\/\/www.grieta.org.mx\/index.php\/category\/cintillo\/"},"img":{"alt_text":"","src":"https:\/\/i0.wp.com\/www.grieta.org.mx\/wp-content\/uploads\/2020\/04\/Personal-m%C3%A9dico-del-IMSS-exige-insumos-para-atender-coronavirus-cdmx-abr.jpg?resize=350%2C200","width":350,"height":200},"classes":[]},{"id":48333,"url":"http:\/\/www.grieta.org.mx\/index.php\/2020\/04\/27\/bloquean-calzada-vallejo-por-falta-de-insumos-en-el-hospital-la-raza-ciudad-de-mexico\/","url_meta":{"origin":47098,"position":4},"title":"Bloquean Calzada Vallejo por falta de insumos en el Hospital La Raza (Ciudad de M\u00e9xico)","author":"grieta","date":"27 abril, 2020","format":false,"excerpt":"Personal de La Raza exige insumos m\u00e9dicos para laborar. Foto: Germ\u00e1n Canseco Rodrigo Vera \/ Proceso Personal m\u00e9dico del Hospital La Raza realiz\u00f3 esta tarde una protesta para exigir insumos m\u00e9dicos que les permitan atender a sus pacientes con coronavirus, aparte de que, se\u00f1alan, 45 de sus compa\u00f1eros ya han\u2026","rel":"","context":"En &quot;CINTILLO&quot;","block_context":{"text":"CINTILLO","link":"http:\/\/www.grieta.org.mx\/index.php\/category\/cintillo\/"},"img":{"alt_text":"","src":"https:\/\/i0.wp.com\/www.grieta.org.mx\/wp-content\/uploads\/2020\/04\/Bloquean-Calzada-Vallejo-por-falta-de-insumos-en-el-Hospital-La-Raza-cdmx-abr.jpg?resize=350%2C200","width":350,"height":200,"srcset":"https:\/\/i0.wp.com\/www.grieta.org.mx\/wp-content\/uploads\/2020\/04\/Bloquean-Calzada-Vallejo-por-falta-de-insumos-en-el-Hospital-La-Raza-cdmx-abr.jpg?resize=350%2C200 1x, https:\/\/i0.wp.com\/www.grieta.org.mx\/wp-content\/uploads\/2020\/04\/Bloquean-Calzada-Vallejo-por-falta-de-insumos-en-el-Hospital-La-Raza-cdmx-abr.jpg?resize=525%2C300 1.5x, https:\/\/i0.wp.com\/www.grieta.org.mx\/wp-content\/uploads\/2020\/04\/Bloquean-Calzada-Vallejo-por-falta-de-insumos-en-el-Hospital-La-Raza-cdmx-abr.jpg?resize=700%2C400 2x"},"classes":[]},{"id":47953,"url":"http:\/\/www.grieta.org.mx\/index.php\/2020\/04\/14\/mascarillas-n95-que-llegaron-al-hospital-1-de-octubre-se-extraviaron-ana-maria-pilares-ciudad-de-mexico\/","url_meta":{"origin":47098,"position":5},"title":"Mascarillas N95 que llegaron al hospital 1 de Octubre se extraviaron: Ana Mar\u00eda Pilares (Ciudad de M\u00e9xico)","author":"grieta","date":"14 abril, 2020","format":false,"excerpt":"Varias enfermeras y m\u00e9dicos han sido atacados por las personas en las calles. FOTO: Cuartoscuro El Heraldo de M\u00e9xico La enfermera del hospital 1 de Octubre del ISSSTE, denunci\u00f3 que mientras el subsecretario de salud Hugo L\u00f3pez Gatell ha dicho que los insumos ya han sido entregados, la realidad es\u2026","rel":"","context":"En &quot;CINTILLO&quot;","block_context":{"text":"CINTILLO","link":"http:\/\/www.grieta.org.mx\/index.php\/category\/cintillo\/"},"img":{"alt_text":"","src":"https:\/\/i0.wp.com\/www.grieta.org.mx\/wp-content\/uploads\/2020\/04\/Mascarillas-N95-que-llegaron-al-hospital-1-de-Octubre-se-extraviaron-Ana-Mar%C3%ADa-Pilares-cdmx-abr.jpg?resize=350%2C200","width":350,"height":200},"classes":[]}],"_links":{"self":[{"href":"http:\/\/www.grieta.org.mx\/index.php\/wp-json\/wp\/v2\/posts\/47098","targetHints":{"allow":["GET"]}}],"collection":[{"href":"http:\/\/www.grieta.org.mx\/index.php\/wp-json\/wp\/v2\/posts"}],"about":[{"href":"http:\/\/www.grieta.org.mx\/index.php\/wp-json\/wp\/v2\/types\/post"}],"author":[{"embeddable":true,"href":"http:\/\/www.grieta.org.mx\/index.php\/wp-json\/wp\/v2\/users\/2"}],"replies":[{"embeddable":true,"href":"http:\/\/www.grieta.org.mx\/index.php\/wp-json\/wp\/v2\/comments?post=47098"}],"version-history":[{"count":1,"href":"http:\/\/www.grieta.org.mx\/index.php\/wp-json\/wp\/v2\/posts\/47098\/revisions"}],"predecessor-version":[{"id":47101,"href":"http:\/\/www.grieta.org.mx\/index.php\/wp-json\/wp\/v2\/posts\/47098\/revisions\/47101"}],"wp:featuredmedia":[{"embeddable":true,"href":"http:\/\/www.grieta.org.mx\/index.php\/wp-json\/wp\/v2\/media\/47100"}],"wp:attachment":[{"href":"http:\/\/www.grieta.org.mx\/index.php\/wp-json\/wp\/v2\/media?parent=47098"}],"wp:term":[{"taxonomy":"category","embeddable":true,"href":"http:\/\/www.grieta.org.mx\/index.php\/wp-json\/wp\/v2\/categories?post=47098"},{"taxonomy":"post_tag","embeddable":true,"href":"http:\/\/www.grieta.org.mx\/index.php\/wp-json\/wp\/v2\/tags?post=47098"}],"curies":[{"name":"wp","href":"https:\/\/api.w.org\/{rel}","templated":true}]}}