{"id":46908,"date":"2020-03-26T12:55:46","date_gmt":"2020-03-26T18:55:46","guid":{"rendered":"http:\/\/www.grieta.org.mx\/?p=46908"},"modified":"2020-03-28T13:03:25","modified_gmt":"2020-03-28T19:03:25","slug":"protestan-maestros-de-jalisco-por-falta-de-pagos","status":"publish","type":"post","link":"http:\/\/www.grieta.org.mx\/index.php\/2020\/03\/26\/protestan-maestros-de-jalisco-por-falta-de-pagos\/","title":{"rendered":"Protestan maestros de Jalisco por falta de pagos"},"content":{"rendered":"<p><img loading=\"lazy\" decoding=\"async\" data-attachment-id=\"46909\" data-permalink=\"http:\/\/www.grieta.org.mx\/index.php\/2020\/03\/26\/protestan-maestros-de-jalisco-por-falta-de-pagos\/whatsapp-image-2020-03-26-at-17-57-51-696x522\/\" data-orig-file=\"http:\/\/www.grieta.org.mx\/wp-content\/uploads\/2020\/03\/WhatsApp-Image-2020-03-26-at-17.57.51-696x522.jpeg\" data-orig-size=\"696,522\" data-comments-opened=\"0\" data-image-meta=\"{&quot;aperture&quot;:&quot;0&quot;,&quot;credit&quot;:&quot;&quot;,&quot;camera&quot;:&quot;&quot;,&quot;caption&quot;:&quot;&quot;,&quot;created_timestamp&quot;:&quot;0&quot;,&quot;copyright&quot;:&quot;&quot;,&quot;focal_length&quot;:&quot;0&quot;,&quot;iso&quot;:&quot;0&quot;,&quot;shutter_speed&quot;:&quot;0&quot;,&quot;title&quot;:&quot;&quot;,&quot;orientation&quot;:&quot;0&quot;}\" data-image-title=\"WhatsApp-Image-2020-03-26-at-17.57.51-696&amp;#215;522\" data-image-description=\"\" data-image-caption=\"\" data-medium-file=\"http:\/\/www.grieta.org.mx\/wp-content\/uploads\/2020\/03\/WhatsApp-Image-2020-03-26-at-17.57.51-696x522-300x225.jpeg\" data-large-file=\"http:\/\/www.grieta.org.mx\/wp-content\/uploads\/2020\/03\/WhatsApp-Image-2020-03-26-at-17.57.51-696x522.jpeg\" class=\"aligncenter wp-image-46909\" src=\"http:\/\/www.grieta.org.mx\/wp-content\/uploads\/2020\/03\/WhatsApp-Image-2020-03-26-at-17.57.51-696x522.jpeg\" alt=\"\" width=\"800\" height=\"600\" srcset=\"http:\/\/www.grieta.org.mx\/wp-content\/uploads\/2020\/03\/WhatsApp-Image-2020-03-26-at-17.57.51-696x522.jpeg 696w, http:\/\/www.grieta.org.mx\/wp-content\/uploads\/2020\/03\/WhatsApp-Image-2020-03-26-at-17.57.51-696x522-300x225.jpeg 300w, http:\/\/www.grieta.org.mx\/wp-content\/uploads\/2020\/03\/WhatsApp-Image-2020-03-26-at-17.57.51-696x522-667x500.jpeg 667w\" sizes=\"auto, (max-width: 800px) 100vw, 800px\" \/><\/p>\n<p>Foto: Violeta Mel\u00e9ndez<\/p>\n<p><em>Una veintena de maestros y personal administrativo de educaci\u00f3n b\u00e1sica protest\u00f3 este jueves a las afueras de Palacio de Gobierno para exigir el pago de salarios que la Secretar\u00eda de Educaci\u00f3n Jalisco les adeuda<\/em><\/p>\n<p>Violeta Mel\u00e9ndez \/ UDGTV<\/p>\n<p>Guadalajara Jalisco. Una veintena de maestros y personal administrativo de educaci\u00f3n b\u00e1sica protest\u00f3 este jueves a las afueras de Palacio de Gobierno para <strong>exigir el pago de salarios que la Secretar\u00eda de Educaci\u00f3n Jalisco les adeuda<\/strong>\u00a0desde hace meses.<\/p>\n<p>Algunos de ellos tienen desde noviembre sin paga y otros desde enero, sin embargo\u00a0<strong>no han\u00a0<\/strong><strong>dejado de trabajar\u00a0<\/strong>incluso en medio de la contingencia sanitaria por coronavirus, pues sus actividades contin\u00faan de manera remota.<\/p>\n<p>Uno de los aspectos que m\u00e1s preocupa al magisterio es que\u00a0<strong>desde la Secretar\u00eda de Educaci\u00f3n federal les env\u00edan sus comprobantes de pago<\/strong>\u00a0quincenal pero el dinero no llega a sus cuentas, de ah\u00ed que su reclamo lo dirigen al gobierno estatal debido a que, se\u00f1alan, la Secretar\u00eda de Educaci\u00f3n de Jalisco es la que retiene el dinero.<\/p>\n<p>Una de las maestras que protest\u00f3 fue reconocida por la SEP al haber obtenido un destacado desempe\u00f1o en la prueba docente de matem\u00e1ticas, y aunque<strong>\u00a0le prometieron un aumento de\u00a0<\/strong><strong>sueldo\u00a0<\/strong>y la asignaci\u00f3n de m\u00e1s horas frente a clase, a la fecha le pagan menos que antes.<\/p>\n<p><a href=\"http:\/\/udgtv.com\/noticias\/protestan-maestros-de-jalisco-por-falta-de-pagos\/\">http:\/\/udgtv.com\/noticias\/protestan-maestros-de-jalisco-por-falta-de-pagos\/<\/a><\/p>\n","protected":false},"excerpt":{"rendered":"<p>Foto: Violeta Mel\u00e9ndez Una veintena de maestros y personal administrativo de educaci\u00f3n b\u00e1sica protest\u00f3 este jueves a las afueras de Palacio de Gobierno para exigir el pago de salarios que &hellip; <a href=\"http:\/\/www.grieta.org.mx\/index.php\/2020\/03\/26\/protestan-maestros-de-jalisco-por-falta-de-pagos\/\" class=\"more-link\">Leer m\u00e1s<\/a><\/p>\n","protected":false},"author":2,"featured_media":46909,"comment_status":"closed","ping_status":"closed","sticky":false,"template":"","format":"standard","meta":{"ngg_post_thumbnail":0,"_jetpack_newsletter_access":"","_jetpack_dont_email_post_to_subs":false,"_jetpack_newsletter_tier_id":0,"_jetpack_memberships_contains_paywalled_content":false,"_jetpack_memberships_contains_paid_content":false,"footnotes":""},"categories":[80,1722,910,20,2,83],"tags":[1909,105,1082,3217,2251],"class_list":["post-46908","post","type-post","status-publish","format-standard","has-post-thumbnail","hentry","category-cintillo","category-conflictos-laborales-de-trabajadores-del-estado-en-jalisco","category-explotacion-y-precariedad-laboral","category-jalisco","category-noticias-nacionales","category-temas-nacionales","tag-burocratas-y-maestros-sin-salario-ni-aguinaldo","tag-derechos-laborales","tag-falta-de-pagos","tag-falta-de-pagos-a-maestros","tag-manifestacion-maestros","entry"],"jetpack_featured_media_url":"http:\/\/www.grieta.org.mx\/wp-content\/uploads\/2020\/03\/WhatsApp-Image-2020-03-26-at-17.57.51-696x522.jpeg","jetpack_sharing_enabled":true,"jetpack_shortlink":"https:\/\/wp.me\/p7ZJR4-ccA","jetpack_likes_enabled":false,"jetpack-related-posts":[{"id":47153,"url":"http:\/\/www.grieta.org.mx\/index.php\/2020\/03\/31\/maestros-estan-desesperados-por-la-falta-de-pago-de-sus-salarios-y-realizan-protesta-jalisco\/","url_meta":{"origin":46908,"position":0},"title":"Maestros est\u00e1n desesperados por la falta de pago de sus salarios y realizan protesta (Jalisco)","author":"grieta","date":"31 marzo, 2020","format":false,"excerpt":"Foto: Ignacio P\u00e9rez Vega De persistir el problema de pagos, los maestros est\u00e1n considerando la posibilidad de que las siguientes protestas, est\u00e9n acompa\u00f1ados por padres de familia de las escuelas donde dan clases Ignacio P\u00e9rez Vega \/ UDGTV Guadalajara, Jalisco. Maestros de preescolar, primaria y secundaria se manifestaron en las\u2026","rel":"","context":"En &quot;CINTILLO&quot;","block_context":{"text":"CINTILLO","link":"http:\/\/www.grieta.org.mx\/index.php\/category\/cintillo\/"},"img":{"alt_text":"","src":"https:\/\/i0.wp.com\/www.grieta.org.mx\/wp-content\/uploads\/2020\/04\/Maestros-protesta-Ignacio-2-696x329.jpeg?resize=350%2C200","width":350,"height":200,"srcset":"https:\/\/i0.wp.com\/www.grieta.org.mx\/wp-content\/uploads\/2020\/04\/Maestros-protesta-Ignacio-2-696x329.jpeg?resize=350%2C200 1x, https:\/\/i0.wp.com\/www.grieta.org.mx\/wp-content\/uploads\/2020\/04\/Maestros-protesta-Ignacio-2-696x329.jpeg?resize=525%2C300 1.5x"},"classes":[]},{"id":55743,"url":"http:\/\/www.grieta.org.mx\/index.php\/2020\/12\/07\/maestros-toman-oficinas-centrales-del-colegio-de-bachilleres-jalisco\/","url_meta":{"origin":46908,"position":1},"title":"Maestros toman oficinas centrales del Colegio de Bachilleres (Jalisco)","author":"grieta","date":"7 diciembre, 2020","format":false,"excerpt":"Foto: Ignacio P\u00e9rez Vega Ignacio P\u00e9rez Vega \/ UDGTV Guadalajara, Jalisco.\u00a0Maestros del Sindicato \u00danico de Acad\u00e9micos del Colegio de Bachilleres, con el apoyo de la Asamblea Magisterial Democr\u00e1tica, tomaron las oficinas centrales del Colegio de Bachilleres, situadas en la calle Pedro Moreno, casi esquina con avenida Chapultepec. Los profesores llegaron\u2026","rel":"","context":"En &quot;CINTILLO&quot;","block_context":{"text":"CINTILLO","link":"http:\/\/www.grieta.org.mx\/index.php\/category\/cintillo\/"},"img":{"alt_text":"","src":"https:\/\/i0.wp.com\/www.grieta.org.mx\/wp-content\/uploads\/2020\/12\/Toman-oficinas-Ignacio-Perez-Vega-2-696x522-1.jpeg?resize=350%2C200","width":350,"height":200,"srcset":"https:\/\/i0.wp.com\/www.grieta.org.mx\/wp-content\/uploads\/2020\/12\/Toman-oficinas-Ignacio-Perez-Vega-2-696x522-1.jpeg?resize=350%2C200 1x, https:\/\/i0.wp.com\/www.grieta.org.mx\/wp-content\/uploads\/2020\/12\/Toman-oficinas-Ignacio-Perez-Vega-2-696x522-1.jpeg?resize=525%2C300 1.5x"},"classes":[]},{"id":51536,"url":"http:\/\/www.grieta.org.mx\/index.php\/2020\/06\/29\/hay-3-mil-casos-de-profesores-con-salarios-atrasados-jalisco\/","url_meta":{"origin":46908,"position":2},"title":"Hay 3 mil casos de profesores con salarios atrasados (Jalisco)","author":"grieta","date":"29 junio, 2020","format":false,"excerpt":"Foto: Ignacio P\u00e9rez Vega Ignacio P\u00e9rez Vega \/ UDGTV Guadalajara, Jalisco.\u00a0Para los maestros de educaci\u00f3n b\u00e1sica del sistema educativo ya no es noticia que la Secretar\u00eda de Educaci\u00f3n siga sin resolver el problema de falta de pago de salarios. En este momento, el c\u00e1lculo es que son 3 mil los\u2026","rel":"","context":"En &quot;CINTILLO&quot;","block_context":{"text":"CINTILLO","link":"http:\/\/www.grieta.org.mx\/index.php\/category\/cintillo\/"},"img":{"alt_text":"","src":"https:\/\/i0.wp.com\/www.grieta.org.mx\/wp-content\/uploads\/2020\/07\/Mestros-sin-pago-Ignacio-P%C3%A9rez-Vega.jpeg?resize=350%2C200","width":350,"height":200,"srcset":"https:\/\/i0.wp.com\/www.grieta.org.mx\/wp-content\/uploads\/2020\/07\/Mestros-sin-pago-Ignacio-P%C3%A9rez-Vega.jpeg?resize=350%2C200 1x, https:\/\/i0.wp.com\/www.grieta.org.mx\/wp-content\/uploads\/2020\/07\/Mestros-sin-pago-Ignacio-P%C3%A9rez-Vega.jpeg?resize=525%2C300 1.5x, https:\/\/i0.wp.com\/www.grieta.org.mx\/wp-content\/uploads\/2020\/07\/Mestros-sin-pago-Ignacio-P%C3%A9rez-Vega.jpeg?resize=700%2C400 2x, https:\/\/i0.wp.com\/www.grieta.org.mx\/wp-content\/uploads\/2020\/07\/Mestros-sin-pago-Ignacio-P%C3%A9rez-Vega.jpeg?resize=1050%2C600 3x"},"classes":[]},{"id":46518,"url":"http:\/\/www.grieta.org.mx\/index.php\/2020\/03\/10\/maestros-de-la-costa-norte-de-jalisco-protestan-en-la-drse-por-la-falta-de-pago\/","url_meta":{"origin":46908,"position":3},"title":"Maestros de la Costa Norte de Jalisco protestan en la DRSE por la falta de pago","author":"grieta","date":"10 marzo, 2020","format":false,"excerpt":"Foto: Javier Fr\u00edas Los maestros permanecer\u00e1n hasta la tarde de hoy al exterior de la dependencia estatal aqu\u00ed en Puerto Vallarta, misma que no abri\u00f3 sus puertas Equipo Editorial \/ UDGTV Puerto Vallarta Jalisco. Debido a que, desde agosto pasado, 320 profesores de educaci\u00f3n b\u00e1sica de los municipios de Puerto\u2026","rel":"","context":"En &quot;CINTILLO&quot;","block_context":{"text":"CINTILLO","link":"http:\/\/www.grieta.org.mx\/index.php\/category\/cintillo\/"},"img":{"alt_text":"","src":"https:\/\/i0.wp.com\/www.grieta.org.mx\/wp-content\/uploads\/2020\/03\/Protesta-DRSE-JAvier-Fr%C3%ADas-Pv-696x392.jpeg?resize=350%2C200","width":350,"height":200,"srcset":"https:\/\/i0.wp.com\/www.grieta.org.mx\/wp-content\/uploads\/2020\/03\/Protesta-DRSE-JAvier-Fr%C3%ADas-Pv-696x392.jpeg?resize=350%2C200 1x, https:\/\/i0.wp.com\/www.grieta.org.mx\/wp-content\/uploads\/2020\/03\/Protesta-DRSE-JAvier-Fr%C3%ADas-Pv-696x392.jpeg?resize=525%2C300 1.5x"},"classes":[]},{"id":49672,"url":"http:\/\/www.grieta.org.mx\/index.php\/2020\/05\/19\/protestan-maestros-de-la-seccion-16-de-snte-por-falta-de-pago-jalisco\/","url_meta":{"origin":46908,"position":4},"title":"Protestan maestros de la secci\u00f3n 16 de SNTE por falta de pago (Jalisco)","author":"grieta","date":"19 mayo, 2020","format":false,"excerpt":"Foto: Rafael Hern\u00e1ndez Adri\u00e1n Delgado, vocero de la secci\u00f3n 16 del sindicato, dijo en entrevista con Se\u00f1al Informativa que son tres mil 207 casos de profesores a los que se les adeudan hasta un a\u00f1o de salario Rafael Hern\u00e1ndez \/ UDGTV Guadalajara, Jalisco. Maestros de la secci\u00f3n 16 del Sindicato\u2026","rel":"","context":"En &quot;CINTILLO&quot;","block_context":{"text":"CINTILLO","link":"http:\/\/www.grieta.org.mx\/index.php\/category\/cintillo\/"},"img":{"alt_text":"","src":"https:\/\/i0.wp.com\/www.grieta.org.mx\/wp-content\/uploads\/2020\/05\/Protestan-maestros-Rafael-Hern%C3%A1ndez-1-696x706.jpeg?resize=350%2C200","width":350,"height":200,"srcset":"https:\/\/i0.wp.com\/www.grieta.org.mx\/wp-content\/uploads\/2020\/05\/Protestan-maestros-Rafael-Hern%C3%A1ndez-1-696x706.jpeg?resize=350%2C200 1x, https:\/\/i0.wp.com\/www.grieta.org.mx\/wp-content\/uploads\/2020\/05\/Protestan-maestros-Rafael-Hern%C3%A1ndez-1-696x706.jpeg?resize=525%2C300 1.5x"},"classes":[]},{"id":54668,"url":"http:\/\/www.grieta.org.mx\/index.php\/2020\/10\/29\/maestros-presentan-287-quejas-contra-sej-por-falta-de-pago-jalisco\/","url_meta":{"origin":46908,"position":5},"title":"Maestros presentan 287 quejas contra SEJ por falta de pago (Jalisco)","author":"grieta","date":"29 octubre, 2020","format":false,"excerpt":"Foto: Archivo NTR Juan Levario \/ El Diario NTR Maestros\u00a0presentaron\u00a0287 quejas ante la Comisi\u00f3n Estatal de Derechos Humanos Jalisco (CEDHJ) por falta de pagos\u00a0por parte de\u00a0la Secretar\u00eda de Educaci\u00f3n Jalisco (SEJ). Los recursos fueron iniciados entre enero y septiembre, seg\u00fan\u00a0un\u00a0posicionamiento que el organismo emiti\u00f3\u00a0ayer, en el cual\u00a0defini\u00f3 como fundamental el\u2026","rel":"","context":"En &quot;CINTILLO&quot;","block_context":{"text":"CINTILLO","link":"http:\/\/www.grieta.org.mx\/index.php\/category\/cintillo\/"},"img":{"alt_text":"","src":"https:\/\/i0.wp.com\/www.grieta.org.mx\/wp-content\/uploads\/2020\/11\/2020-10-29_05-10-09___9495.jpg?resize=350%2C200","width":350,"height":200},"classes":[]}],"_links":{"self":[{"href":"http:\/\/www.grieta.org.mx\/index.php\/wp-json\/wp\/v2\/posts\/46908","targetHints":{"allow":["GET"]}}],"collection":[{"href":"http:\/\/www.grieta.org.mx\/index.php\/wp-json\/wp\/v2\/posts"}],"about":[{"href":"http:\/\/www.grieta.org.mx\/index.php\/wp-json\/wp\/v2\/types\/post"}],"author":[{"embeddable":true,"href":"http:\/\/www.grieta.org.mx\/index.php\/wp-json\/wp\/v2\/users\/2"}],"replies":[{"embeddable":true,"href":"http:\/\/www.grieta.org.mx\/index.php\/wp-json\/wp\/v2\/comments?post=46908"}],"version-history":[{"count":1,"href":"http:\/\/www.grieta.org.mx\/index.php\/wp-json\/wp\/v2\/posts\/46908\/revisions"}],"predecessor-version":[{"id":46912,"href":"http:\/\/www.grieta.org.mx\/index.php\/wp-json\/wp\/v2\/posts\/46908\/revisions\/46912"}],"wp:featuredmedia":[{"embeddable":true,"href":"http:\/\/www.grieta.org.mx\/index.php\/wp-json\/wp\/v2\/media\/46909"}],"wp:attachment":[{"href":"http:\/\/www.grieta.org.mx\/index.php\/wp-json\/wp\/v2\/media?parent=46908"}],"wp:term":[{"taxonomy":"category","embeddable":true,"href":"http:\/\/www.grieta.org.mx\/index.php\/wp-json\/wp\/v2\/categories?post=46908"},{"taxonomy":"post_tag","embeddable":true,"href":"http:\/\/www.grieta.org.mx\/index.php\/wp-json\/wp\/v2\/tags?post=46908"}],"curies":[{"name":"wp","href":"https:\/\/api.w.org\/{rel}","templated":true}]}}