{"id":46893,"date":"2020-03-26T11:30:08","date_gmt":"2020-03-26T17:30:08","guid":{"rendered":"http:\/\/www.grieta.org.mx\/?p=46893"},"modified":"2020-03-28T11:43:33","modified_gmt":"2020-03-28T17:43:33","slug":"172-mil-trabajadores-en-colima-sufren-pobreza-laboral","status":"publish","type":"post","link":"http:\/\/www.grieta.org.mx\/index.php\/2020\/03\/26\/172-mil-trabajadores-en-colima-sufren-pobreza-laboral\/","title":{"rendered":"172 mil trabajadores en Colima sufren pobreza laboral"},"content":{"rendered":"<p><img loading=\"lazy\" decoding=\"async\" data-attachment-id=\"46894\" data-permalink=\"http:\/\/www.grieta.org.mx\/index.php\/2020\/03\/26\/172-mil-trabajadores-en-colima-sufren-pobreza-laboral\/colima-tierra-de-pobres\/\" data-orig-file=\"http:\/\/www.grieta.org.mx\/wp-content\/uploads\/2020\/03\/Colima-tierra-de-pobres.png\" data-orig-size=\"808,424\" data-comments-opened=\"0\" data-image-meta=\"{&quot;aperture&quot;:&quot;0&quot;,&quot;credit&quot;:&quot;&quot;,&quot;camera&quot;:&quot;&quot;,&quot;caption&quot;:&quot;&quot;,&quot;created_timestamp&quot;:&quot;0&quot;,&quot;copyright&quot;:&quot;&quot;,&quot;focal_length&quot;:&quot;0&quot;,&quot;iso&quot;:&quot;0&quot;,&quot;shutter_speed&quot;:&quot;0&quot;,&quot;title&quot;:&quot;&quot;,&quot;orientation&quot;:&quot;0&quot;}\" data-image-title=\"Colima-tierra-de-pobres\" data-image-description=\"\" data-image-caption=\"\" data-medium-file=\"http:\/\/www.grieta.org.mx\/wp-content\/uploads\/2020\/03\/Colima-tierra-de-pobres-300x157.png\" data-large-file=\"http:\/\/www.grieta.org.mx\/wp-content\/uploads\/2020\/03\/Colima-tierra-de-pobres.png\" class=\"aligncenter wp-image-46894\" src=\"http:\/\/www.grieta.org.mx\/wp-content\/uploads\/2020\/03\/Colima-tierra-de-pobres.png\" alt=\"\" width=\"800\" height=\"420\" srcset=\"http:\/\/www.grieta.org.mx\/wp-content\/uploads\/2020\/03\/Colima-tierra-de-pobres.png 808w, http:\/\/www.grieta.org.mx\/wp-content\/uploads\/2020\/03\/Colima-tierra-de-pobres-300x157.png 300w, http:\/\/www.grieta.org.mx\/wp-content\/uploads\/2020\/03\/Colima-tierra-de-pobres-768x403.png 768w\" sizes=\"auto, (max-width: 800px) 100vw, 800px\" \/><\/p>\n<p>Foto: Diario Avanzada<\/p>\n<p>Heidi de Le\u00f3n Guti\u00e9rrez \/ Diario Avanzada<\/p>\n<p>Colima, M\u00e9xico, Avanzada (26\/03\/2020).- En Colima, el 23 por ciento de la poblaci\u00f3n registra un ingreso laboral inferior al costo de la canasta b\u00e1sica, seg\u00fan la medici\u00f3n realizada por el Consejo Nacional de Evaluaci\u00f3n (Coneval), durante el cuarto trimestre de 2019.<\/p>\n<p>Lo anterior significa que ese porcentaje de trabajadores reciben un salario insuficiente para satisfacer sus demandas de alimentaci\u00f3n,\u00a0es decir, que el pago de su jornada es inferior al salario m\u00ednimo.<\/p>\n<p>El Coneval report\u00f3\u00a0que en el cuarto trimestre de 2019, el ingreso laboral promedio de la poblaci\u00f3n ocupada a nivel nacional fue de 4 mil 176 pesos con 25 centavos al mes.<\/p>\n<p>Incluso, el mismo Consejo muestra la desigualdad salarial que existe entre los hombres y mujeres, pues los varones ocupados reportaron un ingreso laboral mensual de 4 mil 590 pesos con 17 centavos y las mujeres, 3 mil 548 pesos con 63 centavos<\/p>\n<p>En tanto, el ingreso mensual promedio en los municipios con poblaci\u00f3n ind\u00edgena fue de mil 966 pesos al mes, menos de 400 pesos semanales. En el cuarto trimestre de este a\u00f1o, el ingreso para este sector de la poblaci\u00f3n increment\u00f3 40 pesos en comparaci\u00f3n con el trimestre anterior.<\/p>\n<p><a href=\"https:\/\/www.diarioavanzada.com.mx\/?p=11514\">https:\/\/www.diarioavanzada.com.mx\/?p=11514<\/a><\/p>\n","protected":false},"excerpt":{"rendered":"<p>Foto: Diario Avanzada Heidi de Le\u00f3n Guti\u00e9rrez \/ Diario Avanzada Colima, M\u00e9xico, Avanzada (26\/03\/2020).- En Colima, el 23 por ciento de la poblaci\u00f3n registra un ingreso laboral inferior al costo &hellip; <a href=\"http:\/\/www.grieta.org.mx\/index.php\/2020\/03\/26\/172-mil-trabajadores-en-colima-sufren-pobreza-laboral\/\" class=\"more-link\">Leer m\u00e1s<\/a><\/p>\n","protected":false},"author":2,"featured_media":46894,"comment_status":"closed","ping_status":"closed","sticky":false,"template":"","format":"standard","meta":{"ngg_post_thumbnail":0,"_jetpack_newsletter_access":"","_jetpack_dont_email_post_to_subs":false,"_jetpack_newsletter_tier_id":0,"_jetpack_memberships_contains_paywalled_content":false,"_jetpack_memberships_contains_paid_content":false,"footnotes":""},"categories":[80,13,910,2192,2,83],"tags":[3137,3232,2841],"class_list":["post-46893","post","type-post","status-publish","format-standard","has-post-thumbnail","hentry","category-cintillo","category-colima","category-explotacion-y-precariedad-laboral","category-explotacion-y-precariedad-laboral-en-colima","category-noticias-nacionales","category-temas-nacionales","tag-aumento-de-la-pobreza","tag-explota","tag-explotacion-y-precariedad-laboral","entry"],"jetpack_featured_media_url":"http:\/\/www.grieta.org.mx\/wp-content\/uploads\/2020\/03\/Colima-tierra-de-pobres.png","jetpack_sharing_enabled":true,"jetpack_shortlink":"https:\/\/wp.me\/p7ZJR4-ccl","jetpack_likes_enabled":false,"jetpack-related-posts":[{"id":68876,"url":"http:\/\/www.grieta.org.mx\/index.php\/2024\/05\/08\/trabajadores-cada-vez-mas-pobres-colima\/","url_meta":{"origin":46893,"position":0},"title":"Trabajadores, cada vez m\u00e1s pobres (Colima)","author":"grieta","date":"8 mayo, 2024","format":false,"excerpt":"Imagen: Ilustrativa, Diario Avanzada Heidi de Le\u00f3n Guti\u00e9rrez \/ Diario Avanzada Colima, M\u00e9xico, Avanzada (08\/05\/2024).- En Colima, cada vez se complican m\u00e1s las cosas para la poblaci\u00f3n econ\u00f3micamente activa: no solo padecen la falta de trabajos diversificados, tambi\u00e9n la falta de salarios que permitan cubrir las necesidades b\u00e1sicas. En el\u2026","rel":"","context":"En &quot;CINTILLO&quot;","block_context":{"text":"CINTILLO","link":"http:\/\/www.grieta.org.mx\/index.php\/category\/cintillo\/"},"img":{"alt_text":"","src":"https:\/\/i0.wp.com\/www.grieta.org.mx\/wp-content\/uploads\/2024\/05\/img_8814-1.jpg?resize=350%2C200","width":350,"height":200,"srcset":"https:\/\/i0.wp.com\/www.grieta.org.mx\/wp-content\/uploads\/2024\/05\/img_8814-1.jpg?resize=350%2C200 1x, https:\/\/i0.wp.com\/www.grieta.org.mx\/wp-content\/uploads\/2024\/05\/img_8814-1.jpg?resize=525%2C300 1.5x, https:\/\/i0.wp.com\/www.grieta.org.mx\/wp-content\/uploads\/2024\/05\/img_8814-1.jpg?resize=700%2C400 2x, https:\/\/i0.wp.com\/www.grieta.org.mx\/wp-content\/uploads\/2024\/05\/img_8814-1.jpg?resize=1050%2C600 3x, https:\/\/i0.wp.com\/www.grieta.org.mx\/wp-content\/uploads\/2024\/05\/img_8814-1.jpg?resize=1400%2C800 4x"},"classes":[]},{"id":66387,"url":"http:\/\/www.grieta.org.mx\/index.php\/2023\/03\/01\/el-27-de-los-trabajadores-en-colima-se-encuentran-en-una-situacion-agravada-de-pobreza-extrema-laboral\/","url_meta":{"origin":46893,"position":1},"title":"El 27 % de los trabajadores en Colima se encuentran en una situaci\u00f3n agravada de pobreza extrema laboral","author":"grieta","date":"1 marzo, 2023","format":false,"excerpt":"Imagen: Diario Avanzada Heidi de Le\u00f3n Guti\u00e9rrez \/ Diario Avanzada Colima, M\u00e9xico, Comunicado (01\/02\/2023).- En Colima, el 27 por ciento de la poblaci\u00f3n que trabajaba no recibe ni un salario m\u00ednimo por la labor que desempe\u00f1a, lo que ubica a la entidad en una situaci\u00f3n inferior a la l\u00ednea de\u2026","rel":"","context":"En &quot;CINTILLO&quot;","block_context":{"text":"CINTILLO","link":"http:\/\/www.grieta.org.mx\/index.php\/category\/cintillo\/"},"img":{"alt_text":"","src":"https:\/\/i0.wp.com\/www.grieta.org.mx\/wp-content\/uploads\/2023\/03\/Justicia.jpg?resize=350%2C200","width":350,"height":200,"srcset":"https:\/\/i0.wp.com\/www.grieta.org.mx\/wp-content\/uploads\/2023\/03\/Justicia.jpg?resize=350%2C200 1x, https:\/\/i0.wp.com\/www.grieta.org.mx\/wp-content\/uploads\/2023\/03\/Justicia.jpg?resize=525%2C300 1.5x"},"classes":[]},{"id":67536,"url":"http:\/\/www.grieta.org.mx\/index.php\/2023\/08\/10\/pobres-por-ingresos-248-mil-colimenses-sobreviven-con-menos-de-11-mil-pesos-mensuales-colima\/","url_meta":{"origin":46893,"position":2},"title":"Pobres por ingresos: 248 mil colimenses sobreviven con menos de 11 mil pesos mensuales (Colima)","author":"grieta","date":"10 agosto, 2023","format":false,"excerpt":"Imagen: Tomada de la Red Heidi de Le\u00f3n Guti\u00e9rrez \/ Diario Avanzada Colima, M\u00e9xico, Avanzada (10\/08\/2023).- Mientras que el INEGI se\u00f1ala que en Colima el ingreso promedio en los hogares es 11 mil 500 pesos a la quincena y 69 mil 321 pesos al trimestre, el Consejo Nacional de Evaluaci\u00f3n\u2026","rel":"","context":"En &quot;CINTILLO&quot;","block_context":{"text":"CINTILLO","link":"http:\/\/www.grieta.org.mx\/index.php\/category\/cintillo\/"},"img":{"alt_text":"","src":"","width":0,"height":0},"classes":[]},{"id":40706,"url":"http:\/\/www.grieta.org.mx\/index.php\/2019\/08\/21\/en-pobreza-laboral-el-43-de-los-trabajadores-en-tecoman-colima\/","url_meta":{"origin":46893,"position":3},"title":"En pobreza laboral el 43% de los trabajadores en Tecom\u00e1n (Colima)","author":"grieta","date":"21 agosto, 2019","format":false,"excerpt":"Foto: Diario Avanzada Heidi de Le\u00f3n Guti\u00e9rrez \/ Diario Avanzada Colima, M\u00e9xico, Avanzada (21\/08\/2019).- El 43 por ciento de la poblaci\u00f3n econ\u00f3micamente activa en el municipio de Tecom\u00e1n, gana hasta dos salarios m\u00ednimos por su trabajo, es decir, aproximadamente 3 mil pesos mensuales. As\u00ed lo establece el Plan Municipal de\u2026","rel":"","context":"En &quot;CINTILLO&quot;","block_context":{"text":"CINTILLO","link":"http:\/\/www.grieta.org.mx\/index.php\/category\/cintillo\/"},"img":{"alt_text":"","src":"https:\/\/i0.wp.com\/www.grieta.org.mx\/wp-content\/uploads\/2019\/10\/POBREZA-TECOMAN.jpg?resize=350%2C200","width":350,"height":200,"srcset":"https:\/\/i0.wp.com\/www.grieta.org.mx\/wp-content\/uploads\/2019\/10\/POBREZA-TECOMAN.jpg?resize=350%2C200 1x, https:\/\/i0.wp.com\/www.grieta.org.mx\/wp-content\/uploads\/2019\/10\/POBREZA-TECOMAN.jpg?resize=525%2C300 1.5x, https:\/\/i0.wp.com\/www.grieta.org.mx\/wp-content\/uploads\/2019\/10\/POBREZA-TECOMAN.jpg?resize=700%2C400 2x"},"classes":[]},{"id":66653,"url":"http:\/\/www.grieta.org.mx\/index.php\/2023\/03\/12\/incrementa-el-desempleo-en-colima\/","url_meta":{"origin":46893,"position":4},"title":"Incrementa el desempleo en Colima","author":"grieta","date":"12 marzo, 2023","format":false,"excerpt":"Imagen: Diario Avanzada Heidi de Le\u00f3n Guti\u00e9rrez \/ Diario Avanzada Colima, M\u00e9xico, Avanzada (12\/03\/2023).- La Encuesta Nacional de Ocupaci\u00f3n y Empleo (ENOE) correspondiente al cuarto trimestre de 2022 revel\u00f3 que en Colima cayeron los principales indicadores de empleo. Lo anterior al disminuirse la Poblaci\u00f3n Econ\u00f3micamente Activa (PEA) y la Poblaci\u00f3n\u2026","rel":"","context":"En &quot;CINTILLO&quot;","block_context":{"text":"CINTILLO","link":"http:\/\/www.grieta.org.mx\/index.php\/category\/cintillo\/"},"img":{"alt_text":"","src":"https:\/\/i0.wp.com\/www.grieta.org.mx\/wp-content\/uploads\/2023\/03\/image-73.png?resize=350%2C200","width":350,"height":200,"srcset":"https:\/\/i0.wp.com\/www.grieta.org.mx\/wp-content\/uploads\/2023\/03\/image-73.png?resize=350%2C200 1x, https:\/\/i0.wp.com\/www.grieta.org.mx\/wp-content\/uploads\/2023\/03\/image-73.png?resize=525%2C300 1.5x"},"classes":[]},{"id":71943,"url":"http:\/\/www.grieta.org.mx\/index.php\/2025\/06\/30\/colimenses-50-sin-seguro-y-con-salarios-precarios\/","url_meta":{"origin":46893,"position":5},"title":"Colimenses: 50% sin seguro y con salarios precarios","author":"grieta","date":"30 junio, 2025","format":false,"excerpt":"Imagen: Diario Avanzada Heidi de Le\u00f3n Guti\u00e9rrez \/ Diario Avanzada Colima, M\u00e9xico, Avanzada (30\/06\/2025).- M\u00e1s de la mitad de la poblaci\u00f3n ocupada en Colima percibe un salario que no cubre sus necesidades b\u00e1sicas y trabaja sin seguridad social, es decir, no tienen acceso a servicios de salud ni derecho a\u2026","rel":"","context":"En &quot;CINTILLO&quot;","block_context":{"text":"CINTILLO","link":"http:\/\/www.grieta.org.mx\/index.php\/category\/cintillo\/"},"img":{"alt_text":"","src":"https:\/\/i0.wp.com\/www.grieta.org.mx\/wp-content\/uploads\/2025\/07\/174098f5-1d1a-49ca-9607-8e42cf177337-2-1.jpg?resize=350%2C200","width":350,"height":200,"srcset":"https:\/\/i0.wp.com\/www.grieta.org.mx\/wp-content\/uploads\/2025\/07\/174098f5-1d1a-49ca-9607-8e42cf177337-2-1.jpg?resize=350%2C200 1x, https:\/\/i0.wp.com\/www.grieta.org.mx\/wp-content\/uploads\/2025\/07\/174098f5-1d1a-49ca-9607-8e42cf177337-2-1.jpg?resize=525%2C300 1.5x, https:\/\/i0.wp.com\/www.grieta.org.mx\/wp-content\/uploads\/2025\/07\/174098f5-1d1a-49ca-9607-8e42cf177337-2-1.jpg?resize=700%2C400 2x, https:\/\/i0.wp.com\/www.grieta.org.mx\/wp-content\/uploads\/2025\/07\/174098f5-1d1a-49ca-9607-8e42cf177337-2-1.jpg?resize=1050%2C600 3x"},"classes":[]}],"_links":{"self":[{"href":"http:\/\/www.grieta.org.mx\/index.php\/wp-json\/wp\/v2\/posts\/46893","targetHints":{"allow":["GET"]}}],"collection":[{"href":"http:\/\/www.grieta.org.mx\/index.php\/wp-json\/wp\/v2\/posts"}],"about":[{"href":"http:\/\/www.grieta.org.mx\/index.php\/wp-json\/wp\/v2\/types\/post"}],"author":[{"embeddable":true,"href":"http:\/\/www.grieta.org.mx\/index.php\/wp-json\/wp\/v2\/users\/2"}],"replies":[{"embeddable":true,"href":"http:\/\/www.grieta.org.mx\/index.php\/wp-json\/wp\/v2\/comments?post=46893"}],"version-history":[{"count":1,"href":"http:\/\/www.grieta.org.mx\/index.php\/wp-json\/wp\/v2\/posts\/46893\/revisions"}],"predecessor-version":[{"id":46895,"href":"http:\/\/www.grieta.org.mx\/index.php\/wp-json\/wp\/v2\/posts\/46893\/revisions\/46895"}],"wp:featuredmedia":[{"embeddable":true,"href":"http:\/\/www.grieta.org.mx\/index.php\/wp-json\/wp\/v2\/media\/46894"}],"wp:attachment":[{"href":"http:\/\/www.grieta.org.mx\/index.php\/wp-json\/wp\/v2\/media?parent=46893"}],"wp:term":[{"taxonomy":"category","embeddable":true,"href":"http:\/\/www.grieta.org.mx\/index.php\/wp-json\/wp\/v2\/categories?post=46893"},{"taxonomy":"post_tag","embeddable":true,"href":"http:\/\/www.grieta.org.mx\/index.php\/wp-json\/wp\/v2\/tags?post=46893"}],"curies":[{"name":"wp","href":"https:\/\/api.w.org\/{rel}","templated":true}]}}