{"id":46888,"date":"2020-03-26T11:14:47","date_gmt":"2020-03-26T17:14:47","guid":{"rendered":"http:\/\/www.grieta.org.mx\/?p=46888"},"modified":"2020-03-28T11:25:48","modified_gmt":"2020-03-28T17:25:48","slug":"gobernador-de-nayarit-tiene-a-los-hospitales-en-la-ruina","status":"publish","type":"post","link":"http:\/\/www.grieta.org.mx\/index.php\/2020\/03\/26\/gobernador-de-nayarit-tiene-a-los-hospitales-en-la-ruina\/","title":{"rendered":"Gobernador de Nayarit tiene a los hospitales en la ruina"},"content":{"rendered":"<p><img loading=\"lazy\" decoding=\"async\" data-attachment-id=\"46889\" data-permalink=\"http:\/\/www.grieta.org.mx\/index.php\/2020\/03\/26\/gobernador-de-nayarit-tiene-a-los-hospitales-en-la-ruina\/tonito-7-1\/\" data-orig-file=\"http:\/\/www.grieta.org.mx\/wp-content\/uploads\/2020\/03\/to\u00f1ito-7-1.jpg\" data-orig-size=\"800,492\" data-comments-opened=\"0\" data-image-meta=\"{&quot;aperture&quot;:&quot;0&quot;,&quot;credit&quot;:&quot;&quot;,&quot;camera&quot;:&quot;&quot;,&quot;caption&quot;:&quot;&quot;,&quot;created_timestamp&quot;:&quot;0&quot;,&quot;copyright&quot;:&quot;&quot;,&quot;focal_length&quot;:&quot;0&quot;,&quot;iso&quot;:&quot;0&quot;,&quot;shutter_speed&quot;:&quot;0&quot;,&quot;title&quot;:&quot;&quot;,&quot;orientation&quot;:&quot;0&quot;}\" data-image-title=\"to\u00f1ito-7-1\" data-image-description=\"\" data-image-caption=\"\" data-medium-file=\"http:\/\/www.grieta.org.mx\/wp-content\/uploads\/2020\/03\/to\u00f1ito-7-1-300x185.jpg\" data-large-file=\"http:\/\/www.grieta.org.mx\/wp-content\/uploads\/2020\/03\/to\u00f1ito-7-1.jpg\" class=\"aligncenter wp-image-46889\" src=\"http:\/\/www.grieta.org.mx\/wp-content\/uploads\/2020\/03\/to\u00f1ito-7-1.jpg\" alt=\"\" width=\"798\" height=\"491\" srcset=\"http:\/\/www.grieta.org.mx\/wp-content\/uploads\/2020\/03\/to\u00f1ito-7-1.jpg 800w, http:\/\/www.grieta.org.mx\/wp-content\/uploads\/2020\/03\/to\u00f1ito-7-1-300x185.jpg 300w, http:\/\/www.grieta.org.mx\/wp-content\/uploads\/2020\/03\/to\u00f1ito-7-1-768x472.jpg 768w\" sizes=\"auto, (max-width: 798px) 100vw, 798px\" \/><\/p>\n<p>Foto: Realidades de Nayarit<\/p>\n<p><em>Denuncian los trabajadores del Sector Salud que el gobernador panista, Antonio Echevarr\u00eda Garc\u00eda, se la ha llevado a puros salivazos, pero no se ha preocupado porque los hospitales y centros de salud cuenten con lo m\u00ednimo indispensable para enfrentar la pandemia del Coronavirus<\/em><\/p>\n<p>Mildra Ben\u00edtez Robledo \/ Realidades de Nayarit<\/p>\n<p>Tepic, Nayarit; 26-marzo-2020.- Con un completo desabasto de insumos en los hospitales y unidades m\u00e9dicas de Nayarit, es como entra la Entidad a la segunda fase de la pandemia declarada el 24 de marzo en todo el pa\u00eds, lo cual tiene preocupados a quienes laboren en este rubro.<\/p>\n<p>En un comunicado la Secci\u00f3n 31 del Sindicato Nacional de Trabajadores de la Secretar\u00eda de Salud (SNTSA), confirman al gobierno estatal que est\u00e1n en toda la disposici\u00f3n en llevar a cabo sus responsabilidades, pero requieren de las herramientas, para dar la atenci\u00f3n a la gente que lo necesita.<\/p>\n<p>En el escrito se lee: \u201cLos trabajadores del Sector Salud estamos comprometidos con la atenci\u00f3n del pueblo de Nayarit&#8230; sin embargo a diario estamos monitoreando los insumos y equipo de protecci\u00f3n en hospitales y centros de Salud y nos damos cuenta de que hay muchas unidades a quienes no se ha surtido o no cuentan con lo m\u00ednimo indispensable para la atenci\u00f3n al usuario.<\/p>\n<p>Le pedimos que as\u00ed como se nos convoca a trabajar y realizar nuestras funciones de la mejor manera posible, tambi\u00e9n se preocupe por nosotros y se nos surta de todo lo indispensable, para la atenci\u00f3n y toma de muestras, as\u00ed como nombre un responsable, para estar verificando el surtimiento de todos los centros de trabajo en el Estado\u201d.<\/p>\n<p><a href=\"http:\/\/realidadesperiodico.com\/portada\/tono-tiene-los-hospitales-en-la-ruina\/\">http:\/\/realidadesperiodico.com\/portada\/tono-tiene-los-hospitales-en-la-ruina\/<\/a><\/p>\n","protected":false},"excerpt":{"rendered":"<p>Foto: Realidades de Nayarit Denuncian los trabajadores del Sector Salud que el gobernador panista, Antonio Echevarr\u00eda Garc\u00eda, se la ha llevado a puros salivazos, pero no se ha preocupado porque &hellip; <a href=\"http:\/\/www.grieta.org.mx\/index.php\/2020\/03\/26\/gobernador-de-nayarit-tiene-a-los-hospitales-en-la-ruina\/\" class=\"more-link\">Leer m\u00e1s<\/a><\/p>\n","protected":false},"author":2,"featured_media":21928,"comment_status":"closed","ping_status":"closed","sticky":false,"template":"","format":"standard","meta":{"ngg_post_thumbnail":0,"_jetpack_newsletter_access":"","_jetpack_dont_email_post_to_subs":false,"_jetpack_newsletter_tier_id":0,"_jetpack_memberships_contains_paywalled_content":false,"_jetpack_memberships_contains_paid_content":false,"footnotes":""},"categories":[80,918,2573,23,2,83],"tags":[3198,3133,2367,3226,166],"class_list":["post-46888","post","type-post","status-publish","format-standard","has-post-thumbnail","hentry","category-cintillo","category-privatizacion-del-sector-salud","category-crisis-del-sector-salud-en-nayarit","category-nayarit","category-noticias-nacionales","category-temas-nacionales","tag-covid19","tag-crisis-del-sector-salud","tag-crisis-en-el-sector-salud","tag-falta-de-material-y-equipo-medico","tag-imss","entry"],"jetpack_featured_media_url":"http:\/\/www.grieta.org.mx\/wp-content\/uploads\/2018\/03\/14524434_1106112876131411_958039263622046936_o.jpg","jetpack_sharing_enabled":true,"jetpack_shortlink":"https:\/\/wp.me\/p7ZJR4-ccg","jetpack_likes_enabled":false,"jetpack-related-posts":[{"id":46522,"url":"http:\/\/www.grieta.org.mx\/index.php\/2020\/03\/17\/nayarit-no-esta-preparado-para-la-pandemia-afirman-trabajadores-de-la-secretaria-de-salud\/","url_meta":{"origin":46888,"position":0},"title":"Nayarit no esta preparado para la pandemia. Afirman trabajadores de la Secretaria de Salud","author":"grieta","date":"17 marzo, 2020","format":false,"excerpt":"Foto: Ilustrativa Redacci\u00f3n \/ Realidades de Nayarit En redes sociales los mismos trabajadores de la Secretaria de Salud del Estado de Nayarit, solicitaron a las autoridades del estado la dotaci\u00f3n de insumos y material para poder enfrentar en su momento la pandemia del COVID19. Afirman no estar preparados con infraestructura,\u2026","rel":"","context":"En &quot;CINTILLO&quot;","block_context":{"text":"CINTILLO","link":"http:\/\/www.grieta.org.mx\/index.php\/category\/cintillo\/"},"img":{"alt_text":"","src":"https:\/\/i0.wp.com\/www.grieta.org.mx\/wp-content\/uploads\/2020\/03\/hospital-general-tepic-2.jpg?resize=350%2C200","width":350,"height":200,"srcset":"https:\/\/i0.wp.com\/www.grieta.org.mx\/wp-content\/uploads\/2020\/03\/hospital-general-tepic-2.jpg?resize=350%2C200 1x, https:\/\/i0.wp.com\/www.grieta.org.mx\/wp-content\/uploads\/2020\/03\/hospital-general-tepic-2.jpg?resize=525%2C300 1.5x"},"classes":[]},{"id":47908,"url":"http:\/\/www.grieta.org.mx\/index.php\/2020\/04\/15\/ante-carencia-de-equipo-de-proteccion-retiran-a-internos-de-hospitales-nayarit\/","url_meta":{"origin":46888,"position":1},"title":"Ante carencia de equipo de protecci\u00f3n retiran a internos de hospitales (Nayarit)","author":"grieta","date":"15 abril, 2020","format":false,"excerpt":"Foto: Realidades de Nayarit Carecen de lo m\u00e1s indispensable para atender a la poblaci\u00f3n en plena pandemia Ver\u00f3nica Ram\u00edrez\/ Realidades de Nayarit Tepic, Nayarit.- Mi\u00e9rcoles 15 de abril del 2020.- La Federaci\u00f3n de Estudiantes de la Universidad Aut\u00f3noma de Nayarit (FEUAN) retira a los internos, pasantes y estudiantes de medicina\u2026","rel":"","context":"En &quot;CINTILLO&quot;","block_context":{"text":"CINTILLO","link":"http:\/\/www.grieta.org.mx\/index.php\/category\/cintillo\/"},"img":{"alt_text":"","src":"https:\/\/i0.wp.com\/www.grieta.org.mx\/wp-content\/uploads\/2020\/04\/Aar%C3%B3n-Verduzco.-L%C3%ADder-de-la-FEUAN.jpg?resize=350%2C200","width":350,"height":200,"srcset":"https:\/\/i0.wp.com\/www.grieta.org.mx\/wp-content\/uploads\/2020\/04\/Aar%C3%B3n-Verduzco.-L%C3%ADder-de-la-FEUAN.jpg?resize=350%2C200 1x, https:\/\/i0.wp.com\/www.grieta.org.mx\/wp-content\/uploads\/2020\/04\/Aar%C3%B3n-Verduzco.-L%C3%ADder-de-la-FEUAN.jpg?resize=525%2C300 1.5x, https:\/\/i0.wp.com\/www.grieta.org.mx\/wp-content\/uploads\/2020\/04\/Aar%C3%B3n-Verduzco.-L%C3%ADder-de-la-FEUAN.jpg?resize=700%2C400 2x"},"classes":[]},{"id":51530,"url":"http:\/\/www.grieta.org.mx\/index.php\/2020\/07\/02\/trabajadores-del-sector-salud-denuncian-despidos-nayarit\/","url_meta":{"origin":46888,"position":2},"title":"Trabajadores del sector salud denuncian despidos (Nayarit)","author":"grieta","date":"2 julio, 2020","format":false,"excerpt":"Foto: Realidades de Nayarit Denuncian trabajadores que el gobernador panista, Antonio Echevarr\u00eda est\u00e1 despidiendo a personal que tiene hasta 12 a\u00f1os laborando para hacerle campo a sus amigos, compadres y amiguitas, para dejarlos basificados antes de que termine su nefasto cuatrienio Ver\u00f3nica Ram\u00edrez \/ Realidades de Nayarit Tepic, Nayarit.- Jueves\u2026","rel":"","context":"En &quot;CINTILLO&quot;","block_context":{"text":"CINTILLO","link":"http:\/\/www.grieta.org.mx\/index.php\/category\/cintillo\/"},"img":{"alt_text":"","src":"https:\/\/i0.wp.com\/www.grieta.org.mx\/wp-content\/uploads\/2018\/03\/14524434_1106112876131411_958039263622046936_o.jpg?resize=350%2C200","width":350,"height":200,"srcset":"https:\/\/i0.wp.com\/www.grieta.org.mx\/wp-content\/uploads\/2018\/03\/14524434_1106112876131411_958039263622046936_o.jpg?resize=350%2C200 1x, https:\/\/i0.wp.com\/www.grieta.org.mx\/wp-content\/uploads\/2018\/03\/14524434_1106112876131411_958039263622046936_o.jpg?resize=525%2C300 1.5x, https:\/\/i0.wp.com\/www.grieta.org.mx\/wp-content\/uploads\/2018\/03\/14524434_1106112876131411_958039263622046936_o.jpg?resize=700%2C400 2x"},"classes":[]},{"id":45619,"url":"http:\/\/www.grieta.org.mx\/index.php\/2020\/03\/02\/pesimos-servicios-de-salud-en-nayarit\/","url_meta":{"origin":46888,"position":3},"title":"P\u00e9simos servicios de salud en Nayarit","author":"grieta","date":"2 marzo, 2020","format":false,"excerpt":"\u00a0 Foto: Ilustrativa La Secretar\u00eda de Salud de Nayarit y los hospitales del Instituto Mexicano del Seguro Social (IMSS), encabezan la lista de denuncias ante la Comisi\u00f3n de Defensa de los Derechos Humanos (CDDH) Ver\u00f3nica Ram\u00edrez \/ Realidades de Nayarit Tepic, Nayarit.- Lunes 02 de marzo del 2020.- Denuncian violaciones\u2026","rel":"","context":"En &quot;CINTILLO&quot;","block_context":{"text":"CINTILLO","link":"http:\/\/www.grieta.org.mx\/index.php\/category\/cintillo\/"},"img":{"alt_text":"","src":"https:\/\/i0.wp.com\/www.grieta.org.mx\/wp-content\/uploads\/2020\/03\/hospital-general-tepic.jpg?resize=350%2C200","width":350,"height":200,"srcset":"https:\/\/i0.wp.com\/www.grieta.org.mx\/wp-content\/uploads\/2020\/03\/hospital-general-tepic.jpg?resize=350%2C200 1x, https:\/\/i0.wp.com\/www.grieta.org.mx\/wp-content\/uploads\/2020\/03\/hospital-general-tepic.jpg?resize=525%2C300 1.5x, https:\/\/i0.wp.com\/www.grieta.org.mx\/wp-content\/uploads\/2020\/03\/hospital-general-tepic.jpg?resize=700%2C400 2x"},"classes":[]},{"id":47189,"url":"http:\/\/www.grieta.org.mx\/index.php\/2020\/04\/01\/protesta-personal-de-la-secretaria-de-salud-nayarit\/","url_meta":{"origin":46888,"position":4},"title":"Protesta personal de la Secretar\u00eda de Salud (Nayarit)","author":"grieta","date":"1 abril, 2020","format":false,"excerpt":"Foto: Realidades de Nayarit Mildre Ben\u00edtez Robledo \/ Realidades deNayarit Tepic, Nayarit; 01-abril-2020.- Pese a que los trabajadores de la Salud han pedido en diversas ocasiones al Gobierno Estatal que les surtan lo necesario, para hacerle frente a la pandemia que ha dejado miles de muertes en varios pa\u00edses del\u2026","rel":"","context":"En &quot;CINTILLO&quot;","block_context":{"text":"CINTILLO","link":"http:\/\/www.grieta.org.mx\/index.php\/category\/cintillo\/"},"img":{"alt_text":"","src":"https:\/\/i0.wp.com\/www.grieta.org.mx\/wp-content\/uploads\/2020\/04\/protesta-768x480.jpg?resize=350%2C200","width":350,"height":200,"srcset":"https:\/\/i0.wp.com\/www.grieta.org.mx\/wp-content\/uploads\/2020\/04\/protesta-768x480.jpg?resize=350%2C200 1x, https:\/\/i0.wp.com\/www.grieta.org.mx\/wp-content\/uploads\/2020\/04\/protesta-768x480.jpg?resize=525%2C300 1.5x, https:\/\/i0.wp.com\/www.grieta.org.mx\/wp-content\/uploads\/2020\/04\/protesta-768x480.jpg?resize=700%2C400 2x"},"classes":[]},{"id":49326,"url":"http:\/\/www.grieta.org.mx\/index.php\/2020\/05\/12\/estudiantes-de-medicina-en-riesgo-nayarit\/","url_meta":{"origin":46888,"position":5},"title":"Estudiantes de Medicina en riesgo (Nayarit)","author":"grieta","date":"12 mayo, 2020","format":false,"excerpt":"Foto: Realidades de Nayarit Sus familiares est\u00e1n preocupados porque en los hospitales que se les asign\u00f3 para sus pr\u00e1cticas, no les dan equipo de protecci\u00f3n contra el Coronavirus Tepic, Nayarit.- Martes 12 de mayo del 2020.- Son alrededor de trescientos alumnos de medicina y\u00a0 enfermer\u00eda \u00a0los que est\u00e1n a punto\u2026","rel":"","context":"En &quot;CINTILLO&quot;","block_context":{"text":"CINTILLO","link":"http:\/\/www.grieta.org.mx\/index.php\/category\/cintillo\/"},"img":{"alt_text":"","src":"https:\/\/i0.wp.com\/www.grieta.org.mx\/wp-content\/uploads\/2020\/05\/ESTUDIANTES.jpg?resize=350%2C200","width":350,"height":200,"srcset":"https:\/\/i0.wp.com\/www.grieta.org.mx\/wp-content\/uploads\/2020\/05\/ESTUDIANTES.jpg?resize=350%2C200 1x, https:\/\/i0.wp.com\/www.grieta.org.mx\/wp-content\/uploads\/2020\/05\/ESTUDIANTES.jpg?resize=525%2C300 1.5x"},"classes":[]}],"_links":{"self":[{"href":"http:\/\/www.grieta.org.mx\/index.php\/wp-json\/wp\/v2\/posts\/46888","targetHints":{"allow":["GET"]}}],"collection":[{"href":"http:\/\/www.grieta.org.mx\/index.php\/wp-json\/wp\/v2\/posts"}],"about":[{"href":"http:\/\/www.grieta.org.mx\/index.php\/wp-json\/wp\/v2\/types\/post"}],"author":[{"embeddable":true,"href":"http:\/\/www.grieta.org.mx\/index.php\/wp-json\/wp\/v2\/users\/2"}],"replies":[{"embeddable":true,"href":"http:\/\/www.grieta.org.mx\/index.php\/wp-json\/wp\/v2\/comments?post=46888"}],"version-history":[{"count":1,"href":"http:\/\/www.grieta.org.mx\/index.php\/wp-json\/wp\/v2\/posts\/46888\/revisions"}],"predecessor-version":[{"id":46892,"href":"http:\/\/www.grieta.org.mx\/index.php\/wp-json\/wp\/v2\/posts\/46888\/revisions\/46892"}],"wp:featuredmedia":[{"embeddable":true,"href":"http:\/\/www.grieta.org.mx\/index.php\/wp-json\/wp\/v2\/media\/21928"}],"wp:attachment":[{"href":"http:\/\/www.grieta.org.mx\/index.php\/wp-json\/wp\/v2\/media?parent=46888"}],"wp:term":[{"taxonomy":"category","embeddable":true,"href":"http:\/\/www.grieta.org.mx\/index.php\/wp-json\/wp\/v2\/categories?post=46888"},{"taxonomy":"post_tag","embeddable":true,"href":"http:\/\/www.grieta.org.mx\/index.php\/wp-json\/wp\/v2\/tags?post=46888"}],"curies":[{"name":"wp","href":"https:\/\/api.w.org\/{rel}","templated":true}]}}