{"id":4684,"date":"2015-10-06T15:09:19","date_gmt":"2015-10-06T15:09:19","guid":{"rendered":"http:\/\/50.22.11.12\/~grietaor\/?p=4684"},"modified":"2016-03-25T15:11:57","modified_gmt":"2016-03-25T15:11:57","slug":"desde-las-esferas-del-gobierno-amenazan-a-francisco-toledo-y-sergio-hernandez-por-oponerse-al-centro-de-convenciones","status":"publish","type":"post","link":"http:\/\/www.grieta.org.mx\/index.php\/2015\/10\/06\/desde-las-esferas-del-gobierno-amenazan-a-francisco-toledo-y-sergio-hernandez-por-oponerse-al-centro-de-convenciones\/","title":{"rendered":"Desde las esferas del gobierno amenazan a Francisco Toledo y Sergio Hern\u00e1ndez por oponerse al Centro de Convenciones"},"content":{"rendered":"<p>Pedro Mat\u00edas, Oaxaca.<\/p>\n<p>OAXACA, (pagina3.mx).- Con el hashtag #muerteatoledoylosopositoresalCCCO se inici\u00f3 una campa\u00f1a sucia y de represi\u00f3n en contra de los pintores Sergio Hern\u00e1ndez y Francisco Toledo por oponerse al negocio del secretario de Turismo, Jos\u00e9 Zorrilla Diego de SanMart\u00edn.<\/p>\n<p>Sin embargo, los artistas pl\u00e1sticos adelantaron que \u201cnada de esto nos amedrenta\u201d, al contrario, los motiva a continuar la lucha por la defensa del Cerro del Fort\u00edn en Tribunales nacionales y ante instancias internacionales.<\/p>\n<p>Por lo pronto, denunciaron que m\u00e1s de siete millones de pesos cost\u00f3 la consulta ilegal, ileg\u00edtima y tramposa del gobernador Gabino Cu\u00e9 para que su secretario de Turismo, Jos\u00e9 Zorrilla, construya un Centro Cultural y de Convenciones (CCCO) en el Cerro del Fort\u00edn que beneficia el hotel Victoria del que es accionista.<\/p>\n<p>En una carta a la opini\u00f3n p\u00fablica, manifestaron que \u201cnos preocupa sobre todo los signos ominosos de represi\u00f3n en el horizonte: el acoso de las autoridades a nuestros esfuerzos de informaci\u00f3n y la aparici\u00f3n de hashtag tan sugerentes como #muerteatoledoylosopositoresalCCCO\u201d.<\/p>\n<p>Insistieron en que Instituto Estatal Electoral y de Participaci\u00f3n Ciudadana fue el que m\u00e1s perdi\u00f3 con el \u201cfraude\u201d anunciado porque qued\u00f3 deslegitimado para el proceso electoral que inicia el pr\u00f3ximo 8 de octubre.<br \/>\nEl pasado domingo 4 de octubre se consum\u00f3 un fraude larga y m\u00faltiplemente denunciado donde \u201cno hay sorpresa alguna en el resultado\u201d que favoreci\u00f3 al negocio de sus colaboradores de Gabino Cu\u00e9.<\/p>\n<p>Lo que sorprendi\u00f3 es que a pesar del nivel de mapacher\u00eda alcanzado en complicidad con el IEEPCO, el gobierno haya obtenido tan pobres resultados donde menos de 10% del padr\u00f3n nominal de esta capital acudi\u00f3 a votar.<\/p>\n<p>\u201cSi se suma la costosa campa\u00f1a de los promotores del CCCO, la burda coacci\u00f3n y compra de votantes, la ausencia casi completa de garant\u00edas de equidad, se trata de una victoria p\u00edrrica del gobierno, que, sin embargo, nos habr\u00e1 costado por lo menos 7 millones de pesos a los contribuyentes\u201d, puntualizaron.<\/p>\n<p>Ya \u201chab\u00edamos denunciado que la consulta era ilegal, ileg\u00edtima y tramposa, pero ahora nos preocupa que sus resultados vayan a usarse para justificar una obra tan cuestionada desde los puntos de vista ecol\u00f3gico, hist\u00f3rico y social, as\u00ed como el descr\u00e9dito del \u00e1rbitro electoral frente al proceso que se avecina\u201d.<\/p>\n<p><a href=\"http:\/\/pagina3.mx\/2015\/10\/desde-las-esferas-del-gobierno-amenazan-a-francisco-toledo-y-sergio-hernandez-por-oponerse-al-centro-de-convenciones\/\" target=\"_blank\">pagina3.mx\/2015\/10\/desde-las-esferas-del-gobierno-amenazan-a-francisco-toledo-y-sergio-hernandez-por-oponerse-al-centro-de-convenciones\/<\/a><\/p>\n","protected":false},"excerpt":{"rendered":"<p>Pedro Mat\u00edas, Oaxaca. OAXACA, (pagina3.mx).- Con el hashtag #muerteatoledoylosopositoresalCCCO se inici\u00f3 una campa\u00f1a sucia y de represi\u00f3n en contra de los pintores Sergio Hern\u00e1ndez y Francisco Toledo por oponerse al &hellip; <a href=\"http:\/\/www.grieta.org.mx\/index.php\/2015\/10\/06\/desde-las-esferas-del-gobierno-amenazan-a-francisco-toledo-y-sergio-hernandez-por-oponerse-al-centro-de-convenciones\/\" class=\"more-link\">Leer m\u00e1s<\/a><\/p>\n","protected":false},"author":2,"featured_media":21928,"comment_status":"closed","ping_status":"open","sticky":false,"template":"","format":"standard","meta":{"ngg_post_thumbnail":0,"_jetpack_newsletter_access":"","_jetpack_dont_email_post_to_subs":false,"_jetpack_newsletter_tier_id":0,"_jetpack_memberships_contains_paywalled_content":false,"_jetpack_memberships_contains_paid_content":false,"footnotes":""},"categories":[80],"tags":[154,361,184,93],"class_list":["post-4684","post","type-post","status-publish","format-standard","has-post-thumbnail","hentry","category-cintillo","tag-areas-naturales-protegidas","tag-consulta-publica","tag-despojo","tag-oaxaca","entry"],"jetpack_featured_media_url":"http:\/\/www.grieta.org.mx\/wp-content\/uploads\/2018\/03\/14524434_1106112876131411_958039263622046936_o.jpg","jetpack_sharing_enabled":true,"jetpack_shortlink":"https:\/\/wp.me\/p7ZJR4-1dy","jetpack_likes_enabled":false,"jetpack-related-posts":[{"id":4686,"url":"http:\/\/www.grieta.org.mx\/index.php\/2015\/10\/21\/cue-renuncia-a-construir-en-el-cerro-del-fortin-cambia-sede-del-centro-de-convenciones\/","url_meta":{"origin":4684,"position":0},"title":"Cu\u00e9 renuncia a construir en el Cerro del Fort\u00edn; cambia sede del Centro de Convenciones","author":"grieta","date":"21 octubre, 2015","format":false,"excerpt":"Pedro Mat\u00edas, Oaxaca. OAXACA, Oax. (apro).- Con el argumento de \u201cgarantizar la unidad de la sociedad oaxaque\u00f1a\u201d, el gobernador Gabino Cu\u00e9 Monteagudo determin\u00f3 cambiar la sede del Centro Cultural y de Convenciones de Oaxaca (CCCO) que beneficiaba a su secretario de Turismo, Jos\u00e9 Zorrilla, y que le gener\u00f3 una confrontaci\u00f3n\u2026","rel":"","context":"En &quot;CINTILLO&quot;","block_context":{"text":"CINTILLO","link":"http:\/\/www.grieta.org.mx\/index.php\/category\/cintillo\/"},"img":{"alt_text":"","src":"https:\/\/i0.wp.com\/www.grieta.org.mx\/wp-content\/uploads\/2018\/03\/14524434_1106112876131411_958039263622046936_o.jpg?resize=350%2C200","width":350,"height":200,"srcset":"https:\/\/i0.wp.com\/www.grieta.org.mx\/wp-content\/uploads\/2018\/03\/14524434_1106112876131411_958039263622046936_o.jpg?resize=350%2C200 1x, https:\/\/i0.wp.com\/www.grieta.org.mx\/wp-content\/uploads\/2018\/03\/14524434_1106112876131411_958039263622046936_o.jpg?resize=525%2C300 1.5x, https:\/\/i0.wp.com\/www.grieta.org.mx\/wp-content\/uploads\/2018\/03\/14524434_1106112876131411_958039263622046936_o.jpg?resize=700%2C400 2x"},"classes":[]},{"id":4607,"url":"http:\/\/www.grieta.org.mx\/index.php\/2015\/10\/21\/oaxaquenos-resisten-a-la-destruccion-del-cerro-del-fortin\/","url_meta":{"origin":4684,"position":1},"title":"Oaxaque\u00f1os resisten a la destrucci\u00f3n del Cerro del Fort\u00edn","author":"grieta","date":"21 octubre, 2015","format":false,"excerpt":"21\/10\/15. Cu\u00e9 renuncia a construir en el Cerro del Fort\u00edn; cambia sede del Centro de Convenciones Proceso 06\/10\/15. Desde las esferas del gobierno amenazan a Francisco Toledo y Sergio Hern\u00e1ndez por oponerse al Centro de Convenciones P\u00e1gina 3 03\/10\/15. Caprichos personales o pol\u00edticos no deben obstaculizar el CCCO, dice dirigente\u2026","rel":"","context":"En &quot;\u00c1reas naturales protegidas&quot;","block_context":{"text":"\u00c1reas naturales protegidas","link":"http:\/\/www.grieta.org.mx\/index.php\/category\/megaproyectos\/areas-naturales-protegidas\/"},"img":{"alt_text":"","src":"https:\/\/i0.wp.com\/www.grieta.org.mx\/wp-content\/uploads\/2018\/03\/14524434_1106112876131411_958039263622046936_o.jpg?resize=350%2C200","width":350,"height":200,"srcset":"https:\/\/i0.wp.com\/www.grieta.org.mx\/wp-content\/uploads\/2018\/03\/14524434_1106112876131411_958039263622046936_o.jpg?resize=350%2C200 1x, https:\/\/i0.wp.com\/www.grieta.org.mx\/wp-content\/uploads\/2018\/03\/14524434_1106112876131411_958039263622046936_o.jpg?resize=525%2C300 1.5x, https:\/\/i0.wp.com\/www.grieta.org.mx\/wp-content\/uploads\/2018\/03\/14524434_1106112876131411_958039263622046936_o.jpg?resize=700%2C400 2x"},"classes":[]},{"id":4674,"url":"http:\/\/www.grieta.org.mx\/index.php\/2015\/09\/05\/el-organismo-se-deslinda-de-la-embajadora-harriet-turner\/","url_meta":{"origin":4684,"position":2},"title":"El organismo se deslinda de la \u201cembajadora\u201d Harriet Turner","author":"grieta","date":"5 septiembre, 2015","format":false,"excerpt":"Jorge A. P\u00e9rez Alfonso, Oaxaca. La Unesco se deslind\u00f3 de Harriet Turner, quien acudi\u00f3 en d\u00edas pasados a la ciudad de Oaxaca asegurando ser embajadora de la paz y buena voluntad de dicho organismo, en cuyo nombre aval\u00f3 la construcci\u00f3n del Centro Cultural y de Convenciones de Oaxaca (CCCO. En\u2026","rel":"","context":"En &quot;CINTILLO&quot;","block_context":{"text":"CINTILLO","link":"http:\/\/www.grieta.org.mx\/index.php\/category\/cintillo\/"},"img":{"alt_text":"","src":"https:\/\/i0.wp.com\/www.grieta.org.mx\/wp-content\/uploads\/2018\/03\/14524434_1106112876131411_958039263622046936_o.jpg?resize=350%2C200","width":350,"height":200,"srcset":"https:\/\/i0.wp.com\/www.grieta.org.mx\/wp-content\/uploads\/2018\/03\/14524434_1106112876131411_958039263622046936_o.jpg?resize=350%2C200 1x, https:\/\/i0.wp.com\/www.grieta.org.mx\/wp-content\/uploads\/2018\/03\/14524434_1106112876131411_958039263622046936_o.jpg?resize=525%2C300 1.5x, https:\/\/i0.wp.com\/www.grieta.org.mx\/wp-content\/uploads\/2018\/03\/14524434_1106112876131411_958039263622046936_o.jpg?resize=700%2C400 2x"},"classes":[]},{"id":4678,"url":"http:\/\/www.grieta.org.mx\/index.php\/2015\/09\/21\/obligan-a-trabajadores-del-gobierno-del-estado-a-conseguir-copias-de-credencial-de-elector-a-favor-de-ccco\/","url_meta":{"origin":4684,"position":3},"title":"Obligan a trabajadores del Gobierno del Estado, a conseguir copias de credencial de elector a favor de CCCO","author":"grieta","date":"21 septiembre, 2015","format":false,"excerpt":"Jaime Guerrero, Oaxaca. 21 de septiembre de 2015.- OAXACA (p\u00e1gina3.mx).- A dos semanas de realizarse la consulta p\u00fablica sobre la procedencia de la construcci\u00f3n del Centro Cultural y de Convenciones de Oaxaca (CCCO) en el Cerro del Fort\u00edn, el Gobierno del Estado a trav\u00e9s de la Secretar\u00eda de Turismo y\u2026","rel":"","context":"En &quot;CINTILLO&quot;","block_context":{"text":"CINTILLO","link":"http:\/\/www.grieta.org.mx\/index.php\/category\/cintillo\/"},"img":{"alt_text":"","src":"https:\/\/i0.wp.com\/www.grieta.org.mx\/wp-content\/uploads\/2018\/03\/14524434_1106112876131411_958039263622046936_o.jpg?resize=350%2C200","width":350,"height":200,"srcset":"https:\/\/i0.wp.com\/www.grieta.org.mx\/wp-content\/uploads\/2018\/03\/14524434_1106112876131411_958039263622046936_o.jpg?resize=350%2C200 1x, https:\/\/i0.wp.com\/www.grieta.org.mx\/wp-content\/uploads\/2018\/03\/14524434_1106112876131411_958039263622046936_o.jpg?resize=525%2C300 1.5x, https:\/\/i0.wp.com\/www.grieta.org.mx\/wp-content\/uploads\/2018\/03\/14524434_1106112876131411_958039263622046936_o.jpg?resize=700%2C400 2x"},"classes":[]},{"id":4663,"url":"http:\/\/www.grieta.org.mx\/index.php\/2015\/07\/13\/solicitan-a-la-corte-atraer-caso-del-centro-de-convenciones-de-oaxaca\/","url_meta":{"origin":4684,"position":4},"title":"Solicitan a la Corte atraer caso del Centro de Convenciones de Oaxaca","author":"grieta","date":"13 julio, 2015","format":false,"excerpt":"Pedro Mat\u00edas, Oaxaca OAXACA, Oax. (apro).- El Frente en Defensa del Cerro del Fort\u00edn se\u00f1al\u00f3 que la Suprema Corte de Justicia de la Naci\u00f3n (SCJN) podr\u00eda atraer el caso del proyecto que prev\u00e9 la construcci\u00f3n de un Centro Cultural y de Convenciones en un \u00e1rea protegida. El gobernador Gabino Cu\u00e9\u2026","rel":"","context":"En &quot;CINTILLO&quot;","block_context":{"text":"CINTILLO","link":"http:\/\/www.grieta.org.mx\/index.php\/category\/cintillo\/"},"img":{"alt_text":"","src":"https:\/\/i0.wp.com\/www.grieta.org.mx\/wp-content\/uploads\/2018\/03\/14524434_1106112876131411_958039263622046936_o.jpg?resize=350%2C200","width":350,"height":200,"srcset":"https:\/\/i0.wp.com\/www.grieta.org.mx\/wp-content\/uploads\/2018\/03\/14524434_1106112876131411_958039263622046936_o.jpg?resize=350%2C200 1x, https:\/\/i0.wp.com\/www.grieta.org.mx\/wp-content\/uploads\/2018\/03\/14524434_1106112876131411_958039263622046936_o.jpg?resize=525%2C300 1.5x, https:\/\/i0.wp.com\/www.grieta.org.mx\/wp-content\/uploads\/2018\/03\/14524434_1106112876131411_958039263622046936_o.jpg?resize=700%2C400 2x"},"classes":[]},{"id":4610,"url":"http:\/\/www.grieta.org.mx\/index.php\/2015\/06\/30\/agreden-a-manifestantes-encabezados-por-toledo-en-el-cerro-del-fortin\/","url_meta":{"origin":4684,"position":5},"title":"Agreden a manifestantes encabezados por Toledo en el Cerro del Fort\u00edn","author":"grieta","date":"30 junio, 2015","format":false,"excerpt":"Pedro Mat\u00edas, Oaxaca OAXACA, Oax. (apro).- Grupos de choque presuntamente vinculados con el PRI y el gobierno de Gabino Cu\u00e9 disolvieron una manifestaci\u00f3n ciudadana encabezada por el pintor Francisco Toledo que se opone a la construcci\u00f3n del Centro Cultural y de Convenciones de Oaxaca en el Cerro del Fort\u00edn. En\u2026","rel":"","context":"En &quot;CINTILLO&quot;","block_context":{"text":"CINTILLO","link":"http:\/\/www.grieta.org.mx\/index.php\/category\/cintillo\/"},"img":{"alt_text":"","src":"https:\/\/i0.wp.com\/www.grieta.org.mx\/wp-content\/uploads\/2018\/03\/14524434_1106112876131411_958039263622046936_o.jpg?resize=350%2C200","width":350,"height":200,"srcset":"https:\/\/i0.wp.com\/www.grieta.org.mx\/wp-content\/uploads\/2018\/03\/14524434_1106112876131411_958039263622046936_o.jpg?resize=350%2C200 1x, https:\/\/i0.wp.com\/www.grieta.org.mx\/wp-content\/uploads\/2018\/03\/14524434_1106112876131411_958039263622046936_o.jpg?resize=525%2C300 1.5x, https:\/\/i0.wp.com\/www.grieta.org.mx\/wp-content\/uploads\/2018\/03\/14524434_1106112876131411_958039263622046936_o.jpg?resize=700%2C400 2x"},"classes":[]}],"_links":{"self":[{"href":"http:\/\/www.grieta.org.mx\/index.php\/wp-json\/wp\/v2\/posts\/4684","targetHints":{"allow":["GET"]}}],"collection":[{"href":"http:\/\/www.grieta.org.mx\/index.php\/wp-json\/wp\/v2\/posts"}],"about":[{"href":"http:\/\/www.grieta.org.mx\/index.php\/wp-json\/wp\/v2\/types\/post"}],"author":[{"embeddable":true,"href":"http:\/\/www.grieta.org.mx\/index.php\/wp-json\/wp\/v2\/users\/2"}],"replies":[{"embeddable":true,"href":"http:\/\/www.grieta.org.mx\/index.php\/wp-json\/wp\/v2\/comments?post=4684"}],"version-history":[{"count":1,"href":"http:\/\/www.grieta.org.mx\/index.php\/wp-json\/wp\/v2\/posts\/4684\/revisions"}],"predecessor-version":[{"id":4685,"href":"http:\/\/www.grieta.org.mx\/index.php\/wp-json\/wp\/v2\/posts\/4684\/revisions\/4685"}],"wp:featuredmedia":[{"embeddable":true,"href":"http:\/\/www.grieta.org.mx\/index.php\/wp-json\/wp\/v2\/media\/21928"}],"wp:attachment":[{"href":"http:\/\/www.grieta.org.mx\/index.php\/wp-json\/wp\/v2\/media?parent=4684"}],"wp:term":[{"taxonomy":"category","embeddable":true,"href":"http:\/\/www.grieta.org.mx\/index.php\/wp-json\/wp\/v2\/categories?post=4684"},{"taxonomy":"post_tag","embeddable":true,"href":"http:\/\/www.grieta.org.mx\/index.php\/wp-json\/wp\/v2\/tags?post=4684"}],"curies":[{"name":"wp","href":"https:\/\/api.w.org\/{rel}","templated":true}]}}