{"id":46802,"date":"2020-03-26T10:20:36","date_gmt":"2020-03-26T16:20:36","guid":{"rendered":"http:\/\/www.grieta.org.mx\/?p=46802"},"modified":"2020-03-26T10:20:36","modified_gmt":"2020-03-26T16:20:36","slug":"mexico-se-enfrenta-a-protesta-de-refugiados-que-temen-contraer-covid-19-en-reclusion","status":"publish","type":"post","link":"http:\/\/www.grieta.org.mx\/index.php\/2020\/03\/26\/mexico-se-enfrenta-a-protesta-de-refugiados-que-temen-contraer-covid-19-en-reclusion\/","title":{"rendered":"M\u00e9xico se enfrenta a protesta de refugiados que temen contraer COVID-19 en reclusi\u00f3n"},"content":{"rendered":"<p><img loading=\"lazy\" decoding=\"async\" data-attachment-id=\"46803\" data-permalink=\"http:\/\/www.grieta.org.mx\/index.php\/2020\/03\/26\/mexico-se-enfrenta-a-protesta-de-refugiados-que-temen-contraer-covid-19-en-reclusion\/corona\/\" data-orig-file=\"http:\/\/www.grieta.org.mx\/wp-content\/uploads\/2020\/03\/corona.jpg\" data-orig-size=\"1000,541\" data-comments-opened=\"0\" data-image-meta=\"{&quot;aperture&quot;:&quot;0&quot;,&quot;credit&quot;:&quot;&quot;,&quot;camera&quot;:&quot;&quot;,&quot;caption&quot;:&quot;&quot;,&quot;created_timestamp&quot;:&quot;0&quot;,&quot;copyright&quot;:&quot;&quot;,&quot;focal_length&quot;:&quot;0&quot;,&quot;iso&quot;:&quot;0&quot;,&quot;shutter_speed&quot;:&quot;0&quot;,&quot;title&quot;:&quot;&quot;,&quot;orientation&quot;:&quot;0&quot;}\" data-image-title=\"corona\" data-image-description=\"\" data-image-caption=\"\" data-medium-file=\"http:\/\/www.grieta.org.mx\/wp-content\/uploads\/2020\/03\/corona-300x162.jpg\" data-large-file=\"http:\/\/www.grieta.org.mx\/wp-content\/uploads\/2020\/03\/corona.jpg\" class=\"aligncenter wp-image-46803\" src=\"http:\/\/www.grieta.org.mx\/wp-content\/uploads\/2020\/03\/corona.jpg\" alt=\"\" width=\"800\" height=\"433\" srcset=\"http:\/\/www.grieta.org.mx\/wp-content\/uploads\/2020\/03\/corona.jpg 1000w, http:\/\/www.grieta.org.mx\/wp-content\/uploads\/2020\/03\/corona-300x162.jpg 300w, http:\/\/www.grieta.org.mx\/wp-content\/uploads\/2020\/03\/corona-768x415.jpg 768w, http:\/\/www.grieta.org.mx\/wp-content\/uploads\/2020\/03\/corona-924x500.jpg 924w\" sizes=\"auto, (max-width: 800px) 100vw, 800px\" \/><\/p>\n<p>Eliana Gilet\/SPUTNIK<\/p>\n<p><strong>Una protesta por temor a contraer el COVID-19 fue reprimida en la Estaci\u00f3n Migratoria Siglo XXI de Tapachula, Chiapas, por oficiales del Instituto Nacional de Migraci\u00f3n mexicano y la Guardia Nacional militarizada en la tarde del lunes 23 de marzo de 2020.<\/strong><\/p>\n<p>Fue organizada en un intento de conseguir controlar a los migrantes y refugiados ante las p\u00e9simas condiciones sanitarias y de hacinamiento en las que son mantenidos en M\u00e9xico.<\/p>\n<p>En las Estaciones Migratorias de M\u00e9xico vive un n\u00famero no estimado de personas \u2014que cambia diario, porque las 32 que hay en el pa\u00eds siguen recibiendo gente en medio de la pandemia\u2014 sin las m\u00ednimas condiciones de atenci\u00f3n sanitaria o higiene acordes a la recomendaci\u00f3n mundial de lavarse las manos 30 veces por d\u00eda como medida b\u00e1sica de control frente al coronavirus.<\/p>\n<p>La crisis de este sistema \u2014que recluye por defecto a miles de personas que no han cometido ning\u00fan delito\u2014 es generalizada en el pa\u00eds y, seg\u00fan comentaron varias fuentes calificadas a Sputnik, las autoridades migratorias han apelado a la Iglesia y organizaciones sociales que atienden el tema migratorio para paliar la crisis, ante la falta de atenci\u00f3n del Gobierno central.<\/p>\n<p>El episodio represivo desat\u00f3 una\u00a0<a href=\"https:\/\/www.cndh.org.mx\/sites\/default\/files\/documentos\/2020-03\/COM_2020_097.pdf\" target=\"_blank\" rel=\"noopener noreferrer\">comunicaci\u00f3n<\/a>\u00a0de la Comisi\u00f3n Nacional de derechos humanos respecto a la situaci\u00f3n &#8220;preocupante&#8221; de las Estaciones Migratorias, que no menciona el evento narrado en esta nota period\u00edstica.<\/p>\n<p>Por su parte, a la misma hora y fecha, el Instituto Nacional de Migraci\u00f3n public\u00f3 su comunicado que tampoco menciona el hecho pero s\u00ed refiere las medidas de esa instituci\u00f3n para sus trabajadores ante los riesgos del COVID-19. No detalla cu\u00e1l es la atenci\u00f3n para personas recluidas a su cargo ante este virus de r\u00e1pido contagio ni explica el motivo del uso arbitrario de la fuerza durante la jornada previa para acallar la protesta en la Siglo XXI que describiremos a continuaci\u00f3n.<\/p>\n<p>Desde el Grupo impulsor contra la detenci\u00f3n migratoria y la tortura exigen que, si M\u00e9xico no tiene la capacidad para brindar condiciones adecuadas a estas personas, debe promoverse la liberaci\u00f3n inmediata de todos los migrantes y refugiados que est\u00e1n recluidos arbitrariamente en el pa\u00eds.<\/p>\n<h2>La represi\u00f3n del lunes 23<\/h2>\n<p><strong>&#8220;Est\u00e1bamos alertando desde la semana pasada a las autoridades migratorias que urg\u00eda que tomaran una decisi\u00f3n en este tema, para no poner en riesgo a las personas detenidas, muchas de ellas que est\u00e1n en proceso de conseguir asilo en el pa\u00eds, ni\u00f1as y ni\u00f1os, mujeres&#8221;, explic\u00f3 a Sputnik Rita Robles, integrante del Centro de derechos humanos Fray Mat\u00edas de C\u00f3rdova, Chiapas.<\/strong><\/p>\n<p>Cuando entraron este martes 24 de marzo a hacer su visita semanal de seguimiento de casos, les relataron c\u00f3mo el d\u00eda anterior alrededor de las cinco de la tarde un grupo de entre 50 y 70 personas se concentraron en el patio del m\u00f3dulo de hombres de la Estaci\u00f3n Migratoria Siglo XXI,\u00a0<a href=\"https:\/\/mundo.sputniknews.com\/america_del_norte\/202003261090908282-mexico-se-enfrenta-a-protesta-de-refugiados-que-temen-contraer-covid-19-en-reclusion\/Tapachula,%20la%20'Marsella'%20para%20migrantes%20en%20M%C3%A9xico\" target=\"_blank\" rel=\"noopener noreferrer\">en Tapachula<\/a>, Chiapas y protestaron por la &#8220;prolongaci\u00f3n indefinida de los tiempos de detenci\u00f3n y exigir su puesta en libertad o devoluci\u00f3n a sus pa\u00edses de origen&#8221;.<\/p>\n<div class=\"b-inject m-inject-min\">\n<div class=\"b-inject__media\"><a href=\"https:\/\/mundo.sputniknews.com\/sociedad\/201906261087790723-mexico-estado-tapon-migrantes-eeuu\/\" target=\"_blank\" rel=\"noopener noreferrer\"><picture><source class=\"\" srcset=\"https:\/\/cdnmundo1.img.sputniknews.com\/img\/108779\/04\/1087790474_0:36:3072:1670_331x0_80_0_1_5d3d80b151d5b387a58814a69113c035.jpg.webp\" media=\"(min-width: 768px)\" data-srcset=\"https:\/\/cdnmundo1.img.sputniknews.com\/img\/108779\/04\/1087790474_0:36:3072:1670_331x0_80_0_1_5d3d80b151d5b387a58814a69113c035.jpg.webp\" \/><source class=\"\" srcset=\"https:\/\/cdnmundo1.img.sputniknews.com\/img\/108779\/04\/1087790474_0:36:3072:1670_768x0_80_0_1_6526fd4a78b8b84d692aa939b709d0f9.jpg.webp\" media=\"(min-width: 480px)\" data-srcset=\"https:\/\/cdnmundo1.img.sputniknews.com\/img\/108779\/04\/1087790474_0:36:3072:1670_768x0_80_0_1_6526fd4a78b8b84d692aa939b709d0f9.jpg.webp\" \/><source class=\"\" srcset=\"https:\/\/cdnmundo1.img.sputniknews.com\/img\/108779\/04\/1087790474_0:36:3072:1670_480x0_80_0_1_b4fbf07e25789b18c905c81e1408ed4c.jpg.webp\" media=\"(min-width: 0px)\" data-srcset=\"https:\/\/cdnmundo1.img.sputniknews.com\/img\/108779\/04\/1087790474_0:36:3072:1670_480x0_80_0_1_b4fbf07e25789b18c905c81e1408ed4c.jpg.webp\" \/><\/picture><\/a><\/div>\n<div>\n<p>A su vez, seg\u00fan un comunicado emitido este mi\u00e9rcoles 25 de marzo por los defensores de DDHH que integran el Colectivo de observaci\u00f3n y monitoreo de derechos humanos en el sureste mexicano, &#8220;las personas manifestaron temor por contraer el COVID-19 y anunciaron su intenci\u00f3n de iniciar una huelga de hambre si no se les pon\u00eda en libertad&#8221;.El\u00a0<a href=\"https:\/\/mundo.sputniknews.com\/america_del_norte\/201907051087908311-policias-federales-mexicanos-mantienen-conflicto-ingreso-guardia-nacional\/\" target=\"_blank\" rel=\"noopener noreferrer\">reclamo fue reprimido<\/a>\u00a0primero por la brigada de seguridad interna de la Estaci\u00f3n Migratoria, que est\u00e1 compuesta por exagentes de la Polic\u00eda Federal, a quienes luego se sum\u00f3 una veintena de elementos de la Guardia Nacional militarizada, que funge como polic\u00eda migratoria desde junio de 2020.<\/p>\n<p>Lo preocupante fue que los migrantes denunciaron el uso de gas pimienta y chorros de agua para disuadir al grupo por la fuerza, adem\u00e1s de golpizas y la sustracci\u00f3n de un n\u00famero no determinado de personas del sitio con destino desconocido, conformando un delito de desaparici\u00f3n forzada, cometido por agentes del Estado.<\/p>\n<p><strong>&#8220;Una vez que lograron reducir al grupo, los agentes arrastraron a las personas a los ba\u00f1os donde no hay c\u00e1maras de vigilancia en una medida de castigo y, aplicando violencia absolutamente desproporcionada, elementos de la Guardia Nacional golpearon a las personas y los condujeron a un autob\u00fas, con rumbo desconocido&#8221;, dice el comunicado ya citado.<\/strong><\/p>\n<h2>\u00bfQui\u00e9n atiende la emergencia migrante?<\/h2>\n<p>La hermana Magda integra la dimensi\u00f3n de la pastoral de la movilidad humana de la Iglesia Cat\u00f3lica \u2014que sostiene 120 albergues para migrantes en M\u00e9xico\u2014 y trabaja desde su propio albergue en la Ciudad de M\u00e9xico, donde forma parte de la Red de documentaci\u00f3n de las organizaciones defensoras de migrantes (Redodem) que unifica a 23 albergues y otros espacios a la poblaci\u00f3n en tr\u00e1nsito por M\u00e9xico, presentes en 13 estados de la Rep\u00fablica.<\/p>\n<p>Su lectura de la reacci\u00f3n gubernamental ante el\u00a0<strong><a href=\"https:\/\/mundo.sputniknews.com\/trend\/cronavirus-en-mexico-2020\/\" target=\"_blank\" rel=\"noopener noreferrer\">COVID-19<\/a><\/strong>\u00a0es de tranquilidad ante el paso escalonado que ha caracterizado la atenci\u00f3n en M\u00e9xico de esta pandemia mundial, que organiz\u00f3 una &#8220;fase dos&#8221; de alerta ante casos de transmisi\u00f3n local sin entrar a\u00fan en medidas de emergencia como s\u00ed lo orden\u00f3 el presidente Nayib Bukele en El Salvador, por ejemplo.<\/p>\n<p>&#8220;M\u00e9xico es un pa\u00eds con un alto \u00edndice de poblaci\u00f3n migrante que est\u00e1 en diferentes situaciones y condiciones; tampoco es lo mismo estar en la frontera norte que en la sur, o en el centro del pa\u00eds&#8221;, explic\u00f3 hermana Magda para graficar la complejidad del momento e identific\u00f3 al menos cuatro situaciones distintas de atenci\u00f3n primordial:<\/p>\n<ul>\n<li style=\"list-style-type: none;\">\n<ul>\n<li>La gente que est\u00e1 alojada en albergues vinculados a la Iglesia y la sociedad civil;<\/li>\n<li>La gente que ya vive independiente de esta red de albergues para migrantes y que ya est\u00e1n en su propio espacio, aunque a\u00fan en situaci\u00f3n de vulnerabilidad;<\/li>\n<li>La gente que est\u00e1 en situaci\u00f3n de calle, muchas de ellas esperando avances en tr\u00e1mites de asilo;<\/li>\n<li>La gente que est\u00e1 recluida en estaciones migratorias.<\/li>\n<\/ul>\n<\/li>\n<\/ul>\n<p>&#8220;Tanto los albergues del sur como del norte del pa\u00eds est\u00e1n saturados. No estamos viendo alternativas para acoger a toda esta poblaci\u00f3n, y por eso los albergues m\u00e1s grandes hemos decidido cerrar y solo quedarnos con la gente que tenemos&#8221;, explic\u00f3 a Sputnik. Por un lado, refiri\u00f3 que el comunicado de la Comisi\u00f3n Nacional de Derechos Humanos conmina a la Secretar\u00eda de Relaciones Exteriores a que facilite el regreso de personas que quieren volver a sus pa\u00edses en Centroam\u00e9rica y que no pueden hacerlo debido al cierre de la frontera terrestre con Guatemala.<\/p>\n<p>La hermana Magda explic\u00f3 a Sputnik que desde el Instituto Nacional de Migraci\u00f3n les han solicitado ayuda para reorganizar a la gente que tienen detenida en las estaciones migratorias, y ubicarlos en otros albergues que tengan disponibilidad en el pa\u00eds.<\/p>\n<blockquote class=\"marker-quote1\"><p><strong>&#8220;En los albergues, la gente est\u00e1 segura porque nos hemos responsabilizado y hemos armado propuestas de trabajo ante la pandemia, el problema es la gente que est\u00e1 en las estaciones migratorias y por eso es urgente que se habiliten otros espacios, pero no lo est\u00e1n haciendo, est\u00e1n acudiendo otra vez a nosotros&#8221;, grafic\u00f3.<\/strong><\/p>\n<p>Por lo pronto, la red civil de albergues ha respondido al llamado y ha aceptado trasladar migrantes de grupos vulnerables a albergues m\u00e1s desahogados del estado de Quer\u00e9taro, en el centro del pa\u00eds. Tambi\u00e9n han alojado migrantes y solicitantes de asilo en hoteles, por medio de la atenci\u00f3n del Programa Casa de Refugiados.<\/p>\n<p><a href=\"https:\/\/mundo.sputniknews.com\/america_del_norte\/202003261090908282-mexico-se-enfrenta-a-protesta-de-refugiados-que-temen-contraer-covid-19-en-reclusion\/\" target=\"_blank\" rel=\"noopener noreferrer\">https:\/\/mundo.sputniknews.com\/america_del_norte\/202003261090908282-mexico-se-enfrenta-a-protesta-de-refugiados-que-temen-contraer-covid-19-en-reclusion\/<\/a><\/p><\/blockquote>\n<\/div>\n<\/div>\n","protected":false},"excerpt":{"rendered":"<p>Eliana Gilet\/SPUTNIK Una protesta por temor a contraer el COVID-19 fue reprimida en la Estaci\u00f3n Migratoria Siglo XXI de Tapachula, Chiapas, por oficiales del Instituto Nacional de Migraci\u00f3n mexicano y &hellip; <a href=\"http:\/\/www.grieta.org.mx\/index.php\/2020\/03\/26\/mexico-se-enfrenta-a-protesta-de-refugiados-que-temen-contraer-covid-19-en-reclusion\/\" class=\"more-link\">Leer m\u00e1s<\/a><\/p>\n","protected":false},"author":2,"featured_media":46803,"comment_status":"closed","ping_status":"closed","sticky":false,"template":"","format":"standard","meta":{"ngg_post_thumbnail":0,"_jetpack_newsletter_access":"","_jetpack_dont_email_post_to_subs":false,"_jetpack_newsletter_tier_id":0,"_jetpack_memberships_contains_paywalled_content":false,"_jetpack_memberships_contains_paid_content":false,"footnotes":""},"categories":[80,86,370,83],"tags":[2836,3227,3203,3038,2868],"class_list":["post-46802","post","type-post","status-publish","format-standard","has-post-thumbnail","hentry","category-cintillo","category-migrantes","category-migrantes-analisis","category-temas-nacionales","tag-alineacion-de-amlo-con-politica-antimigrante-de-trump","tag-migrantes-en-la-frontera-sur","tag-migrantes-en-peligro-por-covid19","tag-represion-a-migrantes-por-la-guardia-nacional","tag-violencia-del-estado-mexicano-contra-migrantes","entry"],"jetpack_featured_media_url":"http:\/\/www.grieta.org.mx\/wp-content\/uploads\/2020\/03\/corona.jpg","jetpack_sharing_enabled":true,"jetpack_shortlink":"https:\/\/wp.me\/p7ZJR4-caS","jetpack_likes_enabled":false,"jetpack-related-posts":[{"id":47473,"url":"http:\/\/www.grieta.org.mx\/index.php\/2020\/04\/03\/tras-motin-concentran-a-migrantes-en-instalaciones-del-inm-en-el-puente-internacional-ii-coahuila\/","url_meta":{"origin":46802,"position":0},"title":"Tras mot\u00edn, concentran a migrantes en instalaciones del INM en el Puente Internacional II (Coahuila)","author":"grieta","date":"3 abril, 2020","format":false,"excerpt":"El traslado de los migrantes fue escoltado por efectivos de la Guardia Nacional Ren\u00e9 Arellano G\u00f3mez\/ EL SIGLO DE TORRE\u00d3N Luego del amotinamiento registrado en un albergue temporal del Intituto Nacional de Migraci\u00f3n (INM), alrededor de 120 migrantes de origen centroamericano, fueron trasladados y concentrados en las instalaciones del Puente\u2026","rel":"","context":"En &quot;CINTILLO&quot;","block_context":{"text":"CINTILLO","link":"http:\/\/www.grieta.org.mx\/index.php\/category\/cintillo\/"},"img":{"alt_text":"","src":"https:\/\/i0.wp.com\/www.grieta.org.mx\/wp-content\/uploads\/2020\/04\/1296332.jpeg?resize=350%2C200","width":350,"height":200,"srcset":"https:\/\/i0.wp.com\/www.grieta.org.mx\/wp-content\/uploads\/2020\/04\/1296332.jpeg?resize=350%2C200 1x, https:\/\/i0.wp.com\/www.grieta.org.mx\/wp-content\/uploads\/2020\/04\/1296332.jpeg?resize=525%2C300 1.5x, https:\/\/i0.wp.com\/www.grieta.org.mx\/wp-content\/uploads\/2020\/04\/1296332.jpeg?resize=700%2C400 2x"},"classes":[]},{"id":43519,"url":"http:\/\/www.grieta.org.mx\/index.php\/2020\/01\/24\/estado-mexicano-reprime-salvajemente-a-mas-de-mil-migrantes-que-pretendian-buscar-refugio-en-el-pais-centro-de-dignificacion-humana\/","url_meta":{"origin":46802,"position":1},"title":"Estado mexicano reprime salvajemente a m\u00e1s de mil migrantes que pretend\u00edan buscar refugio en el pa\u00eds: Centro de Dignificaci\u00f3n Humana","author":"grieta","date":"24 enero, 2020","format":false,"excerpt":"A trav\u00e9s de un video testimonial, el defensor de derechos humanos, Luis Garc\u00eda Villagr\u00e1n, integrante del Centro de Dignificaci\u00f3n Humana, denunci\u00f3 que el pasado jueves 23 de enero, un contingente de m\u00e1s de mil personas migrantes centroamericanas, en su mayor\u00eda mujeres, ni\u00f1as y ni\u00f1os, fueron reprimidos \u201csalvajemente\u201d por agentes de\u2026","rel":"","context":"En &quot;CINTILLO&quot;","block_context":{"text":"CINTILLO","link":"http:\/\/www.grieta.org.mx\/index.php\/category\/cintillo\/"},"img":{"alt_text":"","src":"https:\/\/i0.wp.com\/www.grieta.org.mx\/wp-content\/uploads\/2020\/01\/GN-vs-migrantess.jpg?resize=350%2C200","width":350,"height":200,"srcset":"https:\/\/i0.wp.com\/www.grieta.org.mx\/wp-content\/uploads\/2020\/01\/GN-vs-migrantess.jpg?resize=350%2C200 1x, https:\/\/i0.wp.com\/www.grieta.org.mx\/wp-content\/uploads\/2020\/01\/GN-vs-migrantess.jpg?resize=525%2C300 1.5x, https:\/\/i0.wp.com\/www.grieta.org.mx\/wp-content\/uploads\/2020\/01\/GN-vs-migrantess.jpg?resize=700%2C400 2x"},"classes":[]},{"id":38295,"url":"http:\/\/www.grieta.org.mx\/index.php\/2019\/08\/23\/migracion-y-violencia-en-mexico\/","url_meta":{"origin":46802,"position":2},"title":"Migraci\u00f3n y violencia en M\u00e9xico","author":"grieta","date":"23 agosto, 2019","format":false,"excerpt":"Son miles de migrantes los que a su paso por territorio mexicano rumbo a Estados Unidos han sufrido alg\u00fan tipo de violencia. Con la implementaci\u00f3n de la Guardia Nacional en todo M\u00e9xico estos aspectos de violencia solo se profundizar\u00e1n. Omar Morales\/ LA IZQUIERDA DIARIO Desde hace un a\u00f1o el flujo\u2026","rel":"","context":"En &quot;CINTILLO&quot;","block_context":{"text":"CINTILLO","link":"http:\/\/www.grieta.org.mx\/index.php\/category\/cintillo\/"},"img":{"alt_text":"","src":"https:\/\/i0.wp.com\/www.grieta.org.mx\/wp-content\/uploads\/2018\/03\/14524434_1106112876131411_958039263622046936_o.jpg?resize=350%2C200","width":350,"height":200,"srcset":"https:\/\/i0.wp.com\/www.grieta.org.mx\/wp-content\/uploads\/2018\/03\/14524434_1106112876131411_958039263622046936_o.jpg?resize=350%2C200 1x, https:\/\/i0.wp.com\/www.grieta.org.mx\/wp-content\/uploads\/2018\/03\/14524434_1106112876131411_958039263622046936_o.jpg?resize=525%2C300 1.5x, https:\/\/i0.wp.com\/www.grieta.org.mx\/wp-content\/uploads\/2018\/03\/14524434_1106112876131411_958039263622046936_o.jpg?resize=700%2C400 2x"},"classes":[]},{"id":35319,"url":"http:\/\/www.grieta.org.mx\/index.php\/2019\/06\/22\/a-las-puertas-de-estados-unidos-mexico-persigue-y-detiene-a-migrantes-chihuahua\/","url_meta":{"origin":46802,"position":3},"title":"A las puertas de Estados Unidos, M\u00e9xico persigue y detiene a migrantes (Chihuahua)","author":"grieta","date":"22 junio, 2019","format":false,"excerpt":"Los extranjeros indocumentados que llegan a la frontera por Ciudad Ju\u00e1rez son perseguidos en el bordo del r\u00edo Bravo por militares en la Guardia Nacional, quienes los detienen y entregan a oficiales de Migraci\u00f3n para evitar su paso a territorio estadunidense. Texto y Fotos: Rey R. Jauregui \/ LA VERDAD\/\u2026","rel":"","context":"En &quot;Chihuahua&quot;","block_context":{"text":"Chihuahua","link":"http:\/\/www.grieta.org.mx\/index.php\/category\/noticias-nacionales\/chihuahua\/"},"img":{"alt_text":"","src":"https:\/\/i0.wp.com\/www.grieta.org.mx\/wp-content\/uploads\/2019\/06\/Detenidas.jpeg?resize=350%2C200","width":350,"height":200,"srcset":"https:\/\/i0.wp.com\/www.grieta.org.mx\/wp-content\/uploads\/2019\/06\/Detenidas.jpeg?resize=350%2C200 1x, https:\/\/i0.wp.com\/www.grieta.org.mx\/wp-content\/uploads\/2019\/06\/Detenidas.jpeg?resize=525%2C300 1.5x, https:\/\/i0.wp.com\/www.grieta.org.mx\/wp-content\/uploads\/2019\/06\/Detenidas.jpeg?resize=700%2C400 2x, https:\/\/i0.wp.com\/www.grieta.org.mx\/wp-content\/uploads\/2019\/06\/Detenidas.jpeg?resize=1050%2C600 3x"},"classes":[]},{"id":61478,"url":"http:\/\/www.grieta.org.mx\/index.php\/2021\/09\/01\/inm-y-gn-desarticulan-caravana-y-detienen-a-migrantes-en-mapastepec-chiapas\/","url_meta":{"origin":46802,"position":4},"title":"INM y GN desarticulan caravana y detienen a migrantes en Mapastepec, Chiapas","author":"grieta","date":"1 septiembre, 2021","format":false,"excerpt":"Los migrantes de Hait\u00ed, Guatemala, Honduras, Nicaragua, El Salvador y otros pa\u00edses sudamericanos, del Caribe y hasta africanos, hab\u00edan caminado ya 107 kil\u00f3metros desde Tapachula hasta ese punto y esperaban en ese lugar a una segunda caravana que hab\u00eda partido de Tapachula el d\u00eda de ayer lunes. Isa\u00edn Mandujano\/PROCESO TUXTLA\u2026","rel":"","context":"En &quot;CINTILLO&quot;","block_context":{"text":"CINTILLO","link":"http:\/\/www.grieta.org.mx\/index.php\/category\/cintillo\/"},"img":{"alt_text":"","src":"https:\/\/i0.wp.com\/www.grieta.org.mx\/wp-content\/uploads\/2021\/09\/f800x450-141739_193185_5073.jpg?resize=350%2C200","width":350,"height":200,"srcset":"https:\/\/i0.wp.com\/www.grieta.org.mx\/wp-content\/uploads\/2021\/09\/f800x450-141739_193185_5073.jpg?resize=350%2C200 1x, https:\/\/i0.wp.com\/www.grieta.org.mx\/wp-content\/uploads\/2021\/09\/f800x450-141739_193185_5073.jpg?resize=525%2C300 1.5x, https:\/\/i0.wp.com\/www.grieta.org.mx\/wp-content\/uploads\/2021\/09\/f800x450-141739_193185_5073.jpg?resize=700%2C400 2x"},"classes":[]},{"id":46812,"url":"http:\/\/www.grieta.org.mx\/index.php\/2020\/03\/25\/migrantes-quedan-atrapados-en-mexico-por-covid-19\/","url_meta":{"origin":46802,"position":5},"title":"Migrantes quedan atrapados en M\u00e9xico por COVID-19","author":"grieta","date":"25 marzo, 2020","format":false,"excerpt":"\u00c1ngeles Mariscal\/ CHIAPAS PARALELO La pol\u00edtica de contenci\u00f3n moigratoria que implement\u00f3 el gobierno de M\u00e9xico durante el a\u00f1o reciente, los hab\u00eda colocado en una posici\u00f3n dif\u00edcil; ahora la propapagaci\u00f3n de la pandemia por el COVID-19 los tienen al l\u00edmite. La frontera de sus propios pa\u00edses se cerr\u00f3 a la repatriaci\u00f3n,\u2026","rel":"","context":"En &quot;CINTILLO&quot;","block_context":{"text":"CINTILLO","link":"http:\/\/www.grieta.org.mx\/index.php\/category\/cintillo\/"},"img":{"alt_text":"","src":"https:\/\/i0.wp.com\/www.grieta.org.mx\/wp-content\/uploads\/2020\/03\/migrantes-cruzando-r%C3%ADo.jpg?resize=350%2C200","width":350,"height":200,"srcset":"https:\/\/i0.wp.com\/www.grieta.org.mx\/wp-content\/uploads\/2020\/03\/migrantes-cruzando-r%C3%ADo.jpg?resize=350%2C200 1x, https:\/\/i0.wp.com\/www.grieta.org.mx\/wp-content\/uploads\/2020\/03\/migrantes-cruzando-r%C3%ADo.jpg?resize=525%2C300 1.5x, https:\/\/i0.wp.com\/www.grieta.org.mx\/wp-content\/uploads\/2020\/03\/migrantes-cruzando-r%C3%ADo.jpg?resize=700%2C400 2x, https:\/\/i0.wp.com\/www.grieta.org.mx\/wp-content\/uploads\/2020\/03\/migrantes-cruzando-r%C3%ADo.jpg?resize=1050%2C600 3x"},"classes":[]}],"_links":{"self":[{"href":"http:\/\/www.grieta.org.mx\/index.php\/wp-json\/wp\/v2\/posts\/46802","targetHints":{"allow":["GET"]}}],"collection":[{"href":"http:\/\/www.grieta.org.mx\/index.php\/wp-json\/wp\/v2\/posts"}],"about":[{"href":"http:\/\/www.grieta.org.mx\/index.php\/wp-json\/wp\/v2\/types\/post"}],"author":[{"embeddable":true,"href":"http:\/\/www.grieta.org.mx\/index.php\/wp-json\/wp\/v2\/users\/2"}],"replies":[{"embeddable":true,"href":"http:\/\/www.grieta.org.mx\/index.php\/wp-json\/wp\/v2\/comments?post=46802"}],"version-history":[{"count":1,"href":"http:\/\/www.grieta.org.mx\/index.php\/wp-json\/wp\/v2\/posts\/46802\/revisions"}],"predecessor-version":[{"id":46804,"href":"http:\/\/www.grieta.org.mx\/index.php\/wp-json\/wp\/v2\/posts\/46802\/revisions\/46804"}],"wp:featuredmedia":[{"embeddable":true,"href":"http:\/\/www.grieta.org.mx\/index.php\/wp-json\/wp\/v2\/media\/46803"}],"wp:attachment":[{"href":"http:\/\/www.grieta.org.mx\/index.php\/wp-json\/wp\/v2\/media?parent=46802"}],"wp:term":[{"taxonomy":"category","embeddable":true,"href":"http:\/\/www.grieta.org.mx\/index.php\/wp-json\/wp\/v2\/categories?post=46802"},{"taxonomy":"post_tag","embeddable":true,"href":"http:\/\/www.grieta.org.mx\/index.php\/wp-json\/wp\/v2\/tags?post=46802"}],"curies":[{"name":"wp","href":"https:\/\/api.w.org\/{rel}","templated":true}]}}