{"id":46796,"date":"2020-03-21T22:01:53","date_gmt":"2020-03-22T04:01:53","guid":{"rendered":"http:\/\/www.grieta.org.mx\/?p=46796"},"modified":"2020-04-06T22:04:55","modified_gmt":"2020-04-07T03:04:55","slug":"denuncian-enfermeras-de-mexicali-que-trabajan-sin-material-de-proteccion-sanitaria-baja-california","status":"publish","type":"post","link":"http:\/\/www.grieta.org.mx\/index.php\/2020\/03\/21\/denuncian-enfermeras-de-mexicali-que-trabajan-sin-material-de-proteccion-sanitaria-baja-california\/","title":{"rendered":"Denuncian enfermeras de Mexicali que trabajan sin material de protecci\u00f3n sanitaria (Baja California)"},"content":{"rendered":"<p>Lindero Norte \/ Antonio Heras.<\/p>\n<p><img loading=\"lazy\" decoding=\"async\" data-attachment-id=\"46797\" data-permalink=\"http:\/\/www.grieta.org.mx\/index.php\/2020\/03\/21\/denuncian-enfermeras-de-mexicali-que-trabajan-sin-material-de-proteccion-sanitaria-baja-california\/images-2020-03-20t081423-884\/\" data-orig-file=\"http:\/\/www.grieta.org.mx\/wp-content\/uploads\/2020\/03\/images-2020-03-20T081423.884.jpeg\" data-orig-size=\"701,437\" data-comments-opened=\"0\" data-image-meta=\"{&quot;aperture&quot;:&quot;0&quot;,&quot;credit&quot;:&quot;&quot;,&quot;camera&quot;:&quot;&quot;,&quot;caption&quot;:&quot;&quot;,&quot;created_timestamp&quot;:&quot;0&quot;,&quot;copyright&quot;:&quot;&quot;,&quot;focal_length&quot;:&quot;0&quot;,&quot;iso&quot;:&quot;0&quot;,&quot;shutter_speed&quot;:&quot;0&quot;,&quot;title&quot;:&quot;&quot;,&quot;orientation&quot;:&quot;0&quot;}\" data-image-title=\"images-2020-03-20T081423.884\" data-image-description=\"\" data-image-caption=\"\" data-medium-file=\"http:\/\/www.grieta.org.mx\/wp-content\/uploads\/2020\/03\/images-2020-03-20T081423.884-300x187.jpeg\" data-large-file=\"http:\/\/www.grieta.org.mx\/wp-content\/uploads\/2020\/03\/images-2020-03-20T081423.884.jpeg\" class=\"aligncenter wp-image-46797\" src=\"http:\/\/www.grieta.org.mx\/wp-content\/uploads\/2020\/03\/images-2020-03-20T081423.884.jpeg\" alt=\"\" width=\"800\" height=\"499\" srcset=\"http:\/\/www.grieta.org.mx\/wp-content\/uploads\/2020\/03\/images-2020-03-20T081423.884.jpeg 701w, http:\/\/www.grieta.org.mx\/wp-content\/uploads\/2020\/03\/images-2020-03-20T081423.884-300x187.jpeg 300w\" sizes=\"auto, (max-width: 800px) 100vw, 800px\" \/><\/p>\n<p>Mexicali.- Personal de enfermer\u00eda de Baja California denunciaron que carecen de insumos y material para atender a pacientes de hospitales del sector Salud.<\/p>\n<p>Enfermeras del Hospital Materno Infantil de Isesalud y de la cl\u00ednica 30 del Instituto Mexicano del Seguro Social coincidieron en se\u00f1alar que en los servicios m\u00e9dicos no cuentan con cubrebocas adecuados, no hay guantes de l\u00e1tex ni gel antibacterial.<\/p>\n<p>En redes sociales, pasantes de enfermer\u00eda de la Universidad Aut\u00f3noma de Baja California denunciaron la misma situaci\u00f3n por lo que deben adquirir sus propios materiales.<\/p>\n<p>En entrevista, el Secretario de Salud, Alonso P\u00e9rez Rico, asegur\u00f3 que no hay desabasto de material de protecci\u00f3n sanitaria, pero que se est\u00e1 entregando de manera racionada para su buen uso directamente a los directivos de los hospitales y cl\u00ednicas de salud.<\/p>\n<p><a href=\"https:\/\/linderonorte.com\/2020\/03\/20\/denuncian-enfermeras-de-mexicali-que-trabajan-sin-material-de-proteccion-sanitaria\/\" target=\"_blank\" rel=\"noopener noreferrer\">https:\/\/linderonorte.com\/2020\/03\/20\/denuncian-enfermeras-de-mexicali-que-trabajan-sin-material-de-proteccion-sanitaria\/<\/a><\/p>\n","protected":false},"excerpt":{"rendered":"<p>Lindero Norte \/ Antonio Heras. Mexicali.- Personal de enfermer\u00eda de Baja California denunciaron que carecen de insumos y material para atender a pacientes de hospitales del sector Salud. Enfermeras del &hellip; <a href=\"http:\/\/www.grieta.org.mx\/index.php\/2020\/03\/21\/denuncian-enfermeras-de-mexicali-que-trabajan-sin-material-de-proteccion-sanitaria-baja-california\/\" class=\"more-link\">Leer m\u00e1s<\/a><\/p>\n","protected":false},"author":2,"featured_media":46797,"comment_status":"closed","ping_status":"closed","sticky":false,"template":"","format":"standard","meta":{"ngg_post_thumbnail":0,"_jetpack_newsletter_access":"","_jetpack_dont_email_post_to_subs":false,"_jetpack_newsletter_tier_id":0,"_jetpack_memberships_contains_paywalled_content":false,"_jetpack_memberships_contains_paid_content":false,"footnotes":""},"categories":[5,80,3263,2438,2],"tags":[],"class_list":["post-46796","post","type-post","status-publish","format-standard","has-post-thumbnail","hentry","category-baja-california","category-cintillo","category-crisis-covid-19-en-baja-california","category-crisis-del-sector-salud-en-baja-california","category-noticias-nacionales","entry"],"jetpack_featured_media_url":"http:\/\/www.grieta.org.mx\/wp-content\/uploads\/2020\/03\/images-2020-03-20T081423.884.jpeg","jetpack_sharing_enabled":true,"jetpack_shortlink":"https:\/\/wp.me\/p7ZJR4-caM","jetpack_likes_enabled":false,"jetpack-related-posts":[{"id":50715,"url":"http:\/\/www.grieta.org.mx\/index.php\/2020\/06\/09\/enfermeras-protestan-afuera-del-hg-de-mexicali-por-condiciones-laborales-baja-california\/","url_meta":{"origin":46796,"position":0},"title":"Enfermeras protestan afuera del HG de Mexicali por condiciones laborales (Baja California)","author":"grieta","date":"9 junio, 2020","format":false,"excerpt":"Zeta Tijuana \/ Eduardo Villa Lugo. Foto: Cristian Torres. Un grupo de enfermeras que laboran en el Hospital General de Mexicali, se manifestaron a las afueras del edificio para exigir mejoras en sus condiciones laborales, porque debido a la pandemia trabajan en escenarios inhumanos y no tienen prestaciones. Alrededor de\u2026","rel":"","context":"En &quot;Baja California&quot;","block_context":{"text":"Baja California","link":"http:\/\/www.grieta.org.mx\/index.php\/category\/noticias-nacionales\/baja-california\/"},"img":{"alt_text":"","src":"https:\/\/i0.wp.com\/www.grieta.org.mx\/wp-content\/uploads\/2020\/06\/FB3230D5-C2FA-468E-B5D8-4CDE2902E59E-750x500.jpeg?resize=350%2C200","width":350,"height":200,"srcset":"https:\/\/i0.wp.com\/www.grieta.org.mx\/wp-content\/uploads\/2020\/06\/FB3230D5-C2FA-468E-B5D8-4CDE2902E59E-750x500.jpeg?resize=350%2C200 1x, https:\/\/i0.wp.com\/www.grieta.org.mx\/wp-content\/uploads\/2020\/06\/FB3230D5-C2FA-468E-B5D8-4CDE2902E59E-750x500.jpeg?resize=525%2C300 1.5x, https:\/\/i0.wp.com\/www.grieta.org.mx\/wp-content\/uploads\/2020\/06\/FB3230D5-C2FA-468E-B5D8-4CDE2902E59E-750x500.jpeg?resize=700%2C400 2x"},"classes":[]},{"id":48140,"url":"http:\/\/www.grieta.org.mx\/index.php\/2020\/04\/23\/pruebas-de-covid-19-son-insuficientes-en-mexicali-y-no-hay-equipo-para-afrontar-el-virus-colegios-de-medicos-baja-california\/","url_meta":{"origin":46796,"position":1},"title":"Pruebas de COVID-19 son insuficientes en Mexicali y no hay equipo para afrontar el virus: Colegios de M\u00e9dicos (Baja California)","author":"grieta","date":"23 abril, 2020","format":false,"excerpt":"Animal Pol\u00edtico \/ Luis Arellano (Pregonero Baja California) Colegios de M\u00e9dicos en Mexicali enviaron un documento al gobierno de Baja California y al federal, para que se les de equipo de seguridad para trabajar en el combate al COVID-19. Cuartoscuro. Presidentes y representantes de Colegios de M\u00e9dicos en Mexicali, mediante\u2026","rel":"","context":"En &quot;Baja California&quot;","block_context":{"text":"Baja California","link":"http:\/\/www.grieta.org.mx\/index.php\/category\/noticias-nacionales\/baja-california\/"},"img":{"alt_text":"","src":"https:\/\/i0.wp.com\/www.grieta.org.mx\/wp-content\/uploads\/2020\/04\/a-1.jpeg?resize=350%2C200","width":350,"height":200,"srcset":"https:\/\/i0.wp.com\/www.grieta.org.mx\/wp-content\/uploads\/2020\/04\/a-1.jpeg?resize=350%2C200 1x, https:\/\/i0.wp.com\/www.grieta.org.mx\/wp-content\/uploads\/2020\/04\/a-1.jpeg?resize=525%2C300 1.5x, https:\/\/i0.wp.com\/www.grieta.org.mx\/wp-content\/uploads\/2020\/04\/a-1.jpeg?resize=700%2C400 2x, https:\/\/i0.wp.com\/www.grieta.org.mx\/wp-content\/uploads\/2020\/04\/a-1.jpeg?resize=1050%2C600 3x"},"classes":[]},{"id":50110,"url":"http:\/\/www.grieta.org.mx\/index.php\/2020\/05\/28\/atienden-a-100-pacientes-covid-19-a-38-grados-en-hospital-general-de-mexicali-baja-california\/","url_meta":{"origin":46796,"position":2},"title":"Atienden a 100 pacientes Covid-19 a 38 grados en Hospital General de Mexicali (Baja California)","author":"grieta","date":"28 mayo, 2020","format":false,"excerpt":"Lindero Norte \/ Antonio Heras *Protesta personal de salud por falla en sistema de aire acondicionado Mexicali.- Con una temperatura de 38 grados cent\u00edgrados, personal cl\u00ednico del Hospital General de Mexicali trabaj\u00f3 bajo protesta por desperfectos del equipo de aire acondicionado. En este nosocomio de la capital de Baja California\u2026","rel":"","context":"En &quot;Baja California&quot;","block_context":{"text":"Baja California","link":"http:\/\/www.grieta.org.mx\/index.php\/category\/noticias-nacionales\/baja-california\/"},"img":{"alt_text":"","src":"https:\/\/i0.wp.com\/www.grieta.org.mx\/wp-content\/uploads\/2018\/03\/14524434_1106112876131411_958039263622046936_o.jpg?resize=350%2C200","width":350,"height":200,"srcset":"https:\/\/i0.wp.com\/www.grieta.org.mx\/wp-content\/uploads\/2018\/03\/14524434_1106112876131411_958039263622046936_o.jpg?resize=350%2C200 1x, https:\/\/i0.wp.com\/www.grieta.org.mx\/wp-content\/uploads\/2018\/03\/14524434_1106112876131411_958039263622046936_o.jpg?resize=525%2C300 1.5x, https:\/\/i0.wp.com\/www.grieta.org.mx\/wp-content\/uploads\/2018\/03\/14524434_1106112876131411_958039263622046936_o.jpg?resize=700%2C400 2x"},"classes":[]},{"id":50614,"url":"http:\/\/www.grieta.org.mx\/index.php\/2020\/06\/08\/protesta-personal-del-hospital-general-de-mexicali-para-exigir-mejores-condiciones-de-trabajo-baja-california\/","url_meta":{"origin":46796,"position":3},"title":"Protesta personal del Hospital General de Mexicali para exigir mejores condiciones de trabajo (Baja California)","author":"grieta","date":"8 junio, 2020","format":false,"excerpt":"Lindero Norte \/ Antonio Heras. Mexicali.- Un grupo de trabajadores de la salud del Hospital General de Mexicali protestaron la noche de este lunes para exigir m\u00e1s personal cl\u00ednico e igualdad labiral, adem\u00e1s de mejoras en las jornadas de trabajo y en los equipos de protecci\u00f3n para la atenci\u00f3n de\u2026","rel":"","context":"En &quot;Baja California&quot;","block_context":{"text":"Baja California","link":"http:\/\/www.grieta.org.mx\/index.php\/category\/noticias-nacionales\/baja-california\/"},"img":{"alt_text":"","src":"https:\/\/i0.wp.com\/www.grieta.org.mx\/wp-content\/uploads\/2018\/03\/14524434_1106112876131411_958039263622046936_o.jpg?resize=350%2C200","width":350,"height":200,"srcset":"https:\/\/i0.wp.com\/www.grieta.org.mx\/wp-content\/uploads\/2018\/03\/14524434_1106112876131411_958039263622046936_o.jpg?resize=350%2C200 1x, https:\/\/i0.wp.com\/www.grieta.org.mx\/wp-content\/uploads\/2018\/03\/14524434_1106112876131411_958039263622046936_o.jpg?resize=525%2C300 1.5x, https:\/\/i0.wp.com\/www.grieta.org.mx\/wp-content\/uploads\/2018\/03\/14524434_1106112876131411_958039263622046936_o.jpg?resize=700%2C400 2x"},"classes":[]},{"id":49851,"url":"http:\/\/www.grieta.org.mx\/index.php\/2020\/05\/24\/los-hospitales-de-mexicali-estan-al-tope-reconoce-baja-california\/","url_meta":{"origin":46796,"position":4},"title":"Los hospitales de Mexicali est\u00e1n al tope, reconoce Baja California","author":"grieta","date":"24 mayo, 2020","format":false,"excerpt":"Proceso \/ Jesusa Cervantes. Alfonso P\u00e9rez Rico, secretario de Salud de Baja California en el gobierno de Jaime Bonilla. MEXICALI, BC.- Los hospitales de la capital bajacaliforniana est\u00e1n al tope y superan incluso a Tijuana en n\u00famero hospitalizaciones, as\u00ed como en casos acumulados y activos de covid-19, admiti\u00f3 el secretario\u2026","rel":"","context":"En &quot;Baja California&quot;","block_context":{"text":"Baja California","link":"http:\/\/www.grieta.org.mx\/index.php\/category\/noticias-nacionales\/baja-california\/"},"img":{"alt_text":"","src":"https:\/\/i0.wp.com\/www.grieta.org.mx\/wp-content\/uploads\/2020\/05\/baja_california_covid19_mexicali-870x522.jpg?resize=350%2C200","width":350,"height":200,"srcset":"https:\/\/i0.wp.com\/www.grieta.org.mx\/wp-content\/uploads\/2020\/05\/baja_california_covid19_mexicali-870x522.jpg?resize=350%2C200 1x, https:\/\/i0.wp.com\/www.grieta.org.mx\/wp-content\/uploads\/2020\/05\/baja_california_covid19_mexicali-870x522.jpg?resize=525%2C300 1.5x, https:\/\/i0.wp.com\/www.grieta.org.mx\/wp-content\/uploads\/2020\/05\/baja_california_covid19_mexicali-870x522.jpg?resize=700%2C400 2x"},"classes":[]},{"id":55915,"url":"http:\/\/www.grieta.org.mx\/index.php\/2020\/12\/19\/advierten-medicos-que-ya-no-hay-camas-covid19-en-hospital-general-de-tijuana-baja-california\/","url_meta":{"origin":46796,"position":5},"title":"Advierten m\u00e9dicos que ya no hay camas Covid19 en Hospital General de Tijuana (Baja California)","author":"grieta","date":"19 diciembre, 2020","format":false,"excerpt":"Lindero Norte \/ Antonio Heras *Qu\u00e9date en casa, piden Mexicali.- Personal m\u00e9dico y de enfermer\u00eda de la Secretar\u00eda de Salud de Baja California advirti\u00f3 la saturaci\u00f3n de hospitales p\u00fablicos de la entidad, en particular de Tijuana y Mexicali. Con leyendas en cartelones, expusieron la situaci\u00f3n que viven al interior de\u2026","rel":"","context":"En &quot;Baja California&quot;","block_context":{"text":"Baja California","link":"http:\/\/www.grieta.org.mx\/index.php\/category\/noticias-nacionales\/baja-california\/"},"img":{"alt_text":"","src":"https:\/\/i0.wp.com\/www.grieta.org.mx\/wp-content\/uploads\/2020\/12\/I.jpg?resize=350%2C200","width":350,"height":200,"srcset":"https:\/\/i0.wp.com\/www.grieta.org.mx\/wp-content\/uploads\/2020\/12\/I.jpg?resize=350%2C200 1x, https:\/\/i0.wp.com\/www.grieta.org.mx\/wp-content\/uploads\/2020\/12\/I.jpg?resize=525%2C300 1.5x, https:\/\/i0.wp.com\/www.grieta.org.mx\/wp-content\/uploads\/2020\/12\/I.jpg?resize=700%2C400 2x"},"classes":[]}],"_links":{"self":[{"href":"http:\/\/www.grieta.org.mx\/index.php\/wp-json\/wp\/v2\/posts\/46796","targetHints":{"allow":["GET"]}}],"collection":[{"href":"http:\/\/www.grieta.org.mx\/index.php\/wp-json\/wp\/v2\/posts"}],"about":[{"href":"http:\/\/www.grieta.org.mx\/index.php\/wp-json\/wp\/v2\/types\/post"}],"author":[{"embeddable":true,"href":"http:\/\/www.grieta.org.mx\/index.php\/wp-json\/wp\/v2\/users\/2"}],"replies":[{"embeddable":true,"href":"http:\/\/www.grieta.org.mx\/index.php\/wp-json\/wp\/v2\/comments?post=46796"}],"version-history":[{"count":1,"href":"http:\/\/www.grieta.org.mx\/index.php\/wp-json\/wp\/v2\/posts\/46796\/revisions"}],"predecessor-version":[{"id":46798,"href":"http:\/\/www.grieta.org.mx\/index.php\/wp-json\/wp\/v2\/posts\/46796\/revisions\/46798"}],"wp:featuredmedia":[{"embeddable":true,"href":"http:\/\/www.grieta.org.mx\/index.php\/wp-json\/wp\/v2\/media\/46797"}],"wp:attachment":[{"href":"http:\/\/www.grieta.org.mx\/index.php\/wp-json\/wp\/v2\/media?parent=46796"}],"wp:term":[{"taxonomy":"category","embeddable":true,"href":"http:\/\/www.grieta.org.mx\/index.php\/wp-json\/wp\/v2\/categories?post=46796"},{"taxonomy":"post_tag","embeddable":true,"href":"http:\/\/www.grieta.org.mx\/index.php\/wp-json\/wp\/v2\/tags?post=46796"}],"curies":[{"name":"wp","href":"https:\/\/api.w.org\/{rel}","templated":true}]}}