{"id":4676,"date":"2015-09-08T14:18:40","date_gmt":"2015-09-08T14:18:40","guid":{"rendered":"http:\/\/50.22.11.12\/~grietaor\/?p=4676"},"modified":"2016-03-25T14:20:47","modified_gmt":"2016-03-25T14:20:47","slug":"expertos-argumentan-inviabilidad-del-ccco-en-el-cerro-del-fortin","status":"publish","type":"post","link":"http:\/\/www.grieta.org.mx\/index.php\/2015\/09\/08\/expertos-argumentan-inviabilidad-del-ccco-en-el-cerro-del-fortin\/","title":{"rendered":"Expertos argumentan inviabilidad del CCCO en el Cerro del Fort\u00edn"},"content":{"rendered":"<p>David Yeudel, Oaxaca.<\/p>\n<p>Un grupo de expertos en la materia, convocados por el Patronato Pro Defensa y Conservaci\u00f3n del Patrimonio Cultural y Natural de Oaxaca (Pro-Oax), presidida por el maestro Francisco Toledo, explicaron t\u00e9cnicamente sobre la inviabilidad de la construcci\u00f3n del Centro cultural y de Convenciones de Oaxaca en el Cerro del Fort\u00edn.<\/p>\n<p>Reunidos en el Instituto de artes Gr\u00e1ficas de Oaxaca (IAGO), los arquitectos Javier Hern\u00e1ndez y Salvador Aceves, as\u00ed como el doctor Sa\u00fal Alc\u00e1ntara, coincidieron en que la construcci\u00f3n del Centro Cultural y de Convenciones de Oaxaca, en el Cerro del Fort\u00edn representa en todos los casos un proyecto que lesiona a la sociedad Oaxaque\u00f1a.<\/p>\n<p>Entre los puntos que se\u00f1alaron son especialistas destacan:<\/p>\n<p>Destrucci\u00f3n de \u00e1reas verdes. Esto ya que fue destruido un parque en el que se recreaban los vecinos de la zona y serv\u00eda de hogar para diferentes especies como aves y ardillas. En ese espacio se edificar\u00e1 un estacionamiento para albergar a 600 autom\u00f3viles.<br \/>\nAfecci\u00f3n a corrientes subterr\u00e1neas de agua: Se ha inyectado gran cantidad de cemento para detener las filtraciones subterr\u00e1neas de agua que defienden de la ladera del cerro y que alimentan mantos acu\u00edferos en otras zonas, ocasionando con ello afecciones a la naturaleza.<br \/>\nAlto grado de riesgo por las fallas geogr\u00e1ficas existentes en diferentes puntos del cerro: Lo que genera una gran probabilidad de deslaves al erosionado la tierra como se har\u00e1 al colocar los cimientos, y aun edificado el CCCO se mantiene un alto riesgo de que ocurra desprendimiento de rocas, lo que pondr\u00eda en riesgo la seguridad de los automovilistas y de las personas que se encuentren en el Centro de Convenciones.<br \/>\nImpacto negativo en la vialidad: Con la construcci\u00f3n de un estacionamiento con capacidad para 600 autom\u00f3viles, se\u00f1alaron los expertos que las vialidades existentes de acceso al cerro del fort\u00edn no ser\u00e1n suficientes para desahogar un trafico vehicular de tal magnitud, lo que ocasionar\u00e1 fuertes cuellos de botella y que por las curvas de la avenida, representa un serio riesgo para los automovilistas.<br \/>\nDeterioro del paisaje urbano: Con la edificaci\u00f3n de CCCO se impactar\u00e1 negativamente al paisaje, ya que desde cualquier \u00e1ngulo se ver\u00e1n los mosaicos del estacionamiento y las velarias, que aunadas a la del auditorio Guelaguetza, representa una contaminaci\u00f3n visual que desentona con la arquitectura y armenia del centro hist\u00f3rico.<br \/>\nVelarias susceptibles a las corrientes de aire: En primera instancia los expertos indicaron que las supuestas velarias o mayas que se muestran en las maquetas y bosquejos del CCCO son \u00fanicamente ilustrativas ya que resulta pr\u00e1cticamente imposible su colocaci\u00f3n, esto por los fuertes y constantes vientos que se generan a esa altura, y que en caso de colocarse ocurrir\u00eda lo mismo que con la velar\u00eda del auditorio, la cual inclusive derrib\u00f3 una torre de metal, y si esto ocurriera durante la realizaci\u00f3n de un evento pondr\u00eda en grabe peligro a las personas que se encontraran en el lugar.<\/p>\n<p>De esta forma los especialistas se dijeron a favor de la construcci\u00f3n de un Centro Cultural y de Convenciones en Oaxaca, pero No en el Cerro del Fort\u00edn, indicaron que existen muchas zonas que resultan m\u00e1s factibles para su edificaci\u00f3n y que inclusive promover\u00edan el desarrollo econ\u00f3mico m\u00e1s a la del centro hist\u00f3rico, beneficiando as\u00ed a otros sectores de la sociedad Oaxaque\u00f1a.<\/p>\n<p>\u201cLa arquitectura del CCCO abriga un profundo desprecio por el paisaje del Centro Hist\u00f3rico\u201d<\/p>\n<p>Concluyeron que la persistencia delas autoridades por realizar esta obra evidencia su inter\u00e9s por beneficiar a los Hoteles de la Zona, por lo que hicieron un llamado a la sociedad para defender sus espacios hist\u00f3ricos y naturales.<\/p>\n<p><a href=\"http:\/\/www.vocesoaxaca.com\/?p=2793\" target=\"_blank\">www.vocesoaxaca.com\/?p=2793<\/a><\/p>\n","protected":false},"excerpt":{"rendered":"<p>David Yeudel, Oaxaca. Un grupo de expertos en la materia, convocados por el Patronato Pro Defensa y Conservaci\u00f3n del Patrimonio Cultural y Natural de Oaxaca (Pro-Oax), presidida por el maestro &hellip; <a href=\"http:\/\/www.grieta.org.mx\/index.php\/2015\/09\/08\/expertos-argumentan-inviabilidad-del-ccco-en-el-cerro-del-fortin\/\" class=\"more-link\">Leer m\u00e1s<\/a><\/p>\n","protected":false},"author":2,"featured_media":21928,"comment_status":"closed","ping_status":"open","sticky":false,"template":"","format":"standard","meta":{"ngg_post_thumbnail":0,"_jetpack_newsletter_access":"","_jetpack_dont_email_post_to_subs":false,"_jetpack_newsletter_tier_id":0,"_jetpack_memberships_contains_paywalled_content":false,"_jetpack_memberships_contains_paid_content":false,"footnotes":""},"categories":[80],"tags":[154,184,93],"class_list":["post-4676","post","type-post","status-publish","format-standard","has-post-thumbnail","hentry","category-cintillo","tag-areas-naturales-protegidas","tag-despojo","tag-oaxaca","entry"],"jetpack_featured_media_url":"http:\/\/www.grieta.org.mx\/wp-content\/uploads\/2018\/03\/14524434_1106112876131411_958039263622046936_o.jpg","jetpack_sharing_enabled":true,"jetpack_shortlink":"https:\/\/wp.me\/p7ZJR4-1dq","jetpack_likes_enabled":false,"jetpack-related-posts":[{"id":4607,"url":"http:\/\/www.grieta.org.mx\/index.php\/2015\/10\/21\/oaxaquenos-resisten-a-la-destruccion-del-cerro-del-fortin\/","url_meta":{"origin":4676,"position":0},"title":"Oaxaque\u00f1os resisten a la destrucci\u00f3n del Cerro del Fort\u00edn","author":"grieta","date":"21 octubre, 2015","format":false,"excerpt":"21\/10\/15. Cu\u00e9 renuncia a construir en el Cerro del Fort\u00edn; cambia sede del Centro de Convenciones Proceso 06\/10\/15. Desde las esferas del gobierno amenazan a Francisco Toledo y Sergio Hern\u00e1ndez por oponerse al Centro de Convenciones P\u00e1gina 3 03\/10\/15. Caprichos personales o pol\u00edticos no deben obstaculizar el CCCO, dice dirigente\u2026","rel":"","context":"En &quot;\u00c1reas naturales protegidas&quot;","block_context":{"text":"\u00c1reas naturales protegidas","link":"http:\/\/www.grieta.org.mx\/index.php\/category\/megaproyectos\/areas-naturales-protegidas\/"},"img":{"alt_text":"","src":"https:\/\/i0.wp.com\/www.grieta.org.mx\/wp-content\/uploads\/2018\/03\/14524434_1106112876131411_958039263622046936_o.jpg?resize=350%2C200","width":350,"height":200,"srcset":"https:\/\/i0.wp.com\/www.grieta.org.mx\/wp-content\/uploads\/2018\/03\/14524434_1106112876131411_958039263622046936_o.jpg?resize=350%2C200 1x, https:\/\/i0.wp.com\/www.grieta.org.mx\/wp-content\/uploads\/2018\/03\/14524434_1106112876131411_958039263622046936_o.jpg?resize=525%2C300 1.5x, https:\/\/i0.wp.com\/www.grieta.org.mx\/wp-content\/uploads\/2018\/03\/14524434_1106112876131411_958039263622046936_o.jpg?resize=700%2C400 2x"},"classes":[]},{"id":4680,"url":"http:\/\/www.grieta.org.mx\/index.php\/2015\/10\/02\/appj-pide-a-gabino-cue-no-construir-centro-de-convenciones-en-cerro-de-fortin\/","url_meta":{"origin":4676,"position":1},"title":"APPJ pide a Gabino Cu\u00e9 no construir Centro de Convenciones en Cerro de Fort\u00edn","author":"grieta","date":"2 octubre, 2015","format":false,"excerpt":"Diana Manzo, Oaxaca. 2 de octubre.-JUCHIT\u00c1N,OAX.-Integrantes de la Asamblea Popular del Pueblo Juchiteco (APPJ) hicieron un llamado urgente al gobierno del estado de Oaxaca, Gabino Cu\u00e9 Monteagudo para que para que evite continuar con la construcci\u00f3n del Centro de Convenciones en el Cerro del Fort\u00edn, el cual aseguraron es patrimonio\u2026","rel":"","context":"En &quot;CINTILLO&quot;","block_context":{"text":"CINTILLO","link":"http:\/\/www.grieta.org.mx\/index.php\/category\/cintillo\/"},"img":{"alt_text":"","src":"https:\/\/i0.wp.com\/www.grieta.org.mx\/wp-content\/uploads\/2018\/03\/14524434_1106112876131411_958039263622046936_o.jpg?resize=350%2C200","width":350,"height":200,"srcset":"https:\/\/i0.wp.com\/www.grieta.org.mx\/wp-content\/uploads\/2018\/03\/14524434_1106112876131411_958039263622046936_o.jpg?resize=350%2C200 1x, https:\/\/i0.wp.com\/www.grieta.org.mx\/wp-content\/uploads\/2018\/03\/14524434_1106112876131411_958039263622046936_o.jpg?resize=525%2C300 1.5x, https:\/\/i0.wp.com\/www.grieta.org.mx\/wp-content\/uploads\/2018\/03\/14524434_1106112876131411_958039263622046936_o.jpg?resize=700%2C400 2x"},"classes":[]},{"id":4614,"url":"http:\/\/www.grieta.org.mx\/index.php\/2015\/07\/07\/tres-razones-para-oponerse-al-centro-de-convenciones-en-el-cerro-del-fortin\/","url_meta":{"origin":4676,"position":2},"title":"Tres razones para oponerse al Centro de Convenciones en el cerro del Fort\u00edn","author":"grieta","date":"7 julio, 2015","format":false,"excerpt":"Elisa Ruiz Hern\u00e1ndez, Oaxaca OAXACA, Oax. (sucedi\u00f3enoaxaca.com).- Juan Jos\u00e9 Consejo Due\u00f1as, director del Instituto de la Naturaleza y la Sociedad de Oaxaca (INSO), con m\u00e1s de 30 a\u00f1os de experiencia en la protecci\u00f3n de \u00e1reas naturales protegidas, advierte que una obra de las dimensiones del Centro Cultural y de Convenciones\u2026","rel":"","context":"En &quot;CINTILLO&quot;","block_context":{"text":"CINTILLO","link":"http:\/\/www.grieta.org.mx\/index.php\/category\/cintillo\/"},"img":{"alt_text":"","src":"https:\/\/i0.wp.com\/www.grieta.org.mx\/wp-content\/uploads\/2018\/03\/14524434_1106112876131411_958039263622046936_o.jpg?resize=350%2C200","width":350,"height":200,"srcset":"https:\/\/i0.wp.com\/www.grieta.org.mx\/wp-content\/uploads\/2018\/03\/14524434_1106112876131411_958039263622046936_o.jpg?resize=350%2C200 1x, https:\/\/i0.wp.com\/www.grieta.org.mx\/wp-content\/uploads\/2018\/03\/14524434_1106112876131411_958039263622046936_o.jpg?resize=525%2C300 1.5x, https:\/\/i0.wp.com\/www.grieta.org.mx\/wp-content\/uploads\/2018\/03\/14524434_1106112876131411_958039263622046936_o.jpg?resize=700%2C400 2x"},"classes":[]},{"id":4612,"url":"http:\/\/www.grieta.org.mx\/index.php\/2015\/07\/07\/empresa-maniobra-para-continuar-destruccion-del-cerro-el-fortin-oaxaca\/","url_meta":{"origin":4676,"position":3},"title":"Empresa maniobra para continuar destrucci\u00f3n del cerro El Fort\u00edn, Oaxaca","author":"grieta","date":"7 julio, 2015","format":false,"excerpt":"Desinform\u00e9monos Las obras en el cerro El Fort\u00edn, en Oaxaca, para la construcci\u00f3n del Centro Cultural y de Convenciones, fueron suspendidas temporalmente por el presidente municipal de Oaxaca, Javier Villaca\u00f1a, no obstante el Fideicomiso para el Desarrollo Log\u00edstico del Estado de Oaxaca (Fidelo) hizo p\u00fablico el expediente completo de los\u2026","rel":"","context":"En &quot;CINTILLO&quot;","block_context":{"text":"CINTILLO","link":"http:\/\/www.grieta.org.mx\/index.php\/category\/cintillo\/"},"img":{"alt_text":"","src":"https:\/\/i0.wp.com\/www.grieta.org.mx\/wp-content\/uploads\/2018\/03\/14524434_1106112876131411_958039263622046936_o.jpg?resize=350%2C200","width":350,"height":200,"srcset":"https:\/\/i0.wp.com\/www.grieta.org.mx\/wp-content\/uploads\/2018\/03\/14524434_1106112876131411_958039263622046936_o.jpg?resize=350%2C200 1x, https:\/\/i0.wp.com\/www.grieta.org.mx\/wp-content\/uploads\/2018\/03\/14524434_1106112876131411_958039263622046936_o.jpg?resize=525%2C300 1.5x, https:\/\/i0.wp.com\/www.grieta.org.mx\/wp-content\/uploads\/2018\/03\/14524434_1106112876131411_958039263622046936_o.jpg?resize=700%2C400 2x"},"classes":[]},{"id":4608,"url":"http:\/\/www.grieta.org.mx\/index.php\/2015\/06\/30\/frente-en-defensa-del-cerro-del-fortin-busca-clausurar-el-ccco\/","url_meta":{"origin":4676,"position":4},"title":"Frente en Defensa del Cerro del Fort\u00edn busca clausurar el CCCO","author":"grieta","date":"30 junio, 2015","format":false,"excerpt":"Jazm\u00edn G\u00f3mez, Oaxaca OAXACA, (pagina3.mx).- Desde las 10:30 horas en las escaleras del Cerro del Fort\u00edn comenzaron a concentrarse integrantes de las 59 organizaciones que conforman el Frente en Defensa del Cerro del Fort\u00edn para llevar a cabo la clausura ciudadana del Centro Cultural y de Convenciones de Oaxaca que\u2026","rel":"","context":"En &quot;CINTILLO&quot;","block_context":{"text":"CINTILLO","link":"http:\/\/www.grieta.org.mx\/index.php\/category\/cintillo\/"},"img":{"alt_text":"","src":"https:\/\/i0.wp.com\/www.grieta.org.mx\/wp-content\/uploads\/2018\/03\/14524434_1106112876131411_958039263622046936_o.jpg?resize=350%2C200","width":350,"height":200,"srcset":"https:\/\/i0.wp.com\/www.grieta.org.mx\/wp-content\/uploads\/2018\/03\/14524434_1106112876131411_958039263622046936_o.jpg?resize=350%2C200 1x, https:\/\/i0.wp.com\/www.grieta.org.mx\/wp-content\/uploads\/2018\/03\/14524434_1106112876131411_958039263622046936_o.jpg?resize=525%2C300 1.5x, https:\/\/i0.wp.com\/www.grieta.org.mx\/wp-content\/uploads\/2018\/03\/14524434_1106112876131411_958039263622046936_o.jpg?resize=700%2C400 2x"},"classes":[]},{"id":4663,"url":"http:\/\/www.grieta.org.mx\/index.php\/2015\/07\/13\/solicitan-a-la-corte-atraer-caso-del-centro-de-convenciones-de-oaxaca\/","url_meta":{"origin":4676,"position":5},"title":"Solicitan a la Corte atraer caso del Centro de Convenciones de Oaxaca","author":"grieta","date":"13 julio, 2015","format":false,"excerpt":"Pedro Mat\u00edas, Oaxaca OAXACA, Oax. (apro).- El Frente en Defensa del Cerro del Fort\u00edn se\u00f1al\u00f3 que la Suprema Corte de Justicia de la Naci\u00f3n (SCJN) podr\u00eda atraer el caso del proyecto que prev\u00e9 la construcci\u00f3n de un Centro Cultural y de Convenciones en un \u00e1rea protegida. El gobernador Gabino Cu\u00e9\u2026","rel":"","context":"En &quot;CINTILLO&quot;","block_context":{"text":"CINTILLO","link":"http:\/\/www.grieta.org.mx\/index.php\/category\/cintillo\/"},"img":{"alt_text":"","src":"https:\/\/i0.wp.com\/www.grieta.org.mx\/wp-content\/uploads\/2018\/03\/14524434_1106112876131411_958039263622046936_o.jpg?resize=350%2C200","width":350,"height":200,"srcset":"https:\/\/i0.wp.com\/www.grieta.org.mx\/wp-content\/uploads\/2018\/03\/14524434_1106112876131411_958039263622046936_o.jpg?resize=350%2C200 1x, https:\/\/i0.wp.com\/www.grieta.org.mx\/wp-content\/uploads\/2018\/03\/14524434_1106112876131411_958039263622046936_o.jpg?resize=525%2C300 1.5x, https:\/\/i0.wp.com\/www.grieta.org.mx\/wp-content\/uploads\/2018\/03\/14524434_1106112876131411_958039263622046936_o.jpg?resize=700%2C400 2x"},"classes":[]}],"_links":{"self":[{"href":"http:\/\/www.grieta.org.mx\/index.php\/wp-json\/wp\/v2\/posts\/4676","targetHints":{"allow":["GET"]}}],"collection":[{"href":"http:\/\/www.grieta.org.mx\/index.php\/wp-json\/wp\/v2\/posts"}],"about":[{"href":"http:\/\/www.grieta.org.mx\/index.php\/wp-json\/wp\/v2\/types\/post"}],"author":[{"embeddable":true,"href":"http:\/\/www.grieta.org.mx\/index.php\/wp-json\/wp\/v2\/users\/2"}],"replies":[{"embeddable":true,"href":"http:\/\/www.grieta.org.mx\/index.php\/wp-json\/wp\/v2\/comments?post=4676"}],"version-history":[{"count":1,"href":"http:\/\/www.grieta.org.mx\/index.php\/wp-json\/wp\/v2\/posts\/4676\/revisions"}],"predecessor-version":[{"id":4677,"href":"http:\/\/www.grieta.org.mx\/index.php\/wp-json\/wp\/v2\/posts\/4676\/revisions\/4677"}],"wp:featuredmedia":[{"embeddable":true,"href":"http:\/\/www.grieta.org.mx\/index.php\/wp-json\/wp\/v2\/media\/21928"}],"wp:attachment":[{"href":"http:\/\/www.grieta.org.mx\/index.php\/wp-json\/wp\/v2\/media?parent=4676"}],"wp:term":[{"taxonomy":"category","embeddable":true,"href":"http:\/\/www.grieta.org.mx\/index.php\/wp-json\/wp\/v2\/categories?post=4676"},{"taxonomy":"post_tag","embeddable":true,"href":"http:\/\/www.grieta.org.mx\/index.php\/wp-json\/wp\/v2\/tags?post=4676"}],"curies":[{"name":"wp","href":"https:\/\/api.w.org\/{rel}","templated":true}]}}