{"id":46753,"date":"2020-03-24T15:01:50","date_gmt":"2020-03-24T21:01:50","guid":{"rendered":"http:\/\/www.grieta.org.mx\/?p=46753"},"modified":"2020-03-25T15:11:57","modified_gmt":"2020-03-25T21:11:57","slug":"temen-saturacion-en-refugio-de-mujer-contemporanea-de-aguascalientes","status":"publish","type":"post","link":"http:\/\/www.grieta.org.mx\/index.php\/2020\/03\/24\/temen-saturacion-en-refugio-de-mujer-contemporanea-de-aguascalientes\/","title":{"rendered":"TEMEN SATURACI\u00d3N EN REFUGIO DE MUJER CONTEMPOR\u00c1NEA DE AGUASCALIENTES"},"content":{"rendered":"<p>Claudia Rodr\u00edguez Loera\/La Jornada Aguascalientes<br \/>\n24 marzo 2020<\/p>\n<p><img loading=\"lazy\" decoding=\"async\" data-attachment-id=\"46754\" data-permalink=\"http:\/\/www.grieta.org.mx\/index.php\/2020\/03\/24\/temen-saturacion-en-refugio-de-mujer-contemporanea-de-aguascalientes\/violencia-mujer\/\" data-orig-file=\"http:\/\/www.grieta.org.mx\/wp-content\/uploads\/2020\/03\/violencia-mujer.jpg\" data-orig-size=\"768,576\" data-comments-opened=\"0\" data-image-meta=\"{&quot;aperture&quot;:&quot;0&quot;,&quot;credit&quot;:&quot;&quot;,&quot;camera&quot;:&quot;&quot;,&quot;caption&quot;:&quot;&quot;,&quot;created_timestamp&quot;:&quot;0&quot;,&quot;copyright&quot;:&quot;&quot;,&quot;focal_length&quot;:&quot;0&quot;,&quot;iso&quot;:&quot;0&quot;,&quot;shutter_speed&quot;:&quot;0&quot;,&quot;title&quot;:&quot;&quot;,&quot;orientation&quot;:&quot;0&quot;}\" data-image-title=\"violencia-mujer\" data-image-description=\"\" data-image-caption=\"\" data-medium-file=\"http:\/\/www.grieta.org.mx\/wp-content\/uploads\/2020\/03\/violencia-mujer-300x225.jpg\" data-large-file=\"http:\/\/www.grieta.org.mx\/wp-content\/uploads\/2020\/03\/violencia-mujer.jpg\" src=\"http:\/\/www.grieta.org.mx\/wp-content\/uploads\/2020\/03\/violencia-mujer.jpg\" alt=\"\" width=\"768\" height=\"576\" class=\"aligncenter size-full wp-image-46754\" srcset=\"http:\/\/www.grieta.org.mx\/wp-content\/uploads\/2020\/03\/violencia-mujer.jpg 768w, http:\/\/www.grieta.org.mx\/wp-content\/uploads\/2020\/03\/violencia-mujer-300x225.jpg 300w, http:\/\/www.grieta.org.mx\/wp-content\/uploads\/2020\/03\/violencia-mujer-667x500.jpg 667w\" sizes=\"auto, (max-width: 768px) 100vw, 768px\" \/><\/p>\n<blockquote><p>Resultado de que cuarentena obliga a mujeres a convivir demasiado con agresores<br \/>\nFen\u00f3meno ya se presenta en otras entidades del pa\u00eds<\/p><\/blockquote>\n<p>Tras cierre de los servicios de consulta externa la Fundaci\u00f3n Mujer Contempor\u00e1nea prev\u00e9 que en el corto plazo se ver\u00e1 saturado el refugio que coordina como consecuencia de la cuarentena para prevenir la expansi\u00f3n del Covid-19 que obliga a las mujeres a convivir m\u00e1s tiempo con sus agresores; esta situaci\u00f3n ya sucede en varios estados del pa\u00eds, advirti\u00f3 Roxana D\u00b4Escobar L\u00f3pez Arellano, coordinadora de la asociaci\u00f3n.<\/p>\n<p>La activista inform\u00f3 que, como primera medida de prevenci\u00f3n, compartida con la Red Nacional de Refugios, decidieron detener las actividades del Centro de Atenci\u00f3n Externa, pues ante el cierre de los juzgados del Poder Judicial del Estado, los procesos que lleva el \u00e1rea jur\u00eddica se deber\u00e1n detener, aunque en el caso de las consultas psicol\u00f3gicas se realiza todav\u00eda contenci\u00f3n, pero por v\u00eda telef\u00f3nica. La raz\u00f3n es que en los centros se conglomeran muchas personas en un mismo espacio para consulta, ya sea con las trabajadoras sociales, abogadas o psic\u00f3logas.<\/p>\n<p>Ahora la preocupaci\u00f3n es que se sature el servicio en el refugio, en donde por obvias razones, encaminadas a la protecci\u00f3n de las mujeres y sus hijos, no pueden cerrar. Lo anterior debido a que, con base al contacto permanente que mantienen estos centros de la Red, en varios estados ya comenzaron a ser insuficientes los espacios de protecci\u00f3n.<\/p>\n<p>Explic\u00f3 que inclusive los espacios ya son insuficientes luego de dos recientes ingresos, por lo que se habilit\u00f3 la ludoteca para recibir a m\u00e1s personas si as\u00ed se necesitara, pero luego de que esto suceda ya ser\u00e1 insuficiente.<\/p>\n<p>\u201cSucede un fen\u00f3meno que hasta ahora no nos est\u00e1 llegando tanto -a la entidad- pero en muchos refugios s\u00ed, inclusive en los que est\u00e1n alrededor de nosotras ya est\u00e1n sobresaturados, pues muchas mujeres piden protecci\u00f3n al estar en el encierro con su agresor\u201d, manifest\u00f3.<\/p>\n<p>Detall\u00f3 que es com\u00fan que el refugio est\u00e9 a su m\u00e1xima capacidad, lo cual no les es novedad, pero es diferente a tener sobresaturaci\u00f3n.<\/p>\n<p>Aunando a la posibilidad de que se sobresature el centro de protecci\u00f3n, se suma el hecho de que la Secretar\u00eda de Bienestar, antes Sedesol, sigue sin bajar los recursos para los refugios del pa\u00eds, pues las plataformas siguen sin abrirse para las inscripciones y poder acceder a un presupuesto , por lo que regresan como hace un a\u00f1o, a un estado de indefensi\u00f3n e incertidumbre, a pesar de que el dinero ya est\u00e1 en la dependencia y bastaba con que se abriera el sistema.<\/p>\n<p>\u201cLos recursos se est\u00e1n agotando y tenemos que seguir trabajando, no podemos decirles a las se\u00f1oras que no hay espacio; esa es la realidad ahora\u201d, comparti\u00f3 \u00b4Escobar L\u00f3pez Arellano.<\/p>\n<p><a href=\"https:\/\/www.lja.mx\/2020\/03\/temen-saturacion-en-refugio-de-mujer-contemporanea-de-aguascalientes\/\" rel=\"noopener noreferrer\" target=\"_blank\">https:\/\/www.lja.mx\/2020\/03\/temen-saturacion-en-refugio-de-mujer-contemporanea-de-aguascalientes\/<\/a><\/p>\n","protected":false},"excerpt":{"rendered":"<p>Claudia Rodr\u00edguez Loera\/La Jornada Aguascalientes 24 marzo 2020 Resultado de que cuarentena obliga a mujeres a convivir demasiado con agresores Fen\u00f3meno ya se presenta en otras entidades del pa\u00eds Tras &hellip; <a href=\"http:\/\/www.grieta.org.mx\/index.php\/2020\/03\/24\/temen-saturacion-en-refugio-de-mujer-contemporanea-de-aguascalientes\/\" class=\"more-link\">Leer m\u00e1s<\/a><\/p>\n","protected":false},"author":2,"featured_media":46754,"comment_status":"closed","ping_status":"closed","sticky":false,"template":"","format":"standard","meta":{"ngg_post_thumbnail":0,"_jetpack_newsletter_access":"","_jetpack_dont_email_post_to_subs":false,"_jetpack_newsletter_tier_id":0,"_jetpack_memberships_contains_paywalled_content":false,"_jetpack_memberships_contains_paid_content":false,"footnotes":""},"categories":[4,80,2,1938,2491],"tags":[3225,3198,3224,2173],"class_list":["post-46753","post","type-post","status-publish","format-standard","has-post-thumbnail","hentry","category-aguascalientes","category-cintillo","category-noticias-nacionales","category-criminalizacion-del-derecho-a-decidir-en-aguascalientes","category-violencia-contra-las-mujeres-en-aguascalientes","tag-aumento-de-la-violencia-contra-las-mujeres","tag-covid19","tag-falta-de-recursos","tag-refugio-mujeres","entry"],"jetpack_featured_media_url":"http:\/\/www.grieta.org.mx\/wp-content\/uploads\/2020\/03\/violencia-mujer.jpg","jetpack_sharing_enabled":true,"jetpack_shortlink":"https:\/\/wp.me\/p7ZJR4-ca5","jetpack_likes_enabled":false,"jetpack-related-posts":[{"id":43017,"url":"http:\/\/www.grieta.org.mx\/index.php\/2020\/01\/06\/refugio-para-mujeres-violentadas-en-pabellon-de-arteaga-aguascalientes-sigue-sin-funcionar\/","url_meta":{"origin":46753,"position":0},"title":"REFUGIO PARA MUJERES VIOLENTADAS EN PABELL\u00d3N DE ARTEAGA, AGUASCALIENTES, SIGUE SIN FUNCIONAR","author":"grieta","date":"6 enero, 2020","format":false,"excerpt":"Caludia Rodr\u00edguez Loera\/La Jornada Aguascalientes 6 enero 2020 Falta de recursos hace imposible contratar personal de base Mujer Contempor\u00e1nea se\u00f1ala que es muy necesario este espacio Lamenta la asociaci\u00f3n civil Mujer Contempor\u00e1nea que el refugio para mujeres violentadas que se inaugur\u00f3 el jueves 18 de julio del 2019 en el\u2026","rel":"","context":"En &quot;CINTILLO&quot;","block_context":{"text":"CINTILLO","link":"http:\/\/www.grieta.org.mx\/index.php\/category\/cintillo\/"},"img":{"alt_text":"","src":"https:\/\/i0.wp.com\/www.grieta.org.mx\/wp-content\/uploads\/2020\/01\/39806240255_625d24ff7c_c-1.jpg?resize=350%2C200","width":350,"height":200,"srcset":"https:\/\/i0.wp.com\/www.grieta.org.mx\/wp-content\/uploads\/2020\/01\/39806240255_625d24ff7c_c-1.jpg?resize=350%2C200 1x, https:\/\/i0.wp.com\/www.grieta.org.mx\/wp-content\/uploads\/2020\/01\/39806240255_625d24ff7c_c-1.jpg?resize=525%2C300 1.5x, https:\/\/i0.wp.com\/www.grieta.org.mx\/wp-content\/uploads\/2020\/01\/39806240255_625d24ff7c_c-1.jpg?resize=700%2C400 2x"},"classes":[]},{"id":42748,"url":"http:\/\/www.grieta.org.mx\/index.php\/2020\/01\/04\/rinde-mujer-contemporanea-su-informe-anual-en-aguascalientes\/","url_meta":{"origin":46753,"position":1},"title":"RINDE MUJER CONTEMPOR\u00c1NEA SU INFORME ANUAL EN AGUASCALIENTES","author":"grieta","date":"4 enero, 2020","format":false,"excerpt":"Claudia Rodr\u00edguez Loera\/La Jornada Aguascalientes 4 enero 2020 Modelo Puerta Violeta ahora pretenden imponerlo para los Centros de Atenci\u00f3n Externa Por falta de personal disminuy\u00f3 el n\u00famero de atenciones en 49.23% En el refugio se atendieron a 127 personas de 47 familias Luego de que el 2019 fue un a\u00f1o\u2026","rel":"","context":"En &quot;Aguascalientes&quot;","block_context":{"text":"Aguascalientes","link":"http:\/\/www.grieta.org.mx\/index.php\/category\/noticias-nacionales\/aguascalientes\/"},"img":{"alt_text":"","src":"https:\/\/i0.wp.com\/www.grieta.org.mx\/wp-content\/uploads\/2020\/01\/39806240255_625d24ff7c_c.jpg?resize=350%2C200","width":350,"height":200,"srcset":"https:\/\/i0.wp.com\/www.grieta.org.mx\/wp-content\/uploads\/2020\/01\/39806240255_625d24ff7c_c.jpg?resize=350%2C200 1x, https:\/\/i0.wp.com\/www.grieta.org.mx\/wp-content\/uploads\/2020\/01\/39806240255_625d24ff7c_c.jpg?resize=525%2C300 1.5x, https:\/\/i0.wp.com\/www.grieta.org.mx\/wp-content\/uploads\/2020\/01\/39806240255_625d24ff7c_c.jpg?resize=700%2C400 2x"},"classes":[]},{"id":11160,"url":"http:\/\/www.grieta.org.mx\/index.php\/2016\/05\/29\/movilizacion-contra-la-violencia-hacia-las-mujeres-en-aguascalientes\/","url_meta":{"origin":46753,"position":2},"title":"Movilizaci\u00f3n contra la violencia hacia las mujeres en Aguascalientes","author":"grieta","date":"29 mayo, 2016","format":false,"excerpt":"29\/05\/16. Edad promedio de mujeres ante primer acoso en Aguascalientes es de 14 a\u00f1os La Jornada Aguascalientes 24\/04\/16. Movilizaci\u00f3n en contra de las violencias machistas La Jornada Aguascalientes","rel":"","context":"En &quot;Aguascalientes&quot;","block_context":{"text":"Aguascalientes","link":"http:\/\/www.grieta.org.mx\/index.php\/category\/noticias-nacionales\/aguascalientes\/"},"img":{"alt_text":"","src":"https:\/\/i0.wp.com\/www.grieta.org.mx\/wp-content\/uploads\/2018\/03\/14524434_1106112876131411_958039263622046936_o.jpg?resize=350%2C200","width":350,"height":200,"srcset":"https:\/\/i0.wp.com\/www.grieta.org.mx\/wp-content\/uploads\/2018\/03\/14524434_1106112876131411_958039263622046936_o.jpg?resize=350%2C200 1x, https:\/\/i0.wp.com\/www.grieta.org.mx\/wp-content\/uploads\/2018\/03\/14524434_1106112876131411_958039263622046936_o.jpg?resize=525%2C300 1.5x, https:\/\/i0.wp.com\/www.grieta.org.mx\/wp-content\/uploads\/2018\/03\/14524434_1106112876131411_958039263622046936_o.jpg?resize=700%2C400 2x"},"classes":[]},{"id":46200,"url":"http:\/\/www.grieta.org.mx\/index.php\/2020\/03\/08\/previo-al-8m-feministas-realizan-cacerolazo-en-aguascalientes\/","url_meta":{"origin":46753,"position":3},"title":"Previo al #8M, feministas realizan \u2018cacerolazo\u2019 en Aguascalientes","author":"grieta","date":"8 marzo, 2020","format":false,"excerpt":"Notimex\/Exclesior 8 marzo 2020 \u2018No estoy aceptando lo que no puedo cambiar...estoy cambiando lo que no puedo aceptar\u2019 se le\u00eda en una pancarta; se prev\u00e9n este domingo marchas en el pa\u00eds Foto:@angieconter AGUASCALIENTES Colectivos de feministas llevaron a cabo la v\u00edspera un \"cacerolazo\" como pre\u00e1mbulo al D\u00eda Internacional de la\u2026","rel":"","context":"En &quot;Aguascalientes&quot;","block_context":{"text":"Aguascalientes","link":"http:\/\/www.grieta.org.mx\/index.php\/category\/noticias-nacionales\/aguascalientes\/"},"img":{"alt_text":"","src":"https:\/\/i0.wp.com\/www.grieta.org.mx\/wp-content\/uploads\/2020\/03\/2320546.jpg?resize=350%2C200","width":350,"height":200,"srcset":"https:\/\/i0.wp.com\/www.grieta.org.mx\/wp-content\/uploads\/2020\/03\/2320546.jpg?resize=350%2C200 1x, https:\/\/i0.wp.com\/www.grieta.org.mx\/wp-content\/uploads\/2020\/03\/2320546.jpg?resize=525%2C300 1.5x"},"classes":[]},{"id":40824,"url":"http:\/\/www.grieta.org.mx\/index.php\/2019\/10\/30\/en-aguascalientes-se-han-tipificado-hasta-septiembre-cuatro-feminicidios\/","url_meta":{"origin":46753,"position":4},"title":"EN AGUASCALIENTES SE HAN TIPIFICADO HASTA SEPTIEMBRE CUATRO FEMINICIDIOS","author":"grieta","date":"30 octubre, 2019","format":false,"excerpt":"Adrian Javier Flores Nieves\/La Jornada Aguascalientes 30 octubre 2019 Septiembre es el tercer mes consecutivo en el que se presenta un asesinato de esa \u00edndole este a\u00f1o, el otro ocurri\u00f3 en febrero En todo el pa\u00eds se reportaron 140,503 llamadas relacionadas con violencia contra la mujer, de la cuales 1,614\u2026","rel":"","context":"En &quot;Aguascalientes&quot;","block_context":{"text":"Aguascalientes","link":"http:\/\/www.grieta.org.mx\/index.php\/category\/noticias-nacionales\/aguascalientes\/"},"img":{"alt_text":"","src":"https:\/\/i0.wp.com\/www.grieta.org.mx\/wp-content\/uploads\/2019\/11\/feminicidio-GG.jpg?resize=350%2C200","width":350,"height":200,"srcset":"https:\/\/i0.wp.com\/www.grieta.org.mx\/wp-content\/uploads\/2019\/11\/feminicidio-GG.jpg?resize=350%2C200 1x, https:\/\/i0.wp.com\/www.grieta.org.mx\/wp-content\/uploads\/2019\/11\/feminicidio-GG.jpg?resize=525%2C300 1.5x"},"classes":[]},{"id":46203,"url":"http:\/\/www.grieta.org.mx\/index.php\/2020\/03\/08\/miles-de-mujeres-claman-justicia-en-aguascalientes\/","url_meta":{"origin":46753,"position":5},"title":"Miles de mujeres claman justicia en Aguascalientes","author":"grieta","date":"8 marzo, 2020","format":false,"excerpt":"Alejandro Romo\/Newsweek Aguascalientes 8 marzo 2020 Unidas en un mismo grito para exigir justicia para las mujeres que han sido v\u00edctimas de violencia o de feminicidios, miles de mujeres tomaron las calles del centro hist\u00f3rico de Aguascalientes, para sumarse al movimiento nacional e internacional por el D\u00eda Internacional de la\u2026","rel":"","context":"En &quot;Aguascalientes&quot;","block_context":{"text":"Aguascalientes","link":"http:\/\/www.grieta.org.mx\/index.php\/category\/noticias-nacionales\/aguascalientes\/"},"img":{"alt_text":"","src":"https:\/\/i0.wp.com\/www.grieta.org.mx\/wp-content\/uploads\/2020\/03\/marcha-8M-Aguascalientes.jpg?resize=350%2C200","width":350,"height":200,"srcset":"https:\/\/i0.wp.com\/www.grieta.org.mx\/wp-content\/uploads\/2020\/03\/marcha-8M-Aguascalientes.jpg?resize=350%2C200 1x, https:\/\/i0.wp.com\/www.grieta.org.mx\/wp-content\/uploads\/2020\/03\/marcha-8M-Aguascalientes.jpg?resize=525%2C300 1.5x"},"classes":[]}],"_links":{"self":[{"href":"http:\/\/www.grieta.org.mx\/index.php\/wp-json\/wp\/v2\/posts\/46753","targetHints":{"allow":["GET"]}}],"collection":[{"href":"http:\/\/www.grieta.org.mx\/index.php\/wp-json\/wp\/v2\/posts"}],"about":[{"href":"http:\/\/www.grieta.org.mx\/index.php\/wp-json\/wp\/v2\/types\/post"}],"author":[{"embeddable":true,"href":"http:\/\/www.grieta.org.mx\/index.php\/wp-json\/wp\/v2\/users\/2"}],"replies":[{"embeddable":true,"href":"http:\/\/www.grieta.org.mx\/index.php\/wp-json\/wp\/v2\/comments?post=46753"}],"version-history":[{"count":1,"href":"http:\/\/www.grieta.org.mx\/index.php\/wp-json\/wp\/v2\/posts\/46753\/revisions"}],"predecessor-version":[{"id":46755,"href":"http:\/\/www.grieta.org.mx\/index.php\/wp-json\/wp\/v2\/posts\/46753\/revisions\/46755"}],"wp:featuredmedia":[{"embeddable":true,"href":"http:\/\/www.grieta.org.mx\/index.php\/wp-json\/wp\/v2\/media\/46754"}],"wp:attachment":[{"href":"http:\/\/www.grieta.org.mx\/index.php\/wp-json\/wp\/v2\/media?parent=46753"}],"wp:term":[{"taxonomy":"category","embeddable":true,"href":"http:\/\/www.grieta.org.mx\/index.php\/wp-json\/wp\/v2\/categories?post=46753"},{"taxonomy":"post_tag","embeddable":true,"href":"http:\/\/www.grieta.org.mx\/index.php\/wp-json\/wp\/v2\/tags?post=46753"}],"curies":[{"name":"wp","href":"https:\/\/api.w.org\/{rel}","templated":true}]}}