{"id":46706,"date":"2020-03-21T20:32:24","date_gmt":"2020-03-22T02:32:24","guid":{"rendered":"http:\/\/www.grieta.org.mx\/?p=46706"},"modified":"2020-03-24T20:38:30","modified_gmt":"2020-03-25T02:38:30","slug":"alumnas-de-la-ibero-denuncian-a-companero-de-maestria-es-sacerdote-ciudad-de-mexico","status":"publish","type":"post","link":"http:\/\/www.grieta.org.mx\/index.php\/2020\/03\/21\/alumnas-de-la-ibero-denuncian-a-companero-de-maestria-es-sacerdote-ciudad-de-mexico\/","title":{"rendered":"Alumnas de la Ibero denuncian a compa\u00f1ero de maestr\u00eda, es sacerdote (Ciudad de M\u00e9xico)"},"content":{"rendered":"<p><img loading=\"lazy\" decoding=\"async\" data-attachment-id=\"46707\" data-permalink=\"http:\/\/www.grieta.org.mx\/index.php\/2020\/03\/21\/alumnas-de-la-ibero-denuncian-a-companero-de-maestria-es-sacerdote-ciudad-de-mexico\/alumnas-de-la-ibero-denuncian-a-companero-de-maestria-es-sacerdote-cdmx-mzo\/\" data-orig-file=\"http:\/\/www.grieta.org.mx\/wp-content\/uploads\/2020\/03\/Alumnas-de-la-Ibero-denuncian-a-compa\u00f1ero-de-maestr\u00eda-es-sacerdote-cdmx-mzo.jpg\" data-orig-size=\"982,491\" data-comments-opened=\"0\" data-image-meta=\"{&quot;aperture&quot;:&quot;0&quot;,&quot;credit&quot;:&quot;&quot;,&quot;camera&quot;:&quot;&quot;,&quot;caption&quot;:&quot;&quot;,&quot;created_timestamp&quot;:&quot;0&quot;,&quot;copyright&quot;:&quot;&quot;,&quot;focal_length&quot;:&quot;0&quot;,&quot;iso&quot;:&quot;0&quot;,&quot;shutter_speed&quot;:&quot;0&quot;,&quot;title&quot;:&quot;&quot;,&quot;orientation&quot;:&quot;0&quot;}\" data-image-title=\"Alumnas de la Ibero denuncian a compa\u00f1ero de maestr\u00eda, es sacerdote cdmx mzo\" data-image-description=\"\" data-image-caption=\"\" data-medium-file=\"http:\/\/www.grieta.org.mx\/wp-content\/uploads\/2020\/03\/Alumnas-de-la-Ibero-denuncian-a-compa\u00f1ero-de-maestr\u00eda-es-sacerdote-cdmx-mzo-300x150.jpg\" data-large-file=\"http:\/\/www.grieta.org.mx\/wp-content\/uploads\/2020\/03\/Alumnas-de-la-Ibero-denuncian-a-compa\u00f1ero-de-maestr\u00eda-es-sacerdote-cdmx-mzo.jpg\" class=\"aligncenter  wp-image-46707\" src=\"http:\/\/www.grieta.org.mx\/wp-content\/uploads\/2020\/03\/Alumnas-de-la-Ibero-denuncian-a-compa\u00f1ero-de-maestr\u00eda-es-sacerdote-cdmx-mzo.jpg\" alt=\"\" width=\"647\" height=\"324\" srcset=\"http:\/\/www.grieta.org.mx\/wp-content\/uploads\/2020\/03\/Alumnas-de-la-Ibero-denuncian-a-compa\u00f1ero-de-maestr\u00eda-es-sacerdote-cdmx-mzo.jpg 982w, http:\/\/www.grieta.org.mx\/wp-content\/uploads\/2020\/03\/Alumnas-de-la-Ibero-denuncian-a-compa\u00f1ero-de-maestr\u00eda-es-sacerdote-cdmx-mzo-300x150.jpg 300w, http:\/\/www.grieta.org.mx\/wp-content\/uploads\/2020\/03\/Alumnas-de-la-Ibero-denuncian-a-compa\u00f1ero-de-maestr\u00eda-es-sacerdote-cdmx-mzo-768x384.jpg 768w\" sizes=\"auto, (max-width: 647px) 100vw, 647px\" \/><br \/>\n<em>Imagen tomada de: cuestione.com<\/em><\/p>\n<p>Raquel Prior \/ Cuestione<\/p>\n<blockquote><p>Los testimonios fueron colgados en tendedero<\/p><\/blockquote>\n<p>\u201cQu\u00e9 bonitas piernas\u201d, \u201ctienes buenas curvas, amiga\u201d, \u201ct\u00fa, s\u00faper, cada d\u00eda. Bien marcado todo, s\u00f3lo alborotas, ya hab\u00eda pasado, pero hoy s\u00ed despertaste mis locuras\u201d, son algunos de los comentarios que las estudiantes de la Maestr\u00eda en Derechos Humanos de la Universidad Iberoamericana recibieron por parte de su compa\u00f1ero, un sacerdote de nombre Benjam\u00edn.<\/p>\n<p>Los comentarios, aunque inc\u00f3modos, primero hab\u00edan sido minimizado por las alumnas. Las cosas cambiaron cuando una mujer, ajena a la Ibero, contact\u00f3 a una de las estudiantes, para alertarla de que el sacerdote la hab\u00eda agredido sexualmente.<\/p>\n<p>Entonces, las estudiantes se reunieron para hablar sobre la situaci\u00f3n. \u201cHab\u00edamos dejado pasar sus comentarios, sus mensajes, porqu\u00e9 lo hab\u00edamos normalizado, pero al compartir nuestras experiencias concluimos que el acoso que sufrimos de su parte fue sistem\u00e1tico, y hasta segu\u00eda un patr\u00f3n\u201d, cont\u00f3 Andrea Santos, alumna de la maestr\u00eda, en una entrevista para Cuestione.<\/p>\n<p>Unas 10 estudiantes colocaron un tendedero en la explanada central del campus, con el que denunciaron al sacerdote Benjam\u00edn por acoso, el pasado 14 de marzo.<\/p>\n<p>Al darse cuenta que Benjamin acosaba a casi todas las estudiantes de la maestr\u00eda, decidieron alzar la voz. \u201cNo podemos dejar pasar por alto estas agresiones. En primer lugar por la Iglesia y su patr\u00f3n de encubrimiento a los agresores sexuales, incluyendo la pederastia, y en segundo lugar frente a la grave violaci\u00f3n a los derechos humanos de las mujeres\u201d, dice Andrea.<\/p>\n<p>Las estudiantes juntaron todas las denuncias, capturas de pantalla de conversaciones y comentarios para colocarlos en el tendedero. Con esta acci\u00f3n hicieron visible el acoso que han sufrido por parte del estudiante de la maestr\u00eda, y dejaron clara su postura de no querer tomar clase con el presunto agresor.<\/p>\n<p>La instituci\u00f3n las apoya, pero deben denunciar<\/p>\n<p>Andrea, en representaci\u00f3n de ella y sus compa\u00f1era, dice que se sienten apoyadas por la comisi\u00f3n de g\u00e9nero de la Ibero. Pero no por las autoridades de la maestr\u00eda, pues Giovanni Azael Figueroa Mej\u00eda, coordinador de la Maestr\u00eda en Derechos Humanos de la universidad, primero ofreci\u00f3 su ayuda a las alumnas; sin embargo, unos d\u00edas despu\u00e9s les dijo que \u00e9l no era competente para resolver este problema.<\/p>\n<p>\u201cLa coordinaci\u00f3n de la carrera intent\u00f3 dilatar el proceso. Primero nos pidieron entregar un documento con las denuncias ampliadas, para que pudieran tomar una medida precautoria. Despu\u00e9s el coordinador nos ofreci\u00f3 su ayuda, pero luego nos dijo que no era su competencia. Intentaron entorpecer el proceso desinform\u00e1ndonos\u201d, narra una de las estudiante de la maestr\u00eda, que prefiri\u00f3 no decir su nombre por seguridad.<\/p>\n<p>Cuestione intent\u00f3 comunicarse tanto con la oficina de Comunicaci\u00f3n Social de la Universidad Iberoamericana, como con el coordinador de la maestr\u00eda Giovanni Figueroa, a trav\u00e9s de correos, mensajes en redes sociales, y llamadas, sin embargo, al momento de la publicaci\u00f3 de esta nota, ninguna v\u00eda hab\u00eda sido respondida. En ning\u00fan tel\u00e9fono respondieron, a pesar de que en su comunicado dec\u00eda que durante la semana del 17 al 20 de marzo el personal docente de tiempo completo, administrativo y de servicio continuar\u00eda con sus labores en horarios habituales.<\/p>\n<p>Tambi\u00e9n intentamos conocer la postura del sacerdote Benjam\u00edn sobre las acusaciones en su contra y lo buscamos a trav\u00e9s de sus redes sociales y directamente en su correo electr\u00f3nico, sin haber obtenido respuesta.<\/p>\n<p>Tendederos para visibilizar la violencia<\/p>\n<p>Esta no es la primera vez que se han hecho tendederos de denuncia dentro de la Universidad. Agresiones de alumnos, investigadores, trabajadores y profesores han aparecido antes con este tipo de iniciativas.<\/p>\n<p>Frente las manifestaciones, la Universidad Iberoamericana lanz\u00f3 un comunicado en el que dicen que respetan la libertad de expresi\u00f3n de las v\u00edctimas, pero tambi\u00e9n las invitan a denunciar dentro de la instituci\u00f3n para que estas puedan proceder.<\/p>\n<p>La instituci\u00f3n las apoya, pero deben denunciar<\/p>\n<p>Andrea, en representaci\u00f3n de ella y sus compa\u00f1era, dice que se sienten apoyadas por la comisi\u00f3n de g\u00e9nero de la Ibero. Pero no por las autoridades de la maestr\u00eda, pues Giovanni Azael Figueroa Mej\u00eda, coordinador de la Maestr\u00eda en Derechos Humanos de la universidad, primero ofreci\u00f3 su ayuda a las alumnas; sin embargo, unos d\u00edas despu\u00e9s les dijo que \u00e9l no era competente para resolver este problema.<\/p>\n<p>\u201cLa coordinaci\u00f3n de la carrera intent\u00f3 dilatar el proceso. Primero nos pidieron entregar un documento con las denuncias ampliadas, para que pudieran tomar una medida precautoria. Despu\u00e9s el coordinador nos ofreci\u00f3 su ayuda, pero luego nos dijo que no era su competencia. Intentaron entorpecer el proceso desinform\u00e1ndonos\u201d, narra una de las estudiante de la maestr\u00eda, que prefiri\u00f3 no decir su nombre por seguridad.<\/p>\n<p>Cuestione intent\u00f3 comunicarse tanto con la oficina de Comunicaci\u00f3n Social de la Universidad Iberoamericana, como con el coordinador de la maestr\u00eda Giovanni Figueroa, a trav\u00e9s de correos, mensajes en redes sociales, y llamadas, sin embargo, al momento de la publicaci\u00f3n de esta nota, ninguna v\u00eda hab\u00eda sido respondida.<\/p>\n<p>En ning\u00fan tel\u00e9fono respondieron, a pesar de que en su comunicado dec\u00eda que durante la semana del 17 al 20 de marzo el personal docente de tiempo completo, administrativo y de servicio continuar\u00eda con sus labores en horarios habituales.<\/p>\n<p>Tambi\u00e9n intentamos conocer la postura del sacerdote Benjam\u00edn sobre las acusaciones en su contra y lo buscamos a trav\u00e9s de sus redes sociales y directamente en su correo electr\u00f3nico, sin haber obtenido respuesta.<\/p>\n<p>Tendederos para visibilizar la violencia<\/p>\n<p>Esta no es la primera vez que se han hecho tendederos de denuncia dentro de la Universidad. Agresiones de alumnos, investigadores, trabajadores y profesores han aparecido antes con este tipo de iniciativas.<\/p>\n<p>Frente las manifestaciones, la Universidad Iberoamericana lanz\u00f3 un comunicado en el que dicen que respetan la libertad de expresi\u00f3n de las v\u00edctimas, pero tambi\u00e9n las invitan a denunciar dentro de la instituci\u00f3n para que estas puedan proceder.<\/p>\n<p>La Ibero public\u00f3 un posicionamiento sobre la violencia de g\u00e9nero, previo al 8 de marzo. En el que destaca que de 19 denuncias por violencia de g\u00e9nero presentadas en 2019, tres presuntos agresores a quienes se les demostr\u00f3 que exist\u00eda hostigamiento sexual se les separ\u00f3 de sus cargos, y 12 m\u00e1s fueron sancionados con capacitaciones en perspectiva de g\u00e9nero y masculinidades.<\/p>\n<p>En los \u00faltimos meses las estudiantes de diversas universidades han luchado en contra de la violencia de g\u00e9nero dentro y fuera de las aulas. La alumnas de la Universidad Nacional Aut\u00f3noma de M\u00e9xico (UNAM) han sido un referente en esta lucha.<\/p>\n<p>Desde noviembre de 2019, las estudiantes de la Facultad de Filosof\u00eda y Letras comenzaron un paro indefinido debido al acoso, la inseguridad y la negligencia de las autoridades para solucionar estas problem\u00e1ticas; a este se le sumaron otras facultades, preparatorias y algunos Colegios de Ciencias y Humanidades.<\/p>\n<p>Consiguieron que las autoridades de la universidad reformaran los articulos 95, 98 y 99 del Estatuto General de la UNAM, para que la violencia contra las mujeres sea considerada como una falta grave, as\u00ed como establecer sanciones especificas para los agresores y que al Tribunal Universitario se integren perfiles especializados en perspectiva de g\u00e9nero.<\/p>\n<p>El anonimato como protecci\u00f3n<\/p>\n<p>La importancia de los tendederos de denuncia radica en que, al igual que #MeToo, las mujeres se sientes seguras pues la denuncia se hace an\u00f3nima y en colectividad, lo que tambi\u00e9n permite que muchas se vean reflejadas en el testimonio de otras y decidan hablar. Esta acci\u00f3n simb\u00f3lica puede beneficiar a muchas mujeres.<\/p>\n<p>\u201cDenunciar desde la confidencialidad es indispensable en un contexto social marcado por una din\u00e1mica desigual, que no privilegia la voz de las mujeres\u201d, explican Gisela P\u00e9rez de Acha, especialista en derecho de internet y libertad de expresi\u00f3n, y Martha Tud\u00f3n, coordinadora de Derechos Digitales de la oficina para M\u00e9xico de Article 19, para un art\u00edculo de la colectiva Luchadoras.<\/p>\n<p>Las estudiantes de la Ibero decidieron denunciar bajo el cobijo del anonimato, pues tienen miedo a ser revictimizadas, que no se les crea y posibles represalias, sin embargo, est\u00e1n dispuestas a llevar su caso hasta un nivel jur\u00eddico. \u201cLo \u00fanico que queremos es que \u00e9l ya no le vuelva a hacer da\u00f1o a nadie\u201d, comentan.<\/p>\n<p>\u201cNo somos las \u00fanicas. Adem\u00e1s de la persona que nos advirti\u00f3 al inicio, el s\u00e1bado supimos de otro testimonio de violencia sexual de una mujer que conoci\u00f3 al sacerdote y hay m\u00e1s denuncias\u201d, declara Andrea.<\/p>\n<p>A\u00fan hay un largo camino que recorrer para frenar la violencia contra las mujeres, pero el denunciar de cualquier forma, ayuda que cada vez haya m\u00e1s mujeres decididias a poner un alto a las violencias que viven y alzar la voz para delatar a sus agresores.<\/p>\n<p><a href=\"https:\/\/cuestione.com\/detalle\/mexico\/alumnas-de-la-ibero-denuncian-a-companero-de-maestria-es-sacerdote\" target=\"_blank\" rel=\"noopener noreferrer\">https:\/\/cuestione.com\/detalle\/mexico\/alumnas-de-la-ibero-denuncian-a-companero-de-maestria-es-sacerdote<\/a><\/p>\n","protected":false},"excerpt":{"rendered":"<p>Imagen tomada de: cuestione.com Raquel Prior \/ Cuestione Los testimonios fueron colgados en tendedero \u201cQu\u00e9 bonitas piernas\u201d, \u201ctienes buenas curvas, amiga\u201d, \u201ct\u00fa, s\u00faper, cada d\u00eda. Bien marcado todo, s\u00f3lo alborotas, &hellip; <a href=\"http:\/\/www.grieta.org.mx\/index.php\/2020\/03\/21\/alumnas-de-la-ibero-denuncian-a-companero-de-maestria-es-sacerdote-ciudad-de-mexico\/\" class=\"more-link\">Leer m\u00e1s<\/a><\/p>\n","protected":false},"author":2,"featured_media":46707,"comment_status":"closed","ping_status":"closed","sticky":false,"template":"","format":"standard","meta":{"ngg_post_thumbnail":0,"_jetpack_newsletter_access":"","_jetpack_dont_email_post_to_subs":false,"_jetpack_newsletter_tier_id":0,"_jetpack_memberships_contains_paywalled_content":false,"_jetpack_memberships_contains_paid_content":false,"footnotes":""},"categories":[80,14,2958,3161,1670,2,1823,2388],"tags":[2566,3099,1565,1630],"class_list":["post-46706","post","type-post","status-publish","format-standard","has-post-thumbnail","hentry","category-cintillo","category-ciudad-de-mexico","category-crisis-de-la-educacion-publica-en-la-ciudad-de-mexico","category-luchas-de-las-mujeres-en-la-ciudad-de-mexico","category-movilizaciones-y-protestas-de-estudiantes-de-la-ciudad-de-mexico","category-noticias-nacionales","category-violencia-contra-estudiantes","category-violencia-contra-las-mujeres-en-la-ciudad-de-mexico","tag-crisis-en-el-sistema-educativo","tag-luchas-de-mujeres","tag-violencia-contra-estudiantes","tag-violencia-contra-las-mujeres","entry"],"jetpack_featured_media_url":"http:\/\/www.grieta.org.mx\/wp-content\/uploads\/2020\/03\/Alumnas-de-la-Ibero-denuncian-a-compa\u00f1ero-de-maestr\u00eda-es-sacerdote-cdmx-mzo.jpg","jetpack_sharing_enabled":true,"jetpack_shortlink":"https:\/\/wp.me\/p7ZJR4-c9k","jetpack_likes_enabled":false,"jetpack-related-posts":[{"id":43683,"url":"http:\/\/www.grieta.org.mx\/index.php\/2020\/01\/28\/profesores-de-ffyl-rechazan-evaluar-como-medida-de-presion-contra-paristas-ciudad-de-mexico\/","url_meta":{"origin":46706,"position":0},"title":"Profesores de FFyL rechazan evaluar como medida de presi\u00f3n contra paristas (Ciudad de M\u00e9xico)","author":"grieta","date":"28 enero, 2020","format":false,"excerpt":"Revista Consideraciones Distintas profesoras y profesores de la Facultad de Filosof\u00eda y Letras de la UNAM, se reunieron en asamblea para discutir el acuerdo aprobado por el Consejo T\u00e9cnico de la FFyL, en el sentido de llevar acabo la evaluaci\u00f3n del semestre 2020-1 entre el 27 de enero y el\u2026","rel":"","context":"En &quot;CINTILLO&quot;","block_context":{"text":"CINTILLO","link":"http:\/\/www.grieta.org.mx\/index.php\/category\/cintillo\/"},"img":{"alt_text":"","src":"https:\/\/i0.wp.com\/www.grieta.org.mx\/wp-content\/uploads\/2020\/01\/Profesores-de-FFyL-rechazan-evaluar-como-medida-de-presi%C3%B3n-contra-paristas-cdmx-ene.jpeg?resize=350%2C200","width":350,"height":200,"srcset":"https:\/\/i0.wp.com\/www.grieta.org.mx\/wp-content\/uploads\/2020\/01\/Profesores-de-FFyL-rechazan-evaluar-como-medida-de-presi%C3%B3n-contra-paristas-cdmx-ene.jpeg?resize=350%2C200 1x, https:\/\/i0.wp.com\/www.grieta.org.mx\/wp-content\/uploads\/2020\/01\/Profesores-de-FFyL-rechazan-evaluar-como-medida-de-presi%C3%B3n-contra-paristas-cdmx-ene.jpeg?resize=525%2C300 1.5x, https:\/\/i0.wp.com\/www.grieta.org.mx\/wp-content\/uploads\/2020\/01\/Profesores-de-FFyL-rechazan-evaluar-como-medida-de-presi%C3%B3n-contra-paristas-cdmx-ene.jpeg?resize=700%2C400 2x, https:\/\/i0.wp.com\/www.grieta.org.mx\/wp-content\/uploads\/2020\/01\/Profesores-de-FFyL-rechazan-evaluar-como-medida-de-presi%C3%B3n-contra-paristas-cdmx-ene.jpeg?resize=1050%2C600 3x, https:\/\/i0.wp.com\/www.grieta.org.mx\/wp-content\/uploads\/2020\/01\/Profesores-de-FFyL-rechazan-evaluar-como-medida-de-presi%C3%B3n-contra-paristas-cdmx-ene.jpeg?resize=1400%2C800 4x"},"classes":[]},{"id":47841,"url":"http:\/\/www.grieta.org.mx\/index.php\/2020\/04\/14\/estudiantes-entregan-filosofia-y-letras-por-la-emergencia-demandas-no-han-sido-cumplidas-dicen-ciudad-de-mexico\/","url_meta":{"origin":46706,"position":1},"title":"Estudiantes entregan Filosof\u00eda y Letras por la emergencia; demandas no han sido cumplidas, dicen (Ciudad de M\u00e9xico)","author":"grieta","date":"14 abril, 2020","format":false,"excerpt":"Animal Pol\u00edtico En un comunicado, la colectiva asegur\u00f3 que sus integrantes fueron orilladas a entregar las instalaciones, que tomaron desde el pasado 4 de noviembre, pues no cuentan con las herramientas necesarias para enfrentar la pandemia dentro del plantel. Mujeres organizadas que manten\u00edan en paro a la Facultad de Filosof\u00eda\u2026","rel":"","context":"En &quot;CINTILLO&quot;","block_context":{"text":"CINTILLO","link":"http:\/\/www.grieta.org.mx\/index.php\/category\/cintillo\/"},"img":{"alt_text":"","src":"https:\/\/i0.wp.com\/www.grieta.org.mx\/wp-content\/uploads\/2020\/04\/Estudiantes-entregan-Filosof%C3%ADa-y-Letras-por-la-emergencia-demandas-no-han-sido-cumplidas-dicen-cdmx-abr.jpeg?resize=350%2C200","width":350,"height":200,"srcset":"https:\/\/i0.wp.com\/www.grieta.org.mx\/wp-content\/uploads\/2020\/04\/Estudiantes-entregan-Filosof%C3%ADa-y-Letras-por-la-emergencia-demandas-no-han-sido-cumplidas-dicen-cdmx-abr.jpeg?resize=350%2C200 1x, https:\/\/i0.wp.com\/www.grieta.org.mx\/wp-content\/uploads\/2020\/04\/Estudiantes-entregan-Filosof%C3%ADa-y-Letras-por-la-emergencia-demandas-no-han-sido-cumplidas-dicen-cdmx-abr.jpeg?resize=525%2C300 1.5x, https:\/\/i0.wp.com\/www.grieta.org.mx\/wp-content\/uploads\/2020\/04\/Estudiantes-entregan-Filosof%C3%ADa-y-Letras-por-la-emergencia-demandas-no-han-sido-cumplidas-dicen-cdmx-abr.jpeg?resize=700%2C400 2x"},"classes":[]},{"id":46742,"url":"http:\/\/www.grieta.org.mx\/index.php\/2020\/03\/12\/la-misoginia-se-sienta-junto-a-mi-estudiantes-de-la-libre-de-derecho-protestan-contra-el-acoso-ciudad-de-mexico\/","url_meta":{"origin":46706,"position":2},"title":"&#8216;La misoginia se sienta junto a m\u00ed&#8217;: estudiantes de la Libre de Derecho protestan contra el acoso (Ciudad de M\u00e9xico)","author":"grieta","date":"12 marzo, 2020","format":false,"excerpt":"Imagen tomada de: www.animalpolitico.com Animal Pol\u00edtico Tras la hist\u00f3rica marcha del 8 de marzo en la Ciudad de M\u00e9xico y el paro nacional de mujeres, las estudiantes se motivaron a realizar este ejercicio que tambi\u00e9n han organizado alumnas de universidades como el ITAM y diversas facultades de la UNAM. Este\u2026","rel":"","context":"En &quot;CINTILLO&quot;","block_context":{"text":"CINTILLO","link":"http:\/\/www.grieta.org.mx\/index.php\/category\/cintillo\/"},"img":{"alt_text":"","src":"https:\/\/i0.wp.com\/www.grieta.org.mx\/wp-content\/uploads\/2020\/03\/La-misoginia-se-sienta-junto-a-m%C3%AD-estudiantes-de-la-Libre-de-Derecho-protestan-contra-el-acoso-cdmx-mzo.jpg?resize=350%2C200","width":350,"height":200,"srcset":"https:\/\/i0.wp.com\/www.grieta.org.mx\/wp-content\/uploads\/2020\/03\/La-misoginia-se-sienta-junto-a-m%C3%AD-estudiantes-de-la-Libre-de-Derecho-protestan-contra-el-acoso-cdmx-mzo.jpg?resize=350%2C200 1x, https:\/\/i0.wp.com\/www.grieta.org.mx\/wp-content\/uploads\/2020\/03\/La-misoginia-se-sienta-junto-a-m%C3%AD-estudiantes-de-la-Libre-de-Derecho-protestan-contra-el-acoso-cdmx-mzo.jpg?resize=525%2C300 1.5x, https:\/\/i0.wp.com\/www.grieta.org.mx\/wp-content\/uploads\/2020\/03\/La-misoginia-se-sienta-junto-a-m%C3%AD-estudiantes-de-la-Libre-de-Derecho-protestan-contra-el-acoso-cdmx-mzo.jpg?resize=700%2C400 2x"},"classes":[]},{"id":40137,"url":"http:\/\/www.grieta.org.mx\/index.php\/2019\/10\/11\/alumnos-de-la-unam-marchan-contra-violencia-de-genero-y-porros-ciudad-de-mexico\/","url_meta":{"origin":46706,"position":3},"title":"Alumnos de la UNAM marchan contra violencia de g\u00e9nero y porros (Ciudad de M\u00e9xico)","author":"grieta","date":"11 octubre, 2019","format":false,"excerpt":"El Heraldo de M\u00e9xico La movilizaci\u00f3n de estudiantes recorri\u00f3 algunas de las facultades de la Universidad Nacional, para posteriormente desplazarse sobre avenida Insurgentes Sur Estudiantes de la Facultad de Ciencias Pol\u00edticas y Sociales de la Universidad Nacional Aut\u00f3noma de M\u00e9xico (UNAM) realizaron este viernes una marcha en contra de la\u2026","rel":"","context":"En &quot;CINTILLO&quot;","block_context":{"text":"CINTILLO","link":"http:\/\/www.grieta.org.mx\/index.php\/category\/cintillo\/"},"img":{"alt_text":"","src":"https:\/\/i0.wp.com\/www.grieta.org.mx\/wp-content\/uploads\/2019\/10\/Alumnos-de-la-UNAM-marchan-contra-violencia-de-g%C3%A9nero-y-porros-oct-cdmx.jpg?resize=350%2C200","width":350,"height":200,"srcset":"https:\/\/i0.wp.com\/www.grieta.org.mx\/wp-content\/uploads\/2019\/10\/Alumnos-de-la-UNAM-marchan-contra-violencia-de-g%C3%A9nero-y-porros-oct-cdmx.jpg?resize=350%2C200 1x, https:\/\/i0.wp.com\/www.grieta.org.mx\/wp-content\/uploads\/2019\/10\/Alumnos-de-la-UNAM-marchan-contra-violencia-de-g%C3%A9nero-y-porros-oct-cdmx.jpg?resize=525%2C300 1.5x"},"classes":[]},{"id":43881,"url":"http:\/\/www.grieta.org.mx\/index.php\/2020\/01\/30\/unam-estudiantes-toman-la-fcpys-en-solidaridad-con-otros-planteles-ciudad-de-mexico\/","url_meta":{"origin":46706,"position":4},"title":"UNAM: ESTUDIANTES TOMAN LA FCPYS EN SOLIDARIDAD CON OTROS PLANTELES (Ciudad de M\u00e9xico)","author":"grieta","date":"30 enero, 2020","format":false,"excerpt":"Reporte \u00cdndigo \u201cMujeres Organizadas\u201d inform\u00f3 que la Facultad \u201cpermanecer\u00e1 cerrada hasta que se resuelvan satisfactoriamente todas las demandas de todos lo planteles\u201d. Un grupo de estudiantes tom\u00f3 las instalaciones de la Facultad de Ciencias Pol\u00edticas y Sociales (FCPyS) de la Universidad Nacional Aut\u00f3noma de M\u00e9xico (UNAM). \u201cMujeres Organizadas\u201d inform\u00f3 que\u2026","rel":"","context":"En &quot;CINTILLO&quot;","block_context":{"text":"CINTILLO","link":"http:\/\/www.grieta.org.mx\/index.php\/category\/cintillo\/"},"img":{"alt_text":"","src":"https:\/\/i0.wp.com\/www.grieta.org.mx\/wp-content\/uploads\/2020\/02\/UNAM-ESTUDIANTES-TOMAN-LA-FCPYS-EN-SOLIDARIDAD-CON-OTROS-PLANTELES-cdmx-feb.jpg?resize=350%2C200","width":350,"height":200,"srcset":"https:\/\/i0.wp.com\/www.grieta.org.mx\/wp-content\/uploads\/2020\/02\/UNAM-ESTUDIANTES-TOMAN-LA-FCPYS-EN-SOLIDARIDAD-CON-OTROS-PLANTELES-cdmx-feb.jpg?resize=350%2C200 1x, https:\/\/i0.wp.com\/www.grieta.org.mx\/wp-content\/uploads\/2020\/02\/UNAM-ESTUDIANTES-TOMAN-LA-FCPYS-EN-SOLIDARIDAD-CON-OTROS-PLANTELES-cdmx-feb.jpg?resize=525%2C300 1.5x, https:\/\/i0.wp.com\/www.grieta.org.mx\/wp-content\/uploads\/2020\/02\/UNAM-ESTUDIANTES-TOMAN-LA-FCPYS-EN-SOLIDARIDAD-CON-OTROS-PLANTELES-cdmx-feb.jpg?resize=700%2C400 2x"},"classes":[]},{"id":40985,"url":"http:\/\/www.grieta.org.mx\/index.php\/2019\/11\/05\/autoridades-de-la-fcpys-encubren-hostigamiento-y-acoso-sexual-estudiantes-ciudad-de-mexico\/","url_meta":{"origin":46706,"position":5},"title":"Autoridades de la FCPyS encubren hostigamiento y acoso sexual: estudiantes (Ciudad de M\u00e9xico)","author":"grieta","date":"5 noviembre, 2019","format":false,"excerpt":"Jordana Gonz\u00e1lez \/ Contral\u00ednea Esta tarde, estudiantes de la Facultad de Ciencias Pol\u00edticas y Sociales se\u00f1alaron que las autoridades encubren la violencia de g\u00e9nero. Durante una manifestaci\u00f3n, se\u00f1alaron que maestros acusados de ser presuntamente hostigadores contin\u00faan en la escuela que dirige la doctora Ang\u00e9lica Cu\u00e9llar V\u00e1zquez, candidata a la Rector\u00eda\u2026","rel":"","context":"En &quot;CINTILLO&quot;","block_context":{"text":"CINTILLO","link":"http:\/\/www.grieta.org.mx\/index.php\/category\/cintillo\/"},"img":{"alt_text":"","src":"https:\/\/i0.wp.com\/www.grieta.org.mx\/wp-content\/uploads\/2019\/11\/Autoridades-de-la-FCPyS-encubren-hostigamiento-y-acoso-sexual-estudiantes-cdmx-nov.jpg?resize=350%2C200","width":350,"height":200},"classes":[]}],"_links":{"self":[{"href":"http:\/\/www.grieta.org.mx\/index.php\/wp-json\/wp\/v2\/posts\/46706","targetHints":{"allow":["GET"]}}],"collection":[{"href":"http:\/\/www.grieta.org.mx\/index.php\/wp-json\/wp\/v2\/posts"}],"about":[{"href":"http:\/\/www.grieta.org.mx\/index.php\/wp-json\/wp\/v2\/types\/post"}],"author":[{"embeddable":true,"href":"http:\/\/www.grieta.org.mx\/index.php\/wp-json\/wp\/v2\/users\/2"}],"replies":[{"embeddable":true,"href":"http:\/\/www.grieta.org.mx\/index.php\/wp-json\/wp\/v2\/comments?post=46706"}],"version-history":[{"count":1,"href":"http:\/\/www.grieta.org.mx\/index.php\/wp-json\/wp\/v2\/posts\/46706\/revisions"}],"predecessor-version":[{"id":46708,"href":"http:\/\/www.grieta.org.mx\/index.php\/wp-json\/wp\/v2\/posts\/46706\/revisions\/46708"}],"wp:featuredmedia":[{"embeddable":true,"href":"http:\/\/www.grieta.org.mx\/index.php\/wp-json\/wp\/v2\/media\/46707"}],"wp:attachment":[{"href":"http:\/\/www.grieta.org.mx\/index.php\/wp-json\/wp\/v2\/media?parent=46706"}],"wp:term":[{"taxonomy":"category","embeddable":true,"href":"http:\/\/www.grieta.org.mx\/index.php\/wp-json\/wp\/v2\/categories?post=46706"},{"taxonomy":"post_tag","embeddable":true,"href":"http:\/\/www.grieta.org.mx\/index.php\/wp-json\/wp\/v2\/tags?post=46706"}],"curies":[{"name":"wp","href":"https:\/\/api.w.org\/{rel}","templated":true}]}}