{"id":46695,"date":"2020-03-21T19:32:14","date_gmt":"2020-03-22T01:32:14","guid":{"rendered":"http:\/\/www.grieta.org.mx\/?p=46695"},"modified":"2020-03-24T19:39:18","modified_gmt":"2020-03-25T01:39:18","slug":"caso-aida-mulato-de-victima-a-victimaria-ciudad-de-mexico","status":"publish","type":"post","link":"http:\/\/www.grieta.org.mx\/index.php\/2020\/03\/21\/caso-aida-mulato-de-victima-a-victimaria-ciudad-de-mexico\/","title":{"rendered":"Caso A\u00edda Mulato: de v\u00edctima a \u201cvictimaria\u201d (Ciudad de M\u00e9xico)"},"content":{"rendered":"<p><img loading=\"lazy\" decoding=\"async\" data-attachment-id=\"46696\" data-permalink=\"http:\/\/www.grieta.org.mx\/index.php\/2020\/03\/21\/caso-aida-mulato-de-victima-a-victimaria-ciudad-de-mexico\/caso-aida-mulato-de-victima-a-victimaria-cdmx-mzo\/\" data-orig-file=\"http:\/\/www.grieta.org.mx\/wp-content\/uploads\/2020\/03\/Caso-A\u00edda-Mulato-de-v\u00edctima-a-victimaria-cdmx-mzo.jpg\" data-orig-size=\"997,623\" data-comments-opened=\"0\" data-image-meta=\"{&quot;aperture&quot;:&quot;4&quot;,&quot;credit&quot;:&quot;Duilio Rodr\\u00edguez&quot;,&quot;camera&quot;:&quot;Canon EOS 5D Mark II&quot;,&quot;caption&quot;:&quot;&quot;,&quot;created_timestamp&quot;:&quot;1581948179&quot;,&quot;copyright&quot;:&quot;Duilio Rodr\\u00edguez&quot;,&quot;focal_length&quot;:&quot;65&quot;,&quot;iso&quot;:&quot;800&quot;,&quot;shutter_speed&quot;:&quot;0.033333333333333&quot;,&quot;title&quot;:&quot;&quot;,&quot;orientation&quot;:&quot;1&quot;}\" data-image-title=\"Caso A\u00edda Mulato de v\u00edctima a victimaria cdmx mzo\" data-image-description=\"\" data-image-caption=\"\" data-medium-file=\"http:\/\/www.grieta.org.mx\/wp-content\/uploads\/2020\/03\/Caso-A\u00edda-Mulato-de-v\u00edctima-a-victimaria-cdmx-mzo-300x187.jpg\" data-large-file=\"http:\/\/www.grieta.org.mx\/wp-content\/uploads\/2020\/03\/Caso-A\u00edda-Mulato-de-v\u00edctima-a-victimaria-cdmx-mzo.jpg\" class=\"aligncenter  wp-image-46696\" src=\"http:\/\/www.grieta.org.mx\/wp-content\/uploads\/2020\/03\/Caso-A\u00edda-Mulato-de-v\u00edctima-a-victimaria-cdmx-mzo.jpg\" alt=\"\" width=\"648\" height=\"405\" srcset=\"http:\/\/www.grieta.org.mx\/wp-content\/uploads\/2020\/03\/Caso-A\u00edda-Mulato-de-v\u00edctima-a-victimaria-cdmx-mzo.jpg 997w, http:\/\/www.grieta.org.mx\/wp-content\/uploads\/2020\/03\/Caso-A\u00edda-Mulato-de-v\u00edctima-a-victimaria-cdmx-mzo-300x187.jpg 300w, http:\/\/www.grieta.org.mx\/wp-content\/uploads\/2020\/03\/Caso-A\u00edda-Mulato-de-v\u00edctima-a-victimaria-cdmx-mzo-768x480.jpg 768w, http:\/\/www.grieta.org.mx\/wp-content\/uploads\/2020\/03\/Caso-A\u00edda-Mulato-de-v\u00edctima-a-victimaria-cdmx-mzo-800x500.jpg 800w\" sizes=\"auto, (max-width: 648px) 100vw, 648px\" \/><br \/>\n<em>A\u00edda Mulato. Foto: Duilio Rodr\u00edguez.<\/em><\/p>\n<p>Texto: Vania Pigeonutt<br \/>\nFoto: Duilio Rodr\u00edguez<br \/>\nPie de P\u00e1gina<\/p>\n<blockquote><p>A\u00edda Mulato pas\u00f3 de ser la v\u00edctima, a una imputada m\u00e1s para la Fiscal\u00eda General de Justicia de la Ciudad de M\u00e9xico. Lleva dos a\u00f1os en espera de que su agresor sexual, un reconocido hemat\u00f3logo, reciba castigo, sin que sus pruebas hayan sido estimadas. Ahora es acusada por violencia intrafamiliar, falsa declaraci\u00f3n y discriminaci\u00f3n<\/p><\/blockquote>\n<p>A mediados de febrero A\u00edda cont\u00f3 en una conferencia de prensa la agresi\u00f3n que sufri\u00f3 por parte de alguien en quien ella confiaba. Pero ahora \u00e9l la acusa de destruir su buen nombre. Y mientras, su caso y el de otras mujeres estar\u00e1 estancado durante esta crisis de la pandemia del Coronavirus (COVID\u201319). En la fiscal\u00eda les avisaron que al menos durante dos meses no habr\u00e1 investigaciones.<\/p>\n<p>\u201cEstamos en riesgo. Mientras no determinen, le den pausa por el Coronavirus o por cualquier situaci\u00f3n que sea, las mujeres todav\u00eda seguimos en riesgo y ellos siguen en completa impunidad, con la mano en la cintura pueden volver a violentar a m\u00e1s mujeres, a abusar y a matar\u201d, denuncia A\u00edda.<\/p>\n<p>El da\u00f1o de la agresi\u00f3n<\/p>\n<p>En noviembre de 2017, mientras A\u00edda dorm\u00eda, fue atacada por un doctor que trabaja en el Hospital Centro M\u00e9dico Siglo XXI y en el ABC Observatorio. Era una persona de su c\u00edrculo de confianza, quien ayud\u00f3 en un patrocinio de su iniciativa #VaPorLaRoma, tras el sismo del 19 de septiembre de 2017. \u00c9ste tiene la intenci\u00f3n de realizar 68 murales en la ciudad, comenzando por su colonia.<\/p>\n<p>A\u00edda denunci\u00f3 un a\u00f1o despu\u00e9s. El doctor puso alg\u00fan somn\u00edfero en su bebida y abus\u00f3 sexualmente de ella mientras dorm\u00eda, explic\u00f3. La joven se tuvo que hacer peritajes con una especialista independiente en violencia sexual. El resultado: A\u00edda ten\u00eda estr\u00e9s postraum\u00e1tico y depresi\u00f3n.<\/p>\n<p>Pero en la fiscal\u00eda desestimaron la relaci\u00f3n de esta sintomatolog\u00eda al hecho denunciado.<\/p>\n<p>Burocracia<\/p>\n<p>La \u00faltima reuni\u00f3n que tuvo con la Fiscal\u00eda de Delitos sexuales fue el 5 de marzo pasado.<\/p>\n<blockquote><p>\u201cDe los acuerdos que se tomaron con la fiscal de delitos sexuales fue que evaluara ese peritaje que se hizo mal y se volver\u00e1 a hacer. En caso de lo que arrojaran los resultados, el peritaje psicol\u00f3gico. La cuesti\u00f3n es que sigue todo muy lento\u201d.<\/p><\/blockquote>\n<p>Adem\u00e1s, tendr\u00e1 que darle seguimiento a las acusaciones que le hizo el denunciado que sigue argumentando que eran pareja.<\/p>\n<p>\u201cNo hay ning\u00fan v\u00ednculo, no tenemos ning\u00fan hijo, no vivo con \u00e9l. No tendr\u00eda por qu\u00e9 proceder. Pero es muy probable, as\u00ed como ha llevado todo el proceso, con testimoniales falsas, con pruebas falsas y con con su declaraci\u00f3n falsa. No s\u00e9 c\u00f3mo va a llenar esas carpetas de investigaci\u00f3n, s\u00ed me preocupa. No s\u00e9 qu\u00e9 va a intentar. Dice que hice una campa\u00f1a de odio en su contra, que lo van a empezar a discriminar, diciendo que es un violador. Y seg\u00fan \u00e9l, \u00e9l es un hombre respetable\u201d.<\/p>\n<p>Violencia por el coronavirus<\/p>\n<p>El caso de A\u00edda forma parte de la recomendaci\u00f3n 08\/2019 emitida por la Comisi\u00f3n de Derechos Humanos de la Ciudad de M\u00e9xico. Esta recomendaci\u00f3n incluye los casos de violencia sexual de 17 mujeres que buscan justicia para que la no repetici\u00f3n.<\/p>\n<p>La recomendaci\u00f3n fue aceptada desde octubre de 2019, sin que al momento el caso haya sido revisado.<\/p>\n<p>En este contexto, A\u00edda se\u00f1ala que si el \u00fanico tema es el Covid\u201319 aumentar\u00e1 la violencia contra las mujeres, ya que est\u00e1 demostrado que la violencia comienza en casa. Pone el ejemplo de Abril P\u00e9rez, asesinada presuntamente por su exesposo. As\u00ed como el de Ingrid Escamilla, asesinada y desollada tambi\u00e9n por su pareja; tambi\u00e9n, el intento de feminicidio de Mar\u00eda Elena, una mujer que fue quemada.<\/p>\n<p>\u00bfEst\u00e1n esperando a que maten?<\/p>\n<p>\u201cYo he dicho. Casi es la cr\u00f3nica de un feminicidio. Est\u00e1n esperando a que me maten para actuar y a\u00fan as\u00ed hay un chorro de casos, donde las v\u00edctimas fueron asesinadas por sus novios, por sus esposos. Este tipo sigue argumentando que \u00e9ramos pareja, como para avalar que soy de su propiedad y que pod\u00eda, como normalizando la cuesti\u00f3n de la violencia en las relaciones de pareja\u201d, reitera.<\/p>\n<p>Lamenta que la violencia contra las mujeres nunca ha sido un tema que importe a las autoridades y en esta crisis est\u00e1n m\u00e1s desprotegidas. \u201cNo hay un plan para estas mujeres. Es preocupante. Lo que se ha visto en un n\u00famero de WhatsApp y en redes, para todas estas mujeres violentadas de comun\u00edcate: hay un n\u00famero por ah\u00ed, se est\u00e1 circulando y viene de la sociedad, por parte de las autoridades no hay nada\u201d.<\/p>\n<p>Por el COVID\u201319 van a dejar de trabajar ciertas \u00e1reas de la Fiscal\u00eda y son momentos clave para evitar que en su caso, su agresor \u201cpueda violar a alguien m\u00e1s o a agredir a alguien m\u00e1s. \u00bfQu\u00e9 va a pasar con los casos que est\u00e1n por judializarse o que est\u00e1 pendiente cumplimentar una orden de aprehensi\u00f3n?\u201d.<\/p>\n<p>Ella y otras mujeres que conoce, tambi\u00e9n v\u00edctimas de violencia sexual, est\u00e1n muy preocupadas por lo que pudiera ocurrir en los pr\u00f3ximos d\u00edas si sus casos no son atendidos. Apenas el martes 10 de marzo A\u00edda recibi\u00f3 un mensaje que para ella cuenta como una amenaza.<\/p>\n<p>Amenazas<\/p>\n<p>La aterroriz\u00f3. Le echaron debajo de su puerta un trozo de grasa con un gancho que podr\u00eda matar a su perra doberman, a quien tuvo que adoptar justo para que la cuidara y le diera m\u00e1s confianza de andar en su colonia tras la violaci\u00f3n. A\u00edda dice que es claro que su agresor sabe d\u00f3nde vive, en las denuncias en su contra est\u00e1 su direcci\u00f3n que desconoce c\u00f3mo consigui\u00f3. Las medidas de seguridad son insuficientes y m\u00e1s si las autoridades siguen dilatando su caso, se\u00f1ala.<\/p>\n<p>A\u00fan con todo seguir\u00e1 adelante, anuncia, sus abogadas del Observatorio de Justicia y Derechos Humanos de Mujeres y Ni\u00f1as A. C. le recuerdan que lograr una sentencia contra su agresor es s\u00f3lo una meta. El objetivo es que se visibilice a trav\u00e9s de su voz que la violaci\u00f3n sexual es la antesala del feminicidio.<\/p>\n<p>A\u00edda conf\u00eda que en un pa\u00eds donde 10 mujeres son asesinadas todos los d\u00edas, su voz sirva para avivar este grito desesperado.<\/p>\n<p><a href=\"https:\/\/piedepagina.mx\/caso-aida-mulato-de-victima-a-victimaria\/\" target=\"_blank\" rel=\"noopener noreferrer\">https:\/\/piedepagina.mx\/caso-aida-mulato-de-victima-a-victimaria\/<\/a><\/p>\n","protected":false},"excerpt":{"rendered":"<p>A\u00edda Mulato. Foto: Duilio Rodr\u00edguez. Texto: Vania Pigeonutt Foto: Duilio Rodr\u00edguez Pie de P\u00e1gina A\u00edda Mulato pas\u00f3 de ser la v\u00edctima, a una imputada m\u00e1s para la Fiscal\u00eda General de &hellip; <a href=\"http:\/\/www.grieta.org.mx\/index.php\/2020\/03\/21\/caso-aida-mulato-de-victima-a-victimaria-ciudad-de-mexico\/\" class=\"more-link\">Leer m\u00e1s<\/a><\/p>\n","protected":false},"author":2,"featured_media":46696,"comment_status":"closed","ping_status":"closed","sticky":false,"template":"","format":"standard","meta":{"ngg_post_thumbnail":0,"_jetpack_newsletter_access":"","_jetpack_dont_email_post_to_subs":false,"_jetpack_newsletter_tier_id":0,"_jetpack_memberships_contains_paywalled_content":false,"_jetpack_memberships_contains_paid_content":false,"footnotes":""},"categories":[80,14,84,1141,3161,2,83,2388],"tags":[81,1630,381],"class_list":["post-46695","post","type-post","status-publish","format-standard","has-post-thumbnail","hentry","category-cintillo","category-ciudad-de-mexico","category-feminicidios","category-feminicidios-en-la-ciudad-de-mexico","category-luchas-de-las-mujeres-en-la-ciudad-de-mexico","category-noticias-nacionales","category-temas-nacionales","category-violencia-contra-las-mujeres-en-la-ciudad-de-mexico","tag-feminicidios","tag-violencia-contra-las-mujeres","tag-violencia-de-genero","entry"],"jetpack_featured_media_url":"http:\/\/www.grieta.org.mx\/wp-content\/uploads\/2020\/03\/Caso-A\u00edda-Mulato-de-v\u00edctima-a-victimaria-cdmx-mzo.jpg","jetpack_sharing_enabled":true,"jetpack_shortlink":"https:\/\/wp.me\/p7ZJR4-c99","jetpack_likes_enabled":false,"jetpack-related-posts":[{"id":38431,"url":"http:\/\/www.grieta.org.mx\/index.php\/2019\/08\/20\/registra-ciudad-de-mexico-21-feminicidios-en-siete-meses\/","url_meta":{"origin":46695,"position":0},"title":"Registra Ciudad de M\u00e9xico 21 feminicidios en siete meses","author":"grieta","date":"20 agosto, 2019","format":false,"excerpt":"Redacci\u00f3n\/Exc\u00e9lsior La capital concentr\u00f3 el 3% de los delitos cometidos en las 32 entidades federativas CIUDAD DE M\u00c9XICO. Datos del Secretariado Ejecutivo del Sistema Nacional de Seguridad P\u00fablica (SESNSP) establecen que, de diciembre de 2018 a junio de 2019, ocurrieron 21 feminicidios en la Ciudad de M\u00e9xico. Lo anterior quiere\u2026","rel":"","context":"En &quot;CINTILLO&quot;","block_context":{"text":"CINTILLO","link":"http:\/\/www.grieta.org.mx\/index.php\/category\/cintillo\/"},"img":{"alt_text":"","src":"https:\/\/i0.wp.com\/www.grieta.org.mx\/wp-content\/uploads\/2019\/08\/2204313.jpg?resize=350%2C200","width":350,"height":200,"srcset":"https:\/\/i0.wp.com\/www.grieta.org.mx\/wp-content\/uploads\/2019\/08\/2204313.jpg?resize=350%2C200 1x, https:\/\/i0.wp.com\/www.grieta.org.mx\/wp-content\/uploads\/2019\/08\/2204313.jpg?resize=525%2C300 1.5x"},"classes":[]},{"id":42629,"url":"http:\/\/www.grieta.org.mx\/index.php\/2019\/12\/14\/protesta-grafica-en-ciencias-politicas-las-paredes-se-limpian-ellas-no-vuelven-ciudad-de-mexico\/","url_meta":{"origin":46695,"position":1},"title":"Protesta gr\u00e1fica en Ciencias Pol\u00edticas: las paredes se limpian, ellas no vuelven (Ciudad de M\u00e9xico)","author":"grieta","date":"14 diciembre, 2019","format":false,"excerpt":"Marcial Yangali \/ Contral\u00ednea En las paredes de la Facultad de Ciencias Pol\u00edticas y Sociales de Ciudad Universitaria se alberga un reclamo generalizado contra la violencia sexual y de g\u00e9nero que padecen estudiantes, acad\u00e9micas y trabajadoras en el espacio escolar. Una protesta gr\u00e1fica contra la ineficacia de las autoridades de\u2026","rel":"","context":"En &quot;CINTILLO&quot;","block_context":{"text":"CINTILLO","link":"http:\/\/www.grieta.org.mx\/index.php\/category\/cintillo\/"},"img":{"alt_text":"","src":"https:\/\/i0.wp.com\/www.grieta.org.mx\/wp-content\/uploads\/2019\/12\/Protesta-gr%C3%A1fica-en-Ciencias-Pol%C3%ADticas-las-paredes-se-limpian-ellas-no-vuelven-cdmx-dic.jpg?resize=350%2C200","width":350,"height":200},"classes":[]},{"id":39522,"url":"http:\/\/www.grieta.org.mx\/index.php\/2019\/09\/21\/los-datos-a-agosto-2019-dicen-que-crece-violencia-feminicida-en-el-pais-y-mas-en-veracruz-edomex\/","url_meta":{"origin":46695,"position":2},"title":"Los datos a agosto 2019 dicen que crece violencia feminicida en el pa\u00eds y m\u00e1s en Veracruz, Edomex\u2026","author":"grieta","date":"21 septiembre, 2019","format":false,"excerpt":"Redacci\u00f3n \/ Sin Embargo De enero a agosto de 2019, las entidades en las que se registraron m\u00e1s feminicidios fueron Veracruz, el Estado de M\u00e9xico y Nuevo Le\u00f3n. Ciudad de M\u00e9xico, 21 de septiembre (SinEmbargo).\u2013 En los primeros ocho meses del 2019 se abrieron 638 carpetas de investigaci\u00f3n por el\u2026","rel":"","context":"En &quot;CINTILLO&quot;","block_context":{"text":"CINTILLO","link":"http:\/\/www.grieta.org.mx\/index.php\/category\/cintillo\/"},"img":{"alt_text":"","src":"https:\/\/i0.wp.com\/www.grieta.org.mx\/wp-content\/uploads\/2019\/09\/captura-de-pantalla-2019-09-21-a-las-17-49-22.png?resize=350%2C200","width":350,"height":200,"srcset":"https:\/\/i0.wp.com\/www.grieta.org.mx\/wp-content\/uploads\/2019\/09\/captura-de-pantalla-2019-09-21-a-las-17-49-22.png?resize=350%2C200 1x, https:\/\/i0.wp.com\/www.grieta.org.mx\/wp-content\/uploads\/2019\/09\/captura-de-pantalla-2019-09-21-a-las-17-49-22.png?resize=525%2C300 1.5x, https:\/\/i0.wp.com\/www.grieta.org.mx\/wp-content\/uploads\/2019\/09\/captura-de-pantalla-2019-09-21-a-las-17-49-22.png?resize=700%2C400 2x, https:\/\/i0.wp.com\/www.grieta.org.mx\/wp-content\/uploads\/2019\/09\/captura-de-pantalla-2019-09-21-a-las-17-49-22.png?resize=1050%2C600 3x"},"classes":[]},{"id":43278,"url":"http:\/\/www.grieta.org.mx\/index.php\/2020\/01\/21\/tu-lucha-sigue-isabel-colectivas-feministas-protestan-por-el-feminicidio-de-activista-ciudad-de-mexico\/","url_meta":{"origin":46695,"position":3},"title":"\u201cTu lucha sigue, Isabel\u201d: colectivas feministas protestan por el feminicidio de activista (Ciudad de M\u00e9xico)","author":"grieta","date":"21 enero, 2020","format":false,"excerpt":"Foto: Er\u00e9ndira Aquino Er\u00e9ndira Aquino \/ Animal Pol\u00edtico Las manifestantes acudieron a instalaciones de Casa Chihuahua, en la Ciudad de M\u00e9xico, para reclamar que las autoridades estatales no han dado informaci\u00f3n clara del caso. Decenas de mujeres protestaron este martes por el asesinato de Isabel Cabanillas, activista y artista pl\u00e1stica\u2026","rel":"","context":"En &quot;Chihuahua&quot;","block_context":{"text":"Chihuahua","link":"http:\/\/www.grieta.org.mx\/index.php\/category\/noticias-nacionales\/chihuahua\/"},"img":{"alt_text":"","src":"https:\/\/i0.wp.com\/www.grieta.org.mx\/wp-content\/uploads\/2020\/01\/Tu-lucha-sigue-Isabel-colectivas-feministas-protestan-por-el-feminicidio-de-activista-cdmx-ene.jpeg?resize=350%2C200","width":350,"height":200,"srcset":"https:\/\/i0.wp.com\/www.grieta.org.mx\/wp-content\/uploads\/2020\/01\/Tu-lucha-sigue-Isabel-colectivas-feministas-protestan-por-el-feminicidio-de-activista-cdmx-ene.jpeg?resize=350%2C200 1x, https:\/\/i0.wp.com\/www.grieta.org.mx\/wp-content\/uploads\/2020\/01\/Tu-lucha-sigue-Isabel-colectivas-feministas-protestan-por-el-feminicidio-de-activista-cdmx-ene.jpeg?resize=525%2C300 1.5x, https:\/\/i0.wp.com\/www.grieta.org.mx\/wp-content\/uploads\/2020\/01\/Tu-lucha-sigue-Isabel-colectivas-feministas-protestan-por-el-feminicidio-de-activista-cdmx-ene.jpeg?resize=700%2C400 2x"},"classes":[]},{"id":52768,"url":"http:\/\/www.grieta.org.mx\/index.php\/2020\/08\/06\/a-tres-anos-del-feminicidio-de-diana-velazquez-florencio-familia-continua-sin-tener-acceso-a-la-carpeta-de-investigacion-estado-de-mexico\/","url_meta":{"origin":46695,"position":4},"title":"A tres a\u00f1os del feminicidio de Diana Vel\u00e1zquez Florencio: familia contin\u00faa sin tener acceso a la carpeta de investigaci\u00f3n. (Estado de M\u00e9xico)","author":"grieta","date":"6 agosto, 2020","format":false,"excerpt":"Foto tomada de: www.somoselmedio.com Elisa Mart\u00ednez \/ Somos el medio El pasado 5 de agosto, se llev\u00f3 a cabo una reuni\u00f3n entre agentes del Estado y familiares de Diana Vel\u00e1zquez Florencio, v\u00edctima de feminicidio en 2017 en Chimalhuac\u00e1n, Estado de M\u00e9xico. La finalidad de la sesi\u00f3n era mostrar a la\u2026","rel":"","context":"En &quot;Abuso policiaco y tortura en el Estado de M\u00e9xico&quot;","block_context":{"text":"Abuso policiaco y tortura en el Estado de M\u00e9xico","link":"http:\/\/www.grieta.org.mx\/index.php\/category\/noticias-nacionales\/estado-de-mexico\/abuso-policiaco-y-tortura-en-el-estado-de-mexico\/"},"img":{"alt_text":"","src":"https:\/\/i0.wp.com\/www.grieta.org.mx\/wp-content\/uploads\/2020\/08\/A-tres-anos-del-feminicidio-de-Diana-Velazquez-Florencio-familia-continua-sin-tener-acceso-a-la-carpeta-de-investigacion.-edomex-aGO.jpg?resize=350%2C200","width":350,"height":200},"classes":[]},{"id":54540,"url":"http:\/\/www.grieta.org.mx\/index.php\/2020\/09\/21\/slp-esta-entre-las-ciudades-con-mas-feminicidios\/","url_meta":{"origin":46695,"position":5},"title":"SLP est\u00e1 entre las ciudades con m\u00e1s feminicidios","author":"grieta","date":"21 septiembre, 2020","format":false,"excerpt":"Redacci\u00f3n\/La Orquesta 21 septiembre 2020 De enero a julio tuvo 20 v\u00edctimas; solo la superan Tijuana, Ju\u00e1rez y Culiac\u00e1n El Informe sobre violencia contra las mujeres, del Secretariado Ejecutivo del Sistema Nacional de Seguridad P\u00fablica, reporta que, entre enero y julio del 2020, se registraron en la ciudad de San\u2026","rel":"","context":"En &quot;CINTILLO&quot;","block_context":{"text":"CINTILLO","link":"http:\/\/www.grieta.org.mx\/index.php\/category\/cintillo\/"},"img":{"alt_text":"","src":"https:\/\/i0.wp.com\/www.grieta.org.mx\/wp-content\/uploads\/2020\/10\/photo5125184302974347410-750x375-1.jpg?resize=350%2C200","width":350,"height":200,"srcset":"https:\/\/i0.wp.com\/www.grieta.org.mx\/wp-content\/uploads\/2020\/10\/photo5125184302974347410-750x375-1.jpg?resize=350%2C200 1x, https:\/\/i0.wp.com\/www.grieta.org.mx\/wp-content\/uploads\/2020\/10\/photo5125184302974347410-750x375-1.jpg?resize=525%2C300 1.5x, https:\/\/i0.wp.com\/www.grieta.org.mx\/wp-content\/uploads\/2020\/10\/photo5125184302974347410-750x375-1.jpg?resize=700%2C400 2x"},"classes":[]}],"_links":{"self":[{"href":"http:\/\/www.grieta.org.mx\/index.php\/wp-json\/wp\/v2\/posts\/46695","targetHints":{"allow":["GET"]}}],"collection":[{"href":"http:\/\/www.grieta.org.mx\/index.php\/wp-json\/wp\/v2\/posts"}],"about":[{"href":"http:\/\/www.grieta.org.mx\/index.php\/wp-json\/wp\/v2\/types\/post"}],"author":[{"embeddable":true,"href":"http:\/\/www.grieta.org.mx\/index.php\/wp-json\/wp\/v2\/users\/2"}],"replies":[{"embeddable":true,"href":"http:\/\/www.grieta.org.mx\/index.php\/wp-json\/wp\/v2\/comments?post=46695"}],"version-history":[{"count":1,"href":"http:\/\/www.grieta.org.mx\/index.php\/wp-json\/wp\/v2\/posts\/46695\/revisions"}],"predecessor-version":[{"id":46697,"href":"http:\/\/www.grieta.org.mx\/index.php\/wp-json\/wp\/v2\/posts\/46695\/revisions\/46697"}],"wp:featuredmedia":[{"embeddable":true,"href":"http:\/\/www.grieta.org.mx\/index.php\/wp-json\/wp\/v2\/media\/46696"}],"wp:attachment":[{"href":"http:\/\/www.grieta.org.mx\/index.php\/wp-json\/wp\/v2\/media?parent=46695"}],"wp:term":[{"taxonomy":"category","embeddable":true,"href":"http:\/\/www.grieta.org.mx\/index.php\/wp-json\/wp\/v2\/categories?post=46695"},{"taxonomy":"post_tag","embeddable":true,"href":"http:\/\/www.grieta.org.mx\/index.php\/wp-json\/wp\/v2\/tags?post=46695"}],"curies":[{"name":"wp","href":"https:\/\/api.w.org\/{rel}","templated":true}]}}