{"id":46662,"date":"2020-03-23T16:49:33","date_gmt":"2020-03-23T22:49:33","guid":{"rendered":"http:\/\/www.grieta.org.mx\/?p=46662"},"modified":"2020-03-24T16:56:53","modified_gmt":"2020-03-24T22:56:53","slug":"faltan-insumos-para-enfrentar-el-coronavirus-medicos-y-enfermeros-de-fcp-denuncian-que-no-cuentan-con-material-ni-capacitacion-para-atender-contingencia-sanitaria-quintana-roo","status":"publish","type":"post","link":"http:\/\/www.grieta.org.mx\/index.php\/2020\/03\/23\/faltan-insumos-para-enfrentar-el-coronavirus-medicos-y-enfermeros-de-fcp-denuncian-que-no-cuentan-con-material-ni-capacitacion-para-atender-contingencia-sanitaria-quintana-roo\/","title":{"rendered":"Faltan insumos para enfrentar el coronavirus: M\u00e9dicos y enfermeros de FCP denuncian que no cuentan con material ni capacitaci\u00f3n para atender contingencia sanitaria  (Quintana Roo)"},"content":{"rendered":"<p><img loading=\"lazy\" decoding=\"async\" data-attachment-id=\"46663\" data-permalink=\"http:\/\/www.grieta.org.mx\/index.php\/2020\/03\/23\/faltan-insumos-para-enfrentar-el-coronavirus-medicos-y-enfermeros-de-fcp-denuncian-que-no-cuentan-con-material-ni-capacitacion-para-atender-contingencia-sanitaria-quintana-roo\/carrillopuertomedicos\/\" data-orig-file=\"http:\/\/www.grieta.org.mx\/wp-content\/uploads\/2020\/03\/CarrilloPuertoMedicos-e1585090459613.png\" data-orig-size=\"800,376\" data-comments-opened=\"0\" data-image-meta=\"{&quot;aperture&quot;:&quot;0&quot;,&quot;credit&quot;:&quot;&quot;,&quot;camera&quot;:&quot;&quot;,&quot;caption&quot;:&quot;&quot;,&quot;created_timestamp&quot;:&quot;0&quot;,&quot;copyright&quot;:&quot;&quot;,&quot;focal_length&quot;:&quot;0&quot;,&quot;iso&quot;:&quot;0&quot;,&quot;shutter_speed&quot;:&quot;0&quot;,&quot;title&quot;:&quot;&quot;,&quot;orientation&quot;:&quot;0&quot;}\" data-image-title=\"CarrilloPuertoMedicos\" data-image-description=\"\" data-image-caption=\"\" data-medium-file=\"http:\/\/www.grieta.org.mx\/wp-content\/uploads\/2020\/03\/CarrilloPuertoMedicos-300x141.png\" data-large-file=\"http:\/\/www.grieta.org.mx\/wp-content\/uploads\/2020\/03\/CarrilloPuertoMedicos-e1585090459613.png\" src=\"http:\/\/www.grieta.org.mx\/wp-content\/uploads\/2020\/03\/CarrilloPuertoMedicos-e1585090459613.png\" alt=\"\" width=\"800\" height=\"376\" class=\"aligncenter size-full wp-image-46663\" \/><br \/>\nRafael Brice\u00f1o  \/ Noticaribe<\/p>\n<p>FELIPE CARRILLO PUERTO, MX.- Personal m\u00e9dico, enfermeras y trabajadores de apoyo de las unidades m\u00e9dicas de Felipe Carrillo Puerto y Jos\u00e9 Mar\u00eda Morelos -pertenecientes a la jurisdicci\u00f3n sanitaria n\u00famero 3- denunciaron la falta de insumos y medicamentos para poder realizar su trabajo, sobre todo durante la contingencia sanitaria por el coronavirus, al tiempo que manifestaron su preocupaci\u00f3n por el retorno a las comunidades de trabajadores de las zonas tur\u00edsticas que aumenta el riesgo de contraer la enfermedad.<\/p>\n<p>Afirmaron que los habitantes de las comunidades que se encuentran dentro de la jurisdicci\u00f3n sanitaria n\u00famero 3 se encuentran en grave riesgo, ya que se ha detectado que est\u00e1n regresando las personas que estaban trabajando en las zonas tur\u00edsticas de la entidad y hay un riesgo por un periodo de incubaci\u00f3n del Covid-19.<\/p>\n<p>El personal realiz\u00f3 un manifestaci\u00f3n frente a la jurisdicci\u00f3n sanitaria para hacer entrega de pliegos petitorios dirigidos a la secretaria de Salud, Alejandra Aguirre Crespo donde hacen patente que no es la primera vez que denuncian la falta de apoyos y recursos para desempe\u00f1ar su trabajo.<\/p>\n<p>Incluso, esta denuncia la hicieron durante la \u00faltima visita que realiz\u00f3 el presidente Andr\u00e9s Manuel L\u00f3pez Obrador, a quien le pidieron su intervenci\u00f3n.<\/p>\n<p>Manifestaron que la situaci\u00f3n se agrava debido a la contingencia sanitaria por el coronavirus, ya que no hay medicamentos, productos de limpieza y sanitizantes, guantes, cubrebocas, batas quir\u00fargicas y hay malas condiciones de la infraestructura hospitalaria, lo que pone en riesgo la integridad f\u00edsica de todos los trabajadores de los municipios de Felipe Carrillo Puerto y Jos\u00e9 Mar\u00eda Morelos.<\/p>\n<p>Entre sus peticiones, los trabajadores inconformes pidieron la revisi\u00f3n del servicio de energ\u00eda el\u00e9ctrica, ya que el bajo voltaje impide el buen funcionamiento de equipo de c\u00f3mputo, esterilizadores, refrigeradores para material biol\u00f3gico y aires acondicionados; la capacitaci\u00f3n del personal de intendencia para los trabajos de limpieza y la entrega de materiales e insumos.<\/p>\n<p>Tambi\u00e9n pidieron la realizaci\u00f3n de una auditor\u00eda en el proceso de construcci\u00f3n de unidades m\u00e9dicas, al no cumplir con los procesos de acreditaci\u00f3n correspondientes al a\u00f1o pasado.<\/p>\n<p>Manifestaron que no firmar\u00e1n de recibido dichas obras en los centros m\u00e9dicos.<\/p>\n<p>Pidieron que se reprograme la realizaci\u00f3n de la Segunda Semana Nacional de Salud por lo menos dos semanas m\u00e1s para evitar posibles contagios por coronavirus.<\/p>\n<p><a href=\"https:\/\/noticaribe.com.mx\/2020\/03\/23\/faltan-insumos-para-enfrentar-al-coronavirus-medicos-y-enfermeros-de-fcp-denuncian-que-no-cuentan-con-material-ni-capacitacion-para-atender-contingencia-sanitaria\/\" rel=\"noopener noreferrer\" target=\"_blank\">https:\/\/noticaribe.com.mx\/2020\/03\/23\/faltan-insumos-para-enfrentar-al-coronavirus-medicos-y-enfermeros-de-fcp-denuncian-que-no-cuentan-con-material-ni-capacitacion-para-atender-contingencia-sanitaria\/<\/a><\/p>\n","protected":false},"excerpt":{"rendered":"<p>Rafael Brice\u00f1o \/ Noticaribe FELIPE CARRILLO PUERTO, MX.- Personal m\u00e9dico, enfermeras y trabajadores de apoyo de las unidades m\u00e9dicas de Felipe Carrillo Puerto y Jos\u00e9 Mar\u00eda Morelos -pertenecientes a la &hellip; <a href=\"http:\/\/www.grieta.org.mx\/index.php\/2020\/03\/23\/faltan-insumos-para-enfrentar-el-coronavirus-medicos-y-enfermeros-de-fcp-denuncian-que-no-cuentan-con-material-ni-capacitacion-para-atender-contingencia-sanitaria-quintana-roo\/\" class=\"more-link\">Leer m\u00e1s<\/a><\/p>\n","protected":false},"author":2,"featured_media":46663,"comment_status":"closed","ping_status":"closed","sticky":false,"template":"","format":"standard","meta":{"ngg_post_thumbnail":0,"_jetpack_newsletter_access":"","_jetpack_dont_email_post_to_subs":false,"_jetpack_newsletter_tier_id":0,"_jetpack_memberships_contains_paywalled_content":false,"_jetpack_memberships_contains_paid_content":false,"footnotes":""},"categories":[80,918,2853,2,28,83],"tags":[3198,2367],"class_list":["post-46662","post","type-post","status-publish","format-standard","has-post-thumbnail","hentry","category-cintillo","category-privatizacion-del-sector-salud","category-crisis-en-el-sector-salud-en-quintana-roo","category-noticias-nacionales","category-quintana-roo","category-temas-nacionales","tag-covid19","tag-crisis-en-el-sector-salud","entry"],"jetpack_featured_media_url":"http:\/\/www.grieta.org.mx\/wp-content\/uploads\/2020\/03\/CarrilloPuertoMedicos-e1585090459613.png","jetpack_sharing_enabled":true,"jetpack_shortlink":"https:\/\/wp.me\/p7ZJR4-c8C","jetpack_likes_enabled":false,"jetpack-related-posts":[{"id":57818,"url":"http:\/\/www.grieta.org.mx\/index.php\/2021\/03\/22\/sigue-protesta-por-falta-de-vacunas-exigen-empleados-de-salud-ser-vacunados-contra-covid-19-en-felipe-carrillo-puerto-quintana-roo\/","url_meta":{"origin":46662,"position":0},"title":"Sigue protesta por falta de vacunas: Exigen empleados de Salud ser vacunados contra COVID-19 en Felipe Carrillo Puerto (Quintana Roo)","author":"grieta","date":"22 marzo, 2021","format":false,"excerpt":"Noticaribe FELIPE CARRILLO PUERTO, MX.- Trabajadores de la Jurisdicci\u00f3n Sanitaria 03 de la Secretar\u00eda de Salud de Felipe Carrillo Puerto se manifestaron esta ma\u00f1ana para exigir sean vacunados contra el coronavirus, pues hasta ahora a ellos no les ha tocado y dicen estar en la primera l\u00ednea de defensa. La\u2026","rel":"","context":"En &quot;CINTILLO&quot;","block_context":{"text":"CINTILLO","link":"http:\/\/www.grieta.org.mx\/index.php\/category\/cintillo\/"},"img":{"alt_text":"","src":"https:\/\/i0.wp.com\/www.grieta.org.mx\/wp-content\/uploads\/2021\/03\/CarrilloPuertoVacunas-e1616444755105.png?resize=350%2C200","width":350,"height":200,"srcset":"https:\/\/i0.wp.com\/www.grieta.org.mx\/wp-content\/uploads\/2021\/03\/CarrilloPuertoVacunas-e1616444755105.png?resize=350%2C200 1x, https:\/\/i0.wp.com\/www.grieta.org.mx\/wp-content\/uploads\/2021\/03\/CarrilloPuertoVacunas-e1616444755105.png?resize=525%2C300 1.5x, https:\/\/i0.wp.com\/www.grieta.org.mx\/wp-content\/uploads\/2021\/03\/CarrilloPuertoVacunas-e1616444755105.png?resize=700%2C400 2x"},"classes":[]},{"id":70145,"url":"http:\/\/www.grieta.org.mx\/index.php\/2024\/10\/12\/protestan-derechohabientes-del-issste-en-carrillo-puerto-por-falta-de-atencion-medica-y-medicamentos-quintana-roo\/","url_meta":{"origin":46662,"position":1},"title":"Protestan Derechohabientes del ISSSTE en Carrillo Puerto por Falta de Atenci\u00f3n M\u00e9dica y Medicamentos (Quintana Roo)","author":"grieta","date":"12 octubre, 2024","format":false,"excerpt":"Roberto Lemus\/CAMBIO 22 FELIPE CARRILLO PUERTO a 12 de octubre. \u2014 Un grupo de derechohabientes del Instituto de Seguridad y Servicios Sociales de los Trabajadores del Estado (ISSSTE) manifest\u00f3 su descontento frente a las instalaciones de la cl\u00ednica local debido a la falta de atenci\u00f3n m\u00e9dica de calidad, la escasez\u2026","rel":"","context":"En &quot;CINTILLO&quot;","block_context":{"text":"CINTILLO","link":"http:\/\/www.grieta.org.mx\/index.php\/category\/cintillo\/"},"img":{"alt_text":"","src":"https:\/\/i0.wp.com\/www.grieta.org.mx\/wp-content\/uploads\/2024\/10\/ProtestaIssste-e1728998468364.jpg?resize=350%2C200","width":350,"height":200,"srcset":"https:\/\/i0.wp.com\/www.grieta.org.mx\/wp-content\/uploads\/2024\/10\/ProtestaIssste-e1728998468364.jpg?resize=350%2C200 1x, https:\/\/i0.wp.com\/www.grieta.org.mx\/wp-content\/uploads\/2024\/10\/ProtestaIssste-e1728998468364.jpg?resize=525%2C300 1.5x, https:\/\/i0.wp.com\/www.grieta.org.mx\/wp-content\/uploads\/2024\/10\/ProtestaIssste-e1728998468364.jpg?resize=700%2C400 2x"},"classes":[]},{"id":69507,"url":"http:\/\/www.grieta.org.mx\/index.php\/2024\/08\/26\/inicia-ciclo-escolar-con-protesta-de-trabajadores-de-bachillerato-en-felipe-carrillo-puerto-quintana-roo\/","url_meta":{"origin":46662,"position":2},"title":"Inicia ciclo escolar con protesta de trabajadores de bachillerato en Felipe Carrillo Puerto (Quintana Roo)","author":"grieta","date":"26 agosto, 2024","format":false,"excerpt":"Noticaribe FELIPE CARRILLO PUERTO, MX.- Trabajadores del Centro de Estudios de Bachillerato 5\/10 \u201cProf. Rafael Ram\u00edrez Casta\u00f1eda\u201d, iniciaron el nuevo ciclo escolar colocando diversas lonas afuera del plantel educativo, ubicado sobre la avenida constituyentes con 91 de la Emiliano Zapata II, donde denunciaron abuso de poder y hostigamiento laboral por\u2026","rel":"","context":"En &quot;CINTILLO&quot;","block_context":{"text":"CINTILLO","link":"http:\/\/www.grieta.org.mx\/index.php\/category\/cintillo\/"},"img":{"alt_text":"","src":"https:\/\/i0.wp.com\/www.grieta.org.mx\/wp-content\/uploads\/2024\/08\/Protesta-e1724949321283.jpg?resize=350%2C200","width":350,"height":200,"srcset":"https:\/\/i0.wp.com\/www.grieta.org.mx\/wp-content\/uploads\/2024\/08\/Protesta-e1724949321283.jpg?resize=350%2C200 1x, https:\/\/i0.wp.com\/www.grieta.org.mx\/wp-content\/uploads\/2024\/08\/Protesta-e1724949321283.jpg?resize=525%2C300 1.5x, https:\/\/i0.wp.com\/www.grieta.org.mx\/wp-content\/uploads\/2024\/08\/Protesta-e1724949321283.jpg?resize=700%2C400 2x"},"classes":[]},{"id":71732,"url":"http:\/\/www.grieta.org.mx\/index.php\/2025\/05\/15\/daran-inicio-a-planton-frente-al-palacio-municipal-se-suman-docentes-de-otros-municipios-a-la-megamarcha-en-felipe-carrillo-puerto-quintana-roo\/","url_meta":{"origin":46662,"position":3},"title":"Dar\u00e1n inicio a plant\u00f3n frente al Palacio Municipal: Se suman docentes de otros municipios a la megamarcha en Felipe Carrillo Puerto (Quintana Roo)","author":"grieta","date":"15 mayo, 2025","format":false,"excerpt":"Noticaribe FELIPE CARRILLO PUERTO, MX.- Alrededor de mil docentes, provenientes de diversos municipios del estado, se concentraron esta ma\u00f1ana en los accesos de esta ciudad, para sumarse a la megamarcha convocada por el Comit\u00e9 Estatal de Lucha en contra de la Ley del Instituto de Seguridad y Servicios Sociales de\u2026","rel":"","context":"En &quot;CINTILLO&quot;","block_context":{"text":"CINTILLO","link":"http:\/\/www.grieta.org.mx\/index.php\/category\/cintillo\/"},"img":{"alt_text":"","src":"https:\/\/i0.wp.com\/www.grieta.org.mx\/wp-content\/uploads\/2025\/05\/MaestrosQR-e1747659303124.jpg?resize=350%2C200","width":350,"height":200,"srcset":"https:\/\/i0.wp.com\/www.grieta.org.mx\/wp-content\/uploads\/2025\/05\/MaestrosQR-e1747659303124.jpg?resize=350%2C200 1x, https:\/\/i0.wp.com\/www.grieta.org.mx\/wp-content\/uploads\/2025\/05\/MaestrosQR-e1747659303124.jpg?resize=525%2C300 1.5x, https:\/\/i0.wp.com\/www.grieta.org.mx\/wp-content\/uploads\/2025\/05\/MaestrosQR-e1747659303124.jpg?resize=700%2C400 2x"},"classes":[]},{"id":63373,"url":"http:\/\/www.grieta.org.mx\/index.php\/2022\/02\/12\/enfermeras-quedan-sin-trabajo-y-hasta-mueren-por-covid-19-quintana-roo\/","url_meta":{"origin":46662,"position":4},"title":"Enfermeras quedan sin trabajo y hasta mueren por COVID-19 (Quintana Roo)","author":"grieta","date":"12 febrero, 2022","format":false,"excerpt":"Efr\u00e9n Mart\u00edn \/ La Verdad Al menos el 70 por ciento de los 400 trabajadores de la salud que se desempe\u00f1aban como suplentes y que no fueron recontratados por la Secretar\u00eda de Salud al concluir enero, han dado positivo a COVID-19 y de ellos, ocho fallecieron sin recibir ning\u00fan tipo\u2026","rel":"","context":"En &quot;CINTILLO&quot;","block_context":{"text":"CINTILLO","link":"http:\/\/www.grieta.org.mx\/index.php\/category\/cintillo\/"},"img":{"alt_text":"","src":"https:\/\/i0.wp.com\/www.grieta.org.mx\/wp-content\/uploads\/2022\/02\/Enfermeras-e1644797796592.png?resize=350%2C200","width":350,"height":200,"srcset":"https:\/\/i0.wp.com\/www.grieta.org.mx\/wp-content\/uploads\/2022\/02\/Enfermeras-e1644797796592.png?resize=350%2C200 1x, https:\/\/i0.wp.com\/www.grieta.org.mx\/wp-content\/uploads\/2022\/02\/Enfermeras-e1644797796592.png?resize=525%2C300 1.5x, https:\/\/i0.wp.com\/www.grieta.org.mx\/wp-content\/uploads\/2022\/02\/Enfermeras-e1644797796592.png?resize=700%2C400 2x"},"classes":[]},{"id":67869,"url":"http:\/\/www.grieta.org.mx\/index.php\/2023\/10\/09\/habitantes-de-felipe-carrillo-puerto-bloquean-paso-de-2-pipas-de-agua-para-presionar-a-capa-quintana-roo\/","url_meta":{"origin":46662,"position":5},"title":"Habitantes de Felipe Carrillo Puerto bloquean paso de 2 pipas de agua para presionar a CAPA (Quintana Roo)","author":"grieta","date":"9 octubre, 2023","format":false,"excerpt":"Justino Xiu Chan \/ Por Esto! Cansados de las promesas por parte de la Comisi\u00f3n de Agua Potable y Alcantarillado (CAPA) para la reparaci\u00f3n del equipo de extracci\u00f3n, habitantes de la comunidad X-Pichil retuvieron dos pipas que acudieron a distribuirles el l\u00edquido. Los inconformes indicaron que la distribuci\u00f3n racional no\u2026","rel":"","context":"En &quot;CINTILLO&quot;","block_context":{"text":"CINTILLO","link":"http:\/\/www.grieta.org.mx\/index.php\/category\/cintillo\/"},"img":{"alt_text":"","src":"https:\/\/i0.wp.com\/www.grieta.org.mx\/wp-content\/uploads\/2023\/10\/Carrillo-e1696859499225.jpg?resize=350%2C200","width":350,"height":200,"srcset":"https:\/\/i0.wp.com\/www.grieta.org.mx\/wp-content\/uploads\/2023\/10\/Carrillo-e1696859499225.jpg?resize=350%2C200 1x, https:\/\/i0.wp.com\/www.grieta.org.mx\/wp-content\/uploads\/2023\/10\/Carrillo-e1696859499225.jpg?resize=525%2C300 1.5x, https:\/\/i0.wp.com\/www.grieta.org.mx\/wp-content\/uploads\/2023\/10\/Carrillo-e1696859499225.jpg?resize=700%2C400 2x"},"classes":[]}],"_links":{"self":[{"href":"http:\/\/www.grieta.org.mx\/index.php\/wp-json\/wp\/v2\/posts\/46662","targetHints":{"allow":["GET"]}}],"collection":[{"href":"http:\/\/www.grieta.org.mx\/index.php\/wp-json\/wp\/v2\/posts"}],"about":[{"href":"http:\/\/www.grieta.org.mx\/index.php\/wp-json\/wp\/v2\/types\/post"}],"author":[{"embeddable":true,"href":"http:\/\/www.grieta.org.mx\/index.php\/wp-json\/wp\/v2\/users\/2"}],"replies":[{"embeddable":true,"href":"http:\/\/www.grieta.org.mx\/index.php\/wp-json\/wp\/v2\/comments?post=46662"}],"version-history":[{"count":1,"href":"http:\/\/www.grieta.org.mx\/index.php\/wp-json\/wp\/v2\/posts\/46662\/revisions"}],"predecessor-version":[{"id":46664,"href":"http:\/\/www.grieta.org.mx\/index.php\/wp-json\/wp\/v2\/posts\/46662\/revisions\/46664"}],"wp:featuredmedia":[{"embeddable":true,"href":"http:\/\/www.grieta.org.mx\/index.php\/wp-json\/wp\/v2\/media\/46663"}],"wp:attachment":[{"href":"http:\/\/www.grieta.org.mx\/index.php\/wp-json\/wp\/v2\/media?parent=46662"}],"wp:term":[{"taxonomy":"category","embeddable":true,"href":"http:\/\/www.grieta.org.mx\/index.php\/wp-json\/wp\/v2\/categories?post=46662"},{"taxonomy":"post_tag","embeddable":true,"href":"http:\/\/www.grieta.org.mx\/index.php\/wp-json\/wp\/v2\/tags?post=46662"}],"curies":[{"name":"wp","href":"https:\/\/api.w.org\/{rel}","templated":true}]}}