{"id":46518,"date":"2020-03-10T15:12:54","date_gmt":"2020-03-10T21:12:54","guid":{"rendered":"http:\/\/www.grieta.org.mx\/?p=46518"},"modified":"2020-03-22T15:23:03","modified_gmt":"2020-03-22T21:23:03","slug":"maestros-de-la-costa-norte-de-jalisco-protestan-en-la-drse-por-la-falta-de-pago","status":"publish","type":"post","link":"http:\/\/www.grieta.org.mx\/index.php\/2020\/03\/10\/maestros-de-la-costa-norte-de-jalisco-protestan-en-la-drse-por-la-falta-de-pago\/","title":{"rendered":"Maestros de la Costa Norte de Jalisco protestan en la DRSE por la falta de pago"},"content":{"rendered":"<p><img loading=\"lazy\" decoding=\"async\" data-attachment-id=\"46519\" data-permalink=\"http:\/\/www.grieta.org.mx\/index.php\/2020\/03\/10\/maestros-de-la-costa-norte-de-jalisco-protestan-en-la-drse-por-la-falta-de-pago\/protesta-drse-javier-frias-pv-696x392\/\" data-orig-file=\"http:\/\/www.grieta.org.mx\/wp-content\/uploads\/2020\/03\/Protesta-DRSE-JAvier-Fr\u00edas-Pv-696x392.jpeg\" data-orig-size=\"696,392\" data-comments-opened=\"0\" data-image-meta=\"{&quot;aperture&quot;:&quot;0&quot;,&quot;credit&quot;:&quot;&quot;,&quot;camera&quot;:&quot;&quot;,&quot;caption&quot;:&quot;&quot;,&quot;created_timestamp&quot;:&quot;0&quot;,&quot;copyright&quot;:&quot;&quot;,&quot;focal_length&quot;:&quot;0&quot;,&quot;iso&quot;:&quot;0&quot;,&quot;shutter_speed&quot;:&quot;0&quot;,&quot;title&quot;:&quot;&quot;,&quot;orientation&quot;:&quot;0&quot;}\" data-image-title=\"Protesta-DRSE-JAvier-Fr\u00edas-Pv-696&amp;#215;392\" data-image-description=\"\" data-image-caption=\"\" data-medium-file=\"http:\/\/www.grieta.org.mx\/wp-content\/uploads\/2020\/03\/Protesta-DRSE-JAvier-Fr\u00edas-Pv-696x392-300x169.jpeg\" data-large-file=\"http:\/\/www.grieta.org.mx\/wp-content\/uploads\/2020\/03\/Protesta-DRSE-JAvier-Fr\u00edas-Pv-696x392.jpeg\" class=\"aligncenter wp-image-46519\" src=\"http:\/\/www.grieta.org.mx\/wp-content\/uploads\/2020\/03\/Protesta-DRSE-JAvier-Fr\u00edas-Pv-696x392.jpeg\" alt=\"\" width=\"799\" height=\"451\" srcset=\"http:\/\/www.grieta.org.mx\/wp-content\/uploads\/2020\/03\/Protesta-DRSE-JAvier-Fr\u00edas-Pv-696x392.jpeg 696w, http:\/\/www.grieta.org.mx\/wp-content\/uploads\/2020\/03\/Protesta-DRSE-JAvier-Fr\u00edas-Pv-696x392-300x169.jpeg 300w\" sizes=\"auto, (max-width: 799px) 100vw, 799px\" \/><\/p>\n<p>Foto: Javier Fr\u00edas<\/p>\n<p><em>Los maestros permanecer\u00e1n hasta la tarde de hoy al exterior de la dependencia estatal aqu\u00ed en Puerto Vallarta, misma que no abri\u00f3 sus puertas<\/em><\/p>\n<p>Equipo Editorial \/ UDGTV<\/p>\n<p>Puerto Vallarta Jalisco. Debido a que, desde agosto pasado, <strong>320 profesores de educaci\u00f3n b\u00e1sica de los municipios de Puerto Vallarta, Cabo Corrientes y Tomatl\u00e1n,<\/strong>\u00a0no han recibido su n\u00f3mina, unos 300 docentes se manifestaron este martes10 de marzo en las instalaciones de la Delegaci\u00f3n Regional de Servicios de Educaci\u00f3n (DRSE) para exigir al gobierno del estado y a la federaci\u00f3n el pago inmediato.<\/p>\n<p>Al respecto nos habla<strong>\u00a0Mar\u00eda Estela Guerra Aguilar, secretaria de organizaci\u00f3n Costa Norte del Sindicato Nacional de Trabajado<\/strong>res de la Educaci\u00f3n Secci\u00f3n 16.<\/p>\n<p>Por tal raz\u00f3n exigen a las autoridades el pago inmediato de las n\u00f3minas de los profesores, quienes se han visto obligados a pedir prestado para poder sobrevivir.<\/p>\n<p><strong>Son m\u00e1s de 700 los profesores en el estado que no han recibido su pago.<\/strong><\/p>\n<p>Los maestros permanecer\u00e1n hasta la tarde de hoy al exterior de la dependencia estatal aqu\u00ed en Puerto Vallarta, misma que no abri\u00f3 sus puertas.<\/p>\n<p><a href=\"http:\/\/udgtv.com\/noticias\/maestros-costa-norte-jalisco-protestan-drse-falta-pago\/\">http:\/\/udgtv.com\/noticias\/maestros-costa-norte-jalisco-protestan-drse-falta-pago\/<\/a><\/p>\n","protected":false},"excerpt":{"rendered":"<p>Foto: Javier Fr\u00edas Los maestros permanecer\u00e1n hasta la tarde de hoy al exterior de la dependencia estatal aqu\u00ed en Puerto Vallarta, misma que no abri\u00f3 sus puertas Equipo Editorial \/ &hellip; <a href=\"http:\/\/www.grieta.org.mx\/index.php\/2020\/03\/10\/maestros-de-la-costa-norte-de-jalisco-protestan-en-la-drse-por-la-falta-de-pago\/\" class=\"more-link\">Leer m\u00e1s<\/a><\/p>\n","protected":false},"author":2,"featured_media":46519,"comment_status":"closed","ping_status":"closed","sticky":false,"template":"","format":"standard","meta":{"ngg_post_thumbnail":0,"_jetpack_newsletter_access":"","_jetpack_dont_email_post_to_subs":false,"_jetpack_newsletter_tier_id":0,"_jetpack_memberships_contains_paywalled_content":false,"_jetpack_memberships_contains_paid_content":false,"footnotes":""},"categories":[80,1722,20,2],"tags":[105,2167,3217,674],"class_list":["post-46518","post","type-post","status-publish","format-standard","has-post-thumbnail","hentry","category-cintillo","category-conflictos-laborales-de-trabajadores-del-estado-en-jalisco","category-jalisco","category-noticias-nacionales","tag-derechos-laborales","tag-falta-de-pago","tag-falta-de-pagos-a-maestros","tag-movilizaciones-maestros","entry"],"jetpack_featured_media_url":"http:\/\/www.grieta.org.mx\/wp-content\/uploads\/2020\/03\/Protesta-DRSE-JAvier-Fr\u00edas-Pv-696x392.jpeg","jetpack_sharing_enabled":true,"jetpack_shortlink":"https:\/\/wp.me\/p7ZJR4-c6i","jetpack_likes_enabled":false,"jetpack-related-posts":[{"id":3187,"url":"http:\/\/www.grieta.org.mx\/index.php\/2015\/10\/13\/maestros-de-vallarta-se-unen-al-paro-nacional-magisterial-con-mitin-en-la-drse\/","url_meta":{"origin":46518,"position":0},"title":"Maestros de Vallarta se unen al Paro Nacional Magisterial con mitin en la DRSE","author":"grieta","date":"13 octubre, 2015","format":false,"excerpt":"Fernando Sanchez Los profesores tienen confianza en que van a ver caer esta reforma educativa porque est\u00e1 condenada al fracaso y aseguran que deben aprovechar esta lucha, para echar andar una revoluci\u00f3n que implica un cambio en la conciencia Puerto Vallarta.- Este lunes a medio d\u00eda se realizo un mitin\u2026","rel":"","context":"En &quot;CINTILLO&quot;","block_context":{"text":"CINTILLO","link":"http:\/\/www.grieta.org.mx\/index.php\/category\/cintillo\/"},"img":{"alt_text":"","src":"https:\/\/i0.wp.com\/www.grieta.org.mx\/wp-content\/uploads\/2018\/03\/14524434_1106112876131411_958039263622046936_o.jpg?resize=350%2C200","width":350,"height":200,"srcset":"https:\/\/i0.wp.com\/www.grieta.org.mx\/wp-content\/uploads\/2018\/03\/14524434_1106112876131411_958039263622046936_o.jpg?resize=350%2C200 1x, https:\/\/i0.wp.com\/www.grieta.org.mx\/wp-content\/uploads\/2018\/03\/14524434_1106112876131411_958039263622046936_o.jpg?resize=525%2C300 1.5x, https:\/\/i0.wp.com\/www.grieta.org.mx\/wp-content\/uploads\/2018\/03\/14524434_1106112876131411_958039263622046936_o.jpg?resize=700%2C400 2x"},"classes":[]},{"id":3171,"url":"http:\/\/www.grieta.org.mx\/index.php\/2016\/08\/23\/movilizaciones-contra-la-reforma-educativa-y-la-evaluacion-magisterial-en-jalisco\/","url_meta":{"origin":46518,"position":1},"title":"Movilizaciones contra la Reforma educativa y evaluaci\u00f3n magisterial en Jalisco","author":"grieta","date":"23 agosto, 2016","format":false,"excerpt":"23\/08\/16. Maestros se manifestaron en el Aeropuerto Internacional de Guadalajara contra la Reforma Educativa Canal 44 23\/08\/16. Maestros en la regi\u00f3n de Los Altos trabajan bajo protesta (Video)Canal 44 27\/07\/16. Bloquean maestros casetasAM Lagos de Moreno 17\/07\/16. Frente Magisterial advierte accionesNtr Guadalajara 04\/07\/16. Abuchean a Aurelio Nu\u00f1o en JaliscoProceso 23\/06\/16.\u2026","rel":"","context":"En &quot;Jalisco&quot;","block_context":{"text":"Jalisco","link":"http:\/\/www.grieta.org.mx\/index.php\/category\/noticias-nacionales\/jalisco\/"},"img":{"alt_text":"","src":"https:\/\/i0.wp.com\/www.grieta.org.mx\/wp-content\/uploads\/2018\/03\/14524434_1106112876131411_958039263622046936_o.jpg?resize=350%2C200","width":350,"height":200,"srcset":"https:\/\/i0.wp.com\/www.grieta.org.mx\/wp-content\/uploads\/2018\/03\/14524434_1106112876131411_958039263622046936_o.jpg?resize=350%2C200 1x, https:\/\/i0.wp.com\/www.grieta.org.mx\/wp-content\/uploads\/2018\/03\/14524434_1106112876131411_958039263622046936_o.jpg?resize=525%2C300 1.5x, https:\/\/i0.wp.com\/www.grieta.org.mx\/wp-content\/uploads\/2018\/03\/14524434_1106112876131411_958039263622046936_o.jpg?resize=700%2C400 2x"},"classes":[]},{"id":46908,"url":"http:\/\/www.grieta.org.mx\/index.php\/2020\/03\/26\/protestan-maestros-de-jalisco-por-falta-de-pagos\/","url_meta":{"origin":46518,"position":2},"title":"Protestan maestros de Jalisco por falta de pagos","author":"grieta","date":"26 marzo, 2020","format":false,"excerpt":"Foto: Violeta Mel\u00e9ndez Una veintena de maestros y personal administrativo de educaci\u00f3n b\u00e1sica protest\u00f3 este jueves a las afueras de Palacio de Gobierno para exigir el pago de salarios que la Secretar\u00eda de Educaci\u00f3n Jalisco les adeuda Violeta Mel\u00e9ndez \/ UDGTV Guadalajara Jalisco. Una veintena de maestros y personal administrativo\u2026","rel":"","context":"En &quot;CINTILLO&quot;","block_context":{"text":"CINTILLO","link":"http:\/\/www.grieta.org.mx\/index.php\/category\/cintillo\/"},"img":{"alt_text":"","src":"https:\/\/i0.wp.com\/www.grieta.org.mx\/wp-content\/uploads\/2020\/03\/WhatsApp-Image-2020-03-26-at-17.57.51-696x522.jpeg?resize=350%2C200","width":350,"height":200,"srcset":"https:\/\/i0.wp.com\/www.grieta.org.mx\/wp-content\/uploads\/2020\/03\/WhatsApp-Image-2020-03-26-at-17.57.51-696x522.jpeg?resize=350%2C200 1x, https:\/\/i0.wp.com\/www.grieta.org.mx\/wp-content\/uploads\/2020\/03\/WhatsApp-Image-2020-03-26-at-17.57.51-696x522.jpeg?resize=525%2C300 1.5x"},"classes":[]},{"id":10151,"url":"http:\/\/www.grieta.org.mx\/index.php\/2016\/04\/06\/padres-de-familia-cierran-escuela-en-protesta-por-despido-de-maestros\/","url_meta":{"origin":46518,"position":3},"title":"Padres de familia cierran escuela en protesta por despido de maestros","author":"grieta","date":"6 abril, 2016","format":false,"excerpt":"Fernando Sanchez Madres y padres de familia se solidarizan con los docentes contra del despido de algunos maestros de Puerto Vallarta y cierran escuela primaria de Ramblases. Puerto Vallarta.- La ma\u00f1ana de este mi\u00e9rcoles los padres de familia acordaron junto con los maestros cerrar la escuela en protesta por el\u2026","rel":"","context":"En &quot;CINTILLO&quot;","block_context":{"text":"CINTILLO","link":"http:\/\/www.grieta.org.mx\/index.php\/category\/cintillo\/"},"img":{"alt_text":"","src":"https:\/\/i0.wp.com\/www.grieta.org.mx\/wp-content\/uploads\/2018\/03\/14524434_1106112876131411_958039263622046936_o.jpg?resize=350%2C200","width":350,"height":200,"srcset":"https:\/\/i0.wp.com\/www.grieta.org.mx\/wp-content\/uploads\/2018\/03\/14524434_1106112876131411_958039263622046936_o.jpg?resize=350%2C200 1x, https:\/\/i0.wp.com\/www.grieta.org.mx\/wp-content\/uploads\/2018\/03\/14524434_1106112876131411_958039263622046936_o.jpg?resize=525%2C300 1.5x, https:\/\/i0.wp.com\/www.grieta.org.mx\/wp-content\/uploads\/2018\/03\/14524434_1106112876131411_958039263622046936_o.jpg?resize=700%2C400 2x"},"classes":[]},{"id":49672,"url":"http:\/\/www.grieta.org.mx\/index.php\/2020\/05\/19\/protestan-maestros-de-la-seccion-16-de-snte-por-falta-de-pago-jalisco\/","url_meta":{"origin":46518,"position":4},"title":"Protestan maestros de la secci\u00f3n 16 de SNTE por falta de pago (Jalisco)","author":"grieta","date":"19 mayo, 2020","format":false,"excerpt":"Foto: Rafael Hern\u00e1ndez Adri\u00e1n Delgado, vocero de la secci\u00f3n 16 del sindicato, dijo en entrevista con Se\u00f1al Informativa que son tres mil 207 casos de profesores a los que se les adeudan hasta un a\u00f1o de salario Rafael Hern\u00e1ndez \/ UDGTV Guadalajara, Jalisco. Maestros de la secci\u00f3n 16 del Sindicato\u2026","rel":"","context":"En &quot;CINTILLO&quot;","block_context":{"text":"CINTILLO","link":"http:\/\/www.grieta.org.mx\/index.php\/category\/cintillo\/"},"img":{"alt_text":"","src":"https:\/\/i0.wp.com\/www.grieta.org.mx\/wp-content\/uploads\/2020\/05\/Protestan-maestros-Rafael-Hern%C3%A1ndez-1-696x706.jpeg?resize=350%2C200","width":350,"height":200,"srcset":"https:\/\/i0.wp.com\/www.grieta.org.mx\/wp-content\/uploads\/2020\/05\/Protestan-maestros-Rafael-Hern%C3%A1ndez-1-696x706.jpeg?resize=350%2C200 1x, https:\/\/i0.wp.com\/www.grieta.org.mx\/wp-content\/uploads\/2020\/05\/Protestan-maestros-Rafael-Hern%C3%A1ndez-1-696x706.jpeg?resize=525%2C300 1.5x"},"classes":[]},{"id":47153,"url":"http:\/\/www.grieta.org.mx\/index.php\/2020\/03\/31\/maestros-estan-desesperados-por-la-falta-de-pago-de-sus-salarios-y-realizan-protesta-jalisco\/","url_meta":{"origin":46518,"position":5},"title":"Maestros est\u00e1n desesperados por la falta de pago de sus salarios y realizan protesta (Jalisco)","author":"grieta","date":"31 marzo, 2020","format":false,"excerpt":"Foto: Ignacio P\u00e9rez Vega De persistir el problema de pagos, los maestros est\u00e1n considerando la posibilidad de que las siguientes protestas, est\u00e9n acompa\u00f1ados por padres de familia de las escuelas donde dan clases Ignacio P\u00e9rez Vega \/ UDGTV Guadalajara, Jalisco. Maestros de preescolar, primaria y secundaria se manifestaron en las\u2026","rel":"","context":"En &quot;CINTILLO&quot;","block_context":{"text":"CINTILLO","link":"http:\/\/www.grieta.org.mx\/index.php\/category\/cintillo\/"},"img":{"alt_text":"","src":"https:\/\/i0.wp.com\/www.grieta.org.mx\/wp-content\/uploads\/2020\/04\/Maestros-protesta-Ignacio-2-696x329.jpeg?resize=350%2C200","width":350,"height":200,"srcset":"https:\/\/i0.wp.com\/www.grieta.org.mx\/wp-content\/uploads\/2020\/04\/Maestros-protesta-Ignacio-2-696x329.jpeg?resize=350%2C200 1x, https:\/\/i0.wp.com\/www.grieta.org.mx\/wp-content\/uploads\/2020\/04\/Maestros-protesta-Ignacio-2-696x329.jpeg?resize=525%2C300 1.5x"},"classes":[]}],"_links":{"self":[{"href":"http:\/\/www.grieta.org.mx\/index.php\/wp-json\/wp\/v2\/posts\/46518","targetHints":{"allow":["GET"]}}],"collection":[{"href":"http:\/\/www.grieta.org.mx\/index.php\/wp-json\/wp\/v2\/posts"}],"about":[{"href":"http:\/\/www.grieta.org.mx\/index.php\/wp-json\/wp\/v2\/types\/post"}],"author":[{"embeddable":true,"href":"http:\/\/www.grieta.org.mx\/index.php\/wp-json\/wp\/v2\/users\/2"}],"replies":[{"embeddable":true,"href":"http:\/\/www.grieta.org.mx\/index.php\/wp-json\/wp\/v2\/comments?post=46518"}],"version-history":[{"count":1,"href":"http:\/\/www.grieta.org.mx\/index.php\/wp-json\/wp\/v2\/posts\/46518\/revisions"}],"predecessor-version":[{"id":46521,"href":"http:\/\/www.grieta.org.mx\/index.php\/wp-json\/wp\/v2\/posts\/46518\/revisions\/46521"}],"wp:featuredmedia":[{"embeddable":true,"href":"http:\/\/www.grieta.org.mx\/index.php\/wp-json\/wp\/v2\/media\/46519"}],"wp:attachment":[{"href":"http:\/\/www.grieta.org.mx\/index.php\/wp-json\/wp\/v2\/media?parent=46518"}],"wp:term":[{"taxonomy":"category","embeddable":true,"href":"http:\/\/www.grieta.org.mx\/index.php\/wp-json\/wp\/v2\/categories?post=46518"},{"taxonomy":"post_tag","embeddable":true,"href":"http:\/\/www.grieta.org.mx\/index.php\/wp-json\/wp\/v2\/tags?post=46518"}],"curies":[{"name":"wp","href":"https:\/\/api.w.org\/{rel}","templated":true}]}}