{"id":46449,"date":"2020-03-20T10:37:42","date_gmt":"2020-03-20T16:37:42","guid":{"rendered":"http:\/\/www.grieta.org.mx\/?p=46449"},"modified":"2020-03-22T10:42:19","modified_gmt":"2020-03-22T16:42:19","slug":"estamos-expuestos-renuncian-encuestadores-del-inegi-en-yucatan-por-falta-de-insumos-de-prevencion-para-el-coronavirus-censo-se-hara-en-linea-anuncian","status":"publish","type":"post","link":"http:\/\/www.grieta.org.mx\/index.php\/2020\/03\/20\/estamos-expuestos-renuncian-encuestadores-del-inegi-en-yucatan-por-falta-de-insumos-de-prevencion-para-el-coronavirus-censo-se-hara-en-linea-anuncian\/","title":{"rendered":"\u201cEstamos expuestos\u201d: Renuncian encuestadores del Inegi en Yucat\u00e1n por falta de insumos de prevenci\u00f3n para el coronavirus; censo se har\u00e1 en l\u00ednea, anuncian"},"content":{"rendered":"<p><img loading=\"lazy\" decoding=\"async\" data-attachment-id=\"46450\" data-permalink=\"http:\/\/www.grieta.org.mx\/index.php\/2020\/03\/20\/estamos-expuestos-renuncian-encuestadores-del-inegi-en-yucatan-por-falta-de-insumos-de-prevencion-para-el-coronavirus-censo-se-hara-en-linea-anuncian\/inegi\/\" data-orig-file=\"http:\/\/www.grieta.org.mx\/wp-content\/uploads\/2020\/03\/Inegi-e1584809558918.png\" data-orig-size=\"800,381\" data-comments-opened=\"0\" data-image-meta=\"{&quot;aperture&quot;:&quot;0&quot;,&quot;credit&quot;:&quot;&quot;,&quot;camera&quot;:&quot;&quot;,&quot;caption&quot;:&quot;&quot;,&quot;created_timestamp&quot;:&quot;0&quot;,&quot;copyright&quot;:&quot;&quot;,&quot;focal_length&quot;:&quot;0&quot;,&quot;iso&quot;:&quot;0&quot;,&quot;shutter_speed&quot;:&quot;0&quot;,&quot;title&quot;:&quot;&quot;,&quot;orientation&quot;:&quot;0&quot;}\" data-image-title=\"Inegi\" data-image-description=\"\" data-image-caption=\"\" data-medium-file=\"http:\/\/www.grieta.org.mx\/wp-content\/uploads\/2020\/03\/Inegi-300x143.png\" data-large-file=\"http:\/\/www.grieta.org.mx\/wp-content\/uploads\/2020\/03\/Inegi-e1584809558918.png\" class=\"aligncenter size-full wp-image-46450\" src=\"http:\/\/www.grieta.org.mx\/wp-content\/uploads\/2020\/03\/Inegi-e1584809558918.png\" alt=\"\" width=\"800\" height=\"381\" \/><\/p>\n<blockquote><p>Los encuestadores denunciaron hostigamiento sexual, desconfianza por parte de los pobladores y maltrato<\/p><\/blockquote>\n<p>Itzel Chan \/ Noticaribe<\/p>\n<p>M\u00c9RIDA, MX.- Previo a que el Instituto Nacional de Estad\u00edstica y Geograf\u00eda (Inegi) determinara que el censo se realizar\u00e1 en l\u00ednea a partir del pr\u00f3ximo lunes, en Yucat\u00e1n, encuestadores comenzaron renunciar por hostigamiento sexual, desconfianza por parte de los pobladores, maltrato y por falta de medidas de prevenci\u00f3n ante el coronavirus (Covid-19).<\/p>\n<p>De acuerdo con un comunicado oficial del Inegi, este ser\u00e1 el \u00faltimo fin de semana que el personal realice los cuestionarios del Censo 2020 de forma presencial, ante el riesgo de contagio del coronavirus COVID-19.<\/p>\n<p>Por lo tanto, a partir del lunes 23 de marzo, el grupo de encuestadores s\u00f3lo entregar\u00e1 una carta invitaci\u00f3n a los domicilios pendientes.<\/p>\n<p>Mientras tanto, en lo que se tomaba esta decisi\u00f3n desde oficinas centrales, trabajadores de Yucat\u00e1n hicieron un par de denuncias ante Noticaribe.<\/p>\n<p>\u201cAl principio todo bien, sin embargo, el trato que nos dan no es el adecuado, nos tratan de a mentadas de madre, lo saben los jefes y no hacen nada. La carga de trabajo es mucha, estamos trabajando 10 horas diarias o m\u00e1s. Pero no nos est\u00e1n ayudando a tomar medidas de prevenci\u00f3n por el coronavirus (Covid-19), estamos totalmente expuestos. Adem\u00e1s, las personas ya no nos quieren recibir en sus casas. Nos atienden afuera o simplemente no nos abren\u201d, describi\u00f3 L.P, quien pidi\u00f3 guardar su identidad por temor a represalias.<\/p>\n<p>La joven describi\u00f3 en entrevista que a pesar de que la paga es buena entre el rango que existe en Yucat\u00e1n, puesto que alcanzan hasta 11 mil pesos mensuales m\u00e1s gastos de campo, aun as\u00ed no vale todo el esfuerzo que est\u00e1n realizando.<\/p>\n<p>\u201cYa las personas no nos quieren recibir porque incluso ven que estamos desprotegidos, no tenemos cubrebocas y tampoco nos dan gel antibacterial en las oficinas. Nos dijeron: si quieren renunciar, renuncien. Y de mi equipo ya renunciaron tres personas, por lo que s\u00e9, m\u00e1s personas pueden renunciar\u201d, a\u00f1adi\u00f3.<\/p>\n<p>Incluso mencion\u00f3 que las personas que se quedan es solamente porque necesitan el dinero, pero que ya se les anunci\u00f3 que este fin de semana lo trabajar\u00e1n completo y la pr\u00f3xima semana laborar\u00e1n por jornadas largas para concluir con el censo que se tiene estimado que concluya el 27 de marzo.<\/p>\n<p>\u201cNos prometieron transporte porque visitamos sitios lejanos, pero no nos llevan ni nos van a buscar. Todos los d\u00edas gastamos mucho en Uber porque a veces nos cambian de sedes. Hay lugares en los que ya no hay transporte luego de las 10 de la noche y tenemos que ver c\u00f3mo regresar\u201d, describi\u00f3.<\/p>\n<p>Trabajadores del Inegi en Yucat\u00e1n incluso han grabado llamadas telef\u00f3nicas en las que es posible escuchar el maltrato que se les otorga.<\/p>\n<p>\u201cHablen a quien tengan que hablar, pero yo les puedo demandar por abandono de labores. Yo estoy en derecho de exigirles. No hay pandemia, no hay cuarentena a nivel nacional. No hay algo decretado por el presidente (Andr\u00e9s Manuel L\u00f3pez Obrador)\u201d, se escucha en uno de los audios que los trabajadores enviaron a Noticaribe.<\/p>\n<p>Cabe se\u00f1alar que por su parte, el Inegi envi\u00f3 un comunicado en el que mencionan que se les proporcion\u00f3 a los empleados gel antibacterial, cubre bocas y jab\u00f3n, para que su personal est\u00e9 constantemente limpi\u00e1ndose las manos, lo cual niegan los encuestadores, al menos en Yucat\u00e1n.<\/p>\n<p>Otras trabajadoras tambi\u00e9n han denunciado acoso y hostigamiento sexual respecto por parte de sus jefes y comunicaron que quienes se reh\u00fasan a ceder, son castigadas con cubrir sitios m\u00e1s lejanos y con jornadas laborales que sobrepasan las 10 horas de lunes a domingo.<\/p>\n<p>Por otra parte, en contexto nacional, ya suman diversos casos de violencia contra los m\u00e1s de 151 mil encuestadores del reconocido instituto, puesto que en otros estados de la Rep\u00fablica Mexicana son v\u00edctimas de asaltos o por ejemplo, el encuestador que fue v\u00edctima de un tiroteo en Oaxaca, m\u00e1s la mujer asesinada en Quintana Roo, que tambi\u00e9n result\u00f3 formar parte del equipo de Inegi.<\/p>\n<p>En el caso de las mujeres, son m\u00e1s vulnerables ante los acosos sexuales en las calles y en los hogares a los que acuden.<\/p>\n<p>A pesar de que los contratos se\u00f1alan jornadas de lunes a viernes, tambi\u00e9n laboran fines de semana y con horarios que sobrepasan los establecidos en el contrato.<\/p>\n<p><a href=\"https:\/\/noticaribe.com.mx\/2020\/03\/20\/estamos-expuestos-renuncian-encuestadores-del-inegi-en-yucatan-por-falta-de-insumos-de-prevencion-para-el-coronavirus-censo-se-hara-en-linea-anuncian\/\" target=\"_blank\" rel=\"noopener noreferrer\">https:\/\/noticaribe.com.mx\/2020\/03\/20\/estamos-expuestos-renuncian-encuestadores-del-inegi-en-yucatan-por-falta-de-insumos-de-prevencion-para-el-coronavirus-censo-se-hara-en-linea-anuncian\/<\/a><img loading=\"lazy\" decoding=\"async\" data-attachment-id=\"46450\" data-permalink=\"http:\/\/www.grieta.org.mx\/index.php\/2020\/03\/20\/estamos-expuestos-renuncian-encuestadores-del-inegi-en-yucatan-por-falta-de-insumos-de-prevencion-para-el-coronavirus-censo-se-hara-en-linea-anuncian\/inegi\/\" data-orig-file=\"http:\/\/www.grieta.org.mx\/wp-content\/uploads\/2020\/03\/Inegi-e1584809558918.png\" data-orig-size=\"800,381\" data-comments-opened=\"0\" data-image-meta=\"{&quot;aperture&quot;:&quot;0&quot;,&quot;credit&quot;:&quot;&quot;,&quot;camera&quot;:&quot;&quot;,&quot;caption&quot;:&quot;&quot;,&quot;created_timestamp&quot;:&quot;0&quot;,&quot;copyright&quot;:&quot;&quot;,&quot;focal_length&quot;:&quot;0&quot;,&quot;iso&quot;:&quot;0&quot;,&quot;shutter_speed&quot;:&quot;0&quot;,&quot;title&quot;:&quot;&quot;,&quot;orientation&quot;:&quot;0&quot;}\" data-image-title=\"Inegi\" data-image-description=\"\" data-image-caption=\"\" data-medium-file=\"http:\/\/www.grieta.org.mx\/wp-content\/uploads\/2020\/03\/Inegi-300x143.png\" data-large-file=\"http:\/\/www.grieta.org.mx\/wp-content\/uploads\/2020\/03\/Inegi-e1584809558918.png\" class=\"aligncenter size-full wp-image-46450\" src=\"http:\/\/www.grieta.org.mx\/wp-content\/uploads\/2020\/03\/Inegi-e1584809558918.png\" alt=\"\" width=\"800\" height=\"381\" \/><\/p>\n","protected":false},"excerpt":{"rendered":"<p>Los encuestadores denunciaron hostigamiento sexual, desconfianza por parte de los pobladores y maltrato Itzel Chan \/ Noticaribe M\u00c9RIDA, MX.- Previo a que el Instituto Nacional de Estad\u00edstica y Geograf\u00eda (Inegi) &hellip; <a href=\"http:\/\/www.grieta.org.mx\/index.php\/2020\/03\/20\/estamos-expuestos-renuncian-encuestadores-del-inegi-en-yucatan-por-falta-de-insumos-de-prevencion-para-el-coronavirus-censo-se-hara-en-linea-anuncian\/\" class=\"more-link\">Leer m\u00e1s<\/a><\/p>\n","protected":false},"author":2,"featured_media":46450,"comment_status":"closed","ping_status":"closed","sticky":false,"template":"","format":"standard","meta":{"ngg_post_thumbnail":0,"_jetpack_newsletter_access":"","_jetpack_dont_email_post_to_subs":false,"_jetpack_newsletter_tier_id":0,"_jetpack_memberships_contains_paywalled_content":false,"_jetpack_memberships_contains_paid_content":false,"footnotes":""},"categories":[80,910,2,3211,83,36],"tags":[3198,1290],"class_list":["post-46449","post","type-post","status-publish","format-standard","has-post-thumbnail","hentry","category-cintillo","category-explotacion-y-precariedad-laboral","category-noticias-nacionales","category-precariedad-laboral-en-yucatan","category-temas-nacionales","category-yucatan","tag-covid19","tag-precariedad-laboral","entry"],"jetpack_featured_media_url":"http:\/\/www.grieta.org.mx\/wp-content\/uploads\/2020\/03\/Inegi-e1584809558918.png","jetpack_sharing_enabled":true,"jetpack_shortlink":"https:\/\/wp.me\/p7ZJR4-c5b","jetpack_likes_enabled":false,"jetpack-related-posts":[{"id":47695,"url":"http:\/\/www.grieta.org.mx\/index.php\/2020\/04\/04\/inegi-obliga-a-encuestadores-de-guanajuato-firmar-su-renuncia\/","url_meta":{"origin":46449,"position":0},"title":"INEGI obliga a encuestadores de Guanajuato firmar su renuncia","author":"grieta","date":"4 abril, 2020","format":false,"excerpt":"por LaVerdad, Guanajuato, 04 de Abril de 2020 A partir del lunes 30 de marzo, personal de confianza del Instituto Nacional de Estad\u00edstica y Geograf\u00eda (INEGI) comenz\u00f3 a recoger mochilas, uniformes, dispositivos electr\u00f3nicos, credenciales, cuestionarios y etiquetas a los encuestadores y ayer viernes, fueron obligados a firmar su renuncia al\u2026","rel":"","context":"En &quot;CINTILLO&quot;","block_context":{"text":"CINTILLO","link":"http:\/\/www.grieta.org.mx\/index.php\/category\/cintillo\/"},"img":{"alt_text":"","src":"https:\/\/i0.wp.com\/www.grieta.org.mx\/wp-content\/uploads\/2020\/04\/inegi_obliga_a_encuestadores_de_guanajuato_firmar_su_renuncia.jpg_793492074.jpg?resize=350%2C200","width":350,"height":200,"srcset":"https:\/\/i0.wp.com\/www.grieta.org.mx\/wp-content\/uploads\/2020\/04\/inegi_obliga_a_encuestadores_de_guanajuato_firmar_su_renuncia.jpg_793492074.jpg?resize=350%2C200 1x, https:\/\/i0.wp.com\/www.grieta.org.mx\/wp-content\/uploads\/2020\/04\/inegi_obliga_a_encuestadores_de_guanajuato_firmar_su_renuncia.jpg_793492074.jpg?resize=525%2C300 1.5x, https:\/\/i0.wp.com\/www.grieta.org.mx\/wp-content\/uploads\/2020\/04\/inegi_obliga_a_encuestadores_de_guanajuato_firmar_su_renuncia.jpg_793492074.jpg?resize=700%2C400 2x"},"classes":[]},{"id":47518,"url":"http:\/\/www.grieta.org.mx\/index.php\/2020\/04\/06\/se-calcula-que-son-420-los-empleados-despedidos-del-inegi-en-guadalajara-por-la-cancelacion-del-censo-de-poblacion-jalisco\/","url_meta":{"origin":46449,"position":1},"title":"Se calcula que son 420 los empleados despedidos del INEGI en Guadalajara, por la cancelaci\u00f3n del Censo de Poblaci\u00f3n (Jalisco)","author":"grieta","date":"6 abril, 2020","format":false,"excerpt":"Foto: UDGTV El abogado Jes\u00fas Su\u00e1rez, quien representa a los trabajadores cesados del INEGI, explic\u00f3 que se est\u00e1 gestando un movimiento nacional para ejercer presi\u00f3n y lograr que se paguen los salarios pendientes Ignacio P\u00e9rez Vega \/ UDGTV Guadalajara, Jalisco. En el \u00c1rea Metropolitana de Guadalajara, se calcula que son\u2026","rel":"","context":"En &quot;CINTILLO&quot;","block_context":{"text":"CINTILLO","link":"http:\/\/www.grieta.org.mx\/index.php\/category\/cintillo\/"},"img":{"alt_text":"","src":"https:\/\/i0.wp.com\/www.grieta.org.mx\/wp-content\/uploads\/2020\/04\/Protesta-INEGI-Ignacio-P%C3%A9rez-Vega-696x522.jpeg?resize=350%2C200","width":350,"height":200,"srcset":"https:\/\/i0.wp.com\/www.grieta.org.mx\/wp-content\/uploads\/2020\/04\/Protesta-INEGI-Ignacio-P%C3%A9rez-Vega-696x522.jpeg?resize=350%2C200 1x, https:\/\/i0.wp.com\/www.grieta.org.mx\/wp-content\/uploads\/2020\/04\/Protesta-INEGI-Ignacio-P%C3%A9rez-Vega-696x522.jpeg?resize=525%2C300 1.5x"},"classes":[]},{"id":51649,"url":"http:\/\/www.grieta.org.mx\/index.php\/2020\/07\/07\/maltratan-a-encuestadores-de-inegi-dejan-a-la-deriva-a-220-trabajadores-de-playa-y-tulum-a-los-cuales-no-les-pagan-su-sueldo\/","url_meta":{"origin":46449,"position":2},"title":"Maltratan a encuestadores de INEGI: Dejan a la deriva a 220 trabajadores de Playa y Tulum a los cuales no les pagan su sueldo","author":"grieta","date":"7 julio, 2020","format":false,"excerpt":"Noticaribe Encuestadores viven al d\u00eda y el retraso en el pago de sus salarios los mantiene en una situaci\u00f3n desesperada PLAYA DEL CARMEN, MX.- Al menos 220 encuestadores del INEGI en Playa del Carmen y Tulum, que el d\u00eda 6 de julio terminaron su contrato, fueron dejados a la deriva\u2026","rel":"","context":"En &quot;CINTILLO&quot;","block_context":{"text":"CINTILLO","link":"http:\/\/www.grieta.org.mx\/index.php\/category\/cintillo\/"},"img":{"alt_text":"","src":"https:\/\/i0.wp.com\/www.grieta.org.mx\/wp-content\/uploads\/2020\/07\/Inegi.png?resize=350%2C200","width":350,"height":200,"srcset":"https:\/\/i0.wp.com\/www.grieta.org.mx\/wp-content\/uploads\/2020\/07\/Inegi.png?resize=350%2C200 1x, https:\/\/i0.wp.com\/www.grieta.org.mx\/wp-content\/uploads\/2020\/07\/Inegi.png?resize=525%2C300 1.5x"},"classes":[]},{"id":72316,"url":"http:\/\/www.grieta.org.mx\/index.php\/2025\/09\/02\/trabajadores-del-centro-de-salud-de-merida-exigen-la-destitucion-del-director-acusan-hostigamiento-y-amenazas-yucatan\/","url_meta":{"origin":46449,"position":3},"title":"Trabajadores del Centro de Salud de M\u00e9rida exigen la destituci\u00f3n del Director; acusan hostigamiento y amenazas (Yucat\u00e1n)","author":"grieta","date":"2 septiembre, 2025","format":false,"excerpt":"Katia Leyva \/ Por Esto! El conflicto laboral en la Jurisdicci\u00f3n Sanitaria N\u00famero 1 escal\u00f3 ayer a un punto cr\u00edtico: trabajadores del Centro de Salud de M\u00e9rida, respaldados por el Sindicato Nacional de Trabajadores de la Secretar\u00eda de Salud, Secci\u00f3n 67 (SNTSA), exigieron la destituci\u00f3n inmediata del director, doctor Mario\u2026","rel":"","context":"En &quot;CINTILLO&quot;","block_context":{"text":"CINTILLO","link":"http:\/\/www.grieta.org.mx\/index.php\/category\/cintillo\/"},"img":{"alt_text":"","src":"https:\/\/i0.wp.com\/www.grieta.org.mx\/wp-content\/uploads\/2025\/09\/CentroSalud-e1758416076306.jpg?resize=350%2C200","width":350,"height":200,"srcset":"https:\/\/i0.wp.com\/www.grieta.org.mx\/wp-content\/uploads\/2025\/09\/CentroSalud-e1758416076306.jpg?resize=350%2C200 1x, https:\/\/i0.wp.com\/www.grieta.org.mx\/wp-content\/uploads\/2025\/09\/CentroSalud-e1758416076306.jpg?resize=525%2C300 1.5x, https:\/\/i0.wp.com\/www.grieta.org.mx\/wp-content\/uploads\/2025\/09\/CentroSalud-e1758416076306.jpg?resize=700%2C400 2x"},"classes":[]},{"id":70930,"url":"http:\/\/www.grieta.org.mx\/index.php\/2025\/01\/31\/despidos-masivos-en-el-dif-yucatan\/","url_meta":{"origin":46449,"position":4},"title":"Despidos masivos en el DIF Yucat\u00e1n","author":"grieta","date":"31 enero, 2025","format":false,"excerpt":"Redacci\u00f3n\/ Sol Yucat\u00e1n Decenas de empleados de dependencias estatales han sido despedidos en las \u00faltimas semanas. En el caso del Sistema para el Desarrollo Integral de la Familia (DIF) Yucat\u00e1n, al menos 20 empleados fueron removidos de sus puestos sin previo aviso y con una oferta de liquidaci\u00f3n de apenas\u2026","rel":"","context":"En &quot;CINTILLO&quot;","block_context":{"text":"CINTILLO","link":"http:\/\/www.grieta.org.mx\/index.php\/category\/cintillo\/"},"img":{"alt_text":"","src":"https:\/\/i0.wp.com\/www.grieta.org.mx\/wp-content\/uploads\/2025\/02\/Despidos.jpg?resize=350%2C200","width":350,"height":200,"srcset":"https:\/\/i0.wp.com\/www.grieta.org.mx\/wp-content\/uploads\/2025\/02\/Despidos.jpg?resize=350%2C200 1x, https:\/\/i0.wp.com\/www.grieta.org.mx\/wp-content\/uploads\/2025\/02\/Despidos.jpg?resize=525%2C300 1.5x, https:\/\/i0.wp.com\/www.grieta.org.mx\/wp-content\/uploads\/2025\/02\/Despidos.jpg?resize=700%2C400 2x, https:\/\/i0.wp.com\/www.grieta.org.mx\/wp-content\/uploads\/2025\/02\/Despidos.jpg?resize=1050%2C600 3x, https:\/\/i0.wp.com\/www.grieta.org.mx\/wp-content\/uploads\/2025\/02\/Despidos.jpg?resize=1400%2C800 4x"},"classes":[]},{"id":68240,"url":"http:\/\/www.grieta.org.mx\/index.php\/2023\/12\/01\/tren-maya-lejos-de-un-trabajo-digno-y-bien-pagado-humillacion-hostigamiento-abusos\/","url_meta":{"origin":46449,"position":5},"title":"Tren Maya: Lejos de un trabajo digno y bien pagado, humillaci\u00f3n, hostigamiento, abusos&#8230;","author":"grieta","date":"1 diciembre, 2023","format":false,"excerpt":"Silke Grasreiner \/ Revista Proceso Uno de los programas estrella del gobierno de la 4T, el Tren Maya representa para los trabajadores civiles que lo construyen un infierno lejos de la promesa presidencial de un trabajo digno y bien remunerado. Testimonios recabados para este reportaje dan cuenta de abusos, desfalcos,\u2026","rel":"","context":"En &quot;Campeche&quot;","block_context":{"text":"Campeche","link":"http:\/\/www.grieta.org.mx\/index.php\/category\/noticias-nacionales\/campeche\/"},"img":{"alt_text":"","src":"https:\/\/i0.wp.com\/www.grieta.org.mx\/wp-content\/uploads\/2023\/12\/TrenMalla-e1702327776875.jpg?resize=350%2C200","width":350,"height":200,"srcset":"https:\/\/i0.wp.com\/www.grieta.org.mx\/wp-content\/uploads\/2023\/12\/TrenMalla-e1702327776875.jpg?resize=350%2C200 1x, https:\/\/i0.wp.com\/www.grieta.org.mx\/wp-content\/uploads\/2023\/12\/TrenMalla-e1702327776875.jpg?resize=525%2C300 1.5x, https:\/\/i0.wp.com\/www.grieta.org.mx\/wp-content\/uploads\/2023\/12\/TrenMalla-e1702327776875.jpg?resize=700%2C400 2x"},"classes":[]}],"_links":{"self":[{"href":"http:\/\/www.grieta.org.mx\/index.php\/wp-json\/wp\/v2\/posts\/46449","targetHints":{"allow":["GET"]}}],"collection":[{"href":"http:\/\/www.grieta.org.mx\/index.php\/wp-json\/wp\/v2\/posts"}],"about":[{"href":"http:\/\/www.grieta.org.mx\/index.php\/wp-json\/wp\/v2\/types\/post"}],"author":[{"embeddable":true,"href":"http:\/\/www.grieta.org.mx\/index.php\/wp-json\/wp\/v2\/users\/2"}],"replies":[{"embeddable":true,"href":"http:\/\/www.grieta.org.mx\/index.php\/wp-json\/wp\/v2\/comments?post=46449"}],"version-history":[{"count":1,"href":"http:\/\/www.grieta.org.mx\/index.php\/wp-json\/wp\/v2\/posts\/46449\/revisions"}],"predecessor-version":[{"id":46486,"href":"http:\/\/www.grieta.org.mx\/index.php\/wp-json\/wp\/v2\/posts\/46449\/revisions\/46486"}],"wp:featuredmedia":[{"embeddable":true,"href":"http:\/\/www.grieta.org.mx\/index.php\/wp-json\/wp\/v2\/media\/46450"}],"wp:attachment":[{"href":"http:\/\/www.grieta.org.mx\/index.php\/wp-json\/wp\/v2\/media?parent=46449"}],"wp:term":[{"taxonomy":"category","embeddable":true,"href":"http:\/\/www.grieta.org.mx\/index.php\/wp-json\/wp\/v2\/categories?post=46449"},{"taxonomy":"post_tag","embeddable":true,"href":"http:\/\/www.grieta.org.mx\/index.php\/wp-json\/wp\/v2\/tags?post=46449"}],"curies":[{"name":"wp","href":"https:\/\/api.w.org\/{rel}","templated":true}]}}