{"id":46446,"date":"2020-03-20T10:18:44","date_gmt":"2020-03-20T16:18:44","guid":{"rendered":"http:\/\/www.grieta.org.mx\/?p=46446"},"modified":"2020-03-21T10:32:26","modified_gmt":"2020-03-21T16:32:26","slug":"echan-a-la-calle-a-casi-300-empieza-la-crisis-del-empleo-por-el-covid-19-aplican-despido-masivo-en-azul-fives-de-playa-del-carmen","status":"publish","type":"post","link":"http:\/\/www.grieta.org.mx\/index.php\/2020\/03\/20\/echan-a-la-calle-a-casi-300-empieza-la-crisis-del-empleo-por-el-covid-19-aplican-despido-masivo-en-azul-fives-de-playa-del-carmen\/","title":{"rendered":"Echan a la calle a casi 300&#8230;empieza la crisis del empleo por el Covid-19: Aplican despido masivo en \u2018Azul Fives\u2019 de Playa del Carmen"},"content":{"rendered":"<p><img loading=\"lazy\" decoding=\"async\" data-attachment-id=\"46447\" data-permalink=\"http:\/\/www.grieta.org.mx\/index.php\/2020\/03\/20\/echan-a-la-calle-a-casi-300-empieza-la-crisis-del-empleo-por-el-covid-19-aplican-despido-masivo-en-azul-fives-de-playa-del-carmen\/despidosplaya\/\" data-orig-file=\"http:\/\/www.grieta.org.mx\/wp-content\/uploads\/2020\/03\/DespidosPlaya.png\" data-orig-size=\"802,404\" data-comments-opened=\"0\" data-image-meta=\"{&quot;aperture&quot;:&quot;0&quot;,&quot;credit&quot;:&quot;&quot;,&quot;camera&quot;:&quot;&quot;,&quot;caption&quot;:&quot;&quot;,&quot;created_timestamp&quot;:&quot;0&quot;,&quot;copyright&quot;:&quot;&quot;,&quot;focal_length&quot;:&quot;0&quot;,&quot;iso&quot;:&quot;0&quot;,&quot;shutter_speed&quot;:&quot;0&quot;,&quot;title&quot;:&quot;&quot;,&quot;orientation&quot;:&quot;0&quot;}\" data-image-title=\"DespidosPlaya\" data-image-description=\"\" data-image-caption=\"\" data-medium-file=\"http:\/\/www.grieta.org.mx\/wp-content\/uploads\/2020\/03\/DespidosPlaya-300x151.png\" data-large-file=\"http:\/\/www.grieta.org.mx\/wp-content\/uploads\/2020\/03\/DespidosPlaya.png\" src=\"http:\/\/www.grieta.org.mx\/wp-content\/uploads\/2020\/03\/DespidosPlaya.png\" alt=\"\" width=\"802\" height=\"404\" class=\"aligncenter size-full wp-image-46447\" srcset=\"http:\/\/www.grieta.org.mx\/wp-content\/uploads\/2020\/03\/DespidosPlaya.png 802w, http:\/\/www.grieta.org.mx\/wp-content\/uploads\/2020\/03\/DespidosPlaya-300x151.png 300w, http:\/\/www.grieta.org.mx\/wp-content\/uploads\/2020\/03\/DespidosPlaya-768x387.png 768w\" sizes=\"auto, (max-width: 802px) 100vw, 802px\" \/><br \/>\nAgencia SIM \/ Noticaribe<br \/>\nPLAYA DEL CARMEN, MX.- Casi 300 trabajadores fueron despedidos esta ma\u00f1ana, en tanto que un n\u00famero igual fue regresado a su casa, por 15 d\u00edas, sin goce de sueldo, en el hotel Azul Fives, ubicado en Xcalacoco, en la salida norte de esta ciudad.<\/p>\n<p>Una enorme multitud de trabajadores estaba agolpada en la entrada a este centro de hospedaje, muchos en espera de noticias, y otros, ya enterados, solo aguardando su transporte de regreso.<\/p>\n<p>En el Azul Fives laboraban 675 trabajadores, de los que fueron despedidos 275, para quedar as\u00ed con una plantilla solo de 400; de \u00e9stos, un 80% fue enviado sin goce de sueldo a descansar por 15 d\u00edas, aunque la fecha de reincorporaci\u00f3n no est\u00e1 clara, ya que este hotel permanecer\u00e1 por ahora con solo 80 colaboradores.<\/p>\n<p>Presente en el lugar estaba el delegado de la CROC para este hotel, Br\u00edgido Acu\u00f1a, que a pesar de los despidos y los descansos solidarios, pintaba la situaci\u00f3n como un \u201ctriunfo\u201d, pues por su intervenci\u00f3n lograron que se liquidara a los trabajadores que fueron dados de baja con 20 d\u00edas por a\u00f1o de antig\u00fcedad, lo que dijo es superior a lo marcado por la ley.<\/p>\n<p>A\u00f1adi\u00f3 que buscar\u00e1n colocar a los trabajadores cesados en alg\u00fan otro hotel.<\/p>\n<p>Lo que plantea es una tarea extremadamente dif\u00edcil en estos momentos, en que se vive una fuerte ca\u00edda en el turismo, a causa de la pandemia del COVID-19. De hecho, en diversos comercios y hoteles ya se aplican los descansos solidarios, para alrededor del 50% de su planilla laboral.<\/p>\n<p>Se espera que despidos masivos como este se vuelvan comunes.<\/p>\n<p>Cabe destacar que ayer el Gobierno del Estado anunci\u00f3 que se brindar\u00edan est\u00edmulos fiscales a las empresas que no despidan a sus trabajadores. <\/p>\n<p><a href=\"https:\/\/noticaribe.com.mx\/2020\/03\/20\/echan-a-la-calle-a-casi-300-empieza-la-crisis-del-empleo-por-el-covid-19-aplican-despido-masivo-en-azul-fives-de-playa-del-carmen\/\" rel=\"noopener noreferrer\" target=\"_blank\">https:\/\/noticaribe.com.mx\/2020\/03\/20\/echan-a-la-calle-a-casi-300-empieza-la-crisis-del-empleo-por-el-covid-19-aplican-despido-masivo-en-azul-fives-de-playa-del-carmen\/<\/a><\/p>\n","protected":false},"excerpt":{"rendered":"<p>Agencia SIM \/ Noticaribe PLAYA DEL CARMEN, MX.- Casi 300 trabajadores fueron despedidos esta ma\u00f1ana, en tanto que un n\u00famero igual fue regresado a su casa, por 15 d\u00edas, sin &hellip; <a href=\"http:\/\/www.grieta.org.mx\/index.php\/2020\/03\/20\/echan-a-la-calle-a-casi-300-empieza-la-crisis-del-empleo-por-el-covid-19-aplican-despido-masivo-en-azul-fives-de-playa-del-carmen\/\" class=\"more-link\">Leer m\u00e1s<\/a><\/p>\n","protected":false},"author":2,"featured_media":46447,"comment_status":"closed","ping_status":"closed","sticky":false,"template":"","format":"standard","meta":{"ngg_post_thumbnail":0,"_jetpack_newsletter_access":"","_jetpack_dont_email_post_to_subs":false,"_jetpack_newsletter_tier_id":0,"_jetpack_memberships_contains_paywalled_content":false,"_jetpack_memberships_contains_paid_content":false,"footnotes":""},"categories":[80,910,2,3210,28,83],"tags":[3198,2105],"class_list":["post-46446","post","type-post","status-publish","format-standard","has-post-thumbnail","hentry","category-cintillo","category-explotacion-y-precariedad-laboral","category-noticias-nacionales","category-precariedad-laboral-en-quintana-roo","category-quintana-roo","category-temas-nacionales","tag-covid19","tag-despidos-masivos","entry"],"jetpack_featured_media_url":"http:\/\/www.grieta.org.mx\/wp-content\/uploads\/2020\/03\/DespidosPlaya.png","jetpack_sharing_enabled":true,"jetpack_shortlink":"https:\/\/wp.me\/p7ZJR4-c58","jetpack_likes_enabled":false,"jetpack-related-posts":[{"id":69821,"url":"http:\/\/www.grieta.org.mx\/index.php\/2024\/08\/29\/conflicto-laboral-en-princess-de-playa-del-carmen-quintana-roo\/","url_meta":{"origin":46446,"position":0},"title":"Conflicto laboral en Princess de Playa del Carmen (Quintana Roo)","author":"grieta","date":"29 agosto, 2024","format":false,"excerpt":"Ra\u00fal Gamboa\/Quadrat\u00edn Quintana Roo SOLIDARIDAD, QRoo, 29 de agosto de 2024.- Este jueves, trabajadores del hotel Princess, ubicado en la zona de Xcalacoco, realizaron una manifestaci\u00f3n para exigir el pago de retroactivos y denunciar los malos tratos que han sufrido por parte del personal de seguridad privada del complejo. Cerca\u2026","rel":"","context":"En &quot;CINTILLO&quot;","block_context":{"text":"CINTILLO","link":"http:\/\/www.grieta.org.mx\/index.php\/category\/cintillo\/"},"img":{"alt_text":"","src":"https:\/\/i0.wp.com\/www.grieta.org.mx\/wp-content\/uploads\/2024\/09\/Princess-e1727225826509.jpg?resize=350%2C200","width":350,"height":200,"srcset":"https:\/\/i0.wp.com\/www.grieta.org.mx\/wp-content\/uploads\/2024\/09\/Princess-e1727225826509.jpg?resize=350%2C200 1x, https:\/\/i0.wp.com\/www.grieta.org.mx\/wp-content\/uploads\/2024\/09\/Princess-e1727225826509.jpg?resize=525%2C300 1.5x, https:\/\/i0.wp.com\/www.grieta.org.mx\/wp-content\/uploads\/2024\/09\/Princess-e1727225826509.jpg?resize=700%2C400 2x"},"classes":[]},{"id":69017,"url":"http:\/\/www.grieta.org.mx\/index.php\/2024\/05\/22\/denuncian-empleados-de-confianza-del-hotel-bluebay-en-playa-del-carmen-incumplimiento-en-el-pago-de-utilidades-quintana-roo\/","url_meta":{"origin":46446,"position":1},"title":"Denuncian empleados de confianza del hotel BlueBay en Playa del Carmen incumplimiento en el pago de utilidades (Quintana Roo)","author":"grieta","date":"22 mayo, 2024","format":false,"excerpt":"Noticaribe PLAYA DEL CARMEN, MX.- Empleados de confianza del Hotel BlueBay Grand Esmeralda expresaron su preocupaci\u00f3n por el incumplimiento en el pago de utilidades, debido a que no est\u00e1n dados de alta en la n\u00f3mina del hotel, sino por medio de una pagadora. Mediante un comunicado, los colaboradores de confianza\u2026","rel":"","context":"En &quot;CINTILLO&quot;","block_context":{"text":"CINTILLO","link":"http:\/\/www.grieta.org.mx\/index.php\/category\/cintillo\/"},"img":{"alt_text":"","src":"https:\/\/i0.wp.com\/www.grieta.org.mx\/wp-content\/uploads\/2024\/05\/BlueBay-e1716852898804.jpg?resize=350%2C200","width":350,"height":200,"srcset":"https:\/\/i0.wp.com\/www.grieta.org.mx\/wp-content\/uploads\/2024\/05\/BlueBay-e1716852898804.jpg?resize=350%2C200 1x, https:\/\/i0.wp.com\/www.grieta.org.mx\/wp-content\/uploads\/2024\/05\/BlueBay-e1716852898804.jpg?resize=525%2C300 1.5x, https:\/\/i0.wp.com\/www.grieta.org.mx\/wp-content\/uploads\/2024\/05\/BlueBay-e1716852898804.jpg?resize=700%2C400 2x"},"classes":[]},{"id":67049,"url":"http:\/\/www.grieta.org.mx\/index.php\/2023\/06\/22\/agreden-encapuchados-a-trabajadores-de-gas-tomza-que-realizaban-un-paro-laboral-en-playa-del-carmen-quintana-roo\/","url_meta":{"origin":46446,"position":2},"title":"Agreden encapuchados a trabajadores de Gas Tomza que realizaban un paro laboral en Playa del Carmen (Quintana Roo)","author":"grieta","date":"22 junio, 2023","format":false,"excerpt":"Noticaribe PLAYA DEL CARMEN, MX.- Empleados de Gas Tomza de esta ciudad, que hab\u00edan iniciado un paro laboral, fueron agredidos a golpes esta ma\u00f1ana por un grupo de hombres encapuchados, al parecer guardias de seguridad de la propia empresa, a las afuera de las instalaciones de la gasera. Un grupo\u2026","rel":"","context":"En &quot;CINTILLO&quot;","block_context":{"text":"CINTILLO","link":"http:\/\/www.grieta.org.mx\/index.php\/category\/cintillo\/"},"img":{"alt_text":"","src":"https:\/\/i0.wp.com\/www.grieta.org.mx\/wp-content\/uploads\/2023\/06\/Agreden-e1687490953908.jpg?resize=350%2C200","width":350,"height":200,"srcset":"https:\/\/i0.wp.com\/www.grieta.org.mx\/wp-content\/uploads\/2023\/06\/Agreden-e1687490953908.jpg?resize=350%2C200 1x, https:\/\/i0.wp.com\/www.grieta.org.mx\/wp-content\/uploads\/2023\/06\/Agreden-e1687490953908.jpg?resize=525%2C300 1.5x, https:\/\/i0.wp.com\/www.grieta.org.mx\/wp-content\/uploads\/2023\/06\/Agreden-e1687490953908.jpg?resize=700%2C400 2x"},"classes":[]},{"id":42741,"url":"http:\/\/www.grieta.org.mx\/index.php\/2020\/01\/06\/recolectores-de-basura-en-playa-del-carmen-hacen-paro-laboral\/","url_meta":{"origin":46446,"position":3},"title":"Recolectores de basura en Playa del Carmen hacen paro laboral","author":"grieta","date":"6 enero, 2020","format":false,"excerpt":"Mauricio Conde \/ El Heraldo de M\u00e9xico Al conmemorarse el D\u00eda de Reyes, los trabajadores de la Direcci\u00f3n de Servicios P\u00fablicos del Ayuntamiento de Solidaridad iniciaron un paro de labores, por lo que dejaron de recolectar la basura de este destino tur\u00edstico. Entre las demandas laborales, estos empleados p\u00fablicos piden\u2026","rel":"","context":"En &quot;CINTILLO&quot;","block_context":{"text":"CINTILLO","link":"http:\/\/www.grieta.org.mx\/index.php\/category\/cintillo\/"},"img":{"alt_text":"","src":"https:\/\/i0.wp.com\/www.grieta.org.mx\/wp-content\/uploads\/2020\/01\/WhatsApp-Image-2020-01-06-at-12.12.04-PM-1.jpeg?resize=350%2C200","width":350,"height":200,"srcset":"https:\/\/i0.wp.com\/www.grieta.org.mx\/wp-content\/uploads\/2020\/01\/WhatsApp-Image-2020-01-06-at-12.12.04-PM-1.jpeg?resize=350%2C200 1x, https:\/\/i0.wp.com\/www.grieta.org.mx\/wp-content\/uploads\/2020\/01\/WhatsApp-Image-2020-01-06-at-12.12.04-PM-1.jpeg?resize=525%2C300 1.5x, https:\/\/i0.wp.com\/www.grieta.org.mx\/wp-content\/uploads\/2020\/01\/WhatsApp-Image-2020-01-06-at-12.12.04-PM-1.jpeg?resize=700%2C400 2x"},"classes":[]},{"id":63049,"url":"http:\/\/www.grieta.org.mx\/index.php\/2022\/01\/12\/no-nos-dan-solucion-nos-hacen-sentir-personas-insignificantes-trabajadores-del-hotel-princess-realizan-paro-de-labores-en-playa-del-carmen-por-descuentos-por-alimentos-y-malos-tratos-quintana\/","url_meta":{"origin":46446,"position":4},"title":"&#8220;No nos dan soluci\u00f3n&#8230; nos hacen sentir personas insignificantes&#8221;: Trabajadores del hotel Princess realizan paro de labores en Playa del Carmen por descuentos por alimentos y malos tratos (Quintana Roo)","author":"grieta","date":"12 enero, 2022","format":false,"excerpt":"Agencia SIM \/ Noticaribe PLAYA DEL CARMEN, MX.- Un paro de labores realizaron trabajadores del hotel Princess en Playa del Carmen, como protesta por los malos tratos, los problemas con el servicio de transporte y el descuento por alimentos. Los sindicalizados de la Confederaci\u00f3n Revolucionaria de Obreros y Campesinos (CROC)\u2026","rel":"","context":"En &quot;CINTILLO&quot;","block_context":{"text":"CINTILLO","link":"http:\/\/www.grieta.org.mx\/index.php\/category\/cintillo\/"},"img":{"alt_text":"","src":"https:\/\/i0.wp.com\/www.grieta.org.mx\/wp-content\/uploads\/2022\/01\/HotelPrincess-e1642021793553.png?resize=350%2C200","width":350,"height":200,"srcset":"https:\/\/i0.wp.com\/www.grieta.org.mx\/wp-content\/uploads\/2022\/01\/HotelPrincess-e1642021793553.png?resize=350%2C200 1x, https:\/\/i0.wp.com\/www.grieta.org.mx\/wp-content\/uploads\/2022\/01\/HotelPrincess-e1642021793553.png?resize=525%2C300 1.5x, https:\/\/i0.wp.com\/www.grieta.org.mx\/wp-content\/uploads\/2022\/01\/HotelPrincess-e1642021793553.png?resize=700%2C400 2x"},"classes":[]},{"id":69177,"url":"http:\/\/www.grieta.org.mx\/index.php\/2024\/06\/12\/protestan-trabajadores-del-hotel-allegro-en-cozumel-por-reparto-de-utilidades-amenazan-con-paro-quintana-roo\/","url_meta":{"origin":46446,"position":5},"title":"Protestan trabajadores del Hotel Allegro en Cozumel por reparto de utilidades; amenazan con paro (Quintana Roo)","author":"grieta","date":"12 junio, 2024","format":false,"excerpt":"Noticaribe COZUMEL, MX.- Trabajadores del Hotel Allegro se manifestaron afuera de las instalaciones del centro de hospedaje, ubicado en la zona sur de la isla, quienes exigen el pago justo de sus utilidades, ya que la empresa solo les entreg\u00f3 una \u201cgratificaci\u00f3n\u201d. Los manifestantes, que llevan realizando estas protestas desde\u2026","rel":"","context":"En &quot;CINTILLO&quot;","block_context":{"text":"CINTILLO","link":"http:\/\/www.grieta.org.mx\/index.php\/category\/cintillo\/"},"img":{"alt_text":"","src":"https:\/\/i0.wp.com\/www.grieta.org.mx\/wp-content\/uploads\/2024\/06\/Paro-e1718673643497.jpg?resize=350%2C200","width":350,"height":200,"srcset":"https:\/\/i0.wp.com\/www.grieta.org.mx\/wp-content\/uploads\/2024\/06\/Paro-e1718673643497.jpg?resize=350%2C200 1x, https:\/\/i0.wp.com\/www.grieta.org.mx\/wp-content\/uploads\/2024\/06\/Paro-e1718673643497.jpg?resize=525%2C300 1.5x, https:\/\/i0.wp.com\/www.grieta.org.mx\/wp-content\/uploads\/2024\/06\/Paro-e1718673643497.jpg?resize=700%2C400 2x"},"classes":[]}],"_links":{"self":[{"href":"http:\/\/www.grieta.org.mx\/index.php\/wp-json\/wp\/v2\/posts\/46446","targetHints":{"allow":["GET"]}}],"collection":[{"href":"http:\/\/www.grieta.org.mx\/index.php\/wp-json\/wp\/v2\/posts"}],"about":[{"href":"http:\/\/www.grieta.org.mx\/index.php\/wp-json\/wp\/v2\/types\/post"}],"author":[{"embeddable":true,"href":"http:\/\/www.grieta.org.mx\/index.php\/wp-json\/wp\/v2\/users\/2"}],"replies":[{"embeddable":true,"href":"http:\/\/www.grieta.org.mx\/index.php\/wp-json\/wp\/v2\/comments?post=46446"}],"version-history":[{"count":1,"href":"http:\/\/www.grieta.org.mx\/index.php\/wp-json\/wp\/v2\/posts\/46446\/revisions"}],"predecessor-version":[{"id":46448,"href":"http:\/\/www.grieta.org.mx\/index.php\/wp-json\/wp\/v2\/posts\/46446\/revisions\/46448"}],"wp:featuredmedia":[{"embeddable":true,"href":"http:\/\/www.grieta.org.mx\/index.php\/wp-json\/wp\/v2\/media\/46447"}],"wp:attachment":[{"href":"http:\/\/www.grieta.org.mx\/index.php\/wp-json\/wp\/v2\/media?parent=46446"}],"wp:term":[{"taxonomy":"category","embeddable":true,"href":"http:\/\/www.grieta.org.mx\/index.php\/wp-json\/wp\/v2\/categories?post=46446"},{"taxonomy":"post_tag","embeddable":true,"href":"http:\/\/www.grieta.org.mx\/index.php\/wp-json\/wp\/v2\/tags?post=46446"}],"curies":[{"name":"wp","href":"https:\/\/api.w.org\/{rel}","templated":true}]}}