{"id":46357,"date":"2020-03-19T23:09:26","date_gmt":"2020-03-20T05:09:26","guid":{"rendered":"http:\/\/www.grieta.org.mx\/?p=46357"},"modified":"2020-03-19T23:43:08","modified_gmt":"2020-03-20T05:43:08","slug":"viajeros-procedentes-de-europa-pasan-por-el-aicm-sin-revision-sanitaria-el-caso-de-los-13-becarios-mexicanos-repatriados-desde-monaco","status":"publish","type":"post","link":"http:\/\/www.grieta.org.mx\/index.php\/2020\/03\/19\/viajeros-procedentes-de-europa-pasan-por-el-aicm-sin-revision-sanitaria-el-caso-de-los-13-becarios-mexicanos-repatriados-desde-monaco\/","title":{"rendered":"Viajeros procedentes de Europa pasan por el AICM sin revisi\u00f3n sanitaria. El caso de los 13 becarios mexicanos repatriados desde M\u00f3naco"},"content":{"rendered":"<p>Colectivo Grieta<br \/>\n19 de marzo de 2020 de marzo de 2020<\/p>\n<p>Ciudad de M\u00e9xico.- El pasado lunes 16 de marzo lleg\u00f3 al Aeropuerto Internacional Benito Ju\u00e1rez Ciudad de M\u00e9xico, en el vuelo AF178 de <em>Air France<\/em>, un grupo de 13 estudiantes procedentes del principado de M\u00f3naco. De acuerdo con lo relatado por una de las repatriadas, tanto ellos como el resto de los pasajeros salieron de dicha terminal a\u00e9rea sin que se les practicara ninguna revisi\u00f3n para detectar s\u00edntomas de posible contagio o al menos se les aplicara un cuestionario para determinar si podr\u00edan haberse infectado con el virus covid-19 durante su estancia de casi seis meses en Europa. Esto sucedi\u00f3 mientras esta enfermedad se disemina por el mundo y el epicentro de la enfermedad ha cambiado de China a Europa.<\/p>\n<p>Esta informaci\u00f3n concuerda con otros reportes y testimonios publicados en distintos medios nacionales en d\u00edas pasados (<a href=\"https:\/\/www.animalpolitico.com\/2020\/03\/sin-encuestas-salud-asi-llega-vuelo-espana-mexico\/\" target=\"_blank\" rel=\"noopener noreferrer\">Animal Pol\u00edtico<\/a>, <a href=\"https:\/\/www.proceso.com.mx\/622441\/aicm-revisar-pasajeros\" target=\"_blank\" rel=\"noopener noreferrer\">Proceso<\/a>, <a href=\"https:\/\/www.eluniversal.com.mx\/nacion\/aeropuertos-sin-medidas-para-frenar-transmision-de-coronavirus\" target=\"_blank\" rel=\"noopener noreferrer\">El Universal, <\/a><a href=\"https:\/\/gdl.telediario.mx\/video\/sin-filtros-de-sanidad-por-covid-19-en-aicm\/v17103\" target=\"_blank\" rel=\"noopener noreferrer\">Telediario<\/a><a href=\"https:\/\/www.eluniversal.com.mx\/nacion\/aeropuertos-sin-medidas-para-frenar-transmision-de-coronavirus\" target=\"_blank\" rel=\"noopener noreferrer\">&#8230;<\/a>), referentes a que a los pasajeros procedentes de Europa que est\u00e1n llegando a M\u00e9xico no est\u00e1n siendo sujetos a ninguna revisi\u00f3n.<\/p>\n<p>En entrevista, una de las estudiantes de este grupo refieri\u00f3 que a su llegada a M\u00e9xico ni a ella ni a ninguno de sus compa\u00f1eros y -seg\u00fan pudo observar-&#8220;a ning\u00fan otro de los pasajeros de su vuelo se les aplic\u00f3 revisi\u00f3n alguna&#8221; antes de internarse a nuestro pa\u00eds.<\/p>\n<p>Telediario<\/p>\n<p>El testimonio de esta joven mexicana contrasta con lo dicho en d\u00edas pasados por las autoridades sanitarias de la capital y por lo establecido en el protocolo que supuestamente debe de aplicar el personal de los servicios sanitarios de la Ciudad de M\u00e9xico a los pasajeros procedentes de otros pa\u00edses. De acuerdo con este protocolo, hecho p\u00fablico el 18 de marzo de este a\u00f1o, el proceso de detecci\u00f3n de pasajeros enfermos:<\/p>\n<p>\u201cInicia desde el vuelo, donde la tripulaci\u00f3n identifica a los pasajeros con alg\u00fan s\u00edntoma. Si se detecta alg\u00fan caso as\u00ed, se notifica a la Torre de Control del AICM, la cual pide a la aeronave que se estacione en posici\u00f3n remota y brigadas de m\u00e9dicos realizan la revisi\u00f3n del o los pasajeros a pie de avi\u00f3n. Dicha revisi\u00f3n consiste en un chequeo general, toma de temperatura y una encuesta sobre el lugar de donde viene y las personas con las que ha convivido en los \u00faltimos 14 d\u00edas\u201d.<\/p>\n<p>Si el caso resulta sospechoso, el pasajero se env\u00eda a la oficina de sanidad internacional, donde se le realiza un examen m\u00e1s amplio y, de ser necesario, se toman las muestras necesarias para continuar con el proceso\u201d.<\/p>\n<p>De acuerdo con Jorge Alfredo Ochoa, director general de Servicios de Salud P\u00fablica de la capital mexicana, \u201ceste protocolo se aplica a los 380 vuelos internacionales que arriban a diario, y que trasladan a alrededor de 43 mil pasajeros internacionales\u201d. Entre todos los vuelos internacionales, seg\u00fan retom\u00f3 <a href=\"https:\/\/www.animalpolitico.com\/2020\/03\/protocolo-revision-pasajeros-vuelos-internacionales-aeropuerto-cdmx-covid-19\/\" target=\"_blank\" rel=\"noopener noreferrer\">Animal Pol\u00edtico<\/a>, \u201cel \u00e1rea de sanidad del AICM pone especial atenci\u00f3n en los procedentes de 11 pa\u00edses: Italia; Espa\u00f1a; Estados Unidos; Alemania; Francia; China; Hong Kong; Corea del Sur; Ir\u00e1n; Singapur, y Jap\u00f3n.<\/p>\n<p>Sin embargo, nada de esto se realiz\u00f3 en el caso de los 13 becarios que llegaron en el vuelo AF 178, a pesar de que M\u00f3naco se encuentra a 30 minutos en auto de la frontera entre Francia e Italia y de que hasta el fin de semana pasado se han detectado tres casos de infectados por el virus en este peque\u00f1o pa\u00eds, cuya poblaci\u00f3n que no llega a los 40 mil habitantes.<\/p>\n<p>Estos trece muchachos mexicanos eran becarios de la Fundation Turqois y su estancia en M\u00f3naco durar\u00eda, en principio, de septiembre de 2019 a junio de 2020. En este per\u00edodo estar\u00edan estudiando gastronom\u00eda, diez de ellos y tres m\u00fasica. Sin embargo, ante la crisis sanitaria derivada de la pandemia, el viernes 13 se suspendieron las clases y la tarde del domingo 15 de marzo dos de las encargadas del programa les avisaron que estaban tratando de conseguirles pasajes a\u00e9reos y que en cuanto se pudiera regresar\u00edan a M\u00e9xico. Unas horas m\u00e1s tarde les comunicaron que el lunes 16, a las 4 de la ma\u00f1ana, saldr\u00edan rumbo a Niza, de ah\u00ed a Par\u00eds y luego hacia la Ciudad de M\u00e9xico. Apenas tuvieron el tiempo para hacer sus maletas.<\/p>\n<p>Finalmente, el lunes 16 por la tarde llegaron al AICM procedentes del aeropuerto parisino Charles de Gaulle. Tanto estos becarios repatriados como el resto de los pasajeros se internaron al pa\u00eds sin la menor revisi\u00f3n.<\/p>\n","protected":false},"excerpt":{"rendered":"<p>Colectivo Grieta 19 de marzo de 2020 de marzo de 2020 Ciudad de M\u00e9xico.- El pasado lunes 16 de marzo lleg\u00f3 al Aeropuerto Internacional Benito Ju\u00e1rez Ciudad de M\u00e9xico, en &hellip; <a href=\"http:\/\/www.grieta.org.mx\/index.php\/2020\/03\/19\/viajeros-procedentes-de-europa-pasan-por-el-aicm-sin-revision-sanitaria-el-caso-de-los-13-becarios-mexicanos-repatriados-desde-monaco\/\" class=\"more-link\">Leer m\u00e1s<\/a><\/p>\n","protected":false},"author":2,"featured_media":21928,"comment_status":"closed","ping_status":"closed","sticky":false,"template":"","format":"standard","meta":{"ngg_post_thumbnail":0,"_jetpack_newsletter_access":"","_jetpack_dont_email_post_to_subs":false,"_jetpack_newsletter_tier_id":0,"_jetpack_memberships_contains_paywalled_content":false,"_jetpack_memberships_contains_paid_content":false,"footnotes":""},"categories":[80,14,1775,918,3033,2434,83],"tags":[3198,3133],"class_list":["post-46357","post","type-post","status-publish","format-standard","has-post-thumbnail","hentry","category-cintillo","category-ciudad-de-mexico","category-colectivo-grieta","category-privatizacion-del-sector-salud","category-crisis-en-el-sector-salud-en-la-ciudad-de-mexico","category-desmantelamiento-del-sector-salud-en-la-ciudad-de-mexico","category-temas-nacionales","tag-covid19","tag-crisis-del-sector-salud","entry"],"jetpack_featured_media_url":"http:\/\/www.grieta.org.mx\/wp-content\/uploads\/2018\/03\/14524434_1106112876131411_958039263622046936_o.jpg","jetpack_sharing_enabled":true,"jetpack_shortlink":"https:\/\/wp.me\/p7ZJR4-c3H","jetpack_likes_enabled":false,"jetpack-related-posts":[{"id":47083,"url":"http:\/\/www.grieta.org.mx\/index.php\/2020\/04\/01\/registran-101-casos-de-sarampion-en-mexico\/","url_meta":{"origin":46357,"position":0},"title":"REGISTRAN 101 CASOS DE SARAMPI\u00d3N EN M\u00c9XICO","author":"grieta","date":"1 abril, 2020","format":false,"excerpt":"Imagen tomada de: www.reporteindigo.com Reporte \u00cdndigo \u00a0 Los casos de sarampi\u00f3n siguen aumentando en M\u00e9xico, del 21 al 31 de marzo los contagiados por esta enfermedad se duplicaron Los contagios de sarampi\u00f3n, una enfermedad que se consideraba erradicada en M\u00e9xico, contin\u00faan a ala alza pues se registran un total de\u2026","rel":"","context":"En &quot;CINTILLO&quot;","block_context":{"text":"CINTILLO","link":"http:\/\/www.grieta.org.mx\/index.php\/category\/cintillo\/"},"img":{"alt_text":"","src":"https:\/\/i0.wp.com\/www.grieta.org.mx\/wp-content\/uploads\/2020\/04\/REGISTRAN-101-CASOS-DE-SARAMPI%C3%93N-EN-M%C3%89XICO-cdmx-edomex-abr.jpg?resize=350%2C200","width":350,"height":200},"classes":[]},{"id":49765,"url":"http:\/\/www.grieta.org.mx\/index.php\/2020\/05\/20\/protestan-medicos-residentes-de-sedesa-por-falta-de-pago-ciudad-de-mexico\/","url_meta":{"origin":46357,"position":1},"title":"Protestan m\u00e9dicos residentes de Sedesa por falta de pago (Ciudad de M\u00e9xico)","author":"grieta","date":"20 mayo, 2020","format":false,"excerpt":"Imagen tomada de: lasillarota.com Mariluz Rold\u00e1n \/ La Silla Rota Reclamaron que no se pag\u00f3 el bono de riesgo infectocontagioso y que autoridades de Sedesa les dijeron que no recibir\u00e1n el pago de la primera quincena de marzo M\u00e9dicos residentes de primer a\u00f1o que trabajan en hospitales de la Secretar\u00eda\u2026","rel":"","context":"En &quot;CINTILLO&quot;","block_context":{"text":"CINTILLO","link":"http:\/\/www.grieta.org.mx\/index.php\/category\/cintillo\/"},"img":{"alt_text":"","src":"https:\/\/i0.wp.com\/www.grieta.org.mx\/wp-content\/uploads\/2020\/05\/Protestan-m%C3%A9dicos-residentes-de-Sedesa-por-falta-de-pago-cdmx-may.jpg?resize=350%2C200","width":350,"height":200},"classes":[]},{"id":46682,"url":"http:\/\/www.grieta.org.mx\/index.php\/2020\/03\/21\/familiares-de-pacientes-protestan-frente-al-iner-ciudad-de-mexico\/","url_meta":{"origin":46357,"position":2},"title":"Familiares de pacientes protestan frente al INER (Ciudad de M\u00e9xico)","author":"grieta","date":"21 marzo, 2020","format":false,"excerpt":"Familiares de pacientes protestan frente al INER (Foto Reforma) La Silla Rota Los manifestantes aseguran que no tienen informaci\u00f3n sobre el estado de salud de sus familiares, adem\u00e1s, exigen mejores atenciones Familiares de pacientes del Instituto Nacional de Enfermedades Respiratorias (INER) se manifiestaron a las afueras del hospital. Los manifestantes\u2026","rel":"","context":"En &quot;CINTILLO&quot;","block_context":{"text":"CINTILLO","link":"http:\/\/www.grieta.org.mx\/index.php\/category\/cintillo\/"},"img":{"alt_text":"","src":"https:\/\/i0.wp.com\/www.grieta.org.mx\/wp-content\/uploads\/2020\/03\/Familiares-de-pacientes-protestan-frente-al-INER-cdmx-mzo.jpg?resize=350%2C200","width":350,"height":200},"classes":[]},{"id":48327,"url":"http:\/\/www.grieta.org.mx\/index.php\/2020\/04\/27\/personal-medico-bloquea-ermita-iztapalapa-por-falta-de-insumos-ciudad-de-mexico\/","url_meta":{"origin":46357,"position":3},"title":"Personal m\u00e9dico bloquea Ermita Iztapalapa por falta de insumos (Ciudad de M\u00e9xico)","author":"grieta","date":"27 abril, 2020","format":false,"excerpt":"Foto: @GRAWPEREZ Diario de M\u00e9xico Ciudad de M\u00e9xico. -M\u00e9dicos, enfermeras y personal de salud que trabaja en el Hospital Pedi\u00e1trico de Iztapalapa, mantienen bloqueada la circulaci\u00f3n en la Avenida Ermita Iztapalapa, entre Eje 3 Oriente y La Viga. El personal m\u00e9dico asegura que no tienen los materiales necesarios, como cubrebocas\u2026","rel":"","context":"En &quot;CINTILLO&quot;","block_context":{"text":"CINTILLO","link":"http:\/\/www.grieta.org.mx\/index.php\/category\/cintillo\/"},"img":{"alt_text":"","src":"https:\/\/i0.wp.com\/www.grieta.org.mx\/wp-content\/uploads\/2020\/04\/Personal-m%C3%A9dico-bloquea-Ermita-Iztapalapa-por-falta-de-insumos-cdmx-abr.jpg?resize=350%2C200","width":350,"height":200,"srcset":"https:\/\/i0.wp.com\/www.grieta.org.mx\/wp-content\/uploads\/2020\/04\/Personal-m%C3%A9dico-bloquea-Ermita-Iztapalapa-por-falta-de-insumos-cdmx-abr.jpg?resize=350%2C200 1x, https:\/\/i0.wp.com\/www.grieta.org.mx\/wp-content\/uploads\/2020\/04\/Personal-m%C3%A9dico-bloquea-Ermita-Iztapalapa-por-falta-de-insumos-cdmx-abr.jpg?resize=525%2C300 1.5x, https:\/\/i0.wp.com\/www.grieta.org.mx\/wp-content\/uploads\/2020\/04\/Personal-m%C3%A9dico-bloquea-Ermita-Iztapalapa-por-falta-de-insumos-cdmx-abr.jpg?resize=700%2C400 2x, https:\/\/i0.wp.com\/www.grieta.org.mx\/wp-content\/uploads\/2020\/04\/Personal-m%C3%A9dico-bloquea-Ermita-Iztapalapa-por-falta-de-insumos-cdmx-abr.jpg?resize=1050%2C600 3x"},"classes":[]},{"id":71967,"url":"http:\/\/www.grieta.org.mx\/index.php\/2025\/07\/08\/trabajadores-de-la-salud-bloquean-paseo-de-la-reforma-denuncian-irregularidades-ciudad-de-mexico\/","url_meta":{"origin":46357,"position":4},"title":"Trabajadores de la salud bloquean Paseo de la Reforma; denuncian irregularidades (Ciudad de M\u00e9xico)","author":"grieta","date":"8 julio, 2025","format":false,"excerpt":"Natalia Estrada Garc\u00eda \/ Enfoque noticias CDMX.- Trabajadoras y trabajadores pertenecientes al sector salud fueron agredidos tras mantener un bloqueo sobre carriles laterales del Perif\u00e9rico y avenida Paseo de la Reforma en la colonia Bosques de Chapultepec, Miguel Hidalgo. Laura Quintero delegada estatal de Ciudad de M\u00e9xico de la Fuerza\u2026","rel":"","context":"En &quot;Abuso policiaco y tortura en la Ciudad de M\u00e9xico&quot;","block_context":{"text":"Abuso policiaco y tortura en la Ciudad de M\u00e9xico","link":"http:\/\/www.grieta.org.mx\/index.php\/category\/noticias-nacionales\/ciudad-de-mexico\/abuso-policiaco-y-tortura-en-la-ciudad-de-mexico\/"},"img":{"alt_text":"","src":"https:\/\/i0.wp.com\/www.grieta.org.mx\/wp-content\/uploads\/2025\/07\/Captura-de-pantalla-2025-07-08-233604.png?resize=350%2C200","width":350,"height":200,"srcset":"https:\/\/i0.wp.com\/www.grieta.org.mx\/wp-content\/uploads\/2025\/07\/Captura-de-pantalla-2025-07-08-233604.png?resize=350%2C200 1x, https:\/\/i0.wp.com\/www.grieta.org.mx\/wp-content\/uploads\/2025\/07\/Captura-de-pantalla-2025-07-08-233604.png?resize=525%2C300 1.5x, https:\/\/i0.wp.com\/www.grieta.org.mx\/wp-content\/uploads\/2025\/07\/Captura-de-pantalla-2025-07-08-233604.png?resize=700%2C400 2x"},"classes":[]},{"id":46666,"url":"http:\/\/www.grieta.org.mx\/index.php\/2020\/03\/21\/sportium-y-acuatica-nelson-vargas-invitan-a-empleados-a-firmar-bajas-voluntarias\/","url_meta":{"origin":46357,"position":5},"title":"Sportium y Acu\u00e1tica Nelson Vargas &#8216;invitan&#8217; a empleados a firmar bajas voluntarias","author":"grieta","date":"21 marzo, 2020","format":false,"excerpt":"Alejandra Rodr\u00edguez \/ El Financiero Algunos empleados comentaron que recibieron la promesa de ser recontratados una vez que las operaciones se normalicen solo si firmaban ese documento. Los gimnasios Acu\u00e1tica Nelson Vargas y Sportium est\u00e1n invitando a parte de su plantilla a firmar un permiso sin goce de sueldo, o\u2026","rel":"","context":"En &quot;CINTILLO&quot;","block_context":{"text":"CINTILLO","link":"http:\/\/www.grieta.org.mx\/index.php\/category\/cintillo\/"},"img":{"alt_text":"","src":"https:\/\/i0.wp.com\/www.grieta.org.mx\/wp-content\/uploads\/2018\/03\/14524434_1106112876131411_958039263622046936_o.jpg?resize=350%2C200","width":350,"height":200,"srcset":"https:\/\/i0.wp.com\/www.grieta.org.mx\/wp-content\/uploads\/2018\/03\/14524434_1106112876131411_958039263622046936_o.jpg?resize=350%2C200 1x, https:\/\/i0.wp.com\/www.grieta.org.mx\/wp-content\/uploads\/2018\/03\/14524434_1106112876131411_958039263622046936_o.jpg?resize=525%2C300 1.5x, https:\/\/i0.wp.com\/www.grieta.org.mx\/wp-content\/uploads\/2018\/03\/14524434_1106112876131411_958039263622046936_o.jpg?resize=700%2C400 2x"},"classes":[]}],"_links":{"self":[{"href":"http:\/\/www.grieta.org.mx\/index.php\/wp-json\/wp\/v2\/posts\/46357","targetHints":{"allow":["GET"]}}],"collection":[{"href":"http:\/\/www.grieta.org.mx\/index.php\/wp-json\/wp\/v2\/posts"}],"about":[{"href":"http:\/\/www.grieta.org.mx\/index.php\/wp-json\/wp\/v2\/types\/post"}],"author":[{"embeddable":true,"href":"http:\/\/www.grieta.org.mx\/index.php\/wp-json\/wp\/v2\/users\/2"}],"replies":[{"embeddable":true,"href":"http:\/\/www.grieta.org.mx\/index.php\/wp-json\/wp\/v2\/comments?post=46357"}],"version-history":[{"count":1,"href":"http:\/\/www.grieta.org.mx\/index.php\/wp-json\/wp\/v2\/posts\/46357\/revisions"}],"predecessor-version":[{"id":46388,"href":"http:\/\/www.grieta.org.mx\/index.php\/wp-json\/wp\/v2\/posts\/46357\/revisions\/46388"}],"wp:featuredmedia":[{"embeddable":true,"href":"http:\/\/www.grieta.org.mx\/index.php\/wp-json\/wp\/v2\/media\/21928"}],"wp:attachment":[{"href":"http:\/\/www.grieta.org.mx\/index.php\/wp-json\/wp\/v2\/media?parent=46357"}],"wp:term":[{"taxonomy":"category","embeddable":true,"href":"http:\/\/www.grieta.org.mx\/index.php\/wp-json\/wp\/v2\/categories?post=46357"},{"taxonomy":"post_tag","embeddable":true,"href":"http:\/\/www.grieta.org.mx\/index.php\/wp-json\/wp\/v2\/tags?post=46357"}],"curies":[{"name":"wp","href":"https:\/\/api.w.org\/{rel}","templated":true}]}}