{"id":4626,"date":"2015-11-27T05:46:04","date_gmt":"2015-11-27T05:46:04","guid":{"rendered":"http:\/\/50.22.11.12\/~grietaor\/?p=4626"},"modified":"2016-03-25T05:47:31","modified_gmt":"2016-03-25T05:47:31","slug":"familiares-de-desaparecidos-denuncian-incumplimiento-del-gobierno-del-estado","status":"publish","type":"post","link":"http:\/\/www.grieta.org.mx\/index.php\/2015\/11\/27\/familiares-de-desaparecidos-denuncian-incumplimiento-del-gobierno-del-estado\/","title":{"rendered":"Familiares de desaparecidos denuncian incumplimiento del gobierno del estado"},"content":{"rendered":"<p>Diego Rodr\u00edguez\/AM Quer\u00e9taro<\/p>\n<p>Miembros de la organizaci\u00f3n Desaparecidos Justicia se\u00f1alaron que existe falta de coordinaci\u00f3n entre autoridades para encontrar a los desaparecidos<\/p>\n<p>La asociaci\u00f3n civil, Desaparecidos Justicia, encabezada por la activista Brenda Rangel, acus\u00f3 falta de compromiso por parte del Gobierno del estado, para tratar el tema de desaparecidos en la entidad; luego de que \u2013asegur\u00f3- diversas reuniones que se ten\u00edan establecidas entre dicho organismo y autoridades de la Procuradur\u00eda General de Justicia (PGJ), han sido pospuestas en diversas ocasiones.<\/p>\n<p>\u201cEl d\u00eda de hoy ten\u00edamos programada una reuni\u00f3n con el subprocurador Humberto P\u00e9rez, dijo que nos iba a dar la atenci\u00f3n a nosotros y a las familias involucradas, desgraciadamente recibimos un correo dici\u00e9ndonos que no se iba a llevar a cabo el d\u00eda de hoy porque el procurador est\u00e1 ocupado nuevamente, luego Jos\u00e9 Ram\u00f3n Fern\u00e1ndez de Cevallos se comunic\u00f3 conmigo v\u00eda telef\u00f3nica para decirme que probablemente, pero sin decirme algo certero, el d\u00eda lunes, pero tampoco me asegur\u00f3\u201d, indic\u00f3 la activista.<\/p>\n<p>En este sentido, Rangel acus\u00f3 la falta de coordinaci\u00f3n operativa que la propia PGJ ha mantenido con sus similares del resto de las entidades federativas, lo que, consider\u00f3, no incrementar\u00eda las posibilidades de dar con el paradero de las personas no localizadas.<\/p>\n<p>\u201cHay queretanos que se han tenido que trasladar a otros Estados a interponer sus denuncias. No existe la coordinaci\u00f3n entre la PGJ del Estado con las dem\u00e1s entidades federativas, esa es la finalidad de trabajar conjuntamente con el Estado y la PGJ, para establecer la coordinaci\u00f3n de atenci\u00f3n a v\u00edctimas, protocolos de b\u00fasqueda de investigaci\u00f3n, que nos lleven a establecer esa coordinaci\u00f3n interinstitucional\u201d, indic\u00f3 la activista.<\/p>\n<p>Miembros de la organizaci\u00f3n Desaparecidos Justicia se\u00f1alaron que existe falta de coordinaci\u00f3n entre autoridades para encontrar a los desaparecidos<br \/>\nDiego Rodr\u00edguez<\/p>\n<p>La asociaci\u00f3n civil, Desaparecidos Justicia, encabezada por la activista Brenda Rangel, acus\u00f3 falta de compromiso por parte del Gobierno del estado, para tratar el tema de desaparecidos en la entidad; luego de que \u2013asegur\u00f3- diversas reuniones que se ten\u00edan establecidas entre dicho organismo y autoridades de la Procuradur\u00eda General de Justicia (PGJ), han sido pospuestas en diversas ocasiones.<\/p>\n<p>\u201cEl d\u00eda de hoy ten\u00edamos programada una reuni\u00f3n con el subprocurador Humberto P\u00e9rez, dijo que nos iba a dar la atenci\u00f3n a nosotros y a las familias involucradas, desgraciadamente recibimos un correo dici\u00e9ndonos que no se iba a llevar a cabo el d\u00eda de hoy porque el procurador est\u00e1 ocupado nuevamente, luego Jos\u00e9 Ram\u00f3n Fern\u00e1ndez de Cevallos se comunic\u00f3 conmigo v\u00eda telef\u00f3nica para decirme que probablemente, pero sin decirme algo certero, el d\u00eda lunes, pero tampoco me asegur\u00f3\u201d, indic\u00f3 la activista.<\/p>\n<p>En este sentido, Rangel acus\u00f3 la falta de coordinaci\u00f3n operativa que la propia PGJ ha mantenido con sus similares del resto de las entidades federativas, lo que, consider\u00f3, no incrementar\u00eda las posibilidades de dar con el paradero de las personas no localizadas.<\/p>\n<p>\u201cHay queretanos que se han tenido que trasladar a otros Estados a interponer sus denuncias. No existe la coordinaci\u00f3n entre la PGJ del Estado con las dem\u00e1s entidades federativas, esa es la finalidad de trabajar conjuntamente con el Estado y la PGJ, para establecer la coordinaci\u00f3n de atenci\u00f3n a v\u00edctimas, protocolos de b\u00fasqueda de investigaci\u00f3n, que nos lleven a establecer esa coordinaci\u00f3n interinstitucional\u201d, indic\u00f3 la activista.<\/p>\n<p><a href=\"http:\/\/amqueretaro.com\/queretaro\/2015\/11\/27\/familiares-de-desaparecidos-exhortan-a-cumplir-con-reuniones\" target=\"_blank\">amqueretaro.com\/queretaro\/2015\/11\/27\/familiares-de-desaparecidos-exhortan-a-cumplir-con-reuniones<\/a><\/p>\n","protected":false},"excerpt":{"rendered":"<p>Diego Rodr\u00edguez\/AM Quer\u00e9taro Miembros de la organizaci\u00f3n Desaparecidos Justicia se\u00f1alaron que existe falta de coordinaci\u00f3n entre autoridades para encontrar a los desaparecidos La asociaci\u00f3n civil, Desaparecidos Justicia, encabezada por la &hellip; <a href=\"http:\/\/www.grieta.org.mx\/index.php\/2015\/11\/27\/familiares-de-desaparecidos-denuncian-incumplimiento-del-gobierno-del-estado\/\" class=\"more-link\">Leer m\u00e1s<\/a><\/p>\n","protected":false},"author":2,"featured_media":21928,"comment_status":"closed","ping_status":"open","sticky":false,"template":"","format":"standard","meta":{"ngg_post_thumbnail":0,"_jetpack_newsletter_access":"","_jetpack_dont_email_post_to_subs":false,"_jetpack_newsletter_tier_id":0,"_jetpack_memberships_contains_paywalled_content":false,"_jetpack_memberships_contains_paid_content":false,"footnotes":""},"categories":[80,359],"tags":[121],"class_list":["post-4626","post","type-post","status-publish","format-standard","has-post-thumbnail","hentry","category-cintillo","category-queretaro","tag-desaparecidos","entry"],"jetpack_featured_media_url":"http:\/\/www.grieta.org.mx\/wp-content\/uploads\/2018\/03\/14524434_1106112876131411_958039263622046936_o.jpg","jetpack_sharing_enabled":true,"jetpack_shortlink":"https:\/\/wp.me\/p7ZJR4-1cC","jetpack_likes_enabled":false,"jetpack-related-posts":[{"id":33065,"url":"http:\/\/www.grieta.org.mx\/index.php\/2019\/05\/08\/se-pronunciaran-madres-con-hijos-desaparecidos-este-10-de-mayo-en-queretaro\/","url_meta":{"origin":4626,"position":0},"title":"Se pronunciar\u00e1n madres con hijos desaparecidos este 10 de mayo en Quer\u00e9taro","author":"grieta","date":"8 mayo, 2019","format":false,"excerpt":"Mariana Villalobos \/ Quadratin Quer\u00e9taro QUER\u00c9TARO, Qro., 8 de mayo de 2019.- Adem\u00e1s de participar en la marcha que se realiza en la ciudad de M\u00e9xico y en donde participan familias de todo el pa\u00eds, las madres queretanas que tienen un hijo desaparecido realizar\u00e1n un pronunciamiento al exterior del Palacio\u2026","rel":"","context":"En &quot;CINTILLO&quot;","block_context":{"text":"CINTILLO","link":"http:\/\/www.grieta.org.mx\/index.php\/category\/cintillo\/"},"img":{"alt_text":"","src":"https:\/\/i0.wp.com\/www.grieta.org.mx\/wp-content\/uploads\/2019\/05\/Dignidad-Nacional-buscando-Justicia-International_EDIIMA20130610_0211_4-1160x700.jpg?resize=350%2C200","width":350,"height":200,"srcset":"https:\/\/i0.wp.com\/www.grieta.org.mx\/wp-content\/uploads\/2019\/05\/Dignidad-Nacional-buscando-Justicia-International_EDIIMA20130610_0211_4-1160x700.jpg?resize=350%2C200 1x, https:\/\/i0.wp.com\/www.grieta.org.mx\/wp-content\/uploads\/2019\/05\/Dignidad-Nacional-buscando-Justicia-International_EDIIMA20130610_0211_4-1160x700.jpg?resize=525%2C300 1.5x, https:\/\/i0.wp.com\/www.grieta.org.mx\/wp-content\/uploads\/2019\/05\/Dignidad-Nacional-buscando-Justicia-International_EDIIMA20130610_0211_4-1160x700.jpg?resize=700%2C400 2x, https:\/\/i0.wp.com\/www.grieta.org.mx\/wp-content\/uploads\/2019\/05\/Dignidad-Nacional-buscando-Justicia-International_EDIIMA20130610_0211_4-1160x700.jpg?resize=1050%2C600 3x"},"classes":[]},{"id":4618,"url":"http:\/\/www.grieta.org.mx\/index.php\/2016\/09\/01\/desaparecidos-en-queretaro\/","url_meta":{"origin":4626,"position":1},"title":"Desaparecidos en Quer\u00e9taro","author":"grieta","date":"1 septiembre, 2016","format":false,"excerpt":"01\/09\/16. En Sinaloa reportan 90 casos de desaparecidos de Quer\u00e9taro Libertad de palabra 09\/08\/16. La Fiscal\u00eda de Quer\u00e9taro difunde como \u201cse\u00f1a particular\u201d que \u201cLe apodan \u2018La Cuquis\u2019\u201d Libertad de palabra 14\/06\/16. Quer\u00e9taro: Niega Gobierno panista desapariciones forzadas Libertad de palabra 21\/01\/16. \"\u00a1Queremos justicia, no mentiras!\u201d, reclama Desaparecidos Justicia A.C. en\u2026","rel":"","context":"En &quot;Desaparecidos&quot;","block_context":{"text":"Desaparecidos","link":"http:\/\/www.grieta.org.mx\/index.php\/category\/temas-nacionales\/desaparecidos\/"},"img":{"alt_text":"","src":"https:\/\/i0.wp.com\/www.grieta.org.mx\/wp-content\/uploads\/2018\/03\/14524434_1106112876131411_958039263622046936_o.jpg?resize=350%2C200","width":350,"height":200,"srcset":"https:\/\/i0.wp.com\/www.grieta.org.mx\/wp-content\/uploads\/2018\/03\/14524434_1106112876131411_958039263622046936_o.jpg?resize=350%2C200 1x, https:\/\/i0.wp.com\/www.grieta.org.mx\/wp-content\/uploads\/2018\/03\/14524434_1106112876131411_958039263622046936_o.jpg?resize=525%2C300 1.5x, https:\/\/i0.wp.com\/www.grieta.org.mx\/wp-content\/uploads\/2018\/03\/14524434_1106112876131411_958039263622046936_o.jpg?resize=700%2C400 2x"},"classes":[]},{"id":33425,"url":"http:\/\/www.grieta.org.mx\/index.php\/2019\/05\/11\/madres-de-desaparecidos-en-queretaro-exigen-justicia\/","url_meta":{"origin":4626,"position":2},"title":"Madres de desaparecidos en Quer\u00e9taro exigen justicia","author":"grieta","date":"11 mayo, 2019","format":false,"excerpt":"En la entidad tienen 398 casos documentados de personas desaparecidas, de acuerdo con el colectivo Desaparecidos Justicia Roxana Romero \/ am de Quer\u00e9taro El 10 de mayo de 2014 fue el \u00faltimo en que Guadalupe Valenzuela Palazuelos pudo cargar en sus piernas a su hijo, Jes\u00fas Alfonso Arg\u00fcelles, y escucharlo\u2026","rel":"","context":"En &quot;CINTILLO&quot;","block_context":{"text":"CINTILLO","link":"http:\/\/www.grieta.org.mx\/index.php\/category\/cintillo\/"},"img":{"alt_text":"","src":"https:\/\/i0.wp.com\/www.grieta.org.mx\/wp-content\/uploads\/2019\/05\/DESAPARECIDO-1.jpg?resize=350%2C200","width":350,"height":200,"srcset":"https:\/\/i0.wp.com\/www.grieta.org.mx\/wp-content\/uploads\/2019\/05\/DESAPARECIDO-1.jpg?resize=350%2C200 1x, https:\/\/i0.wp.com\/www.grieta.org.mx\/wp-content\/uploads\/2019\/05\/DESAPARECIDO-1.jpg?resize=525%2C300 1.5x, https:\/\/i0.wp.com\/www.grieta.org.mx\/wp-content\/uploads\/2019\/05\/DESAPARECIDO-1.jpg?resize=700%2C400 2x"},"classes":[]},{"id":21258,"url":"http:\/\/www.grieta.org.mx\/index.php\/2015\/11\/20\/planta-procurador-de-queretaro-a-familiares-de-desaparecidos\/","url_meta":{"origin":4626,"position":3},"title":"Planta procurador de Quer\u00e9taro a familiares de desaparecidos","author":"grieta","date":"20 noviembre, 2015","format":false,"excerpt":"Redacci\u00f3n\/Libertad de palabra Quer\u00e9taro, Qro.- Brenda Rangel Ortiz, de la organizaci\u00f3n Desaparecidos Justicia A.C., denunci\u00f3 que por segunda ocasi\u00f3n el titular de la Procuradur\u00eda General de Justicia de Quer\u00e9taro, Alejandro Echeverr\u00eda Cornejo, dej\u00f3 plantada a la comisi\u00f3n de familias que buscan a sus seres queridos. \u201cHoy nuevamente nos volvi\u00f3 a\u2026","rel":"","context":"En &quot;CINTILLO&quot;","block_context":{"text":"CINTILLO","link":"http:\/\/www.grieta.org.mx\/index.php\/category\/cintillo\/"},"img":{"alt_text":"","src":"https:\/\/i0.wp.com\/www.grieta.org.mx\/wp-content\/uploads\/2018\/03\/14524434_1106112876131411_958039263622046936_o.jpg?resize=350%2C200","width":350,"height":200,"srcset":"https:\/\/i0.wp.com\/www.grieta.org.mx\/wp-content\/uploads\/2018\/03\/14524434_1106112876131411_958039263622046936_o.jpg?resize=350%2C200 1x, https:\/\/i0.wp.com\/www.grieta.org.mx\/wp-content\/uploads\/2018\/03\/14524434_1106112876131411_958039263622046936_o.jpg?resize=525%2C300 1.5x, https:\/\/i0.wp.com\/www.grieta.org.mx\/wp-content\/uploads\/2018\/03\/14524434_1106112876131411_958039263622046936_o.jpg?resize=700%2C400 2x"},"classes":[]},{"id":21254,"url":"http:\/\/www.grieta.org.mx\/index.php\/2016\/09\/01\/en-sinaloa-reportan-90-casos-de-desaparecidos-de-queretaro\/","url_meta":{"origin":4626,"position":4},"title":"En Sinaloa reportan 90 casos de desaparecidos de Quer\u00e9taro","author":"grieta","date":"1 septiembre, 2016","format":false,"excerpt":"Iv\u00e1n Aldama Garnica\/Libertad de palabra Quer\u00e9taro, Qro.- El Gobierno de Sinaloa difunde una base de datos con 90 personas desaparecidas, en el estado de Quer\u00e9taro. En el aparto \u201cDesaparecidos\u201d de su secci\u00f3n \u201cServicios a la Comunidad\u201d muestran un mapa de los 32 estados del pa\u00eds que contienen informaci\u00f3n de personas\u2026","rel":"","context":"En &quot;CINTILLO&quot;","block_context":{"text":"CINTILLO","link":"http:\/\/www.grieta.org.mx\/index.php\/category\/cintillo\/"},"img":{"alt_text":"","src":"https:\/\/i0.wp.com\/www.grieta.org.mx\/wp-content\/uploads\/2018\/03\/14524434_1106112876131411_958039263622046936_o.jpg?resize=350%2C200","width":350,"height":200,"srcset":"https:\/\/i0.wp.com\/www.grieta.org.mx\/wp-content\/uploads\/2018\/03\/14524434_1106112876131411_958039263622046936_o.jpg?resize=350%2C200 1x, https:\/\/i0.wp.com\/www.grieta.org.mx\/wp-content\/uploads\/2018\/03\/14524434_1106112876131411_958039263622046936_o.jpg?resize=525%2C300 1.5x, https:\/\/i0.wp.com\/www.grieta.org.mx\/wp-content\/uploads\/2018\/03\/14524434_1106112876131411_958039263622046936_o.jpg?resize=700%2C400 2x"},"classes":[]},{"id":4632,"url":"http:\/\/www.grieta.org.mx\/index.php\/2015\/11\/10\/familiares-de-desaparecidos-marchan-en-queretaro\/","url_meta":{"origin":4626,"position":5},"title":"Familiares de desaparecidos marchan en Quer\u00e9taro","author":"grieta","date":"10 noviembre, 2015","format":false,"excerpt":"Eric Pacheco\/Proceso El gobernador de Quer\u00e9taro, el panista Francisco Dom\u00ednguez Servi\u00e9n, admiti\u00f3 esta tarde que, luego de un mes y 10 d\u00edas de tomar el cargo, ignora la cifra de personas desaparecidas en el estado. Familiares de personas desaparecidas marcharon desde la Universidad Aut\u00f3noma de Quer\u00e9taro hasta las afueras de\u2026","rel":"","context":"En &quot;CINTILLO&quot;","block_context":{"text":"CINTILLO","link":"http:\/\/www.grieta.org.mx\/index.php\/category\/cintillo\/"},"img":{"alt_text":"","src":"https:\/\/i0.wp.com\/www.grieta.org.mx\/wp-content\/uploads\/2018\/03\/14524434_1106112876131411_958039263622046936_o.jpg?resize=350%2C200","width":350,"height":200,"srcset":"https:\/\/i0.wp.com\/www.grieta.org.mx\/wp-content\/uploads\/2018\/03\/14524434_1106112876131411_958039263622046936_o.jpg?resize=350%2C200 1x, https:\/\/i0.wp.com\/www.grieta.org.mx\/wp-content\/uploads\/2018\/03\/14524434_1106112876131411_958039263622046936_o.jpg?resize=525%2C300 1.5x, https:\/\/i0.wp.com\/www.grieta.org.mx\/wp-content\/uploads\/2018\/03\/14524434_1106112876131411_958039263622046936_o.jpg?resize=700%2C400 2x"},"classes":[]}],"_links":{"self":[{"href":"http:\/\/www.grieta.org.mx\/index.php\/wp-json\/wp\/v2\/posts\/4626","targetHints":{"allow":["GET"]}}],"collection":[{"href":"http:\/\/www.grieta.org.mx\/index.php\/wp-json\/wp\/v2\/posts"}],"about":[{"href":"http:\/\/www.grieta.org.mx\/index.php\/wp-json\/wp\/v2\/types\/post"}],"author":[{"embeddable":true,"href":"http:\/\/www.grieta.org.mx\/index.php\/wp-json\/wp\/v2\/users\/2"}],"replies":[{"embeddable":true,"href":"http:\/\/www.grieta.org.mx\/index.php\/wp-json\/wp\/v2\/comments?post=4626"}],"version-history":[{"count":1,"href":"http:\/\/www.grieta.org.mx\/index.php\/wp-json\/wp\/v2\/posts\/4626\/revisions"}],"predecessor-version":[{"id":4627,"href":"http:\/\/www.grieta.org.mx\/index.php\/wp-json\/wp\/v2\/posts\/4626\/revisions\/4627"}],"wp:featuredmedia":[{"embeddable":true,"href":"http:\/\/www.grieta.org.mx\/index.php\/wp-json\/wp\/v2\/media\/21928"}],"wp:attachment":[{"href":"http:\/\/www.grieta.org.mx\/index.php\/wp-json\/wp\/v2\/media?parent=4626"}],"wp:term":[{"taxonomy":"category","embeddable":true,"href":"http:\/\/www.grieta.org.mx\/index.php\/wp-json\/wp\/v2\/categories?post=4626"},{"taxonomy":"post_tag","embeddable":true,"href":"http:\/\/www.grieta.org.mx\/index.php\/wp-json\/wp\/v2\/tags?post=4626"}],"curies":[{"name":"wp","href":"https:\/\/api.w.org\/{rel}","templated":true}]}}