{"id":4619,"date":"2016-01-21T05:37:56","date_gmt":"2016-01-21T05:37:56","guid":{"rendered":"http:\/\/50.22.11.12\/~grietaor\/?p=4619"},"modified":"2016-03-25T05:41:23","modified_gmt":"2016-03-25T05:41:23","slug":"queremos-justicia-no-mentiras-reclama-desaparecidos-justicia-a-c-en-queretaro","status":"publish","type":"post","link":"http:\/\/www.grieta.org.mx\/index.php\/2016\/01\/21\/queremos-justicia-no-mentiras-reclama-desaparecidos-justicia-a-c-en-queretaro\/","title":{"rendered":"&#8220;\u00a1Queremos justicia, no mentiras!\u201d, reclama Desaparecidos Justicia A.C. en Quer\u00e9taro"},"content":{"rendered":"<p>Gildardo Jacinto Garc\u00eda\/Libertad de palabra<\/p>\n<blockquote><p>\nDe manera innecesaria familiares de personas desaparecidas fueron llevados a Veracruz.<br \/>\n\u201c\u00a1Queremos justicia, no mentiras!\u201d, reclaman al procurador de Quer\u00e9taro<\/p><\/blockquote>\n<p>Quer\u00e9taro, Qro.- \u201cYa no confiamos en la Procuradur\u00eda de Quer\u00e9taro, es el sentir de las familias\u201d, expres\u00f3 Brenda Rangel Ortiz, de la organizaci\u00f3n Desaparecidos Justicia A.C., antes de comenzar una caravana por los desaparecidos.<\/p>\n<p>Rangel denunci\u00f3 que las familias de los j\u00f3venes Jos\u00e9 Antero L\u00f3pez Gonz\u00e1lez y Raymundo Isaac Rico Arias, desaparecidos desde el 2012, fueron trasladadas por personal de la Procuradur\u00eda de Quer\u00e9taro a Veracruz, por la supuesta localizaci\u00f3n de los cuerpos de sus seres queridos, sin que la informaci\u00f3n hubiera sido confirmada.<\/p>\n<p>La se\u00f1ora Socorro Arias, madre de Raymundo, coment\u00f3 balbuceando y llorando: \u201cno me dieron oportunidad ni de 15 minutos para hacer una maleta, no se vale que est\u00e9n jugando con nuestro sentimientos, con nuestro dolor, no lo vamos a permitir, no es justo que hagan esto\u201d, solloz\u00f3.<\/p>\n<p>La mujer ya no pudo continuar hablando, acto seguido un familiar la auxili\u00f3 con el relato de los hechos: \u201cAyer domingo a las 8 de la ma\u00f1ana llegan (elementos de la Procuradur\u00eda) y nos dicen una noticia que cay\u00f3 como tromba, el hecho de decirnos, ya encontramos a su familiar\u201d.<\/p>\n<p>\u201cEs 99.9 por ciento (seguro) de que son ellos\u201d, recuerdan que les afirmaron las autoridades queretanas, quienes les informaron que hab\u00edan contactado a sus similiares de la Fiscal\u00eda del estado de Veracruz, donde seg\u00fan hab\u00edan hallado los cuerpos sin vida de los dos j\u00f3venes.<\/p>\n<p>La hermana del desaparecido, Jos\u00e9 Antero L\u00f3pez Gonz\u00e1lez, expres\u00f3 \u201cNos llevaron agentes de la Procuradur\u00eda de Quer\u00e9taro de una forma donde nosotros no llev\u00e1bamos nada\u2026 ellos nos hicieron irnos y nos presionaban para irnos a Veracruz\u201d.<\/p>\n<p>\u201cAl llegar a Veracruz nosotros encontramos la Fiscal\u00eda cerrada, nadie se encontraba de guardia, nadie nos estaba esperando, est\u00e1bamos esperando, con el fr\u00edo, sin comer, sin ropa, afuera de la Fiscal\u00eda\u201d. Expuso.<\/p>\n<p>En tanto, la hermana de Raymundo Rico Arias intervino: \u201clas palabras del fiscal en la ciudad de Veracruz fueron que ellos nada m\u00e1s hab\u00edan solicitado una colaboraci\u00f3n a la PGJ de Quer\u00e9taro para que se les proporcionara informaci\u00f3n sobre nuestros hermanos, las palabras del fiscal fueron: yo no ped\u00ed presentar a las familias\u201d.<\/p>\n<p>Los familiares de Raymundo y Jos\u00e9 Antero rechazan que se trate de sus seres queridos, debido a que a\u00fan no les han practicado un examen para cotejar el material gen\u00e9tico con el de los cad\u00e1veres que fueron hallados.<\/p>\n<p>\u201cLa Fiscal\u00eda de Veracruz no puede aceptar que son ellos porque no les han hecho ning\u00fan examen, nada\u2026 es jugar con los sentimientos de nosotros como personas\u201d, expusieron.<\/p>\n<p>Mientras tanto, la hermana de Raymundo afirm\u00f3 \u201cno reconocemos esos cuerpos de los cuales est\u00e1n hablando y la Procuradur\u00eda est\u00e1 asegurando que son nuestros hermanos\u2026 en ning\u00fan momento la Fiscal\u00eda de Veracruz afirm\u00f3 que los dos cuerpos encontrados desde el 2012, que aun van a ser exhumados, sean nuestros hermanos\u201d.<\/p>\n<p>De manera precisa y terminante Brenda Rangel Ortiz, representante de la asociaci\u00f3n Desaparecidos Justicia, exigi\u00f3:<\/p>\n<p>\u201c\u00a1Estamos hartos y cansados de tus mentiras Pancho Dom\u00ednguez!, prometi\u00f3 reuni\u00f3n con las familias de los desaparecidos\u2026 esa reuni\u00f3n no ha llegado\u201d.<\/p>\n<p>\u201c\u2026\u00bfC\u00f3mo pide que sigamos confiando? si su procurador no est\u00e1 procurando justicia, son totalmente mentira, tras mentira, tras mentira y enga\u00f1o con todas nuestras familias, no podemos continuar as\u00ed\u2026 Le estamos pidiendo desde hace meses un interlocutor que pueda tomar decisiones, no queremos que se sigan \u2018aventando la bolita\u2019, diciendo mentiras\u2026.no sirve su gabinete, no sirve la gente que tiene\u201d.<\/p>\n<p>HACEN CARAVANA<br \/>\nUn grupo de aproximadamente 200 personas realizaron una caravana con cerca de 50 autom\u00f3viles para orar por las personas desaparecidas de Quer\u00e9taro.<\/p>\n<p>La movilizaci\u00f3n inici\u00f3 al norte de la ciudad de Quer\u00e9taro, en la tienda SAM\u2019S Club, ubicada a un costado del Bulevar Bernardo Quintana.<\/p>\n<p>Los amigos y familiares de las personas desaparecidas avanzaron hacia el sur de la ciudad, hasta la carretera M\u00e9xico-Quer\u00e9taro, la avenida 5 de Febrero y el Bulevar Bernardo Quintana, hasta de regreso al punto de partida.<\/p>\n<p>La iniciativa la tuvieron allegados a la familia de Yosheline, una joven de 19 a\u00f1os de edad, desaparecida desde el 11 de diciembre.<\/p>\n<p>\u201c\u00a1Queremos justicia, no mentiras!\u201d, reclaman al procurador de Quer\u00e9taro<br \/>\nHacen oraci\u00f3n por desaparecidos.<br \/>\nEn la caravana participaron integrantes de por lo menos 8 Iglesias, antes de comenzar se reunieron para orar por Lysette, la madre de Yosheline, y por familiares de desaparecidos.<\/p>\n<p>Otra caravana con aproximadamente 15 autom\u00f3viles con integrantes de la organizaci\u00f3n Desaparecidos Justicia parti\u00f3 tambi\u00e9n de la tienda pero con rumbo al centro de la ciudad por la calle de Corregidora para llegar a Ju\u00e1rez y continuar por Constituyentes hacia el poniente hasta 5 de Febrero.<\/p>\n<p>Ambas caravanas continuaron juntas hasta llegar al punto donde partieron.<\/p>\n<p>Ah\u00ed oraron por los desaparecidos y convocaron a realizar m\u00e1s reuniones de oraci\u00f3n.<\/p>\n<p>Al un\u00edsono expresaron: \u201cEl Se\u00f1or es mi pastor, nada me faltar\u00e1. En lugares de delicados pastos me har\u00e1 descansar; Junto a aguas de reposo me pastorear\u00e1. Confortar\u00e1 mi alma; Me guiar\u00e1 por sendas de justicia por amor de su nombre. Aunque ande en valle de sombra de muerte, no temer\u00e9 mal alguno, porque t\u00fa estar\u00e1s conmigo\u2026\u201d<\/p>\n<p>Tambi\u00e9n dieron a conocer el comienzo de la actividad de oraci\u00f3n por 21 d\u00edas, denominada \u201cO21\u201d, pidiendo por el desempe\u00f1o de las autoridades y por los desaparecidos.<\/p>\n<p><a href=\"http:\/\/www.libertaddepalabra.com\/2016\/01\/queremos-justicia-no-mentiras-reclama-desaparecidos-justicia-a-c-en-queretaro-2\/\" target=\"_blank\">www.libertaddepalabra.com\/2016\/01\/queremos-justicia-no-mentiras-reclama-desaparecidos-justicia-a-c-en-queretaro-2\/<\/a><\/p>\n","protected":false},"excerpt":{"rendered":"<p>Gildardo Jacinto Garc\u00eda\/Libertad de palabra De manera innecesaria familiares de personas desaparecidas fueron llevados a Veracruz. \u201c\u00a1Queremos justicia, no mentiras!\u201d, reclaman al procurador de Quer\u00e9taro Quer\u00e9taro, Qro.- \u201cYa no confiamos &hellip; <a href=\"http:\/\/www.grieta.org.mx\/index.php\/2016\/01\/21\/queremos-justicia-no-mentiras-reclama-desaparecidos-justicia-a-c-en-queretaro\/\" class=\"more-link\">Leer m\u00e1s<\/a><\/p>\n","protected":false},"author":2,"featured_media":21928,"comment_status":"closed","ping_status":"open","sticky":false,"template":"","format":"standard","meta":{"ngg_post_thumbnail":0,"_jetpack_newsletter_access":"","_jetpack_dont_email_post_to_subs":false,"_jetpack_newsletter_tier_id":0,"_jetpack_memberships_contains_paywalled_content":false,"_jetpack_memberships_contains_paid_content":false,"footnotes":""},"categories":[80,359],"tags":[121],"class_list":["post-4619","post","type-post","status-publish","format-standard","has-post-thumbnail","hentry","category-cintillo","category-queretaro","tag-desaparecidos","entry"],"jetpack_featured_media_url":"http:\/\/www.grieta.org.mx\/wp-content\/uploads\/2018\/03\/14524434_1106112876131411_958039263622046936_o.jpg","jetpack_sharing_enabled":true,"jetpack_shortlink":"https:\/\/wp.me\/p7ZJR4-1cv","jetpack_likes_enabled":false,"jetpack-related-posts":[{"id":21258,"url":"http:\/\/www.grieta.org.mx\/index.php\/2015\/11\/20\/planta-procurador-de-queretaro-a-familiares-de-desaparecidos\/","url_meta":{"origin":4619,"position":0},"title":"Planta procurador de Quer\u00e9taro a familiares de desaparecidos","author":"grieta","date":"20 noviembre, 2015","format":false,"excerpt":"Redacci\u00f3n\/Libertad de palabra Quer\u00e9taro, Qro.- Brenda Rangel Ortiz, de la organizaci\u00f3n Desaparecidos Justicia A.C., denunci\u00f3 que por segunda ocasi\u00f3n el titular de la Procuradur\u00eda General de Justicia de Quer\u00e9taro, Alejandro Echeverr\u00eda Cornejo, dej\u00f3 plantada a la comisi\u00f3n de familias que buscan a sus seres queridos. \u201cHoy nuevamente nos volvi\u00f3 a\u2026","rel":"","context":"En &quot;CINTILLO&quot;","block_context":{"text":"CINTILLO","link":"http:\/\/www.grieta.org.mx\/index.php\/category\/cintillo\/"},"img":{"alt_text":"","src":"https:\/\/i0.wp.com\/www.grieta.org.mx\/wp-content\/uploads\/2018\/03\/14524434_1106112876131411_958039263622046936_o.jpg?resize=350%2C200","width":350,"height":200,"srcset":"https:\/\/i0.wp.com\/www.grieta.org.mx\/wp-content\/uploads\/2018\/03\/14524434_1106112876131411_958039263622046936_o.jpg?resize=350%2C200 1x, https:\/\/i0.wp.com\/www.grieta.org.mx\/wp-content\/uploads\/2018\/03\/14524434_1106112876131411_958039263622046936_o.jpg?resize=525%2C300 1.5x, https:\/\/i0.wp.com\/www.grieta.org.mx\/wp-content\/uploads\/2018\/03\/14524434_1106112876131411_958039263622046936_o.jpg?resize=700%2C400 2x"},"classes":[]},{"id":4618,"url":"http:\/\/www.grieta.org.mx\/index.php\/2016\/09\/01\/desaparecidos-en-queretaro\/","url_meta":{"origin":4619,"position":1},"title":"Desaparecidos en Quer\u00e9taro","author":"grieta","date":"1 septiembre, 2016","format":false,"excerpt":"01\/09\/16. En Sinaloa reportan 90 casos de desaparecidos de Quer\u00e9taro Libertad de palabra 09\/08\/16. La Fiscal\u00eda de Quer\u00e9taro difunde como \u201cse\u00f1a particular\u201d que \u201cLe apodan \u2018La Cuquis\u2019\u201d Libertad de palabra 14\/06\/16. Quer\u00e9taro: Niega Gobierno panista desapariciones forzadas Libertad de palabra 21\/01\/16. \"\u00a1Queremos justicia, no mentiras!\u201d, reclama Desaparecidos Justicia A.C. en\u2026","rel":"","context":"En &quot;Desaparecidos&quot;","block_context":{"text":"Desaparecidos","link":"http:\/\/www.grieta.org.mx\/index.php\/category\/temas-nacionales\/desaparecidos\/"},"img":{"alt_text":"","src":"https:\/\/i0.wp.com\/www.grieta.org.mx\/wp-content\/uploads\/2018\/03\/14524434_1106112876131411_958039263622046936_o.jpg?resize=350%2C200","width":350,"height":200,"srcset":"https:\/\/i0.wp.com\/www.grieta.org.mx\/wp-content\/uploads\/2018\/03\/14524434_1106112876131411_958039263622046936_o.jpg?resize=350%2C200 1x, https:\/\/i0.wp.com\/www.grieta.org.mx\/wp-content\/uploads\/2018\/03\/14524434_1106112876131411_958039263622046936_o.jpg?resize=525%2C300 1.5x, https:\/\/i0.wp.com\/www.grieta.org.mx\/wp-content\/uploads\/2018\/03\/14524434_1106112876131411_958039263622046936_o.jpg?resize=700%2C400 2x"},"classes":[]},{"id":33425,"url":"http:\/\/www.grieta.org.mx\/index.php\/2019\/05\/11\/madres-de-desaparecidos-en-queretaro-exigen-justicia\/","url_meta":{"origin":4619,"position":2},"title":"Madres de desaparecidos en Quer\u00e9taro exigen justicia","author":"grieta","date":"11 mayo, 2019","format":false,"excerpt":"En la entidad tienen 398 casos documentados de personas desaparecidas, de acuerdo con el colectivo Desaparecidos Justicia Roxana Romero \/ am de Quer\u00e9taro El 10 de mayo de 2014 fue el \u00faltimo en que Guadalupe Valenzuela Palazuelos pudo cargar en sus piernas a su hijo, Jes\u00fas Alfonso Arg\u00fcelles, y escucharlo\u2026","rel":"","context":"En &quot;CINTILLO&quot;","block_context":{"text":"CINTILLO","link":"http:\/\/www.grieta.org.mx\/index.php\/category\/cintillo\/"},"img":{"alt_text":"","src":"https:\/\/i0.wp.com\/www.grieta.org.mx\/wp-content\/uploads\/2019\/05\/DESAPARECIDO-1.jpg?resize=350%2C200","width":350,"height":200,"srcset":"https:\/\/i0.wp.com\/www.grieta.org.mx\/wp-content\/uploads\/2019\/05\/DESAPARECIDO-1.jpg?resize=350%2C200 1x, https:\/\/i0.wp.com\/www.grieta.org.mx\/wp-content\/uploads\/2019\/05\/DESAPARECIDO-1.jpg?resize=525%2C300 1.5x, https:\/\/i0.wp.com\/www.grieta.org.mx\/wp-content\/uploads\/2019\/05\/DESAPARECIDO-1.jpg?resize=700%2C400 2x"},"classes":[]},{"id":41102,"url":"http:\/\/www.grieta.org.mx\/index.php\/2019\/11\/07\/tenemos-la-recomendacion-pero-lo-que-nosotros-queremos-es-a-hector-brenda-rangel-queretaro\/","url_meta":{"origin":4619,"position":3},"title":"\u201cTenemos la recomendaci\u00f3n, pero lo que nosotros queremos es a H\u00e9ctor\u201d: Brenda Rangel (Quer\u00e9taro)","author":"grieta","date":"7 noviembre, 2019","format":false,"excerpt":"Mauricio Hern\u00e1ndez \/ C\u00f3digo Quer\u00e9taro A punto de cumplirse 10 a\u00f1os sin que se conozca el paradero de H\u00e9ctor Rangel Ortiz, Irene Lugo Hern\u00e1ndez y Milton Hugo Aguilar Torres, la recomendaci\u00f3n emitida por la Comisi\u00f3n Nacional de los Derechos Humanos (CNDH) ha causado sorpresa entre los familiares de los tres\u2026","rel":"","context":"En &quot;Abuso policiaco y tortura en Quer\u00e9taro&quot;","block_context":{"text":"Abuso policiaco y tortura en Quer\u00e9taro","link":"http:\/\/www.grieta.org.mx\/index.php\/category\/noticias-nacionales\/queretaro\/abuso-policiaco-y-tortura-en-queretaro\/"},"img":{"alt_text":"","src":"https:\/\/i0.wp.com\/www.grieta.org.mx\/wp-content\/uploads\/2019\/11\/%E2%80%9CTenemos-la-recomendaci%C3%B3n-pero-lo-que-nosotros-queremos-es-a-H%C3%A9ctor%E2%80%9D-Brenda-Rangel-qro-nov.png?resize=350%2C200","width":350,"height":200,"srcset":"https:\/\/i0.wp.com\/www.grieta.org.mx\/wp-content\/uploads\/2019\/11\/%E2%80%9CTenemos-la-recomendaci%C3%B3n-pero-lo-que-nosotros-queremos-es-a-H%C3%A9ctor%E2%80%9D-Brenda-Rangel-qro-nov.png?resize=350%2C200 1x, https:\/\/i0.wp.com\/www.grieta.org.mx\/wp-content\/uploads\/2019\/11\/%E2%80%9CTenemos-la-recomendaci%C3%B3n-pero-lo-que-nosotros-queremos-es-a-H%C3%A9ctor%E2%80%9D-Brenda-Rangel-qro-nov.png?resize=525%2C300 1.5x"},"classes":[]},{"id":33065,"url":"http:\/\/www.grieta.org.mx\/index.php\/2019\/05\/08\/se-pronunciaran-madres-con-hijos-desaparecidos-este-10-de-mayo-en-queretaro\/","url_meta":{"origin":4619,"position":4},"title":"Se pronunciar\u00e1n madres con hijos desaparecidos este 10 de mayo en Quer\u00e9taro","author":"grieta","date":"8 mayo, 2019","format":false,"excerpt":"Mariana Villalobos \/ Quadratin Quer\u00e9taro QUER\u00c9TARO, Qro., 8 de mayo de 2019.- Adem\u00e1s de participar en la marcha que se realiza en la ciudad de M\u00e9xico y en donde participan familias de todo el pa\u00eds, las madres queretanas que tienen un hijo desaparecido realizar\u00e1n un pronunciamiento al exterior del Palacio\u2026","rel":"","context":"En &quot;CINTILLO&quot;","block_context":{"text":"CINTILLO","link":"http:\/\/www.grieta.org.mx\/index.php\/category\/cintillo\/"},"img":{"alt_text":"","src":"https:\/\/i0.wp.com\/www.grieta.org.mx\/wp-content\/uploads\/2019\/05\/Dignidad-Nacional-buscando-Justicia-International_EDIIMA20130610_0211_4-1160x700.jpg?resize=350%2C200","width":350,"height":200,"srcset":"https:\/\/i0.wp.com\/www.grieta.org.mx\/wp-content\/uploads\/2019\/05\/Dignidad-Nacional-buscando-Justicia-International_EDIIMA20130610_0211_4-1160x700.jpg?resize=350%2C200 1x, https:\/\/i0.wp.com\/www.grieta.org.mx\/wp-content\/uploads\/2019\/05\/Dignidad-Nacional-buscando-Justicia-International_EDIIMA20130610_0211_4-1160x700.jpg?resize=525%2C300 1.5x, https:\/\/i0.wp.com\/www.grieta.org.mx\/wp-content\/uploads\/2019\/05\/Dignidad-Nacional-buscando-Justicia-International_EDIIMA20130610_0211_4-1160x700.jpg?resize=700%2C400 2x, https:\/\/i0.wp.com\/www.grieta.org.mx\/wp-content\/uploads\/2019\/05\/Dignidad-Nacional-buscando-Justicia-International_EDIIMA20130610_0211_4-1160x700.jpg?resize=1050%2C600 3x"},"classes":[]},{"id":21254,"url":"http:\/\/www.grieta.org.mx\/index.php\/2016\/09\/01\/en-sinaloa-reportan-90-casos-de-desaparecidos-de-queretaro\/","url_meta":{"origin":4619,"position":5},"title":"En Sinaloa reportan 90 casos de desaparecidos de Quer\u00e9taro","author":"grieta","date":"1 septiembre, 2016","format":false,"excerpt":"Iv\u00e1n Aldama Garnica\/Libertad de palabra Quer\u00e9taro, Qro.- El Gobierno de Sinaloa difunde una base de datos con 90 personas desaparecidas, en el estado de Quer\u00e9taro. En el aparto \u201cDesaparecidos\u201d de su secci\u00f3n \u201cServicios a la Comunidad\u201d muestran un mapa de los 32 estados del pa\u00eds que contienen informaci\u00f3n de personas\u2026","rel":"","context":"En &quot;CINTILLO&quot;","block_context":{"text":"CINTILLO","link":"http:\/\/www.grieta.org.mx\/index.php\/category\/cintillo\/"},"img":{"alt_text":"","src":"https:\/\/i0.wp.com\/www.grieta.org.mx\/wp-content\/uploads\/2018\/03\/14524434_1106112876131411_958039263622046936_o.jpg?resize=350%2C200","width":350,"height":200,"srcset":"https:\/\/i0.wp.com\/www.grieta.org.mx\/wp-content\/uploads\/2018\/03\/14524434_1106112876131411_958039263622046936_o.jpg?resize=350%2C200 1x, https:\/\/i0.wp.com\/www.grieta.org.mx\/wp-content\/uploads\/2018\/03\/14524434_1106112876131411_958039263622046936_o.jpg?resize=525%2C300 1.5x, https:\/\/i0.wp.com\/www.grieta.org.mx\/wp-content\/uploads\/2018\/03\/14524434_1106112876131411_958039263622046936_o.jpg?resize=700%2C400 2x"},"classes":[]}],"_links":{"self":[{"href":"http:\/\/www.grieta.org.mx\/index.php\/wp-json\/wp\/v2\/posts\/4619","targetHints":{"allow":["GET"]}}],"collection":[{"href":"http:\/\/www.grieta.org.mx\/index.php\/wp-json\/wp\/v2\/posts"}],"about":[{"href":"http:\/\/www.grieta.org.mx\/index.php\/wp-json\/wp\/v2\/types\/post"}],"author":[{"embeddable":true,"href":"http:\/\/www.grieta.org.mx\/index.php\/wp-json\/wp\/v2\/users\/2"}],"replies":[{"embeddable":true,"href":"http:\/\/www.grieta.org.mx\/index.php\/wp-json\/wp\/v2\/comments?post=4619"}],"version-history":[{"count":1,"href":"http:\/\/www.grieta.org.mx\/index.php\/wp-json\/wp\/v2\/posts\/4619\/revisions"}],"predecessor-version":[{"id":4620,"href":"http:\/\/www.grieta.org.mx\/index.php\/wp-json\/wp\/v2\/posts\/4619\/revisions\/4620"}],"wp:featuredmedia":[{"embeddable":true,"href":"http:\/\/www.grieta.org.mx\/index.php\/wp-json\/wp\/v2\/media\/21928"}],"wp:attachment":[{"href":"http:\/\/www.grieta.org.mx\/index.php\/wp-json\/wp\/v2\/media?parent=4619"}],"wp:term":[{"taxonomy":"category","embeddable":true,"href":"http:\/\/www.grieta.org.mx\/index.php\/wp-json\/wp\/v2\/categories?post=4619"},{"taxonomy":"post_tag","embeddable":true,"href":"http:\/\/www.grieta.org.mx\/index.php\/wp-json\/wp\/v2\/tags?post=4619"}],"curies":[{"name":"wp","href":"https:\/\/api.w.org\/{rel}","templated":true}]}}