{"id":4612,"date":"2015-07-07T04:22:19","date_gmt":"2015-07-07T04:22:19","guid":{"rendered":"http:\/\/50.22.11.12\/~grietaor\/?p=4612"},"modified":"2016-03-25T04:24:05","modified_gmt":"2016-03-25T04:24:05","slug":"empresa-maniobra-para-continuar-destruccion-del-cerro-el-fortin-oaxaca","status":"publish","type":"post","link":"http:\/\/www.grieta.org.mx\/index.php\/2015\/07\/07\/empresa-maniobra-para-continuar-destruccion-del-cerro-el-fortin-oaxaca\/","title":{"rendered":"Empresa maniobra para continuar destrucci\u00f3n del cerro El Fort\u00edn, Oaxaca"},"content":{"rendered":"<p>Desinform\u00e9monos<\/p>\n<p>Las obras en el cerro El Fort\u00edn, en Oaxaca, para la construcci\u00f3n del Centro Cultural y de Convenciones, fueron suspendidas temporalmente por el presidente municipal de Oaxaca, Javier Villaca\u00f1a, no obstante el Fideicomiso para el Desarrollo Log\u00edstico del Estado de Oaxaca (Fidelo) hizo p\u00fablico el expediente completo de los trabajos del centro cultural, que incluye el Manifiesto de Impacto Ambiental, los certificados de la consulta ciudadana, las escrituras del predio, incluso el an\u00e1lisis de factibilidad realizado por el Servicio Geol\u00f3gico Mexicano en la zona, difundido en la p\u00e1gina oficial de la empresa y que permitir\u00eda continuar con las obras.<\/p>\n<p>Los opositores a la construcci\u00f3n del Centro Cultural, se han tenido que enfrentar a los grupos de choque que defienden los intereses del gobierno y de la empresa Trena, encargada de la obra, manifest\u00f3 Juan Jos\u00e9 Consejo Due\u00f1as, director del Instituto de la Naturaleza y la sociedad de Oaxaca. Agrupados en el Frente en Defensa del Cerro El Fort\u00edn, exigen la cancelaci\u00f3n de la obra por considerar que no responde a los intereses y demandas de la poblaci\u00f3n.<\/p>\n<p>\u201cEl cerro El Fort\u00edn, tiene un gran valor simb\u00f3lico, hist\u00f3rico, cultural y ambiental. Es un lugar emblem\u00e1tico para los oaxaque\u00f1os, pero resulta muy fr\u00e1gil porque est\u00e1 asediado por el crecimiento desmedido de la ciudad\u201d, expres\u00f3 Consejo Due\u00f1as.<\/p>\n<p>En el cerro, la empresa Trena pretende construir un edificio para el Centro de Convenciones, redise\u00f1o del auditorio Guelaguetza, estacionamiento, redise\u00f1o de la escalinata y ruta de acceso peatonal, y soluci\u00f3n vial en la carretera federal, lo cual se desarrollar\u00e1 en una superficie total de 94 mil 914 metros cuadrados.<\/p>\n<p>Aunque la empresa present\u00f3 el expediente completo de la obra, para el director del Instituto de la Naturaleza, a\u00fan falta una audiencia p\u00fablica que tiene que convocar el juez para decidir si se otorga un amparo para los demandantes que exigen la cancelaci\u00f3n de las obras y qu\u00e9 va a suceder con la violaci\u00f3n del gobierno a la suspensi\u00f3n de \u00e9stas.<\/p>\n<p>Adem\u00e1s hay un proceso adicional por una denuncia ante el Ministerio P\u00fablico (PM) por las agresiones durante las protestas en el cerro, en el que result\u00f3 herida una persona, asimismo una denuncia colectiva, porque grupos de choque lanzaron cohetes a la gente en la \u00faltima protesta contra el proyecto.<\/p>\n<p>Los da\u00f1os ocasionados por los trabajadores Trena ser\u00e1n irreparables. La empresa tal\u00f3 \u00e1rboles de m\u00e1s de cincuenta a\u00f1os de vida. La obra tendr\u00e1 lugar en una zona con una falla geol\u00f3gica y \u00e1rea natural protegida, aunque el Manifiesto de Impacto Ambiental fue concedido por el Instituto Estatal de Ecolog\u00eda y Desarrollo Sustentable (IEEDS) el 19 de enero de este a\u00f1o.<\/p>\n<p>Los opositores han denunciado que esta obra no es un proyecto integral y no cuenta con el consentimiento libre, previo e informado de los vecinos y la ciudadan\u00eda, a pesar de que en la documentaci\u00f3n presentada, la empresa alega que la Secretar\u00eda de Turismo y Desarrollo Econ\u00f3mico (Styde), realiz\u00f3 las consultas ciudadanas.<\/p>\n<p>A un d\u00eda del inicio de los trabajos de construcci\u00f3n, el Parque de la Amistad desapareci\u00f3 del entorno. Contrario a la inconformidad vecinal de quienes habitan en la Colonia Guelaguetza, los trabajos de construcci\u00f3n no se detuvieron.<\/p>\n<p>Una de las exigencias de los opositores es un di\u00e1logo p\u00fablico con la empresa y las autoridades de la entidad, para que informen a la comunidad sobre el proyecto, refiri\u00f3 Juan Jos\u00e9 Consejo.<\/p>\n<p>El frente es un conjunto muy amplio de al menos sesenta organizaciones, de muchos sectores de Oaxaca, algunas se fueron encontrando en el camino y la participaci\u00f3n del pintor Francisco Toledo, permiti\u00f3 la participaci\u00f3n de otros sectores. \u201cEl Frente es un espacio apartidista y horizontal y nuestro objetivo es poder conservar el cerro, luchamos para que Oaxaca sea un lugar sustentable, que se lleve bien con la naturaleza y que sea convivial, es decir, que se pueda acceder a los espacios p\u00fablicos\u201d, expres\u00f3 Consejo Due\u00f1a.<\/p>\n<p>Las afectaciones de la obra no son s\u00f3lo en ese espacio, son en todo el entorno, explic\u00f3 el integrante del frente y agreg\u00f3 ellos exigen que sea una obra sustentable e integral, que tenga en cuenta los factores de riesgo, porque ah\u00ed hay una gran falla geol\u00f3gica.<\/p>\n<p>Con el anuncio de la construcci\u00f3n del Centro de Convenciones, cadenas hoteleras ya hacen arribo a la capital oaxaque\u00f1a. La obra ha sido criticada por las irregularidades, los opositores exigen al gobierno que el proyecto sea presentado a la sociedad y que lo deje de hacer en la sombra.<\/p>\n<p><a href=\"http:\/\/desinformemonos.org.mx\/2015\/07\/continua-la-lucha-por-la-defensa-del-cerro-el-fortin-en-oaxaca-a-pesar-de-que-la-empresa-alega-contar-con-toda-la-documentacion\/\" target=\"_blank\">desinformemonos.org.mx\/2015\/07\/continua-la-lucha-por-la-defensa-del-cerro-el-fortin-en-oaxaca-a-pesar-de-que-la-empresa-alega-contar-con-toda-la-documentacion\/<\/a><\/p>\n","protected":false},"excerpt":{"rendered":"<p>Desinform\u00e9monos Las obras en el cerro El Fort\u00edn, en Oaxaca, para la construcci\u00f3n del Centro Cultural y de Convenciones, fueron suspendidas temporalmente por el presidente municipal de Oaxaca, Javier Villaca\u00f1a, &hellip; <a href=\"http:\/\/www.grieta.org.mx\/index.php\/2015\/07\/07\/empresa-maniobra-para-continuar-destruccion-del-cerro-el-fortin-oaxaca\/\" class=\"more-link\">Leer m\u00e1s<\/a><\/p>\n","protected":false},"author":2,"featured_media":21928,"comment_status":"closed","ping_status":"open","sticky":false,"template":"","format":"standard","meta":{"ngg_post_thumbnail":0,"_jetpack_newsletter_access":"","_jetpack_dont_email_post_to_subs":false,"_jetpack_newsletter_tier_id":0,"_jetpack_memberships_contains_paywalled_content":false,"_jetpack_memberships_contains_paid_content":false,"footnotes":""},"categories":[80],"tags":[154,184,93,130],"class_list":["post-4612","post","type-post","status-publish","format-standard","has-post-thumbnail","hentry","category-cintillo","tag-areas-naturales-protegidas","tag-despojo","tag-oaxaca","tag-represion","entry"],"jetpack_featured_media_url":"http:\/\/www.grieta.org.mx\/wp-content\/uploads\/2018\/03\/14524434_1106112876131411_958039263622046936_o.jpg","jetpack_sharing_enabled":true,"jetpack_shortlink":"https:\/\/wp.me\/p7ZJR4-1co","jetpack_likes_enabled":false,"jetpack-related-posts":[{"id":4680,"url":"http:\/\/www.grieta.org.mx\/index.php\/2015\/10\/02\/appj-pide-a-gabino-cue-no-construir-centro-de-convenciones-en-cerro-de-fortin\/","url_meta":{"origin":4612,"position":0},"title":"APPJ pide a Gabino Cu\u00e9 no construir Centro de Convenciones en Cerro de Fort\u00edn","author":"grieta","date":"2 octubre, 2015","format":false,"excerpt":"Diana Manzo, Oaxaca. 2 de octubre.-JUCHIT\u00c1N,OAX.-Integrantes de la Asamblea Popular del Pueblo Juchiteco (APPJ) hicieron un llamado urgente al gobierno del estado de Oaxaca, Gabino Cu\u00e9 Monteagudo para que para que evite continuar con la construcci\u00f3n del Centro de Convenciones en el Cerro del Fort\u00edn, el cual aseguraron es patrimonio\u2026","rel":"","context":"En &quot;CINTILLO&quot;","block_context":{"text":"CINTILLO","link":"http:\/\/www.grieta.org.mx\/index.php\/category\/cintillo\/"},"img":{"alt_text":"","src":"https:\/\/i0.wp.com\/www.grieta.org.mx\/wp-content\/uploads\/2018\/03\/14524434_1106112876131411_958039263622046936_o.jpg?resize=350%2C200","width":350,"height":200,"srcset":"https:\/\/i0.wp.com\/www.grieta.org.mx\/wp-content\/uploads\/2018\/03\/14524434_1106112876131411_958039263622046936_o.jpg?resize=350%2C200 1x, https:\/\/i0.wp.com\/www.grieta.org.mx\/wp-content\/uploads\/2018\/03\/14524434_1106112876131411_958039263622046936_o.jpg?resize=525%2C300 1.5x, https:\/\/i0.wp.com\/www.grieta.org.mx\/wp-content\/uploads\/2018\/03\/14524434_1106112876131411_958039263622046936_o.jpg?resize=700%2C400 2x"},"classes":[]},{"id":4607,"url":"http:\/\/www.grieta.org.mx\/index.php\/2015\/10\/21\/oaxaquenos-resisten-a-la-destruccion-del-cerro-del-fortin\/","url_meta":{"origin":4612,"position":1},"title":"Oaxaque\u00f1os resisten a la destrucci\u00f3n del Cerro del Fort\u00edn","author":"grieta","date":"21 octubre, 2015","format":false,"excerpt":"21\/10\/15. Cu\u00e9 renuncia a construir en el Cerro del Fort\u00edn; cambia sede del Centro de Convenciones Proceso 06\/10\/15. Desde las esferas del gobierno amenazan a Francisco Toledo y Sergio Hern\u00e1ndez por oponerse al Centro de Convenciones P\u00e1gina 3 03\/10\/15. Caprichos personales o pol\u00edticos no deben obstaculizar el CCCO, dice dirigente\u2026","rel":"","context":"En &quot;\u00c1reas naturales protegidas&quot;","block_context":{"text":"\u00c1reas naturales protegidas","link":"http:\/\/www.grieta.org.mx\/index.php\/category\/megaproyectos\/areas-naturales-protegidas\/"},"img":{"alt_text":"","src":"https:\/\/i0.wp.com\/www.grieta.org.mx\/wp-content\/uploads\/2018\/03\/14524434_1106112876131411_958039263622046936_o.jpg?resize=350%2C200","width":350,"height":200,"srcset":"https:\/\/i0.wp.com\/www.grieta.org.mx\/wp-content\/uploads\/2018\/03\/14524434_1106112876131411_958039263622046936_o.jpg?resize=350%2C200 1x, https:\/\/i0.wp.com\/www.grieta.org.mx\/wp-content\/uploads\/2018\/03\/14524434_1106112876131411_958039263622046936_o.jpg?resize=525%2C300 1.5x, https:\/\/i0.wp.com\/www.grieta.org.mx\/wp-content\/uploads\/2018\/03\/14524434_1106112876131411_958039263622046936_o.jpg?resize=700%2C400 2x"},"classes":[]},{"id":4676,"url":"http:\/\/www.grieta.org.mx\/index.php\/2015\/09\/08\/expertos-argumentan-inviabilidad-del-ccco-en-el-cerro-del-fortin\/","url_meta":{"origin":4612,"position":2},"title":"Expertos argumentan inviabilidad del CCCO en el Cerro del Fort\u00edn","author":"grieta","date":"8 septiembre, 2015","format":false,"excerpt":"David Yeudel, Oaxaca. Un grupo de expertos en la materia, convocados por el Patronato Pro Defensa y Conservaci\u00f3n del Patrimonio Cultural y Natural de Oaxaca (Pro-Oax), presidida por el maestro Francisco Toledo, explicaron t\u00e9cnicamente sobre la inviabilidad de la construcci\u00f3n del Centro cultural y de Convenciones de Oaxaca en el\u2026","rel":"","context":"En &quot;CINTILLO&quot;","block_context":{"text":"CINTILLO","link":"http:\/\/www.grieta.org.mx\/index.php\/category\/cintillo\/"},"img":{"alt_text":"","src":"https:\/\/i0.wp.com\/www.grieta.org.mx\/wp-content\/uploads\/2018\/03\/14524434_1106112876131411_958039263622046936_o.jpg?resize=350%2C200","width":350,"height":200,"srcset":"https:\/\/i0.wp.com\/www.grieta.org.mx\/wp-content\/uploads\/2018\/03\/14524434_1106112876131411_958039263622046936_o.jpg?resize=350%2C200 1x, https:\/\/i0.wp.com\/www.grieta.org.mx\/wp-content\/uploads\/2018\/03\/14524434_1106112876131411_958039263622046936_o.jpg?resize=525%2C300 1.5x, https:\/\/i0.wp.com\/www.grieta.org.mx\/wp-content\/uploads\/2018\/03\/14524434_1106112876131411_958039263622046936_o.jpg?resize=700%2C400 2x"},"classes":[]},{"id":4666,"url":"http:\/\/www.grieta.org.mx\/index.php\/2015\/07\/14\/la-guerra-continua-advierte-frente-a-gobierno-de-oaxaca\/","url_meta":{"origin":4612,"position":3},"title":"La guerra contin\u00faa, advierte Frente a Gobierno de Oaxaca","author":"grieta","date":"14 julio, 2015","format":false,"excerpt":"Sonia V\u00e1squez, Oaxaca Oaxaca.- La guerra y la lucha por la defensa del Cerro del Fort\u00edn contin\u00faa, advierte el Frente en Defensa del Cerro del Fort\u00edn al Gobierno del Estado al se\u00f1alar que la resoluci\u00f3n del Juez Primero de Distrito, Miguel Arroyo Herrera que se reduce a fincar responsabilidades solo\u2026","rel":"","context":"En &quot;CINTILLO&quot;","block_context":{"text":"CINTILLO","link":"http:\/\/www.grieta.org.mx\/index.php\/category\/cintillo\/"},"img":{"alt_text":"","src":"https:\/\/i0.wp.com\/www.grieta.org.mx\/wp-content\/uploads\/2018\/03\/14524434_1106112876131411_958039263622046936_o.jpg?resize=350%2C200","width":350,"height":200,"srcset":"https:\/\/i0.wp.com\/www.grieta.org.mx\/wp-content\/uploads\/2018\/03\/14524434_1106112876131411_958039263622046936_o.jpg?resize=350%2C200 1x, https:\/\/i0.wp.com\/www.grieta.org.mx\/wp-content\/uploads\/2018\/03\/14524434_1106112876131411_958039263622046936_o.jpg?resize=525%2C300 1.5x, https:\/\/i0.wp.com\/www.grieta.org.mx\/wp-content\/uploads\/2018\/03\/14524434_1106112876131411_958039263622046936_o.jpg?resize=700%2C400 2x"},"classes":[]},{"id":4608,"url":"http:\/\/www.grieta.org.mx\/index.php\/2015\/06\/30\/frente-en-defensa-del-cerro-del-fortin-busca-clausurar-el-ccco\/","url_meta":{"origin":4612,"position":4},"title":"Frente en Defensa del Cerro del Fort\u00edn busca clausurar el CCCO","author":"grieta","date":"30 junio, 2015","format":false,"excerpt":"Jazm\u00edn G\u00f3mez, Oaxaca OAXACA, (pagina3.mx).- Desde las 10:30 horas en las escaleras del Cerro del Fort\u00edn comenzaron a concentrarse integrantes de las 59 organizaciones que conforman el Frente en Defensa del Cerro del Fort\u00edn para llevar a cabo la clausura ciudadana del Centro Cultural y de Convenciones de Oaxaca que\u2026","rel":"","context":"En &quot;CINTILLO&quot;","block_context":{"text":"CINTILLO","link":"http:\/\/www.grieta.org.mx\/index.php\/category\/cintillo\/"},"img":{"alt_text":"","src":"https:\/\/i0.wp.com\/www.grieta.org.mx\/wp-content\/uploads\/2018\/03\/14524434_1106112876131411_958039263622046936_o.jpg?resize=350%2C200","width":350,"height":200,"srcset":"https:\/\/i0.wp.com\/www.grieta.org.mx\/wp-content\/uploads\/2018\/03\/14524434_1106112876131411_958039263622046936_o.jpg?resize=350%2C200 1x, https:\/\/i0.wp.com\/www.grieta.org.mx\/wp-content\/uploads\/2018\/03\/14524434_1106112876131411_958039263622046936_o.jpg?resize=525%2C300 1.5x, https:\/\/i0.wp.com\/www.grieta.org.mx\/wp-content\/uploads\/2018\/03\/14524434_1106112876131411_958039263622046936_o.jpg?resize=700%2C400 2x"},"classes":[]},{"id":4614,"url":"http:\/\/www.grieta.org.mx\/index.php\/2015\/07\/07\/tres-razones-para-oponerse-al-centro-de-convenciones-en-el-cerro-del-fortin\/","url_meta":{"origin":4612,"position":5},"title":"Tres razones para oponerse al Centro de Convenciones en el cerro del Fort\u00edn","author":"grieta","date":"7 julio, 2015","format":false,"excerpt":"Elisa Ruiz Hern\u00e1ndez, Oaxaca OAXACA, Oax. (sucedi\u00f3enoaxaca.com).- Juan Jos\u00e9 Consejo Due\u00f1as, director del Instituto de la Naturaleza y la Sociedad de Oaxaca (INSO), con m\u00e1s de 30 a\u00f1os de experiencia en la protecci\u00f3n de \u00e1reas naturales protegidas, advierte que una obra de las dimensiones del Centro Cultural y de Convenciones\u2026","rel":"","context":"En &quot;CINTILLO&quot;","block_context":{"text":"CINTILLO","link":"http:\/\/www.grieta.org.mx\/index.php\/category\/cintillo\/"},"img":{"alt_text":"","src":"https:\/\/i0.wp.com\/www.grieta.org.mx\/wp-content\/uploads\/2018\/03\/14524434_1106112876131411_958039263622046936_o.jpg?resize=350%2C200","width":350,"height":200,"srcset":"https:\/\/i0.wp.com\/www.grieta.org.mx\/wp-content\/uploads\/2018\/03\/14524434_1106112876131411_958039263622046936_o.jpg?resize=350%2C200 1x, https:\/\/i0.wp.com\/www.grieta.org.mx\/wp-content\/uploads\/2018\/03\/14524434_1106112876131411_958039263622046936_o.jpg?resize=525%2C300 1.5x, https:\/\/i0.wp.com\/www.grieta.org.mx\/wp-content\/uploads\/2018\/03\/14524434_1106112876131411_958039263622046936_o.jpg?resize=700%2C400 2x"},"classes":[]}],"_links":{"self":[{"href":"http:\/\/www.grieta.org.mx\/index.php\/wp-json\/wp\/v2\/posts\/4612","targetHints":{"allow":["GET"]}}],"collection":[{"href":"http:\/\/www.grieta.org.mx\/index.php\/wp-json\/wp\/v2\/posts"}],"about":[{"href":"http:\/\/www.grieta.org.mx\/index.php\/wp-json\/wp\/v2\/types\/post"}],"author":[{"embeddable":true,"href":"http:\/\/www.grieta.org.mx\/index.php\/wp-json\/wp\/v2\/users\/2"}],"replies":[{"embeddable":true,"href":"http:\/\/www.grieta.org.mx\/index.php\/wp-json\/wp\/v2\/comments?post=4612"}],"version-history":[{"count":1,"href":"http:\/\/www.grieta.org.mx\/index.php\/wp-json\/wp\/v2\/posts\/4612\/revisions"}],"predecessor-version":[{"id":4613,"href":"http:\/\/www.grieta.org.mx\/index.php\/wp-json\/wp\/v2\/posts\/4612\/revisions\/4613"}],"wp:featuredmedia":[{"embeddable":true,"href":"http:\/\/www.grieta.org.mx\/index.php\/wp-json\/wp\/v2\/media\/21928"}],"wp:attachment":[{"href":"http:\/\/www.grieta.org.mx\/index.php\/wp-json\/wp\/v2\/media?parent=4612"}],"wp:term":[{"taxonomy":"category","embeddable":true,"href":"http:\/\/www.grieta.org.mx\/index.php\/wp-json\/wp\/v2\/categories?post=4612"},{"taxonomy":"post_tag","embeddable":true,"href":"http:\/\/www.grieta.org.mx\/index.php\/wp-json\/wp\/v2\/tags?post=4612"}],"curies":[{"name":"wp","href":"https:\/\/api.w.org\/{rel}","templated":true}]}}