{"id":4608,"date":"2015-06-30T04:14:48","date_gmt":"2015-06-30T04:14:48","guid":{"rendered":"http:\/\/50.22.11.12\/~grietaor\/?p=4608"},"modified":"2016-03-25T04:17:08","modified_gmt":"2016-03-25T04:17:08","slug":"frente-en-defensa-del-cerro-del-fortin-busca-clausurar-el-ccco","status":"publish","type":"post","link":"http:\/\/www.grieta.org.mx\/index.php\/2015\/06\/30\/frente-en-defensa-del-cerro-del-fortin-busca-clausurar-el-ccco\/","title":{"rendered":"Frente en Defensa del Cerro del Fort\u00edn busca clausurar el CCCO"},"content":{"rendered":"<p>Jazm\u00edn G\u00f3mez, Oaxaca<\/p>\n<p>OAXACA, (pagina3.mx).- Desde las 10:30 horas en las escaleras del Cerro del Fort\u00edn comenzaron a concentrarse integrantes de las 59 organizaciones que conforman el Frente en Defensa del Cerro del Fort\u00edn para llevar a cabo la clausura ciudadana del Centro Cultural y de Convenciones de Oaxaca que encabez\u00f3 el pintor Francisco Toledo.<\/p>\n<p>\u201cEl cerro del fort\u00edn est\u00e1 enclavado hoy en el coraz\u00f3n de Oaxaca, ah\u00ed late. Ayer punto militar, Morelos y D\u00edaz siempre escenario de batallas, siempre en defensa de Oaxaca, el cerro del fort\u00edn constituye una esencia innegable de la identidad de las y los oaxaque\u00f1os y representa un s\u00edmbolo de unidad que estamos llamados a defender\u201d, se\u00f1alaron los manifestantes.<\/p>\n<p>Aseguraron que es leg\u00edtimo derecho de la ciudadan\u00eda oaxaque\u00f1a, el frente y sociedad civil declarar clausura de manera simb\u00f3lica y pac\u00edfica la obra del CCCO en el cerro del fort\u00edn.<\/p>\n<p>Explicaron que el proyecto afecta un ecosistema que comprende 87.99 hect\u00e1reas de reserva natural protegida, da\u00f1a la captaci\u00f3n de agua, la prevenci\u00f3n contra los deslaves y regulaci\u00f3n clim\u00e1tica de la ciudad, elimina \u00e1reas de bosques de encino, matorral Xer\u00f3filo y Selva Baja, merma el h\u00e1bitad de 90 especies de plantas y cerca de 85 especies animales y se vertir\u00e1n 15 mil metros cuadrados de concreto en el cerro.<\/p>\n<p>Asimismo se\u00f1alaron que est\u00e1n en contra de \u201cedificaciones monstruosas, mal planeadas y costosas que acaban con las \u00e1reas naturales de la ciudad\u201d y en contra de abuso del poder.<\/p>\n<p>Explicaron que la obra no cuenta con estudios de impacto ambiental y urbano, vialidad, seguridad y riesgo y movilidad urbana, no es una obra con consulta previa, libre e informada, hay falta de transparencia y conflictos de intereses.<\/p>\n<p>Ricardo Villavicencio de la colonia Guelaguetza; Macario Otalo Padilla del FPR, fueron algunos de los asistentes.<\/p>\n<p>La acci\u00f3n fue vigilada por cinco visitadores de la Defensor\u00eda de Derechos Humanos del Pueblo de Oaxaca para observar actuaci\u00f3n de funcionarios p\u00fablicos ante cualquier violaci\u00f3n a derechos humanos.<\/p>\n<p>Personas con list\u00f3n verde fueron las designadas a garantizar la seguridad de quienes acudieron al llamado mediante la convocatoria para hacer la clausura ciudadana pac\u00edfica. Al llegar al Parque de la Amistad, como hormigas, integrantes de la CTM fueron bajando del Cerro del Fort\u00edn y se apostaron en las entradas para evitar el ingreso del frente.<\/p>\n<p><a href=\"http:\/\/pagina3.mx\/2015\/06\/frente-en-defensa-del-cerro-del-fortin-busca-clausurar-el-ccco\/\" target=\"_blank\">pagina3.mx\/2015\/06\/frente-en-defensa-del-cerro-del-fortin-busca-clausurar-el-ccco\/<\/a><\/p>\n","protected":false},"excerpt":{"rendered":"<p>Jazm\u00edn G\u00f3mez, Oaxaca OAXACA, (pagina3.mx).- Desde las 10:30 horas en las escaleras del Cerro del Fort\u00edn comenzaron a concentrarse integrantes de las 59 organizaciones que conforman el Frente en Defensa &hellip; <a href=\"http:\/\/www.grieta.org.mx\/index.php\/2015\/06\/30\/frente-en-defensa-del-cerro-del-fortin-busca-clausurar-el-ccco\/\" class=\"more-link\">Leer m\u00e1s<\/a><\/p>\n","protected":false},"author":2,"featured_media":21928,"comment_status":"closed","ping_status":"open","sticky":false,"template":"","format":"standard","meta":{"ngg_post_thumbnail":0,"_jetpack_newsletter_access":"","_jetpack_dont_email_post_to_subs":false,"_jetpack_newsletter_tier_id":0,"_jetpack_memberships_contains_paywalled_content":false,"_jetpack_memberships_contains_paid_content":false,"footnotes":""},"categories":[80],"tags":[154,184,93],"class_list":["post-4608","post","type-post","status-publish","format-standard","has-post-thumbnail","hentry","category-cintillo","tag-areas-naturales-protegidas","tag-despojo","tag-oaxaca","entry"],"jetpack_featured_media_url":"http:\/\/www.grieta.org.mx\/wp-content\/uploads\/2018\/03\/14524434_1106112876131411_958039263622046936_o.jpg","jetpack_sharing_enabled":true,"jetpack_shortlink":"https:\/\/wp.me\/p7ZJR4-1ck","jetpack_likes_enabled":false,"jetpack-related-posts":[{"id":4607,"url":"http:\/\/www.grieta.org.mx\/index.php\/2015\/10\/21\/oaxaquenos-resisten-a-la-destruccion-del-cerro-del-fortin\/","url_meta":{"origin":4608,"position":0},"title":"Oaxaque\u00f1os resisten a la destrucci\u00f3n del Cerro del Fort\u00edn","author":"grieta","date":"21 octubre, 2015","format":false,"excerpt":"21\/10\/15. Cu\u00e9 renuncia a construir en el Cerro del Fort\u00edn; cambia sede del Centro de Convenciones Proceso 06\/10\/15. Desde las esferas del gobierno amenazan a Francisco Toledo y Sergio Hern\u00e1ndez por oponerse al Centro de Convenciones P\u00e1gina 3 03\/10\/15. Caprichos personales o pol\u00edticos no deben obstaculizar el CCCO, dice dirigente\u2026","rel":"","context":"En &quot;\u00c1reas naturales protegidas&quot;","block_context":{"text":"\u00c1reas naturales protegidas","link":"http:\/\/www.grieta.org.mx\/index.php\/category\/megaproyectos\/areas-naturales-protegidas\/"},"img":{"alt_text":"","src":"https:\/\/i0.wp.com\/www.grieta.org.mx\/wp-content\/uploads\/2018\/03\/14524434_1106112876131411_958039263622046936_o.jpg?resize=350%2C200","width":350,"height":200,"srcset":"https:\/\/i0.wp.com\/www.grieta.org.mx\/wp-content\/uploads\/2018\/03\/14524434_1106112876131411_958039263622046936_o.jpg?resize=350%2C200 1x, https:\/\/i0.wp.com\/www.grieta.org.mx\/wp-content\/uploads\/2018\/03\/14524434_1106112876131411_958039263622046936_o.jpg?resize=525%2C300 1.5x, https:\/\/i0.wp.com\/www.grieta.org.mx\/wp-content\/uploads\/2018\/03\/14524434_1106112876131411_958039263622046936_o.jpg?resize=700%2C400 2x"},"classes":[]},{"id":4666,"url":"http:\/\/www.grieta.org.mx\/index.php\/2015\/07\/14\/la-guerra-continua-advierte-frente-a-gobierno-de-oaxaca\/","url_meta":{"origin":4608,"position":1},"title":"La guerra contin\u00faa, advierte Frente a Gobierno de Oaxaca","author":"grieta","date":"14 julio, 2015","format":false,"excerpt":"Sonia V\u00e1squez, Oaxaca Oaxaca.- La guerra y la lucha por la defensa del Cerro del Fort\u00edn contin\u00faa, advierte el Frente en Defensa del Cerro del Fort\u00edn al Gobierno del Estado al se\u00f1alar que la resoluci\u00f3n del Juez Primero de Distrito, Miguel Arroyo Herrera que se reduce a fincar responsabilidades solo\u2026","rel":"","context":"En &quot;CINTILLO&quot;","block_context":{"text":"CINTILLO","link":"http:\/\/www.grieta.org.mx\/index.php\/category\/cintillo\/"},"img":{"alt_text":"","src":"https:\/\/i0.wp.com\/www.grieta.org.mx\/wp-content\/uploads\/2018\/03\/14524434_1106112876131411_958039263622046936_o.jpg?resize=350%2C200","width":350,"height":200,"srcset":"https:\/\/i0.wp.com\/www.grieta.org.mx\/wp-content\/uploads\/2018\/03\/14524434_1106112876131411_958039263622046936_o.jpg?resize=350%2C200 1x, https:\/\/i0.wp.com\/www.grieta.org.mx\/wp-content\/uploads\/2018\/03\/14524434_1106112876131411_958039263622046936_o.jpg?resize=525%2C300 1.5x, https:\/\/i0.wp.com\/www.grieta.org.mx\/wp-content\/uploads\/2018\/03\/14524434_1106112876131411_958039263622046936_o.jpg?resize=700%2C400 2x"},"classes":[]},{"id":4680,"url":"http:\/\/www.grieta.org.mx\/index.php\/2015\/10\/02\/appj-pide-a-gabino-cue-no-construir-centro-de-convenciones-en-cerro-de-fortin\/","url_meta":{"origin":4608,"position":2},"title":"APPJ pide a Gabino Cu\u00e9 no construir Centro de Convenciones en Cerro de Fort\u00edn","author":"grieta","date":"2 octubre, 2015","format":false,"excerpt":"Diana Manzo, Oaxaca. 2 de octubre.-JUCHIT\u00c1N,OAX.-Integrantes de la Asamblea Popular del Pueblo Juchiteco (APPJ) hicieron un llamado urgente al gobierno del estado de Oaxaca, Gabino Cu\u00e9 Monteagudo para que para que evite continuar con la construcci\u00f3n del Centro de Convenciones en el Cerro del Fort\u00edn, el cual aseguraron es patrimonio\u2026","rel":"","context":"En &quot;CINTILLO&quot;","block_context":{"text":"CINTILLO","link":"http:\/\/www.grieta.org.mx\/index.php\/category\/cintillo\/"},"img":{"alt_text":"","src":"https:\/\/i0.wp.com\/www.grieta.org.mx\/wp-content\/uploads\/2018\/03\/14524434_1106112876131411_958039263622046936_o.jpg?resize=350%2C200","width":350,"height":200,"srcset":"https:\/\/i0.wp.com\/www.grieta.org.mx\/wp-content\/uploads\/2018\/03\/14524434_1106112876131411_958039263622046936_o.jpg?resize=350%2C200 1x, https:\/\/i0.wp.com\/www.grieta.org.mx\/wp-content\/uploads\/2018\/03\/14524434_1106112876131411_958039263622046936_o.jpg?resize=525%2C300 1.5x, https:\/\/i0.wp.com\/www.grieta.org.mx\/wp-content\/uploads\/2018\/03\/14524434_1106112876131411_958039263622046936_o.jpg?resize=700%2C400 2x"},"classes":[]},{"id":4612,"url":"http:\/\/www.grieta.org.mx\/index.php\/2015\/07\/07\/empresa-maniobra-para-continuar-destruccion-del-cerro-el-fortin-oaxaca\/","url_meta":{"origin":4608,"position":3},"title":"Empresa maniobra para continuar destrucci\u00f3n del cerro El Fort\u00edn, Oaxaca","author":"grieta","date":"7 julio, 2015","format":false,"excerpt":"Desinform\u00e9monos Las obras en el cerro El Fort\u00edn, en Oaxaca, para la construcci\u00f3n del Centro Cultural y de Convenciones, fueron suspendidas temporalmente por el presidente municipal de Oaxaca, Javier Villaca\u00f1a, no obstante el Fideicomiso para el Desarrollo Log\u00edstico del Estado de Oaxaca (Fidelo) hizo p\u00fablico el expediente completo de los\u2026","rel":"","context":"En &quot;CINTILLO&quot;","block_context":{"text":"CINTILLO","link":"http:\/\/www.grieta.org.mx\/index.php\/category\/cintillo\/"},"img":{"alt_text":"","src":"https:\/\/i0.wp.com\/www.grieta.org.mx\/wp-content\/uploads\/2018\/03\/14524434_1106112876131411_958039263622046936_o.jpg?resize=350%2C200","width":350,"height":200,"srcset":"https:\/\/i0.wp.com\/www.grieta.org.mx\/wp-content\/uploads\/2018\/03\/14524434_1106112876131411_958039263622046936_o.jpg?resize=350%2C200 1x, https:\/\/i0.wp.com\/www.grieta.org.mx\/wp-content\/uploads\/2018\/03\/14524434_1106112876131411_958039263622046936_o.jpg?resize=525%2C300 1.5x, https:\/\/i0.wp.com\/www.grieta.org.mx\/wp-content\/uploads\/2018\/03\/14524434_1106112876131411_958039263622046936_o.jpg?resize=700%2C400 2x"},"classes":[]},{"id":4614,"url":"http:\/\/www.grieta.org.mx\/index.php\/2015\/07\/07\/tres-razones-para-oponerse-al-centro-de-convenciones-en-el-cerro-del-fortin\/","url_meta":{"origin":4608,"position":4},"title":"Tres razones para oponerse al Centro de Convenciones en el cerro del Fort\u00edn","author":"grieta","date":"7 julio, 2015","format":false,"excerpt":"Elisa Ruiz Hern\u00e1ndez, Oaxaca OAXACA, Oax. (sucedi\u00f3enoaxaca.com).- Juan Jos\u00e9 Consejo Due\u00f1as, director del Instituto de la Naturaleza y la Sociedad de Oaxaca (INSO), con m\u00e1s de 30 a\u00f1os de experiencia en la protecci\u00f3n de \u00e1reas naturales protegidas, advierte que una obra de las dimensiones del Centro Cultural y de Convenciones\u2026","rel":"","context":"En &quot;CINTILLO&quot;","block_context":{"text":"CINTILLO","link":"http:\/\/www.grieta.org.mx\/index.php\/category\/cintillo\/"},"img":{"alt_text":"","src":"https:\/\/i0.wp.com\/www.grieta.org.mx\/wp-content\/uploads\/2018\/03\/14524434_1106112876131411_958039263622046936_o.jpg?resize=350%2C200","width":350,"height":200,"srcset":"https:\/\/i0.wp.com\/www.grieta.org.mx\/wp-content\/uploads\/2018\/03\/14524434_1106112876131411_958039263622046936_o.jpg?resize=350%2C200 1x, https:\/\/i0.wp.com\/www.grieta.org.mx\/wp-content\/uploads\/2018\/03\/14524434_1106112876131411_958039263622046936_o.jpg?resize=525%2C300 1.5x, https:\/\/i0.wp.com\/www.grieta.org.mx\/wp-content\/uploads\/2018\/03\/14524434_1106112876131411_958039263622046936_o.jpg?resize=700%2C400 2x"},"classes":[]},{"id":4676,"url":"http:\/\/www.grieta.org.mx\/index.php\/2015\/09\/08\/expertos-argumentan-inviabilidad-del-ccco-en-el-cerro-del-fortin\/","url_meta":{"origin":4608,"position":5},"title":"Expertos argumentan inviabilidad del CCCO en el Cerro del Fort\u00edn","author":"grieta","date":"8 septiembre, 2015","format":false,"excerpt":"David Yeudel, Oaxaca. Un grupo de expertos en la materia, convocados por el Patronato Pro Defensa y Conservaci\u00f3n del Patrimonio Cultural y Natural de Oaxaca (Pro-Oax), presidida por el maestro Francisco Toledo, explicaron t\u00e9cnicamente sobre la inviabilidad de la construcci\u00f3n del Centro cultural y de Convenciones de Oaxaca en el\u2026","rel":"","context":"En &quot;CINTILLO&quot;","block_context":{"text":"CINTILLO","link":"http:\/\/www.grieta.org.mx\/index.php\/category\/cintillo\/"},"img":{"alt_text":"","src":"https:\/\/i0.wp.com\/www.grieta.org.mx\/wp-content\/uploads\/2018\/03\/14524434_1106112876131411_958039263622046936_o.jpg?resize=350%2C200","width":350,"height":200,"srcset":"https:\/\/i0.wp.com\/www.grieta.org.mx\/wp-content\/uploads\/2018\/03\/14524434_1106112876131411_958039263622046936_o.jpg?resize=350%2C200 1x, https:\/\/i0.wp.com\/www.grieta.org.mx\/wp-content\/uploads\/2018\/03\/14524434_1106112876131411_958039263622046936_o.jpg?resize=525%2C300 1.5x, https:\/\/i0.wp.com\/www.grieta.org.mx\/wp-content\/uploads\/2018\/03\/14524434_1106112876131411_958039263622046936_o.jpg?resize=700%2C400 2x"},"classes":[]}],"_links":{"self":[{"href":"http:\/\/www.grieta.org.mx\/index.php\/wp-json\/wp\/v2\/posts\/4608","targetHints":{"allow":["GET"]}}],"collection":[{"href":"http:\/\/www.grieta.org.mx\/index.php\/wp-json\/wp\/v2\/posts"}],"about":[{"href":"http:\/\/www.grieta.org.mx\/index.php\/wp-json\/wp\/v2\/types\/post"}],"author":[{"embeddable":true,"href":"http:\/\/www.grieta.org.mx\/index.php\/wp-json\/wp\/v2\/users\/2"}],"replies":[{"embeddable":true,"href":"http:\/\/www.grieta.org.mx\/index.php\/wp-json\/wp\/v2\/comments?post=4608"}],"version-history":[{"count":1,"href":"http:\/\/www.grieta.org.mx\/index.php\/wp-json\/wp\/v2\/posts\/4608\/revisions"}],"predecessor-version":[{"id":4609,"href":"http:\/\/www.grieta.org.mx\/index.php\/wp-json\/wp\/v2\/posts\/4608\/revisions\/4609"}],"wp:featuredmedia":[{"embeddable":true,"href":"http:\/\/www.grieta.org.mx\/index.php\/wp-json\/wp\/v2\/media\/21928"}],"wp:attachment":[{"href":"http:\/\/www.grieta.org.mx\/index.php\/wp-json\/wp\/v2\/media?parent=4608"}],"wp:term":[{"taxonomy":"category","embeddable":true,"href":"http:\/\/www.grieta.org.mx\/index.php\/wp-json\/wp\/v2\/categories?post=4608"},{"taxonomy":"post_tag","embeddable":true,"href":"http:\/\/www.grieta.org.mx\/index.php\/wp-json\/wp\/v2\/tags?post=4608"}],"curies":[{"name":"wp","href":"https:\/\/api.w.org\/{rel}","templated":true}]}}