{"id":4602,"date":"2015-10-29T03:58:36","date_gmt":"2015-10-29T03:58:36","guid":{"rendered":"http:\/\/50.22.11.12\/~grietaor\/?p=4602"},"modified":"2016-03-25T04:01:11","modified_gmt":"2016-03-25T04:01:11","slug":"marchan-mas-de-mil-trabajadores-de-salud-en-comitancillo","status":"publish","type":"post","link":"http:\/\/www.grieta.org.mx\/index.php\/2015\/10\/29\/marchan-mas-de-mil-trabajadores-de-salud-en-comitancillo\/","title":{"rendered":"Marchan m\u00e1s de mil trabajadores de salud en Comitancillo"},"content":{"rendered":"<p>Diana Manzo, Oaxaca<\/p>\n<p>#Comitancillo 29 oct (#istmopress).- M\u00e1s de mil trabajadores de los Servicios de Salud de Oaxaca de 18 delegaciones sindicales en el Istmo de Tehuantepec marcharon para repudiar hechos contra una medico pasante, quien fue atacada sexual y f\u00edsicamente en el municipio de San Pedro Comitancillo el pasado 22 de octubre.<\/p>\n<p>Vestidos de blanco y otros uniformados , enfermeras, m\u00e9dicos, personal administrativo y de intendencia se concentraron a muy temprana hora en el acceso principal de la localidad , con pancartas en mano y altavoces caminaron hacia la explana principal.<\/p>\n<p>Tomados de la mano simulando una cadena irrompible, una veintena de pasantes de las escuelas de medicina del Instituto Polit\u00e9cnico Nacional, la UABJO, URSE, Cecyte y otras instituciones portaron pancartas entintadas con leyendas de \u00a1Justicia! \u00a1Ni un pasante m\u00e1s!.<\/p>\n<p>El contingente estuvo encabezado por integrantes de la subsecci\u00f3n 02 Istmo adscritos al sindicato Nacional de Trabajadores del Sector Salud y de la jurisdicci\u00f3n sanitaria n\u00famero quienes vociferaban a todo pulm\u00f3n \u00a1Justicia! Y m\u00e1s Justicia.<\/p>\n<p>La marcha sigui\u00f3 su camino hasta llegar a la explanada del palacio municipal, en donde comenz\u00f3 un mitin y una exigencia para las autoridades municipales que encabeza el alcalde Vicente S\u00e1nchez Cruz, del Istmo de Tehuantepec y del estado de Oaxaca.<\/p>\n<p>Juan Orozco Moreno, secretario general del Hospital General de Juchit\u00e1n tom\u00f3 los micr\u00f3fonos y exigi\u00f3 justicia para la joven medica, qui\u00e9n ten\u00eda dos meses de haber llegado a la unidad de salud de San Pedro Comitancillo.<\/p>\n<p>Resalt\u00f3 que las autoridades municipales y los Servicios de Salud de Oaxaca, son los responsables directos de que los pasantes m\u00e9dicos tengan atenci\u00f3n y seguridad para practicar sus conocimiento.<\/p>\n<p>El segundo en tomar la palabra, el doctor Rodolfo Mart\u00ednez Altamirano, secretario general de la subsecci\u00f3n 02 dijo que hasta la fecha ninguna autoridad de justicia se ha acercado para informar si hay avances en la investigaci\u00f3n.<\/p>\n<p>Los \u00e1nimos del millar de los trabajadores sub\u00edan de tono y m\u00e1s a\u00fan con el intenso calor de casi 40 grados que resplandeci\u00f3 en la plazuela del palacio municipal, quienes vociferaban \u00a1Qu\u00e9 baje el presidente municipal! \u00a1Que nos d\u00e9 la cara el alcalde!.<\/p>\n<p>La porra del polit\u00e9cnico no pudo pasar desapercibido, con toda la fuerza, los j\u00f3venes pasantes lo entonaron como solidaridad para su compa\u00f1era que en ese momento revelaron su nombre \u201cItzel\u201d.<\/p>\n<p>Emmanuel Cervantes, uno de los once pasantes de medicina del IPN qui\u00e9n lleg\u00f3 junto con \u201cIztel\u201d al Istmo de Tehuantepec, tom\u00f3 la palabra a nombre de sus compa\u00f1eros y expres\u00f3 que esta marcha es de indignaci\u00f3n y terror por los hechos ocurridos contra su compa\u00f1era.<\/p>\n<p>\u201cEs triste saber que no gozamos ni de una \u201cpizca\u201d de seguridad, tenemos coraje y enojo, adem\u00e1s de mucho miedo, muchos de nosotros estamos en la misma situaci\u00f3n que nuestra compa\u00f1era, sin seguridad, a la deriva de lo que nos pueda pasar, es necesario cambios para los que hacemos nuestro servicio social tanto en horarios como en las plazas\u201d, expres\u00f3.<\/p>\n<p>El joven m\u00e9dico dijo que los pasantes son \u201cun gremio olvidado\u201d, trabajan sin descansar adem\u00e1s de que no gozan de los privilegios de los sindicalizados y tampoco de seguridad, que es lo que ahora les preocupa.<\/p>\n<p>INCREPAN AL ALCALDE A LA FUERZA.<\/p>\n<p>Desde el estrado, los trabajadores segu\u00edan haciendo el llamado a la autoridad municipal, una comisi\u00f3n de ellos subi\u00f3 a la segunda planta del palacio municipal a solicitar una cita, pero al ver que el edil se neg\u00f3 a bajar, un grupo de trabajadores subi\u00f3 a la fuerza para bajarlo.<\/p>\n<p>De los brazos, casi una veintena de trabajadores, hombres y mujeres descendieron de la segunda planta, sin que los elementos de la polic\u00eda municipal pudieran evitarlo y de forma obligada el alcalde subi\u00f3 a la tarima.<\/p>\n<p>Con gritos de repudio e indignaci\u00f3n, el alcalde Vicente S\u00e1nchez en un tono de titubeo y casi temblando dirigi\u00f3 unas palabras a los presentes, se\u00f1alando que las investigaciones siguen su cauce y que por lo pronto no puede detener a ninguna persona.<\/p>\n<p>De la multitud, una mujer tom\u00f3 la palabra y expres\u00f3 \u201cTodos nos llamamos Itzel, sabemos que ella dio se\u00f1as de sus cinco agresores, no es posible que el pueblo de Comitancillo y la autoridad no hagan nada, los llamamos c\u00f3mplices\u201d.<\/p>\n<p>Despu\u00e9s de casi 20 minutos de estar dialogando y exigiendo respuesta, los trabajadores del Sector Salud acordaron marchar este jueves en la ciudad de Santo Domingo Tehuantepec donde se ubica la subprocuradur\u00eda de Justicia en el Istmo de Tehuantepec en donde tambi\u00e9n encabezar\u00e1 el contingente la autoridad municipal.<\/p>\n<p>El servicio a la salud en la Cl\u00ednica est\u00e1 suspendido con el acuerdo verbal de que los m\u00e9dicos y enfermeras no regresaran hasta que se haya detenido a los cinco j\u00f3venes que se presume cometieron este acto contra la medica pasante.<\/p>\n<p><a href=\"http:\/\/www.istmopress.com.mx\/istmo\/marchan-mas-de-mil-trabajadores-de-salud-en-comitancillo\/\" target=\"_blank\">www.istmopress.com.mx\/istmo\/marchan-mas-de-mil-trabajadores-de-salud-en-comitancillo\/<\/a><\/p>\n","protected":false},"excerpt":{"rendered":"<p>Diana Manzo, Oaxaca #Comitancillo 29 oct (#istmopress).- M\u00e1s de mil trabajadores de los Servicios de Salud de Oaxaca de 18 delegaciones sindicales en el Istmo de Tehuantepec marcharon para repudiar &hellip; <a href=\"http:\/\/www.grieta.org.mx\/index.php\/2015\/10\/29\/marchan-mas-de-mil-trabajadores-de-salud-en-comitancillo\/\" class=\"more-link\">Leer m\u00e1s<\/a><\/p>\n","protected":false},"author":2,"featured_media":21928,"comment_status":"closed","ping_status":"open","sticky":false,"template":"","format":"standard","meta":{"ngg_post_thumbnail":0,"_jetpack_newsletter_access":"","_jetpack_dont_email_post_to_subs":false,"_jetpack_newsletter_tier_id":0,"_jetpack_memberships_contains_paywalled_content":false,"_jetpack_memberships_contains_paid_content":false,"footnotes":""},"categories":[80],"tags":[174,93,149],"class_list":["post-4602","post","type-post","status-publish","format-standard","has-post-thumbnail","hentry","category-cintillo","tag-derechos-humanos","tag-oaxaca","tag-salud","entry"],"jetpack_featured_media_url":"http:\/\/www.grieta.org.mx\/wp-content\/uploads\/2018\/03\/14524434_1106112876131411_958039263622046936_o.jpg","jetpack_sharing_enabled":true,"jetpack_shortlink":"https:\/\/wp.me\/p7ZJR4-1ce","jetpack_likes_enabled":false,"jetpack-related-posts":[{"id":4600,"url":"http:\/\/www.grieta.org.mx\/index.php\/2015\/10\/27\/paran-labores-trabajadores-del-sector-salud-en-el-istmo-exigen-justicia-por-medica-que-sufrio-abuso-sexual-y-fisico\/","url_meta":{"origin":4602,"position":0},"title":"Paran labores trabajadores del Sector Salud en el Istmo, exigen justicia por m\u00e9dica que sufri\u00f3 abuso sexual y f\u00edsico","author":"grieta","date":"27 octubre, 2015","format":false,"excerpt":"Diana Manzo, Oaxaca JUCHIT\u00c1N, OAX.- Trabajadores sindicalizados de los Servicios de Salud de Oaxaca adscritos al Sindicato Nacional de Trabajadores de la Salud (SNTS) secci\u00f3n 35 \u201cRegi\u00f3n Istmo\u201d, pararon labores en los siete hospitales y 143 centros de salud del Istmo de Tehuantepec para exigir a las autoridades de justicia\u2026","rel":"","context":"En &quot;CINTILLO&quot;","block_context":{"text":"CINTILLO","link":"http:\/\/www.grieta.org.mx\/index.php\/category\/cintillo\/"},"img":{"alt_text":"","src":"https:\/\/i0.wp.com\/www.grieta.org.mx\/wp-content\/uploads\/2018\/03\/14524434_1106112876131411_958039263622046936_o.jpg?resize=350%2C200","width":350,"height":200,"srcset":"https:\/\/i0.wp.com\/www.grieta.org.mx\/wp-content\/uploads\/2018\/03\/14524434_1106112876131411_958039263622046936_o.jpg?resize=350%2C200 1x, https:\/\/i0.wp.com\/www.grieta.org.mx\/wp-content\/uploads\/2018\/03\/14524434_1106112876131411_958039263622046936_o.jpg?resize=525%2C300 1.5x, https:\/\/i0.wp.com\/www.grieta.org.mx\/wp-content\/uploads\/2018\/03\/14524434_1106112876131411_958039263622046936_o.jpg?resize=700%2C400 2x"},"classes":[]},{"id":4598,"url":"http:\/\/www.grieta.org.mx\/index.php\/2015\/11\/05\/habitantes-del-istmo-y-trabajadores-de-salud-protestan-por-abuso-sexual-a-joven-medica\/","url_meta":{"origin":4602,"position":1},"title":"Habitantes del Istmo y trabajadores de salud protestan por abuso sexual a joven m\u00e9dica","author":"grieta","date":"5 noviembre, 2015","format":false,"excerpt":"05\/11\/15. Detienen a dos implicados en la violaci\u00f3n tumultuaria de pasante de Medicina en el Istmo de Tehuantepec P\u00e1gina 3 29\/10\/15. Marchan m\u00e1s de mil trabajadores de salud en Comitancillo Istmo Press 27\/10\/15. Paran labores trabajadores del Sector Salud en el Istmo, exigen justicia por m\u00e9dica que sufri\u00f3 abuso sexual\u2026","rel":"","context":"En &quot;NOTICIAS NACIONALES&quot;","block_context":{"text":"NOTICIAS NACIONALES","link":"http:\/\/www.grieta.org.mx\/index.php\/category\/noticias-nacionales\/"},"img":{"alt_text":"","src":"https:\/\/i0.wp.com\/www.grieta.org.mx\/wp-content\/uploads\/2018\/03\/14524434_1106112876131411_958039263622046936_o.jpg?resize=350%2C200","width":350,"height":200,"srcset":"https:\/\/i0.wp.com\/www.grieta.org.mx\/wp-content\/uploads\/2018\/03\/14524434_1106112876131411_958039263622046936_o.jpg?resize=350%2C200 1x, https:\/\/i0.wp.com\/www.grieta.org.mx\/wp-content\/uploads\/2018\/03\/14524434_1106112876131411_958039263622046936_o.jpg?resize=525%2C300 1.5x, https:\/\/i0.wp.com\/www.grieta.org.mx\/wp-content\/uploads\/2018\/03\/14524434_1106112876131411_958039263622046936_o.jpg?resize=700%2C400 2x"},"classes":[]},{"id":4143,"url":"http:\/\/www.grieta.org.mx\/index.php\/2015\/10\/26\/marchan-para-exigir-justicia-por-medica-que-sufrio-abuso-sexual\/","url_meta":{"origin":4602,"position":2},"title":"Marchan para exigir justicia por m\u00e9dica que sufri\u00f3 abuso sexual","author":"grieta","date":"26 octubre, 2015","format":false,"excerpt":"Diana Manzo, Oaxaca SAN PEDRO COMITANCILLO, OAX.- Unas 400 personas de la sociedad civil vestidas de blanco marcharon pac\u00edficamente para exigir justicia por el abuso sexual, f\u00edsico y psicol\u00f3gico que sufri\u00f3 una joven pasante de medicina y que estaba encargada del servicio nocturno en el centro de Salud del municipio\u2026","rel":"","context":"En &quot;CINTILLO&quot;","block_context":{"text":"CINTILLO","link":"http:\/\/www.grieta.org.mx\/index.php\/category\/cintillo\/"},"img":{"alt_text":"","src":"https:\/\/i0.wp.com\/www.grieta.org.mx\/wp-content\/uploads\/2018\/03\/14524434_1106112876131411_958039263622046936_o.jpg?resize=350%2C200","width":350,"height":200,"srcset":"https:\/\/i0.wp.com\/www.grieta.org.mx\/wp-content\/uploads\/2018\/03\/14524434_1106112876131411_958039263622046936_o.jpg?resize=350%2C200 1x, https:\/\/i0.wp.com\/www.grieta.org.mx\/wp-content\/uploads\/2018\/03\/14524434_1106112876131411_958039263622046936_o.jpg?resize=525%2C300 1.5x, https:\/\/i0.wp.com\/www.grieta.org.mx\/wp-content\/uploads\/2018\/03\/14524434_1106112876131411_958039263622046936_o.jpg?resize=700%2C400 2x"},"classes":[]},{"id":4604,"url":"http:\/\/www.grieta.org.mx\/index.php\/2015\/11\/05\/detienen-a-dos-implicados-en-la-violacion-tumultuaria-de-pasante-de-medicina-en-el-istmo-de-tehuantepec\/","url_meta":{"origin":4602,"position":3},"title":"Detienen a dos implicados en la violaci\u00f3n tumultuaria de pasante de Medicina en el Istmo de Tehuantepec","author":"grieta","date":"5 noviembre, 2015","format":false,"excerpt":"Pedro Mat\u00edas, Oaxaca OAXACA, Oax. (pagina3.mx).- Agentes Estatales de Investigaci\u00f3n (AEI) detuvieron a dos de los cinco individuos que violaron a una pasante de Medicina del Centro de Salud de San Pedro Comitancillo. Fue el pasado 30 de octubre cuando fueron detenidos Juan Diego Calder\u00f3n Toledo y H\u00e9ctor Ojeda L\u00f3pez,\u2026","rel":"","context":"En &quot;CINTILLO&quot;","block_context":{"text":"CINTILLO","link":"http:\/\/www.grieta.org.mx\/index.php\/category\/cintillo\/"},"img":{"alt_text":"","src":"https:\/\/i0.wp.com\/www.grieta.org.mx\/wp-content\/uploads\/2018\/03\/14524434_1106112876131411_958039263622046936_o.jpg?resize=350%2C200","width":350,"height":200,"srcset":"https:\/\/i0.wp.com\/www.grieta.org.mx\/wp-content\/uploads\/2018\/03\/14524434_1106112876131411_958039263622046936_o.jpg?resize=350%2C200 1x, https:\/\/i0.wp.com\/www.grieta.org.mx\/wp-content\/uploads\/2018\/03\/14524434_1106112876131411_958039263622046936_o.jpg?resize=525%2C300 1.5x, https:\/\/i0.wp.com\/www.grieta.org.mx\/wp-content\/uploads\/2018\/03\/14524434_1106112876131411_958039263622046936_o.jpg?resize=700%2C400 2x"},"classes":[]},{"id":69097,"url":"http:\/\/www.grieta.org.mx\/index.php\/2024\/05\/31\/arboles-si-paneles-no-instalacion-de-parque-solar-en-comitancillo-crea-controversia-social-oaxaca\/","url_meta":{"origin":4602,"position":4},"title":"\u201cArboles s\u00ed, paneles no\u201d: Instalaci\u00f3n de parque solar en Comitancillo crea controversia social (Oaxaca)","author":"grieta","date":"31 mayo, 2024","format":false,"excerpt":"Imagen: P\u00e1gina # Diana Manzi \/ P\u00e1gina 3 Diana Manzo Comitancillo, Oax.- Son las 6:00 de la ma\u00f1ana y el sol est\u00e1 resplandeciente iluminando\u00a0 a toda una comunidad. \u201cAc\u00e1 pega mucho el sol, casi siempre est\u00e1 iluminado, hoy augura ser caluroso, como en los anteriores d\u00edas\u201d, dice efusivo Marcos, un\u2026","rel":"","context":"En &quot;CINTILLO&quot;","block_context":{"text":"CINTILLO","link":"http:\/\/www.grieta.org.mx\/index.php\/category\/cintillo\/"},"img":{"alt_text":"","src":"https:\/\/i0.wp.com\/www.grieta.org.mx\/wp-content\/uploads\/2024\/06\/Proyecto-paneles-solares-en-Comitancillo.webp?resize=350%2C200","width":350,"height":200,"srcset":"https:\/\/i0.wp.com\/www.grieta.org.mx\/wp-content\/uploads\/2024\/06\/Proyecto-paneles-solares-en-Comitancillo.webp?resize=350%2C200 1x, https:\/\/i0.wp.com\/www.grieta.org.mx\/wp-content\/uploads\/2024\/06\/Proyecto-paneles-solares-en-Comitancillo.webp?resize=525%2C300 1.5x, https:\/\/i0.wp.com\/www.grieta.org.mx\/wp-content\/uploads\/2024\/06\/Proyecto-paneles-solares-en-Comitancillo.webp?resize=700%2C400 2x"},"classes":[]},{"id":62039,"url":"http:\/\/www.grieta.org.mx\/index.php\/2021\/09\/15\/personal-de-salud-protesta-por-el-despido-de-2-mil-100-trabadores-en-oaxaca\/","url_meta":{"origin":4602,"position":5},"title":"Personal de salud protesta por el despido de 2 mil 100 trabadores en Oaxaca","author":"grieta","date":"15 septiembre, 2021","format":false,"excerpt":"Proceso \/ Pedro Mat\u00edas. Trabajadores de la salud de Oaxaca comenzaron un paro laboral administrativo tras el despido de 2 mil 100 empleados que laboraban en \u00e1reas covid-19 o poblaciones rurales. OAXACA, Oax. (apro).- \u201cAntes h\u00e9roes, ahora desempleados\u201d, rezan las pancartas del personal de salud que este mi\u00e9rcoles empez\u00f3 a\u2026","rel":"","context":"En &quot;CINTILLO&quot;","block_context":{"text":"CINTILLO","link":"http:\/\/www.grieta.org.mx\/index.php\/category\/cintillo\/"},"img":{"alt_text":"","src":"https:\/\/i0.wp.com\/www.grieta.org.mx\/wp-content\/uploads\/2021\/09\/1-2.jpg?resize=350%2C200","width":350,"height":200,"srcset":"https:\/\/i0.wp.com\/www.grieta.org.mx\/wp-content\/uploads\/2021\/09\/1-2.jpg?resize=350%2C200 1x, https:\/\/i0.wp.com\/www.grieta.org.mx\/wp-content\/uploads\/2021\/09\/1-2.jpg?resize=525%2C300 1.5x, https:\/\/i0.wp.com\/www.grieta.org.mx\/wp-content\/uploads\/2021\/09\/1-2.jpg?resize=700%2C400 2x"},"classes":[]}],"_links":{"self":[{"href":"http:\/\/www.grieta.org.mx\/index.php\/wp-json\/wp\/v2\/posts\/4602","targetHints":{"allow":["GET"]}}],"collection":[{"href":"http:\/\/www.grieta.org.mx\/index.php\/wp-json\/wp\/v2\/posts"}],"about":[{"href":"http:\/\/www.grieta.org.mx\/index.php\/wp-json\/wp\/v2\/types\/post"}],"author":[{"embeddable":true,"href":"http:\/\/www.grieta.org.mx\/index.php\/wp-json\/wp\/v2\/users\/2"}],"replies":[{"embeddable":true,"href":"http:\/\/www.grieta.org.mx\/index.php\/wp-json\/wp\/v2\/comments?post=4602"}],"version-history":[{"count":1,"href":"http:\/\/www.grieta.org.mx\/index.php\/wp-json\/wp\/v2\/posts\/4602\/revisions"}],"predecessor-version":[{"id":4603,"href":"http:\/\/www.grieta.org.mx\/index.php\/wp-json\/wp\/v2\/posts\/4602\/revisions\/4603"}],"wp:featuredmedia":[{"embeddable":true,"href":"http:\/\/www.grieta.org.mx\/index.php\/wp-json\/wp\/v2\/media\/21928"}],"wp:attachment":[{"href":"http:\/\/www.grieta.org.mx\/index.php\/wp-json\/wp\/v2\/media?parent=4602"}],"wp:term":[{"taxonomy":"category","embeddable":true,"href":"http:\/\/www.grieta.org.mx\/index.php\/wp-json\/wp\/v2\/categories?post=4602"},{"taxonomy":"post_tag","embeddable":true,"href":"http:\/\/www.grieta.org.mx\/index.php\/wp-json\/wp\/v2\/tags?post=4602"}],"curies":[{"name":"wp","href":"https:\/\/api.w.org\/{rel}","templated":true}]}}