{"id":4600,"date":"2015-10-27T03:54:27","date_gmt":"2015-10-27T03:54:27","guid":{"rendered":"http:\/\/50.22.11.12\/~grietaor\/?p=4600"},"modified":"2016-03-25T03:55:40","modified_gmt":"2016-03-25T03:55:40","slug":"paran-labores-trabajadores-del-sector-salud-en-el-istmo-exigen-justicia-por-medica-que-sufrio-abuso-sexual-y-fisico","status":"publish","type":"post","link":"http:\/\/www.grieta.org.mx\/index.php\/2015\/10\/27\/paran-labores-trabajadores-del-sector-salud-en-el-istmo-exigen-justicia-por-medica-que-sufrio-abuso-sexual-y-fisico\/","title":{"rendered":"Paran labores trabajadores del Sector Salud en el Istmo, exigen justicia por m\u00e9dica que sufri\u00f3 abuso sexual y f\u00edsico"},"content":{"rendered":"<p>Diana Manzo, Oaxaca<\/p>\n<p>JUCHIT\u00c1N, OAX.- Trabajadores sindicalizados de los Servicios de Salud de Oaxaca adscritos al Sindicato Nacional de Trabajadores de la Salud (SNTS) secci\u00f3n 35 \u201cRegi\u00f3n Istmo\u201d, pararon labores en los siete hospitales y 143 centros de salud del Istmo de Tehuantepec para exigir a las autoridades de justicia esclarecer hechos de abuso sexual y f\u00edsico que sufri\u00f3 una pasante de medicina.<\/p>\n<p>Las y los trabajadores del sector salud lamentaron que la inseguridad que azota a la regi\u00f3n istme\u00f1a afecte la actividad del personal que brinda servicios a la salud en localidades, porque no existen condiciones de seguridad en las cl\u00ednicas y hospitales.<\/p>\n<p>Los hechos se registraron el pasado jueves 22 de Octubre, cuando la joven medica de 23 a\u00f1os se encontraba en guardia nocturna en el Centro de Salud de la comunidad de San Pedro Comitancillo, cuando fue atacada sexual y f\u00edsicamente por presuntamente cinco j\u00f3venes.<\/p>\n<p>La medico pasante, es originaria del distrito federal y de la facultad de medicina del Instituto Polit\u00e9cnico Nacional. Lleg\u00f3 a este centro de salud hace dos meses, en donde realizaba sus pr\u00e1cticas y brindaba atenci\u00f3n medica por las tardes, noches y fines de semana.<\/p>\n<p>Rodolfo Mart\u00ednez Altamirano, Secretario general de la subsecci\u00f3n 02 Istmo puntualiz\u00f3 que ante un hecho lamentable ocurrido la semana pasada en la localidad de San Pedro Comitancillo, la base de trabajadores exige respuesta a las autoridades de justicia.<\/p>\n<p>Se\u00f1al\u00f3 que no es posible que la inseguridad ahora ataque a los trabajadores del sector salud, cuando su \u00fanico objetivo es brindar atenci\u00f3n integral a la ciudadan\u00eda oaxaque\u00f1a.<\/p>\n<p>A\u00f1adi\u00f3 que esta acci\u00f3n de \u201cbrazos ca\u00eddos\u201d es para solidarizarse con su joven compa\u00f1era y tambi\u00e9n para exigir al gobierno de Oaxaca seguridad para las pr\u00e1cticas a la salud.<\/p>\n<p>\u201cNo podemos seguir trabajando en un ambiente inseguro, es la primera vez que ocurre este tipo de situaciones tan lamentables y repudiables, en nuestras mesas de trabajo siempre est\u00e1 impl\u00edcita que se garantice la seguridad del personal\u201d, sostuvo.<\/p>\n<p>Dijo que es tan lamentable que una joven practicante de medicina que haya vendido desde lejos a brindar atenci\u00f3n m\u00e9dica de calidad abandone su trabajo, porque unos \u201cj\u00f3venes\u201d dementes la hayan atacado sin escr\u00fapulos.<\/p>\n<p>El representante de los trabajadores sindicalizados anunci\u00f3 que para este mi\u00e9rcoles, toda la base trabajadora se trasladar\u00e1 al municipio de San Pedro Comitancillo, en donde realizaran una marcha para exigir justicia tanto a la autoridad municipal como a los responsables de hacer cumplir la ley en el estado de Oaxaca.<\/p>\n<p><a href=\"http:\/\/pagina3.mx\/2015\/10\/paran-labores-trabajadores-del-sector-salud-en-el-istmo-exigen-justicia-por-medica-que-sufrio-abuso-sexual-y-fisico\/\" target=\"_blank\">pagina3.mx\/2015\/10\/paran-labores-trabajadores-del-sector-salud-en-el-istmo-exigen-justicia-por-medica-que-sufrio-abuso-sexual-y-fisico\/<\/a><\/p>\n","protected":false},"excerpt":{"rendered":"<p>Diana Manzo, Oaxaca JUCHIT\u00c1N, OAX.- Trabajadores sindicalizados de los Servicios de Salud de Oaxaca adscritos al Sindicato Nacional de Trabajadores de la Salud (SNTS) secci\u00f3n 35 \u201cRegi\u00f3n Istmo\u201d, pararon labores &hellip; <a href=\"http:\/\/www.grieta.org.mx\/index.php\/2015\/10\/27\/paran-labores-trabajadores-del-sector-salud-en-el-istmo-exigen-justicia-por-medica-que-sufrio-abuso-sexual-y-fisico\/\" class=\"more-link\">Leer m\u00e1s<\/a><\/p>\n","protected":false},"author":2,"featured_media":21928,"comment_status":"closed","ping_status":"open","sticky":false,"template":"","format":"standard","meta":{"ngg_post_thumbnail":0,"_jetpack_newsletter_access":"","_jetpack_dont_email_post_to_subs":false,"_jetpack_newsletter_tier_id":0,"_jetpack_memberships_contains_paywalled_content":false,"_jetpack_memberships_contains_paid_content":false,"footnotes":""},"categories":[80],"tags":[174,93,149],"class_list":["post-4600","post","type-post","status-publish","format-standard","has-post-thumbnail","hentry","category-cintillo","tag-derechos-humanos","tag-oaxaca","tag-salud","entry"],"jetpack_featured_media_url":"http:\/\/www.grieta.org.mx\/wp-content\/uploads\/2018\/03\/14524434_1106112876131411_958039263622046936_o.jpg","jetpack_sharing_enabled":true,"jetpack_shortlink":"https:\/\/wp.me\/p7ZJR4-1cc","jetpack_likes_enabled":false,"jetpack-related-posts":[{"id":4598,"url":"http:\/\/www.grieta.org.mx\/index.php\/2015\/11\/05\/habitantes-del-istmo-y-trabajadores-de-salud-protestan-por-abuso-sexual-a-joven-medica\/","url_meta":{"origin":4600,"position":0},"title":"Habitantes del Istmo y trabajadores de salud protestan por abuso sexual a joven m\u00e9dica","author":"grieta","date":"5 noviembre, 2015","format":false,"excerpt":"05\/11\/15. Detienen a dos implicados en la violaci\u00f3n tumultuaria de pasante de Medicina en el Istmo de Tehuantepec P\u00e1gina 3 29\/10\/15. Marchan m\u00e1s de mil trabajadores de salud en Comitancillo Istmo Press 27\/10\/15. Paran labores trabajadores del Sector Salud en el Istmo, exigen justicia por m\u00e9dica que sufri\u00f3 abuso sexual\u2026","rel":"","context":"En &quot;NOTICIAS NACIONALES&quot;","block_context":{"text":"NOTICIAS NACIONALES","link":"http:\/\/www.grieta.org.mx\/index.php\/category\/noticias-nacionales\/"},"img":{"alt_text":"","src":"https:\/\/i0.wp.com\/www.grieta.org.mx\/wp-content\/uploads\/2018\/03\/14524434_1106112876131411_958039263622046936_o.jpg?resize=350%2C200","width":350,"height":200,"srcset":"https:\/\/i0.wp.com\/www.grieta.org.mx\/wp-content\/uploads\/2018\/03\/14524434_1106112876131411_958039263622046936_o.jpg?resize=350%2C200 1x, https:\/\/i0.wp.com\/www.grieta.org.mx\/wp-content\/uploads\/2018\/03\/14524434_1106112876131411_958039263622046936_o.jpg?resize=525%2C300 1.5x, https:\/\/i0.wp.com\/www.grieta.org.mx\/wp-content\/uploads\/2018\/03\/14524434_1106112876131411_958039263622046936_o.jpg?resize=700%2C400 2x"},"classes":[]},{"id":1687,"url":"http:\/\/www.grieta.org.mx\/index.php\/2016\/01\/26\/paran-labores-trabajadores-del-sector-salud-en-el-istmo\/","url_meta":{"origin":4600,"position":1},"title":"Paran labores trabajadores del Sector Salud en el Istmo","author":"grieta","date":"26 enero, 2016","format":false,"excerpt":"P\u00e1gina 3. Diana Manzo, Juchit\u00e1n, Oaxaca.- Unos mil 1550 trabajadores del \u00e1rea administrativa de 17 delegaciones de salud adheridos a los Servicios de Salud de Oaxaca en el Istmo de Tehuantepec pararon labores y exigen al gobierno del estado, federal y al \u00e1rea de seguro popular, cumplimiento de sus demandas\u2026","rel":"","context":"En &quot;CINTILLO&quot;","block_context":{"text":"CINTILLO","link":"http:\/\/www.grieta.org.mx\/index.php\/category\/cintillo\/"},"img":{"alt_text":"","src":"https:\/\/i0.wp.com\/www.grieta.org.mx\/wp-content\/uploads\/2018\/03\/14524434_1106112876131411_958039263622046936_o.jpg?resize=350%2C200","width":350,"height":200,"srcset":"https:\/\/i0.wp.com\/www.grieta.org.mx\/wp-content\/uploads\/2018\/03\/14524434_1106112876131411_958039263622046936_o.jpg?resize=350%2C200 1x, https:\/\/i0.wp.com\/www.grieta.org.mx\/wp-content\/uploads\/2018\/03\/14524434_1106112876131411_958039263622046936_o.jpg?resize=525%2C300 1.5x, https:\/\/i0.wp.com\/www.grieta.org.mx\/wp-content\/uploads\/2018\/03\/14524434_1106112876131411_958039263622046936_o.jpg?resize=700%2C400 2x"},"classes":[]},{"id":1685,"url":"http:\/\/www.grieta.org.mx\/index.php\/2016\/02\/11\/cumple-15-dia-paro-trabajadores-de-la-salud\/","url_meta":{"origin":4600,"position":2},"title":"Cumple 15 d\u00eda paro trabajadores de la salud","author":"grieta","date":"11 febrero, 2016","format":false,"excerpt":"Istmopress. Diana Manzo, Juchit\u00e1n, Oaxaca.- Unos mil 500 Trabajadores de 17 Delegaciones de los Servicios de Salud de Oaxaca del Istmo de Tehuantepec cumplieron quince d\u00edas de paro de labores en las unidades de salud, debido a la falta de insumos, medicamento y equipos medicos. El personal de salud solo\u2026","rel":"","context":"En &quot;CINTILLO&quot;","block_context":{"text":"CINTILLO","link":"http:\/\/www.grieta.org.mx\/index.php\/category\/cintillo\/"},"img":{"alt_text":"","src":"https:\/\/i0.wp.com\/www.grieta.org.mx\/wp-content\/uploads\/2018\/03\/14524434_1106112876131411_958039263622046936_o.jpg?resize=350%2C200","width":350,"height":200,"srcset":"https:\/\/i0.wp.com\/www.grieta.org.mx\/wp-content\/uploads\/2018\/03\/14524434_1106112876131411_958039263622046936_o.jpg?resize=350%2C200 1x, https:\/\/i0.wp.com\/www.grieta.org.mx\/wp-content\/uploads\/2018\/03\/14524434_1106112876131411_958039263622046936_o.jpg?resize=525%2C300 1.5x, https:\/\/i0.wp.com\/www.grieta.org.mx\/wp-content\/uploads\/2018\/03\/14524434_1106112876131411_958039263622046936_o.jpg?resize=700%2C400 2x"},"classes":[]},{"id":4604,"url":"http:\/\/www.grieta.org.mx\/index.php\/2015\/11\/05\/detienen-a-dos-implicados-en-la-violacion-tumultuaria-de-pasante-de-medicina-en-el-istmo-de-tehuantepec\/","url_meta":{"origin":4600,"position":3},"title":"Detienen a dos implicados en la violaci\u00f3n tumultuaria de pasante de Medicina en el Istmo de Tehuantepec","author":"grieta","date":"5 noviembre, 2015","format":false,"excerpt":"Pedro Mat\u00edas, Oaxaca OAXACA, Oax. (pagina3.mx).- Agentes Estatales de Investigaci\u00f3n (AEI) detuvieron a dos de los cinco individuos que violaron a una pasante de Medicina del Centro de Salud de San Pedro Comitancillo. Fue el pasado 30 de octubre cuando fueron detenidos Juan Diego Calder\u00f3n Toledo y H\u00e9ctor Ojeda L\u00f3pez,\u2026","rel":"","context":"En &quot;CINTILLO&quot;","block_context":{"text":"CINTILLO","link":"http:\/\/www.grieta.org.mx\/index.php\/category\/cintillo\/"},"img":{"alt_text":"","src":"https:\/\/i0.wp.com\/www.grieta.org.mx\/wp-content\/uploads\/2018\/03\/14524434_1106112876131411_958039263622046936_o.jpg?resize=350%2C200","width":350,"height":200,"srcset":"https:\/\/i0.wp.com\/www.grieta.org.mx\/wp-content\/uploads\/2018\/03\/14524434_1106112876131411_958039263622046936_o.jpg?resize=350%2C200 1x, https:\/\/i0.wp.com\/www.grieta.org.mx\/wp-content\/uploads\/2018\/03\/14524434_1106112876131411_958039263622046936_o.jpg?resize=525%2C300 1.5x, https:\/\/i0.wp.com\/www.grieta.org.mx\/wp-content\/uploads\/2018\/03\/14524434_1106112876131411_958039263622046936_o.jpg?resize=700%2C400 2x"},"classes":[]},{"id":47883,"url":"http:\/\/www.grieta.org.mx\/index.php\/2020\/04\/15\/casi-tres-mil-trabajadores-de-salud-sin-material-de-proteccion-para-hacer-frente-al-coronavirus-en-el-istmo-oaxaca\/","url_meta":{"origin":4600,"position":4},"title":"Casi tres mil trabajadores de Salud sin material de protecci\u00f3n para hacer frente al Coronavirus en el Istmo (Oaxaca)","author":"grieta","date":"15 abril, 2020","format":false,"excerpt":"P\u00e1gina 3 \/ Pedro Mat\u00edas. Casi tres mil trabajadores de Salud sin material de protecci\u00f3n para hacer frente al Coronavirus en el Istmo. OAXACA, Oax. (pagina3.mx).- A casi un mes de la presencia de la pandemia del Covid-19 (coronavirus) el material de protecci\u00f3n para atender esta pandemia no llega. Y\u2026","rel":"","context":"En &quot;CINTILLO&quot;","block_context":{"text":"CINTILLO","link":"http:\/\/www.grieta.org.mx\/index.php\/category\/cintillo\/"},"img":{"alt_text":"","src":"https:\/\/i0.wp.com\/www.grieta.org.mx\/wp-content\/uploads\/2018\/03\/14524434_1106112876131411_958039263622046936_o.jpg?resize=350%2C200","width":350,"height":200,"srcset":"https:\/\/i0.wp.com\/www.grieta.org.mx\/wp-content\/uploads\/2018\/03\/14524434_1106112876131411_958039263622046936_o.jpg?resize=350%2C200 1x, https:\/\/i0.wp.com\/www.grieta.org.mx\/wp-content\/uploads\/2018\/03\/14524434_1106112876131411_958039263622046936_o.jpg?resize=525%2C300 1.5x, https:\/\/i0.wp.com\/www.grieta.org.mx\/wp-content\/uploads\/2018\/03\/14524434_1106112876131411_958039263622046936_o.jpg?resize=700%2C400 2x"},"classes":[]},{"id":15382,"url":"http:\/\/www.grieta.org.mx\/index.php\/2016\/06\/22\/cumplen-una-semana-de-paro-en-hospitales-del-istmo\/","url_meta":{"origin":4600,"position":5},"title":"Cumplen una semana de paro en Hospitales del Istmo","author":"grieta","date":"22 junio, 2016","format":false,"excerpt":"Diana Manzo, Aguascalientes #Juchit\u00e1n 22 jun (#Istmopress) .- Trabajadores de los Servicios de Salud de Oaxaca (SSO) en la regi\u00f3n del Istmo de Tehuantepec cumplieron una semana de paro de labores en Hospitales debido a la falta de insumos, medicamentos e infraestructura. En los hospitales de Juchit\u00e1n, Ixtepec, Salina Cruz\u2026","rel":"","context":"En &quot;CINTILLO&quot;","block_context":{"text":"CINTILLO","link":"http:\/\/www.grieta.org.mx\/index.php\/category\/cintillo\/"},"img":{"alt_text":"","src":"https:\/\/i0.wp.com\/www.grieta.org.mx\/wp-content\/uploads\/2018\/03\/14524434_1106112876131411_958039263622046936_o.jpg?resize=350%2C200","width":350,"height":200,"srcset":"https:\/\/i0.wp.com\/www.grieta.org.mx\/wp-content\/uploads\/2018\/03\/14524434_1106112876131411_958039263622046936_o.jpg?resize=350%2C200 1x, https:\/\/i0.wp.com\/www.grieta.org.mx\/wp-content\/uploads\/2018\/03\/14524434_1106112876131411_958039263622046936_o.jpg?resize=525%2C300 1.5x, https:\/\/i0.wp.com\/www.grieta.org.mx\/wp-content\/uploads\/2018\/03\/14524434_1106112876131411_958039263622046936_o.jpg?resize=700%2C400 2x"},"classes":[]}],"_links":{"self":[{"href":"http:\/\/www.grieta.org.mx\/index.php\/wp-json\/wp\/v2\/posts\/4600","targetHints":{"allow":["GET"]}}],"collection":[{"href":"http:\/\/www.grieta.org.mx\/index.php\/wp-json\/wp\/v2\/posts"}],"about":[{"href":"http:\/\/www.grieta.org.mx\/index.php\/wp-json\/wp\/v2\/types\/post"}],"author":[{"embeddable":true,"href":"http:\/\/www.grieta.org.mx\/index.php\/wp-json\/wp\/v2\/users\/2"}],"replies":[{"embeddable":true,"href":"http:\/\/www.grieta.org.mx\/index.php\/wp-json\/wp\/v2\/comments?post=4600"}],"version-history":[{"count":1,"href":"http:\/\/www.grieta.org.mx\/index.php\/wp-json\/wp\/v2\/posts\/4600\/revisions"}],"predecessor-version":[{"id":4601,"href":"http:\/\/www.grieta.org.mx\/index.php\/wp-json\/wp\/v2\/posts\/4600\/revisions\/4601"}],"wp:featuredmedia":[{"embeddable":true,"href":"http:\/\/www.grieta.org.mx\/index.php\/wp-json\/wp\/v2\/media\/21928"}],"wp:attachment":[{"href":"http:\/\/www.grieta.org.mx\/index.php\/wp-json\/wp\/v2\/media?parent=4600"}],"wp:term":[{"taxonomy":"category","embeddable":true,"href":"http:\/\/www.grieta.org.mx\/index.php\/wp-json\/wp\/v2\/categories?post=4600"},{"taxonomy":"post_tag","embeddable":true,"href":"http:\/\/www.grieta.org.mx\/index.php\/wp-json\/wp\/v2\/tags?post=4600"}],"curies":[{"name":"wp","href":"https:\/\/api.w.org\/{rel}","templated":true}]}}