{"id":460,"date":"2016-01-17T17:08:42","date_gmt":"2016-01-17T17:08:42","guid":{"rendered":"http:\/\/50.22.11.12\/~grietaor\/?p=460"},"modified":"2016-02-29T17:14:36","modified_gmt":"2016-02-29T17:14:36","slug":"amnistia-ciudad-cuauhtemoc-chihuahua-es-la-nueva-capital-de-las-desapariciones-en-mexico","status":"publish","type":"post","link":"http:\/\/www.grieta.org.mx\/index.php\/2016\/01\/17\/amnistia-ciudad-cuauhtemoc-chihuahua-es-la-nueva-capital-de-las-desapariciones-en-mexico\/","title":{"rendered":"Amnist\u00eda: Ciudad Cuauht\u00e9moc, Chihuahua, es la nueva capital de las desapariciones en M\u00e9xico"},"content":{"rendered":"<p>Sin Embargo<br \/>\nSergio Rinc\u00f3n<\/p>\n<p>Ciudad Cuauht\u00e9moc, Chihuahua, se enfrenta a una epidemia: una crisis de desapariciones forzadas. Habitantes de esa regi\u00f3n temen denunciar, por temor a amenazas o a ataques. Sin embargo no se trata de hechos aislados, pues la situaci\u00f3n se repite en toda la Rep\u00fablica mexicana. En tanto, Estela Barnes de Carlotto, presidenta de las Abuelas de la Plaza de Mayo, de Argentina, asegur\u00f3 que \u201cel narcotr\u00e1fico es la dictadura en M\u00e9xico\u201d, la cual viola derechos humanos.<\/p>\n<p>La emergencia por desapariciones de personas se ha expandido por toda la Rep\u00fablica, pero de acuerdo con un informe reciente publicado por Amnist\u00eda internacional (AI), la crisis se centran en el estado de Chihuahua, donde hasta el 5 de enero pasado, en esa entidad federativa exist\u00edan mil 698 personas desaparecidas desde el 2006; y tan s\u00f3lo en el municipio de Ciudad Cuauht\u00e9moc, por ejemplo, existen al menos 351 personas de las que no se conoce su destino.<\/p>\n<p>Precisamente en es esa demarcaci\u00f3n donde los pobladores, por inacci\u00f3n del Gobierno, han salido a buscar a sus familiares y se han enfrentado a amenazas y hasta ataques por parte de grupos armados, denunciaron familiares de desaparecidos.<\/p>\n<p>En el reporte \u201cUn trato de indolencia\u201d, los municipios de Iguala, Guerrero, y Ciudad Cuauht\u00e9moc, son una muestra de varias facetas de la problem\u00e1tica: la magnitud a la que pueden llegar las desapariciones en M\u00e9xico, las formas de reacci\u00f3n del Estado mexicano frente a este tipo de delitos y las afectaciones de los derechos humanos de las v\u00edctimas.<\/p>\n<p>\u201cLa incesante ola de desapariciones que se ha adue\u00f1ado de Chihuahua y la irresponsabilidad total con que se est\u00e1 manejando la investigaci\u00f3n sobre la desaparici\u00f3n forzada de los 43 estudiantes de Ayotzinapa ponen de manifiesto el desprecio absoluto de las autoridades mexicanas por la dignidad y los derechos humanos\u201d, afirm\u00f3 Erika Guevara-Rosas, directora del Programa de Amnist\u00eda Internacional para Am\u00e9rica.<\/p>\n<p>\u201cPor desgracia, las desapariciones han pasado a ser algo tan habitual en todo M\u00e9xico que pr\u00e1cticamente ya forman parte de nuestra vida cotidiana. En las contadas ocasiones en que realmente se llevan a cabo investigaciones, casi no pasan de ser una mera formalidad para aparentar que se est\u00e1 haciendo algo\u201d, agreg\u00f3 Guevara-Sosas.<br \/>\nLeticia S\u00e1nchez, madre de una v\u00edctima de desaparici\u00f3n forzada e integrante del Centro de Derechos Humanos de las Mujeres (CEDHM), denunci\u00f3 que la Fiscal\u00eda en Cuauht\u00e9moc se encuentra en complicidad con grupos criminales, puesto que cuando alguien denuncia, inmediatamente recibe amenazas o ataques. Adem\u00e1s, dijo que los expedientes son apilados sin ser atendidos de tal forma que las las investigaciones nunca concluyen.<\/p>\n<p>\u201cYo quisiera que el gobierno nos volteara a ver, porque hasta ahora el Gobernador no reconoce el problema en Cuauht\u00e9moc, menos Enrique Pe\u00f1a Nieto que no se da por enterado. Pero ya son demasiadas desapariciones, es mucho desgaste f\u00edsico, econ\u00f3mico y emocional\u201d, expres\u00f3 S\u00e1nchez, madre de Luis Carlos Hern\u00e1ndez S\u00e1nchez, de 22 a\u00f1os, desaparecido en 2010 junto con sus amigos, a manos de un grupo fuertemente armado.<br \/>\nLa activista narr\u00f3 que una de sus compa\u00f1eras, a quien le desaparecieron un hijo, tras participar en manifestaciones para exigir la aparici\u00f3n de su muchacho, la amenazaron con quitarle otros.<\/p>\n<p>\u201cElla dec\u00eda que ya no ten\u00eda nada que perder y sigui\u00f3 en la b\u00fasqueda de sus dos hijos. Hasta que la desaparecieron. Sabemos que cuando lleg\u00f3 el comando a su casa ella llam\u00f3 a los polic\u00edas, pero una fuente que tengo ah\u00ed dentro me inform\u00f3 que la orden fue que nadie acudiera a auxiliarla\u201d, agreg\u00f3 Leticia S\u00e1nchez.<br \/>\nLa mujer asever\u00f3 que incluso ella y otro grupo de padres fueron recibidos por el Gobernador priista C\u00e9sar Duarte J\u00e1quez, y \u00e9l les prometi\u00f3 que sus familiares ser\u00edan encontrados, pero bastaron unos meses para recibir una amenaza, ahora de parte de personal de la Fiscal\u00eda de Cuauht\u00e9moc: \u201cNo ha aparecido y no va a aparecer porque est\u00e1 haciendo mucha presi\u00f3n\u201d, le dijeron.<\/p>\n<p>Cuauht\u00e9moc es uno de los 67 municipios de Chihuahua y se encuentra en la zona occidental del estado; su cabecera municipal, Ciudad Cuauht\u00e9moc, es una localidad de 114 mil habitantes, que conforma un polo econ\u00f3mico importante para la entidad debido a las actividades agropecuarias, ganaderas y comerciales que all\u00ed se realizan. Adem\u00e1s de su relevancia econ\u00f3mica, el municipio es el l\u00edmite entre las planicies des\u00e9rticas y la cordillera de la Sierra Madre Occidental, \u00e9sta peculiar posici\u00f3n geogr\u00e1fica, refiere el reporte de AI, la convierte en un punto de cruce de las rutas del narcotr\u00e1fico que conectan el occidente septentrional de M\u00e9xico con el sur de los Estados Unidos.<\/p>\n<p>\u201cDicha circunstancia es un factor en la generaci\u00f3n de violencia. La alta persistencia de la desaparici\u00f3n de personas en esta zona del pa\u00eds ha sido un motivo de especial preocupaci\u00f3n para Amnist\u00eda Internacional. Para este informe, la organizaci\u00f3n entrevist\u00f3 a familiares de personas desaparecidas en 22 eventos ocurridos en Ciudad Cuauht\u00e9moc y sus alrededores entre 2009 y 2014 en los que habr\u00edan desaparecido 38 personas\u201d, detalla el documento.<\/p>\n<p>\u201cEn la mayor\u00eda de los casos estudiados por Amnist\u00eda Internacional, las familias de las personas desaparecidas acudieron muy pronto \u2014generalmente en cuesti\u00f3n de horas\u2014 ante las autoridades para denunciar los hechos y exigir la b\u00fasqueda de sus familiares. Sin embargo, en varios casos documentados por la organizaci\u00f3n, personal de la Fiscal\u00eda del estado de Chihuahua inform\u00f3 a las familias que tendr\u00edan que esperar 72 horas antes de que se tomara la denuncia correspondiente, pese a que esto no es un requisito legal. En un caso, una familia desesperada habr\u00eda tenido que volver al d\u00eda siguiente pues las autoridades alegaron que era ya muy tarde para recibir denuncias. En Cuauht\u00e9moc no todas las familias denuncian las desapariciones, principalmente a causa del miedo que impera en la comunidad. Miedo que tiene origen en la enorme penetraci\u00f3n de la delincuencia organizada en la zona\u201d, agrega la investigaci\u00f3n.<br \/>\nLa organizaci\u00f3n internacional asegur\u00f3 que las autoridades en la entidad se han negado a investigar, han alterado evidencia y no llevan las debidas diligencias de los casos, adem\u00e1s que hay una constante rotaci\u00f3n de puestos. Por ello, los familiares de v\u00edctimas asumen las acciones de b\u00fasqueda, donde adem\u00e1s de arriesgar su integridad, patrimonio, se rompe con la estructura familiar.<\/p>\n<p>\u201cLa combinaci\u00f3n del retraso en la admisi\u00f3n de la denuncia, la falta de una b\u00fasqueda inmediata y aut\u00e9ntica, as\u00ed como los errores en las primeras diligencias de investigaci\u00f3n, ha afectado seriamente las probabilidades de que los casos sean esclarecidos y las personas responsables llevadas ante la justicia\u201d, determin\u00f3 AI.<\/p>\n<p>EL NARCO ES LA DICTADURA<\/p>\n<p>Amnist\u00eda Internacional refiere en un informe que las desapariciones en M\u00e9xico han disminuido pero el problema impera en M\u00e9xico, a tal grado de considerarlo una epidemia. Foto: Luis Barr\u00f3n, SinEmbargoMx<br \/>\nAmnist\u00eda Internacional refiere en un informe que las desapariciones en M\u00e9xico han disminuido, pero el problema persiste a tal grado de considerarlo una epidemia. Foto: Luis Barr\u00f3n, SinEmbargoMx<\/p>\n<p>Estela Barnes de Carlotto, presidenta de las Abuelas de la Plaza de Mayo de Argentina, dijo que a diferencia de la dictadura militar que se vivi\u00f3 en su pa\u00eds y que dej\u00f3 a cerca de 30 mil personas desaparecidas, en M\u00e9xico, si bien no cuenta con un Gobierno impuesto ilegalmente, el crimen organizado es la dictadura.<\/p>\n<p>\u201cEl narcotr\u00e1fico es la dictadura en M\u00e9xico, es el genocidio, es la violaci\u00f3n de los derechos humanos, es el responsable de los cr\u00edmenes de lesa humanidad en este pa\u00eds y es el estado el que debe responder por su tolerancia a estos delitos que afectan en la mayor\u00eda de las veces a los sectores m\u00e1s vulnerables\u201d, asegur\u00f3 Barnes, integrante de la organizaci\u00f3n civil que ha encontrado a 119 nietos perdidos, y ello gracias a su lucha de a\u00f1os y a los cambios que han logrado en la estructura y leyes de Argentina.<br \/>\n\u201cM\u00e9xico nos duele, es el dolor de Am\u00e9rica Latina que a\u00fan tiene abierta la herida de los a\u00f1os m\u00e1s sangrientos de nuestra historia reciente\u201d, agreg\u00f3.<\/p>\n<p>La incompetencia que afecta a todo el sistema y una ausencia total de voluntad por parte de las autoridades estatales y federales de M\u00e9xico para investigar la desaparici\u00f3n de miles de personas y buscarlas debidamente est\u00e1n alimentando una crisis de derechos humanos de dimensiones epid\u00e9micas, determin\u00f3 el reporte \u201cUn trato de indolencia\u201d.<\/p>\n<p>En muchos casos de desapariciones denunciadas, detall\u00f3 la organizaci\u00f3n, la v\u00edctima fue vista por \u00faltima vez cuando era detenida por la polic\u00eda o el ej\u00e9rcito. Sin embargo, M\u00e9xico carece de un registro detallado de detenciones, lo que permite a las autoridades negar toda responsabilidad y lavarse las manos ante la comisi\u00f3n de desapariciones forzadas.<\/p>\n<p>\u201cCuando los familiares acuden a la Polic\u00eda para dar parte de una desaparici\u00f3n, las autoridades suelen acusar a la v\u00edctima de pertenecer a un c\u00e1rtel de la droga y afirmar que las desapariciones obedecen a luchas de poder entre bandas rivales. La b\u00fasqueda de la persona cuya desaparici\u00f3n ha sido denunciada se aplaza por sistema, o nunca llega a ponerse en marcha. En las raras ocasiones en que realmente se llevan a cabo investigaciones, suelen ser tan defectuosas que apenas dan resultados\u201d, refiere la investigaci\u00f3n.<br \/>\nEl informe tambi\u00e9n pone como ejemplo el caso de la desaparici\u00f3n forzada de los 43 estudiantes de Ayotzinapa, que \u201cel Gobierno no ha llevado a cabo una investigaci\u00f3n seria e imparcial es un hecho bien documentado. Se empe\u00f1\u00f3 en seguir una sola l\u00ednea de investigaci\u00f3n (la de que los estudiantes hab\u00edan sido detenidos por la polic\u00eda municipal y entregados a una banda criminal, y sus cad\u00e1veres hab\u00edan sido quemados en un vertedero local). La teor\u00eda de que los estudiantes hab\u00edan sido incinerados fue rechazada tajantemente por un \u00f3rgano internacional de expertos nombrado por la Comisi\u00f3n Interamericana de Derechos Humanos, por considerar que era imposible en las circunstancias descritas por las autoridades mexicanas y no se sustentaba con pruebas\u201d.<\/p>\n<p>\u201cLa deficiente investigaci\u00f3n realizada hasta la fecha no ha esclarecido m\u00ednimamente la responsabilidad del mando. Los lugares del delito no se protegieron ni fueron debidamente documentados con fotograf\u00edas o grabaciones de v\u00eddeo. Se reunieron pruebas bal\u00edsticas pero no se examinaron para encontrar rastros de sangre o huellas dactilares, y tampoco se proces\u00f3 correctamente material probatorio fundamental\u201d, detalla.<br \/>\nEl documento se\u00f1ala que los graves defectos de las investigaciones tambi\u00e9n est\u00e1n causados por la falta de inversi\u00f3n en las procuradur\u00edas que se encargan de hacerlas. Las autoridades est\u00e1n sobrepasadas, con un volumen de casos inmanejable y excesiva rotaci\u00f3n del personal.<\/p>\n<p>\u201cLa incapacidad del gobierno mexicano para llevar a cabo investigaciones m\u00ednimamente adecuadas sobre las desapariciones pone en grave peligro a miles de personas\u201d, asever\u00f3 Erika Guevara-Rosas.<\/p>\n<p>www.sinembargo.mx\/14-01-2016\/1598230<\/p>\n","protected":false},"excerpt":{"rendered":"<p>Sin Embargo Sergio Rinc\u00f3n Ciudad Cuauht\u00e9moc, Chihuahua, se enfrenta a una epidemia: una crisis de desapariciones forzadas. Habitantes de esa regi\u00f3n temen denunciar, por temor a amenazas o a ataques. &hellip; <a href=\"http:\/\/www.grieta.org.mx\/index.php\/2016\/01\/17\/amnistia-ciudad-cuauhtemoc-chihuahua-es-la-nueva-capital-de-las-desapariciones-en-mexico\/\" class=\"more-link\">Leer m\u00e1s<\/a><\/p>\n","protected":false},"author":2,"featured_media":21928,"comment_status":"closed","ping_status":"open","sticky":false,"template":"","format":"standard","meta":{"ngg_post_thumbnail":0,"_jetpack_newsletter_access":"","_jetpack_dont_email_post_to_subs":false,"_jetpack_newsletter_tier_id":0,"_jetpack_memberships_contains_paywalled_content":false,"_jetpack_memberships_contains_paid_content":false,"footnotes":""},"categories":[122,80],"tags":[121],"class_list":["post-460","post","type-post","status-publish","format-standard","has-post-thumbnail","hentry","category-chihuahua","category-cintillo","tag-desaparecidos","entry"],"jetpack_featured_media_url":"http:\/\/www.grieta.org.mx\/wp-content\/uploads\/2018\/03\/14524434_1106112876131411_958039263622046936_o.jpg","jetpack_sharing_enabled":true,"jetpack_shortlink":"https:\/\/wp.me\/p7ZJR4-7q","jetpack_likes_enabled":false,"jetpack-related-posts":[{"id":427,"url":"http:\/\/www.grieta.org.mx\/index.php\/2016\/08\/31\/familiares-de-desaparecidos-exigen-justicia\/","url_meta":{"origin":460,"position":0},"title":"Familiares de desaparecidos exigen justicia","author":"grieta","date":"31 agosto, 2016","format":false,"excerpt":"31\/08\/16. \u201c\u00a1Duarte, nos fallaste!\u201d, recriminan familiares de desaparecidos en ChihuahuaProceso 10\/05\/16. Lloran mujeres por sus hijos desaparecidosEl Diario 09\/15\/16. Chihuahua: caravana de madres de desaparecidos parte a CDMXLa jornada 14\/04\/16. Duarte encubre fosas a forenses argentinos, dicen familiasSin Embargo 13\/04\/16. Acusa AI intimidaci\u00f3n de autoridades de Chihuahua sobre familiares de\u2026","rel":"","context":"En &quot;Chihuahua&quot;","block_context":{"text":"Chihuahua","link":"http:\/\/www.grieta.org.mx\/index.php\/category\/noticias-nacionales\/chihuahua\/"},"img":{"alt_text":"","src":"https:\/\/i0.wp.com\/www.grieta.org.mx\/wp-content\/uploads\/2018\/03\/14524434_1106112876131411_958039263622046936_o.jpg?resize=350%2C200","width":350,"height":200,"srcset":"https:\/\/i0.wp.com\/www.grieta.org.mx\/wp-content\/uploads\/2018\/03\/14524434_1106112876131411_958039263622046936_o.jpg?resize=350%2C200 1x, https:\/\/i0.wp.com\/www.grieta.org.mx\/wp-content\/uploads\/2018\/03\/14524434_1106112876131411_958039263622046936_o.jpg?resize=525%2C300 1.5x, https:\/\/i0.wp.com\/www.grieta.org.mx\/wp-content\/uploads\/2018\/03\/14524434_1106112876131411_958039263622046936_o.jpg?resize=700%2C400 2x"},"classes":[]},{"id":486,"url":"http:\/\/www.grieta.org.mx\/index.php\/2015\/05\/09\/unos-50-familiares-de-desaparecidos-en-chihuahua-salen-en-caravana-al-df\/","url_meta":{"origin":460,"position":1},"title":"Unos 50 familiares de desaparecidos en Chihuahua salen en caravana al DF","author":"grieta","date":"9 mayo, 2015","format":false,"excerpt":"La Jornada Ciudad Ju\u00e1rez, Chih. Unas 50 madres de desaparecidos en los municipios de Ciudad Ju\u00e1rez, Cuauht\u00e9moc y Chihuahua capital partieron desde esta localidad fronteriza a la ciudad de M\u00e9xico para participar en la Marcha por la dignidad nacional de madres buscando a nuestros hijos e hijas, buscando la justicia\u2026","rel":"","context":"En &quot;chihuahua&quot;","block_context":{"text":"chihuahua","link":"http:\/\/www.grieta.org.mx\/index.php\/category\/chihuahua\/"},"img":{"alt_text":"","src":"https:\/\/i0.wp.com\/www.grieta.org.mx\/wp-content\/uploads\/2018\/03\/14524434_1106112876131411_958039263622046936_o.jpg?resize=350%2C200","width":350,"height":200,"srcset":"https:\/\/i0.wp.com\/www.grieta.org.mx\/wp-content\/uploads\/2018\/03\/14524434_1106112876131411_958039263622046936_o.jpg?resize=350%2C200 1x, https:\/\/i0.wp.com\/www.grieta.org.mx\/wp-content\/uploads\/2018\/03\/14524434_1106112876131411_958039263622046936_o.jpg?resize=525%2C300 1.5x, https:\/\/i0.wp.com\/www.grieta.org.mx\/wp-content\/uploads\/2018\/03\/14524434_1106112876131411_958039263622046936_o.jpg?resize=700%2C400 2x"},"classes":[]},{"id":10374,"url":"http:\/\/www.grieta.org.mx\/index.php\/2016\/04\/13\/acusa-ai-intimidacion-de-autoridades-de-chihuahua-sobre-familiares-de-desaparecidos\/","url_meta":{"origin":460,"position":2},"title":"Acusa AI intimidaci\u00f3n de autoridades de Chihuahua sobre familiares de desaparecidos","author":"grieta","date":"13 abril, 2016","format":false,"excerpt":"Amnist\u00eda Internacional (AI) conden\u00f3 la intimidaci\u00f3n que ejercen autoridades de Chihuahua sobre familiares de desaparecidos para que permitan que expertos forenses designados por el gobierno examinen los restos hallados en fosas clandestinas, en el municipio de Cuauht\u00e9moc. El problema, se\u00f1ala el organismo en un comunicado, es que los presionan para\u2026","rel":"","context":"En &quot;chihuahua&quot;","block_context":{"text":"chihuahua","link":"http:\/\/www.grieta.org.mx\/index.php\/category\/chihuahua\/"},"img":{"alt_text":"","src":"https:\/\/i0.wp.com\/www.grieta.org.mx\/wp-content\/uploads\/2018\/03\/14524434_1106112876131411_958039263622046936_o.jpg?resize=350%2C200","width":350,"height":200,"srcset":"https:\/\/i0.wp.com\/www.grieta.org.mx\/wp-content\/uploads\/2018\/03\/14524434_1106112876131411_958039263622046936_o.jpg?resize=350%2C200 1x, https:\/\/i0.wp.com\/www.grieta.org.mx\/wp-content\/uploads\/2018\/03\/14524434_1106112876131411_958039263622046936_o.jpg?resize=525%2C300 1.5x, https:\/\/i0.wp.com\/www.grieta.org.mx\/wp-content\/uploads\/2018\/03\/14524434_1106112876131411_958039263622046936_o.jpg?resize=700%2C400 2x"},"classes":[]},{"id":11877,"url":"http:\/\/www.grieta.org.mx\/index.php\/2016\/04\/14\/duarte-encubre-fosas-a-forenses-argentinos-dicen-familias\/","url_meta":{"origin":460,"position":3},"title":"Duarte encubre fosas a forenses argentinos, dicen familias","author":"grieta","date":"14 abril, 2016","format":false,"excerpt":"Juan Luis Garc\u00eda Hern\u00e1ndez Sin Embargo Familiares de desaparecidos en Chihuahua enfatizaron que existe colusi\u00f3n de las autoridades con el crimen, lo que ha agravado las posibilidades de resolver los casos de desapariciones\u00a0y la identificaci\u00f3n de los restos hallados en fosas clandestinas. \u00bfQu\u00e9 exigieron a las autoridades? Familiares de desaparecidos\u2026","rel":"","context":"En &quot;chihuahua&quot;","block_context":{"text":"chihuahua","link":"http:\/\/www.grieta.org.mx\/index.php\/category\/chihuahua\/"},"img":{"alt_text":"","src":"https:\/\/i0.wp.com\/www.grieta.org.mx\/wp-content\/uploads\/2018\/03\/14524434_1106112876131411_958039263622046936_o.jpg?resize=350%2C200","width":350,"height":200,"srcset":"https:\/\/i0.wp.com\/www.grieta.org.mx\/wp-content\/uploads\/2018\/03\/14524434_1106112876131411_958039263622046936_o.jpg?resize=350%2C200 1x, https:\/\/i0.wp.com\/www.grieta.org.mx\/wp-content\/uploads\/2018\/03\/14524434_1106112876131411_958039263622046936_o.jpg?resize=525%2C300 1.5x, https:\/\/i0.wp.com\/www.grieta.org.mx\/wp-content\/uploads\/2018\/03\/14524434_1106112876131411_958039263622046936_o.jpg?resize=700%2C400 2x"},"classes":[]},{"id":4042,"url":"http:\/\/www.grieta.org.mx\/index.php\/2016\/09\/07\/feminicidios-en-chihuahua\/","url_meta":{"origin":460,"position":4},"title":"Feminicidios en Chihuahua","author":"grieta","date":"7 septiembre, 2016","format":false,"excerpt":"01\/08\/16. A 18 a\u00f1os de la desaparici\u00f3n de joven en Cd. Ju\u00e1rez, madre realiza las investigaciones que corresponde a las autoridadesRevolucionTresPuntoCero 22\/07\/16. Chihuahua sigue siendo l\u00ecder en...feminicidiosLa Parada Digital 28\/04\/16. \u201cAy\u00fadenme, s\u00e1quenme de aqu\u00ed. Sigo viva, tengo miedo\u201d; militares los detienen y llevan 7 a\u00f1os desaparecidos Revoluci\u00f3nTresPuntoCero 11\/03\/16. Familiares de\u2026","rel":"","context":"En &quot;Chihuahua&quot;","block_context":{"text":"Chihuahua","link":"http:\/\/www.grieta.org.mx\/index.php\/category\/noticias-nacionales\/chihuahua\/"},"img":{"alt_text":"","src":"https:\/\/i0.wp.com\/www.grieta.org.mx\/wp-content\/uploads\/2018\/03\/14524434_1106112876131411_958039263622046936_o.jpg?resize=350%2C200","width":350,"height":200,"srcset":"https:\/\/i0.wp.com\/www.grieta.org.mx\/wp-content\/uploads\/2018\/03\/14524434_1106112876131411_958039263622046936_o.jpg?resize=350%2C200 1x, https:\/\/i0.wp.com\/www.grieta.org.mx\/wp-content\/uploads\/2018\/03\/14524434_1106112876131411_958039263622046936_o.jpg?resize=525%2C300 1.5x, https:\/\/i0.wp.com\/www.grieta.org.mx\/wp-content\/uploads\/2018\/03\/14524434_1106112876131411_958039263622046936_o.jpg?resize=700%2C400 2x"},"classes":[]},{"id":429,"url":"http:\/\/www.grieta.org.mx\/index.php\/2016\/02\/05\/duarte-miente-si-hay-desaparecidos-en-chihuahua-reprochan-familiares-de-victimas\/","url_meta":{"origin":460,"position":5},"title":"\u201cDuarte miente, s\u00ed hay desaparecidos en Chihuahua\u201d, reprochan familiares de v\u00edctimas","author":"grieta","date":"5 febrero, 2016","format":false,"excerpt":"Proceso PATRICIA MAYORGA Activistas y familiares de personas desaparecidas en Ciudad Cuauht\u00e9moc calificaron como \u201cmentiroso\u201d al gobernador C\u00e9sar Duarte J\u00e1quez, luego de que \u00e9ste asegur\u00f3 hace una semana que en esa regi\u00f3n s\u00f3lo hay un caso de desaparici\u00f3n y est\u00e1 resuelto. En la presentaci\u00f3n del informe \u201cUn trato de indolencia,\u2026","rel":"","context":"En &quot;chihuahua&quot;","block_context":{"text":"chihuahua","link":"http:\/\/www.grieta.org.mx\/index.php\/category\/chihuahua\/"},"img":{"alt_text":"","src":"https:\/\/i0.wp.com\/www.grieta.org.mx\/wp-content\/uploads\/2018\/03\/14524434_1106112876131411_958039263622046936_o.jpg?resize=350%2C200","width":350,"height":200,"srcset":"https:\/\/i0.wp.com\/www.grieta.org.mx\/wp-content\/uploads\/2018\/03\/14524434_1106112876131411_958039263622046936_o.jpg?resize=350%2C200 1x, https:\/\/i0.wp.com\/www.grieta.org.mx\/wp-content\/uploads\/2018\/03\/14524434_1106112876131411_958039263622046936_o.jpg?resize=525%2C300 1.5x, https:\/\/i0.wp.com\/www.grieta.org.mx\/wp-content\/uploads\/2018\/03\/14524434_1106112876131411_958039263622046936_o.jpg?resize=700%2C400 2x"},"classes":[]}],"_links":{"self":[{"href":"http:\/\/www.grieta.org.mx\/index.php\/wp-json\/wp\/v2\/posts\/460","targetHints":{"allow":["GET"]}}],"collection":[{"href":"http:\/\/www.grieta.org.mx\/index.php\/wp-json\/wp\/v2\/posts"}],"about":[{"href":"http:\/\/www.grieta.org.mx\/index.php\/wp-json\/wp\/v2\/types\/post"}],"author":[{"embeddable":true,"href":"http:\/\/www.grieta.org.mx\/index.php\/wp-json\/wp\/v2\/users\/2"}],"replies":[{"embeddable":true,"href":"http:\/\/www.grieta.org.mx\/index.php\/wp-json\/wp\/v2\/comments?post=460"}],"version-history":[{"count":1,"href":"http:\/\/www.grieta.org.mx\/index.php\/wp-json\/wp\/v2\/posts\/460\/revisions"}],"predecessor-version":[{"id":463,"href":"http:\/\/www.grieta.org.mx\/index.php\/wp-json\/wp\/v2\/posts\/460\/revisions\/463"}],"wp:featuredmedia":[{"embeddable":true,"href":"http:\/\/www.grieta.org.mx\/index.php\/wp-json\/wp\/v2\/media\/21928"}],"wp:attachment":[{"href":"http:\/\/www.grieta.org.mx\/index.php\/wp-json\/wp\/v2\/media?parent=460"}],"wp:term":[{"taxonomy":"category","embeddable":true,"href":"http:\/\/www.grieta.org.mx\/index.php\/wp-json\/wp\/v2\/categories?post=460"},{"taxonomy":"post_tag","embeddable":true,"href":"http:\/\/www.grieta.org.mx\/index.php\/wp-json\/wp\/v2\/tags?post=460"}],"curies":[{"name":"wp","href":"https:\/\/api.w.org\/{rel}","templated":true}]}}