{"id":45902,"date":"2014-08-05T13:52:38","date_gmt":"2014-08-05T18:52:38","guid":{"rendered":"http:\/\/www.grieta.org.mx\/?p=45902"},"modified":"2020-03-10T13:58:24","modified_gmt":"2020-03-10T19:58:24","slug":"desmantelan-dos-estaciones-de-radio-comunitarias-en-puebla","status":"publish","type":"post","link":"http:\/\/www.grieta.org.mx\/index.php\/2014\/08\/05\/desmantelan-dos-estaciones-de-radio-comunitarias-en-puebla\/","title":{"rendered":"Desmantelan dos estaciones de radio comunitarias en Puebla"},"content":{"rendered":"<figure id=\"attachment_45903\" aria-describedby=\"caption-attachment-45903\" style=\"width: 800px\" class=\"wp-caption aligncenter\"><a href=\"http:\/\/www.grieta.org.mx\/wp-content\/uploads\/2020\/03\/Radio-comunitarias-Tomada-de-La-Jornada-de-Oriente.jpg\"><img loading=\"lazy\" decoding=\"async\" data-attachment-id=\"45903\" data-permalink=\"http:\/\/www.grieta.org.mx\/index.php\/2014\/08\/05\/desmantelan-dos-estaciones-de-radio-comunitarias-en-puebla\/radio-comunitarias-tomada-de-la-jornada-de-oriente\/\" data-orig-file=\"http:\/\/www.grieta.org.mx\/wp-content\/uploads\/2020\/03\/Radio-comunitarias-Tomada-de-La-Jornada-de-Oriente.jpg\" data-orig-size=\"580,400\" data-comments-opened=\"0\" data-image-meta=\"{&quot;aperture&quot;:&quot;0&quot;,&quot;credit&quot;:&quot;&quot;,&quot;camera&quot;:&quot;&quot;,&quot;caption&quot;:&quot;&quot;,&quot;created_timestamp&quot;:&quot;0&quot;,&quot;copyright&quot;:&quot;&quot;,&quot;focal_length&quot;:&quot;0&quot;,&quot;iso&quot;:&quot;0&quot;,&quot;shutter_speed&quot;:&quot;0&quot;,&quot;title&quot;:&quot;&quot;,&quot;orientation&quot;:&quot;0&quot;}\" data-image-title=\"Radio-comunitarias-Tomada-de-La-Jornada-de-Oriente\" data-image-description=\"\" data-image-caption=\"&lt;p&gt; Radios comunitarias. Tomada de La Jornada de Oriente (Archivo)&lt;\/p&gt;\n\" data-medium-file=\"http:\/\/www.grieta.org.mx\/wp-content\/uploads\/2020\/03\/Radio-comunitarias-Tomada-de-La-Jornada-de-Oriente-300x207.jpg\" data-large-file=\"http:\/\/www.grieta.org.mx\/wp-content\/uploads\/2020\/03\/Radio-comunitarias-Tomada-de-La-Jornada-de-Oriente.jpg\" class=\"wp-image-45903\" src=\"http:\/\/www.grieta.org.mx\/wp-content\/uploads\/2020\/03\/Radio-comunitarias-Tomada-de-La-Jornada-de-Oriente.jpg\" alt=\"\" width=\"800\" height=\"552\" srcset=\"http:\/\/www.grieta.org.mx\/wp-content\/uploads\/2020\/03\/Radio-comunitarias-Tomada-de-La-Jornada-de-Oriente.jpg 580w, http:\/\/www.grieta.org.mx\/wp-content\/uploads\/2020\/03\/Radio-comunitarias-Tomada-de-La-Jornada-de-Oriente-300x207.jpg 300w\" sizes=\"auto, (max-width: 800px) 100vw, 800px\" \/><\/a><figcaption id=\"caption-attachment-45903\" class=\"wp-caption-text\">Radios comunitarias. Tomada de La Jornada de Oriente (Archivo)<\/figcaption><\/figure>\n<p>Gabriela Hern\u00e1ndez \/ <em>Proceso<\/em><\/p>\n<p>PUEBLA, Pue. (apro).- Representantes del Instituto Federal de Telecomunicaciones (Ifetel), apoyados por elementos de la Polic\u00eda Federal vestidos de civil, desmantelaron las radios comunitarias de los pueblos Santa Mar\u00eda Zacatepec y San Bernardino Tlaxcalancingo.<\/p>\n<p>En un operativo realizado la noche de ayer y que incluy\u00f3 el cierre de calles, los polic\u00edas sustrajeron computadoras, documentos oficiales, micr\u00f3fonos, consolas y todos los aparatos que usaban las estaciones Axocotzin Radio y La Voz del Pueblo de Zacatepec para transmitir programas con perfil social, cultural y agrario.<\/p>\n<p>Seg\u00fan el representante del Ifetel, Ra\u00fal Leonel Mulhia, ambas radiodifusoras fueron cerradas porque violentaban la ley y afectaban la se\u00f1al de estaciones comerciales e incluso el vuelo de helic\u00f3pteros y aviones.<\/p>\n<p>En las dos estaciones se abordaron en los \u00faltimos d\u00edas temas \u201cinc\u00f3modos\u201d para el gobierno estatal, entre ellos el de los presos pol\u00edticos por el gasoducto y las termoel\u00e9ctricas, y las asambleas ciudadanas que se organizaron por la desaparici\u00f3n de los registros civiles en las juntas auxiliares, relacionadas con la represi\u00f3n de los habitantes de Chalchihuapan.<\/p>\n<p>De hecho, en el noticiero \u201cLas Espinas del Nopal\u201d fue entrevistada la diputada local Roxana Luna Porquillo para que hablara sobre la muerte del ni\u00f1o Jos\u00e9 Luis Tehuatli, considerado v\u00edctima mortal de la llamada \u201cLey Bala\u201d.<\/p>\n<p>De acuerdo con el gobierno de Rafael Moreno Valle, Luna instig\u00f3 a los pobladores de Chalchihuapan para que realizaran la manifestaci\u00f3n del pasado 9 de julio, que deriv\u00f3 en un violento desalojo por parte de la polic\u00eda.<br \/>\nAdem\u00e1s, en la fundaci\u00f3n de las dos estaciones que fueron desmanteladas particip\u00f3 el activista Juan Carlos Flores Sol\u00eds, preso desde abril por formar parte del movimiento opositor al gasoducto Morelos.<\/p>\n<p>La radiodifusora de Tlaxcalancingo transmit\u00eda por el 104.5 de Frecuencia Modulada (FM) y por internet, y la de Santa Mar\u00eda Zacatepec lo hac\u00eda a trav\u00e9s de la frecuencia 100.7 de FM.<\/p>\n<p>Uno de los programas que se trasmit\u00edan en la estaci\u00f3n de Tlaxcalancingo era conducido por el profesor-investigador de la Universidad Aut\u00f3noma de Puebla (UAP) Ricardo P\u00e9rez Avil\u00e9s, quien fue hostigado e intimidado por apoyar la oposici\u00f3n de campesinos al Gasoducto Morelos.<br \/>\n<a href=\"https:\/\/www.proceso.com.mx\/378865\/desmantelan-dos-estaciones-de-radio-comunitarias-en-puebla\">https:\/\/www.proceso.com.mx\/378865\/desmantelan-dos-estaciones-de-radio-comunitarias-en-puebla<\/a><\/p>\n","protected":false},"excerpt":{"rendered":"<p>Gabriela Hern\u00e1ndez \/ Proceso PUEBLA, Pue. (apro).- Representantes del Instituto Federal de Telecomunicaciones (Ifetel), apoyados por elementos de la Polic\u00eda Federal vestidos de civil, desmantelaron las radios comunitarias de los &hellip; <a href=\"http:\/\/www.grieta.org.mx\/index.php\/2014\/08\/05\/desmantelan-dos-estaciones-de-radio-comunitarias-en-puebla\/\" class=\"more-link\">Leer m\u00e1s<\/a><\/p>\n","protected":false},"author":1,"featured_media":45903,"comment_status":"closed","ping_status":"closed","sticky":false,"template":"","format":"standard","meta":{"ngg_post_thumbnail":0,"_jetpack_newsletter_access":"","_jetpack_dont_email_post_to_subs":false,"_jetpack_newsletter_tier_id":0,"_jetpack_memberships_contains_paywalled_content":false,"_jetpack_memberships_contains_paid_content":false,"footnotes":""},"categories":[3,922,942,2,44,26,3166,3119,1249,3165,1252],"tags":[2175,775,563],"class_list":["post-45902","post","type-post","status-publish","format-standard","has-post-thumbnail","hentry","category-megaproyectos","category-megaproyectos-estados","category-mp-puebla","category-noticias-nacionales","category-proyecto-integral-morelos","category-puebla","category-radios-comunitarias","category-radios-comunitarias-en-puebla","category-rechazo-al-proyecto-interal-morelos-en-puebla","category-resistencias","category-violencia-contra-periodistas-en-puebla","tag-ataque-a-radios-comunitarias","tag-gasoducto-morelos","tag-radios-comunitarias","entry"],"jetpack_featured_media_url":"http:\/\/www.grieta.org.mx\/wp-content\/uploads\/2020\/03\/Radio-comunitarias-Tomada-de-La-Jornada-de-Oriente.jpg","jetpack_sharing_enabled":true,"jetpack_shortlink":"https:\/\/wp.me\/p7ZJR4-bWm","jetpack_likes_enabled":false,"jetpack-related-posts":[{"id":45899,"url":"http:\/\/www.grieta.org.mx\/index.php\/2019\/11\/21\/amenazan-a-radio-de-zacatepec-por-difundir-conflicto-ambiental-puebla\/","url_meta":{"origin":45902,"position":0},"title":"Amenazan a radio de Zacatepec por difundir conflicto ambiental (Puebla)","author":"Admin","date":"21 noviembre, 2019","format":false,"excerpt":"Laura Ruiz \/ e- consulta El conflicto por el desag\u00fce de la zona industrial de Huejotzingo, en el municipio de Juan C. Bonilla, dej\u00f3 ya amenazas y da\u00f1os a quienes forman parte de la radio comunitaria de Santa Mar\u00eda Zacatepec. As\u00ed lo denunciaron este jueves integrantes de ese medio de\u2026","rel":"","context":"En &quot;MEGAPROYECTOS&quot;","block_context":{"text":"MEGAPROYECTOS","link":"http:\/\/www.grieta.org.mx\/index.php\/category\/megaproyectos\/"},"img":{"alt_text":"","src":"https:\/\/i0.wp.com\/www.grieta.org.mx\/wp-content\/uploads\/2020\/03\/radioscomunitarias-239832.jpg?resize=350%2C200","width":350,"height":200,"srcset":"https:\/\/i0.wp.com\/www.grieta.org.mx\/wp-content\/uploads\/2020\/03\/radioscomunitarias-239832.jpg?resize=350%2C200 1x, https:\/\/i0.wp.com\/www.grieta.org.mx\/wp-content\/uploads\/2020\/03\/radioscomunitarias-239832.jpg?resize=525%2C300 1.5x"},"classes":[]},{"id":45895,"url":"http:\/\/www.grieta.org.mx\/index.php\/2013\/11\/04\/a-fin-de-informar-al-pueblo-sobre-el-gasoducto-morelos-nace-radio-comunitaria-zacatepec-puebla\/","url_meta":{"origin":45902,"position":1},"title":"A fin de informar al pueblo sobre el Gasoducto Morelos nace Radio Comunitaria Zacatepec (Puebla)","author":"Admin","date":"4 noviembre, 2013","format":false,"excerpt":"Yadira Llaven Anzures \/ La Jornada de Oriente Con la finalidad de informar sobre el conflicto social que ha generado la instalaci\u00f3n del Gasoducto Morelos en sus tierras de cultivo, adem\u00e1s de rescatar las tradiciones y costumbres de la localidad, nace la Radio Comunitaria de Santa Mar\u00eda Zacatepec, en el\u2026","rel":"","context":"En &quot;MEGAPROYECTOS&quot;","block_context":{"text":"MEGAPROYECTOS","link":"http:\/\/www.grieta.org.mx\/index.php\/category\/megaproyectos\/"},"img":{"alt_text":"","src":"https:\/\/i0.wp.com\/www.grieta.org.mx\/wp-content\/uploads\/2020\/03\/RADIO-ZACATEPEC.jpg?resize=350%2C200","width":350,"height":200,"srcset":"https:\/\/i0.wp.com\/www.grieta.org.mx\/wp-content\/uploads\/2020\/03\/RADIO-ZACATEPEC.jpg?resize=350%2C200 1x, https:\/\/i0.wp.com\/www.grieta.org.mx\/wp-content\/uploads\/2020\/03\/RADIO-ZACATEPEC.jpg?resize=525%2C300 1.5x, https:\/\/i0.wp.com\/www.grieta.org.mx\/wp-content\/uploads\/2020\/03\/RADIO-ZACATEPEC.jpg?resize=700%2C400 2x"},"classes":[]},{"id":45910,"url":"http:\/\/www.grieta.org.mx\/index.php\/2015\/06\/03\/pobladores-tratan-de-restablecer-radio-comunitaria-en-zacatepec-puebla\/","url_meta":{"origin":45902,"position":2},"title":"Pobladores tratan de restablecer radio comunitaria en Zacatepec (Puebla)","author":"Admin","date":"3 junio, 2015","format":false,"excerpt":"H\u00e9ctor Tenorio \/ Diario CAmbio Alrededor de la 13:00 horas de este martes se llev\u00f3 acabo la asamblea en la comunidad de Santa Mar\u00eda Zacatepec en la cual se tocaron los temas de la reactivaci\u00f3n de la radio comunitaria, en donde asistieron la regidora de gobernaci\u00f3n Selene Agua y el\u2026","rel":"","context":"En &quot;Puebla&quot;","block_context":{"text":"Puebla","link":"http:\/\/www.grieta.org.mx\/index.php\/category\/noticias-nacionales\/puebla\/"},"img":{"alt_text":"","src":"https:\/\/i0.wp.com\/www.grieta.org.mx\/wp-content\/uploads\/2020\/03\/08591b49a0cd2403c3a6dd15ade7af60_L.jpg?resize=350%2C200","width":350,"height":200,"srcset":"https:\/\/i0.wp.com\/www.grieta.org.mx\/wp-content\/uploads\/2020\/03\/08591b49a0cd2403c3a6dd15ade7af60_L.jpg?resize=350%2C200 1x, https:\/\/i0.wp.com\/www.grieta.org.mx\/wp-content\/uploads\/2020\/03\/08591b49a0cd2403c3a6dd15ade7af60_L.jpg?resize=525%2C300 1.5x, https:\/\/i0.wp.com\/www.grieta.org.mx\/wp-content\/uploads\/2020\/03\/08591b49a0cd2403c3a6dd15ade7af60_L.jpg?resize=700%2C400 2x"},"classes":[]},{"id":23574,"url":"http:\/\/www.grieta.org.mx\/index.php\/2018\/06\/04\/radios-comunitarias-denuncian-hostigamiento-de-bandas-criminales-en-puebla\/","url_meta":{"origin":45902,"position":3},"title":"Radios comunitarias denuncian hostigamiento de bandas criminales en Puebla","author":"grieta","date":"4 junio, 2018","format":false,"excerpt":"Por Gabriela Hern\u00e1ndez, Proceso PUEBLA, Pue. (apro).- Al participar en una protesta ante la delegaci\u00f3n estatal de la PGR, representantes de radios comunitarias que operan en la zona conocida como el \u201cTri\u00e1ngulo Rojo\u201d denunciaron el hostigamiento y acoso que sufren por parte de grupos delictivos. Hilario Cruz, de Radio Xalli,\u2026","rel":"","context":"En &quot;CINTILLO&quot;","block_context":{"text":"CINTILLO","link":"http:\/\/www.grieta.org.mx\/index.php\/category\/cintillo\/"},"img":{"alt_text":"","src":"https:\/\/i0.wp.com\/www.grieta.org.mx\/wp-content\/uploads\/2018\/03\/14524434_1106112876131411_958039263622046936_o.jpg?resize=350%2C200","width":350,"height":200,"srcset":"https:\/\/i0.wp.com\/www.grieta.org.mx\/wp-content\/uploads\/2018\/03\/14524434_1106112876131411_958039263622046936_o.jpg?resize=350%2C200 1x, https:\/\/i0.wp.com\/www.grieta.org.mx\/wp-content\/uploads\/2018\/03\/14524434_1106112876131411_958039263622046936_o.jpg?resize=525%2C300 1.5x, https:\/\/i0.wp.com\/www.grieta.org.mx\/wp-content\/uploads\/2018\/03\/14524434_1106112876131411_958039263622046936_o.jpg?resize=700%2C400 2x"},"classes":[]},{"id":45891,"url":"http:\/\/www.grieta.org.mx\/index.php\/2016\/04\/24\/radio-zacatepec-sigue-siendo-criminalizada-por-el-estado-puebla\/","url_meta":{"origin":45902,"position":4},"title":"Radio Zacatepec sigue siendo criminalizada por el Estado (Puebla)","author":"Admin","date":"24 abril, 2016","format":false,"excerpt":"Aranzaz\u00fa Ayala Mart\u00ednez \/ Lado B Zacatepec es una comunidad atravesada por la carretera federal Puebla-M\u00e9xico y al aeropuerto internacional de Huejotzingo. Por sus tierras tambi\u00e9n corre el trazo del Gasoducto Morelos, esa larga serpiente de metal que lleva en sus entra\u00f1as gas a trav\u00e9s de una zona considerada de\u2026","rel":"","context":"En &quot;Autonom\u00edas&quot;","block_context":{"text":"Autonom\u00edas","link":"http:\/\/www.grieta.org.mx\/index.php\/category\/resistencias\/autonomias\/"},"img":{"alt_text":"","src":"https:\/\/i0.wp.com\/www.grieta.org.mx\/wp-content\/uploads\/2020\/03\/B1-75-700x466.jpg?resize=350%2C200","width":350,"height":200,"srcset":"https:\/\/i0.wp.com\/www.grieta.org.mx\/wp-content\/uploads\/2020\/03\/B1-75-700x466.jpg?resize=350%2C200 1x, https:\/\/i0.wp.com\/www.grieta.org.mx\/wp-content\/uploads\/2020\/03\/B1-75-700x466.jpg?resize=525%2C300 1.5x, https:\/\/i0.wp.com\/www.grieta.org.mx\/wp-content\/uploads\/2020\/03\/B1-75-700x466.jpg?resize=700%2C400 2x"},"classes":[]},{"id":45108,"url":"http:\/\/www.grieta.org.mx\/index.php\/2020\/02\/21\/radio-xalli-10-anos-de-la-primera-concesion-para-radio-comunitaria-en-puebla\/","url_meta":{"origin":45902,"position":5},"title":"Radio Xalli, 10 a\u00f1os de la primera concesi\u00f3n para radio comunitaria en Puebla","author":"Admin","date":"21 febrero, 2020","format":false,"excerpt":"Texto Cristian Escobar \/ Lado B Fotos: Martina Zoldos \/ Lado B PUEBLA.- En 1992, con un microtransmisor constru\u00eddo por \u00e9l mismo, con materiales improvisados y un altavoz para hacer transmitir su voz, Hilario Cruz realiz\u00f3 la primera transmisi\u00f3n de una radio comunitaria en territorio poblano. En ese entonces carec\u00eda\u2026","rel":"","context":"En &quot;CINTILLO&quot;","block_context":{"text":"CINTILLO","link":"http:\/\/www.grieta.org.mx\/index.php\/category\/cintillo\/"},"img":{"alt_text":"","src":"https:\/\/i0.wp.com\/www.grieta.org.mx\/wp-content\/uploads\/2020\/02\/Radio-Xalli-3.jpg?resize=350%2C200","width":350,"height":200,"srcset":"https:\/\/i0.wp.com\/www.grieta.org.mx\/wp-content\/uploads\/2020\/02\/Radio-Xalli-3.jpg?resize=350%2C200 1x, https:\/\/i0.wp.com\/www.grieta.org.mx\/wp-content\/uploads\/2020\/02\/Radio-Xalli-3.jpg?resize=525%2C300 1.5x, https:\/\/i0.wp.com\/www.grieta.org.mx\/wp-content\/uploads\/2020\/02\/Radio-Xalli-3.jpg?resize=700%2C400 2x"},"classes":[]}],"_links":{"self":[{"href":"http:\/\/www.grieta.org.mx\/index.php\/wp-json\/wp\/v2\/posts\/45902","targetHints":{"allow":["GET"]}}],"collection":[{"href":"http:\/\/www.grieta.org.mx\/index.php\/wp-json\/wp\/v2\/posts"}],"about":[{"href":"http:\/\/www.grieta.org.mx\/index.php\/wp-json\/wp\/v2\/types\/post"}],"author":[{"embeddable":true,"href":"http:\/\/www.grieta.org.mx\/index.php\/wp-json\/wp\/v2\/users\/1"}],"replies":[{"embeddable":true,"href":"http:\/\/www.grieta.org.mx\/index.php\/wp-json\/wp\/v2\/comments?post=45902"}],"version-history":[{"count":1,"href":"http:\/\/www.grieta.org.mx\/index.php\/wp-json\/wp\/v2\/posts\/45902\/revisions"}],"predecessor-version":[{"id":45904,"href":"http:\/\/www.grieta.org.mx\/index.php\/wp-json\/wp\/v2\/posts\/45902\/revisions\/45904"}],"wp:featuredmedia":[{"embeddable":true,"href":"http:\/\/www.grieta.org.mx\/index.php\/wp-json\/wp\/v2\/media\/45903"}],"wp:attachment":[{"href":"http:\/\/www.grieta.org.mx\/index.php\/wp-json\/wp\/v2\/media?parent=45902"}],"wp:term":[{"taxonomy":"category","embeddable":true,"href":"http:\/\/www.grieta.org.mx\/index.php\/wp-json\/wp\/v2\/categories?post=45902"},{"taxonomy":"post_tag","embeddable":true,"href":"http:\/\/www.grieta.org.mx\/index.php\/wp-json\/wp\/v2\/tags?post=45902"}],"curies":[{"name":"wp","href":"https:\/\/api.w.org\/{rel}","templated":true}]}}