{"id":45891,"date":"2016-04-24T13:15:46","date_gmt":"2016-04-24T18:15:46","guid":{"rendered":"http:\/\/www.grieta.org.mx\/?p=45891"},"modified":"2020-03-10T13:34:52","modified_gmt":"2020-03-10T19:34:52","slug":"radio-zacatepec-sigue-siendo-criminalizada-por-el-estado-puebla","status":"publish","type":"post","link":"http:\/\/www.grieta.org.mx\/index.php\/2016\/04\/24\/radio-zacatepec-sigue-siendo-criminalizada-por-el-estado-puebla\/","title":{"rendered":"Radio Zacatepec sigue siendo criminalizada por el Estado (Puebla)"},"content":{"rendered":"<p><a href=\"http:\/\/www.grieta.org.mx\/wp-content\/uploads\/2020\/03\/B1-75-700x466.jpg\"><img loading=\"lazy\" decoding=\"async\" data-attachment-id=\"45892\" data-permalink=\"http:\/\/www.grieta.org.mx\/index.php\/2016\/04\/24\/radio-zacatepec-sigue-siendo-criminalizada-por-el-estado-puebla\/b1-75-700x466\/\" data-orig-file=\"http:\/\/www.grieta.org.mx\/wp-content\/uploads\/2020\/03\/B1-75-700x466.jpg\" data-orig-size=\"700,466\" data-comments-opened=\"0\" data-image-meta=\"{&quot;aperture&quot;:&quot;0&quot;,&quot;credit&quot;:&quot;&quot;,&quot;camera&quot;:&quot;&quot;,&quot;caption&quot;:&quot;&quot;,&quot;created_timestamp&quot;:&quot;0&quot;,&quot;copyright&quot;:&quot;&quot;,&quot;focal_length&quot;:&quot;0&quot;,&quot;iso&quot;:&quot;0&quot;,&quot;shutter_speed&quot;:&quot;0&quot;,&quot;title&quot;:&quot;&quot;,&quot;orientation&quot;:&quot;0&quot;}\" data-image-title=\"B1-75-700&amp;#215;466\" data-image-description=\"\" data-image-caption=\"&lt;p&gt;Tomada de Lado B. Foto: Marlene Mart\u00ednez &lt;\/p&gt;\n\" data-medium-file=\"http:\/\/www.grieta.org.mx\/wp-content\/uploads\/2020\/03\/B1-75-700x466-300x200.jpg\" data-large-file=\"http:\/\/www.grieta.org.mx\/wp-content\/uploads\/2020\/03\/B1-75-700x466.jpg\" class=\"aligncenter wp-image-45892\" src=\"http:\/\/www.grieta.org.mx\/wp-content\/uploads\/2020\/03\/B1-75-700x466.jpg\" alt=\"\" width=\"800\" height=\"533\" srcset=\"http:\/\/www.grieta.org.mx\/wp-content\/uploads\/2020\/03\/B1-75-700x466.jpg 700w, http:\/\/www.grieta.org.mx\/wp-content\/uploads\/2020\/03\/B1-75-700x466-300x200.jpg 300w\" sizes=\"auto, (max-width: 800px) 100vw, 800px\" \/><\/a><\/p>\n<p>Aranzaz\u00fa Ayala Mart\u00ednez \/ Lado B<\/p>\n<p>Zacatepec es una comunidad atravesada por la carretera federal Puebla-M\u00e9xico y al aeropuerto internacional de Huejotzingo. Por sus tierras tambi\u00e9n corre el trazo del Gasoducto Morelos, esa larga serpiente de metal que lleva en sus entra\u00f1as gas a trav\u00e9s de una zona considerada de alto riesgo volc\u00e1nico. Ah\u00ed tambi\u00e9n est\u00e1 instalada una radio comunitaria que lleva el nombre del lugar: Radio Zacatepec, y que es una de las m\u00e1s asediadas por el Estado, y su labor ha sido paralizada temporalmente por acoso de las autoridades que tratan de desacreditar a sus integrantes.<\/p>\n<p>En 2014 se registr\u00f3 el primer ataque, cuando personal de Instituto Federal de Comunicaciones (Ifetel), acompa\u00f1ado por elementos de seguridad p\u00fablica, se llev\u00f3 el transmisor y dem\u00e1s equipo.<\/p>\n<p>Los comunicadores se pasaron a otro inmueble y decidieron seguir transmitiendo por internet y mediante altavoces. La embestida del estado no tard\u00f3 demasiado en llegar, el 30 de mayo de 2015, cerca de la una de la ma\u00f1ana, polic\u00eda estatal, municipal y ministerial irrumpi\u00f3 en el nuevo domicilio portando armas largas, rompiendo vidrios y destruyendo el espacio de cinco metros cuadrados que le prestaban dentro de la casa a la Radio. Luego de ocho meses de ocupar ese espacio, el Estado otra vez silenci\u00f3 a la comunidad.<\/p>\n<p>Miguel, uno de los encargados de la radio, cuenta que ese d\u00eda, hace casi un a\u00f1o, la comunidad se junt\u00f3 en la madrugada cuando lleg\u00f3 la polic\u00eda. Ninguna autoridad les dijo nada, pero se rumoraba que hab\u00eda \u00f3rdenes de aprehensi\u00f3n contra \u00e9l y contra Alejandro, otro de los integrantes de la radio. Despu\u00e9s supieron que hab\u00eda habido varias \u201cdenuncias an\u00f3nimas\u201d de que en esa casa supuestamente se vend\u00eda droga, acusando tambi\u00e9n a los comunicadores populares de narcomenudeo.<\/p>\n<p>La Comisi\u00f3n Estatal de Derechos Humanos (CDH) busc\u00f3 a personas de Radio Zacatepec para que se interpusiera la queja, que se hizo no con los representantes de la emisora sino con otras personas de la comunidad.<\/p>\n<p>El inmueble todav\u00eda sigue en posesi\u00f3n de las autoridades y no ha sido devuelto a su due\u00f1a porque falta la resoluci\u00f3n de un amparo, que tiene que ver con la libertad de expresi\u00f3n. Sin embargo, el asunto legal fue enviado a un juzgado a Acapulco, Guerrero, para ser resuelto.<\/p>\n<p>El pasado jueves 21 de abril los integrantes de Radio Zacatepec fueron a la CDH para ampliar la queja y presionar para que se resuelva la situaci\u00f3n. Miguel explica que desde que la polic\u00eda lleg\u00f3 el 30 de mayo, la labor de la radio se detuvo. La persecuci\u00f3n y criminalizaci\u00f3n a las radios comunitarias dej\u00f3 a Zacatepec \u2013al menos temporalmente\u2013 sin una emisora propia.<\/p>\n<p>Los integrantes de la radio comunitaria contaron que la Fiscal\u00eda General del Estado (FGE) los cuestion\u00f3 sobre su participaci\u00f3n en las transmisiones, dejando de lado el supuesto delito del narcomenudeo.<\/p>\n<p>\u201cAh\u00ed vamos viendo que la Fiscal\u00eda est\u00e1 revolviendo las cosas. Nos acusaron de narcomenudeo y terminan haci\u00e9ndonos un cuestionamiento de la libertad de expresi\u00f3n de que la radio, c\u00f3mo se est\u00e1 transmitiendo, quienes laboran, de qu\u00e9 hora a qu\u00e9 hora, qu\u00e9 programas, quien lo dirige, c\u00f3mo tuvieron la cuesti\u00f3n de la computadora, todo eso lo empiezan a manejar as\u00ed, como si la comunicaci\u00f3n fuera un delito. Ya no le pusieron importancia a la cuesti\u00f3n de la droga, pues los resultados arrojan que pues no encuentran nada de droga o algo que criminalice a la radio\u201d, cuenta Miguel.<\/p>\n<figure id=\"attachment_45893\" aria-describedby=\"caption-attachment-45893\" style=\"width: 800px\" class=\"wp-caption aligncenter\"><a href=\"http:\/\/www.grieta.org.mx\/wp-content\/uploads\/2020\/03\/Radio_Zacatepec.jpg\"><img loading=\"lazy\" decoding=\"async\" data-attachment-id=\"45893\" data-permalink=\"http:\/\/www.grieta.org.mx\/index.php\/2016\/04\/24\/radio-zacatepec-sigue-siendo-criminalizada-por-el-estado-puebla\/radio_zacatepec\/\" data-orig-file=\"http:\/\/www.grieta.org.mx\/wp-content\/uploads\/2020\/03\/Radio_Zacatepec.jpg\" data-orig-size=\"658,420\" data-comments-opened=\"0\" data-image-meta=\"{&quot;aperture&quot;:&quot;0&quot;,&quot;credit&quot;:&quot;&quot;,&quot;camera&quot;:&quot;&quot;,&quot;caption&quot;:&quot;&quot;,&quot;created_timestamp&quot;:&quot;0&quot;,&quot;copyright&quot;:&quot;&quot;,&quot;focal_length&quot;:&quot;0&quot;,&quot;iso&quot;:&quot;0&quot;,&quot;shutter_speed&quot;:&quot;0&quot;,&quot;title&quot;:&quot;&quot;,&quot;orientation&quot;:&quot;0&quot;}\" data-image-title=\"Radio_Zacatepec\" data-image-description=\"\" data-image-caption=\"&lt;p&gt;Foto: Tomada de periodicoenfoque.com.mx&lt;\/p&gt;\n\" data-medium-file=\"http:\/\/www.grieta.org.mx\/wp-content\/uploads\/2020\/03\/Radio_Zacatepec-300x191.jpg\" data-large-file=\"http:\/\/www.grieta.org.mx\/wp-content\/uploads\/2020\/03\/Radio_Zacatepec.jpg\" class=\"wp-image-45893\" src=\"http:\/\/www.grieta.org.mx\/wp-content\/uploads\/2020\/03\/Radio_Zacatepec.jpg\" alt=\"\" width=\"800\" height=\"511\" srcset=\"http:\/\/www.grieta.org.mx\/wp-content\/uploads\/2020\/03\/Radio_Zacatepec.jpg 658w, http:\/\/www.grieta.org.mx\/wp-content\/uploads\/2020\/03\/Radio_Zacatepec-300x191.jpg 300w\" sizes=\"auto, (max-width: 800px) 100vw, 800px\" \/><\/a><figcaption id=\"caption-attachment-45893\" class=\"wp-caption-text\">Foto: Tomada de periodicoenfoque.com.mx<\/figcaption><\/figure>\n<p>La queja 3719\/2015, interpuesta ante la CDH y dirigida a las autoridades del municipio de Juan C. Bonilla, al que pertenece Zacatepec, hace un recuento de lo ocurrido durante la madrugada del 30 de mayo en el inmueble ubicado en la Calle Zacatl\u00e1n 160. El documento tambi\u00e9n denuncia que los cuestionamientos del Ministerio P\u00fablico fueron \u201cinapropiados y en un claro acto de hostigamiento e investigaci\u00f3n arbitraria sobre quienes integran la radio comunitaria\u201d.<\/p>\n<p>Lo que se pidi\u00f3 espec\u00edficamente mediante el documento de la CDH es dar medidas cautelares para garantizar la integridad de los integrantes de la radio, y que se emita una recomendaci\u00f3n por las acciones de desacreditaci\u00f3n contra los comunicadores populares y que se garantice el derecho a la libertad de expresi\u00f3n.<\/p>\n<p><a href=\"https:\/\/ladobe.com.mx\/2016\/04\/radio-zacatepec-sigue-siendo-criminalizada-por-el-estado\/\">https:\/\/ladobe.com.mx\/2016\/04\/radio-zacatepec-sigue-siendo-criminalizada-por-el-estado\/<\/a><\/p>\n","protected":false},"excerpt":{"rendered":"<p>Aranzaz\u00fa Ayala Mart\u00ednez \/ Lado B Zacatepec es una comunidad atravesada por la carretera federal Puebla-M\u00e9xico y al aeropuerto internacional de Huejotzingo. Por sus tierras tambi\u00e9n corre el trazo del &hellip; <a href=\"http:\/\/www.grieta.org.mx\/index.php\/2016\/04\/24\/radio-zacatepec-sigue-siendo-criminalizada-por-el-estado-puebla\/\" class=\"more-link\">Leer m\u00e1s<\/a><\/p>\n","protected":false},"author":1,"featured_media":45892,"comment_status":"closed","ping_status":"closed","sticky":false,"template":"","format":"standard","meta":{"ngg_post_thumbnail":0,"_jetpack_newsletter_access":"","_jetpack_dont_email_post_to_subs":false,"_jetpack_newsletter_tier_id":0,"_jetpack_memberships_contains_paywalled_content":false,"_jetpack_memberships_contains_paid_content":false,"footnotes":""},"categories":[3167,922,942,2,44,26,3166,3119,1249,3165],"tags":[563],"class_list":["post-45891","post","type-post","status-publish","format-standard","has-post-thumbnail","hentry","category-autonomias","category-megaproyectos-estados","category-mp-puebla","category-noticias-nacionales","category-proyecto-integral-morelos","category-puebla","category-radios-comunitarias","category-radios-comunitarias-en-puebla","category-rechazo-al-proyecto-interal-morelos-en-puebla","category-resistencias","tag-radios-comunitarias","entry"],"jetpack_featured_media_url":"http:\/\/www.grieta.org.mx\/wp-content\/uploads\/2020\/03\/B1-75-700x466.jpg","jetpack_sharing_enabled":true,"jetpack_shortlink":"https:\/\/wp.me\/p7ZJR4-bWb","jetpack_likes_enabled":false,"jetpack-related-posts":[{"id":45895,"url":"http:\/\/www.grieta.org.mx\/index.php\/2013\/11\/04\/a-fin-de-informar-al-pueblo-sobre-el-gasoducto-morelos-nace-radio-comunitaria-zacatepec-puebla\/","url_meta":{"origin":45891,"position":0},"title":"A fin de informar al pueblo sobre el Gasoducto Morelos nace Radio Comunitaria Zacatepec (Puebla)","author":"Admin","date":"4 noviembre, 2013","format":false,"excerpt":"Yadira Llaven Anzures \/ La Jornada de Oriente Con la finalidad de informar sobre el conflicto social que ha generado la instalaci\u00f3n del Gasoducto Morelos en sus tierras de cultivo, adem\u00e1s de rescatar las tradiciones y costumbres de la localidad, nace la Radio Comunitaria de Santa Mar\u00eda Zacatepec, en el\u2026","rel":"","context":"En &quot;MEGAPROYECTOS&quot;","block_context":{"text":"MEGAPROYECTOS","link":"http:\/\/www.grieta.org.mx\/index.php\/category\/megaproyectos\/"},"img":{"alt_text":"","src":"https:\/\/i0.wp.com\/www.grieta.org.mx\/wp-content\/uploads\/2020\/03\/RADIO-ZACATEPEC.jpg?resize=350%2C200","width":350,"height":200,"srcset":"https:\/\/i0.wp.com\/www.grieta.org.mx\/wp-content\/uploads\/2020\/03\/RADIO-ZACATEPEC.jpg?resize=350%2C200 1x, https:\/\/i0.wp.com\/www.grieta.org.mx\/wp-content\/uploads\/2020\/03\/RADIO-ZACATEPEC.jpg?resize=525%2C300 1.5x, https:\/\/i0.wp.com\/www.grieta.org.mx\/wp-content\/uploads\/2020\/03\/RADIO-ZACATEPEC.jpg?resize=700%2C400 2x"},"classes":[]},{"id":45899,"url":"http:\/\/www.grieta.org.mx\/index.php\/2019\/11\/21\/amenazan-a-radio-de-zacatepec-por-difundir-conflicto-ambiental-puebla\/","url_meta":{"origin":45891,"position":1},"title":"Amenazan a radio de Zacatepec por difundir conflicto ambiental (Puebla)","author":"Admin","date":"21 noviembre, 2019","format":false,"excerpt":"Laura Ruiz \/ e- consulta El conflicto por el desag\u00fce de la zona industrial de Huejotzingo, en el municipio de Juan C. Bonilla, dej\u00f3 ya amenazas y da\u00f1os a quienes forman parte de la radio comunitaria de Santa Mar\u00eda Zacatepec. As\u00ed lo denunciaron este jueves integrantes de ese medio de\u2026","rel":"","context":"En &quot;MEGAPROYECTOS&quot;","block_context":{"text":"MEGAPROYECTOS","link":"http:\/\/www.grieta.org.mx\/index.php\/category\/megaproyectos\/"},"img":{"alt_text":"","src":"https:\/\/i0.wp.com\/www.grieta.org.mx\/wp-content\/uploads\/2020\/03\/radioscomunitarias-239832.jpg?resize=350%2C200","width":350,"height":200,"srcset":"https:\/\/i0.wp.com\/www.grieta.org.mx\/wp-content\/uploads\/2020\/03\/radioscomunitarias-239832.jpg?resize=350%2C200 1x, https:\/\/i0.wp.com\/www.grieta.org.mx\/wp-content\/uploads\/2020\/03\/radioscomunitarias-239832.jpg?resize=525%2C300 1.5x"},"classes":[]},{"id":45902,"url":"http:\/\/www.grieta.org.mx\/index.php\/2014\/08\/05\/desmantelan-dos-estaciones-de-radio-comunitarias-en-puebla\/","url_meta":{"origin":45891,"position":2},"title":"Desmantelan dos estaciones de radio comunitarias en Puebla","author":"Admin","date":"5 agosto, 2014","format":false,"excerpt":"Gabriela Hern\u00e1ndez \/ Proceso PUEBLA, Pue. (apro).- Representantes del Instituto Federal de Telecomunicaciones (Ifetel), apoyados por elementos de la Polic\u00eda Federal vestidos de civil, desmantelaron las radios comunitarias de los pueblos Santa Mar\u00eda Zacatepec y San Bernardino Tlaxcalancingo. En un operativo realizado la noche de ayer y que incluy\u00f3 el\u2026","rel":"","context":"En &quot;MEGAPROYECTOS&quot;","block_context":{"text":"MEGAPROYECTOS","link":"http:\/\/www.grieta.org.mx\/index.php\/category\/megaproyectos\/"},"img":{"alt_text":"","src":"https:\/\/i0.wp.com\/www.grieta.org.mx\/wp-content\/uploads\/2020\/03\/Radio-comunitarias-Tomada-de-La-Jornada-de-Oriente.jpg?resize=350%2C200","width":350,"height":200,"srcset":"https:\/\/i0.wp.com\/www.grieta.org.mx\/wp-content\/uploads\/2020\/03\/Radio-comunitarias-Tomada-de-La-Jornada-de-Oriente.jpg?resize=350%2C200 1x, https:\/\/i0.wp.com\/www.grieta.org.mx\/wp-content\/uploads\/2020\/03\/Radio-comunitarias-Tomada-de-La-Jornada-de-Oriente.jpg?resize=525%2C300 1.5x"},"classes":[]},{"id":45910,"url":"http:\/\/www.grieta.org.mx\/index.php\/2015\/06\/03\/pobladores-tratan-de-restablecer-radio-comunitaria-en-zacatepec-puebla\/","url_meta":{"origin":45891,"position":3},"title":"Pobladores tratan de restablecer radio comunitaria en Zacatepec (Puebla)","author":"Admin","date":"3 junio, 2015","format":false,"excerpt":"H\u00e9ctor Tenorio \/ Diario CAmbio Alrededor de la 13:00 horas de este martes se llev\u00f3 acabo la asamblea en la comunidad de Santa Mar\u00eda Zacatepec en la cual se tocaron los temas de la reactivaci\u00f3n de la radio comunitaria, en donde asistieron la regidora de gobernaci\u00f3n Selene Agua y el\u2026","rel":"","context":"En &quot;Puebla&quot;","block_context":{"text":"Puebla","link":"http:\/\/www.grieta.org.mx\/index.php\/category\/noticias-nacionales\/puebla\/"},"img":{"alt_text":"","src":"https:\/\/i0.wp.com\/www.grieta.org.mx\/wp-content\/uploads\/2020\/03\/08591b49a0cd2403c3a6dd15ade7af60_L.jpg?resize=350%2C200","width":350,"height":200,"srcset":"https:\/\/i0.wp.com\/www.grieta.org.mx\/wp-content\/uploads\/2020\/03\/08591b49a0cd2403c3a6dd15ade7af60_L.jpg?resize=350%2C200 1x, https:\/\/i0.wp.com\/www.grieta.org.mx\/wp-content\/uploads\/2020\/03\/08591b49a0cd2403c3a6dd15ade7af60_L.jpg?resize=525%2C300 1.5x, https:\/\/i0.wp.com\/www.grieta.org.mx\/wp-content\/uploads\/2020\/03\/08591b49a0cd2403c3a6dd15ade7af60_L.jpg?resize=700%2C400 2x"},"classes":[]},{"id":40933,"url":"http:\/\/www.grieta.org.mx\/index.php\/2019\/10\/10\/amenazan-de-muerte-a-tres-opositores-al-proyecto-integral-morelos-puebla\/","url_meta":{"origin":45891,"position":4},"title":"Amenazan de muerte a tres opositores al Proyecto Integral Morelos (Puebla)","author":"grieta","date":"10 octubre, 2019","format":false,"excerpt":"Indra Cirigo \/ Contral\u00ednea El Colectivo Nacional Alerta Temprana de Periodistas y Activistas (Conapa) denunci\u00f3 que el gobierno \u2013en sus tres niveles\u2013 est\u00e1 violando los derechos humanos de los defensores de la tierra que se oponen a la construcci\u00f3n del corredor industrial en los estados de Tlaxcala, Puebla y Morelos\u2026","rel":"","context":"En &quot;CINTILLO&quot;","block_context":{"text":"CINTILLO","link":"http:\/\/www.grieta.org.mx\/index.php\/category\/cintillo\/"},"img":{"alt_text":"","src":"https:\/\/i0.wp.com\/www.grieta.org.mx\/wp-content\/uploads\/2019\/11\/co.jpg?resize=350%2C200","width":350,"height":200,"srcset":"https:\/\/i0.wp.com\/www.grieta.org.mx\/wp-content\/uploads\/2019\/11\/co.jpg?resize=350%2C200 1x, https:\/\/i0.wp.com\/www.grieta.org.mx\/wp-content\/uploads\/2019\/11\/co.jpg?resize=525%2C300 1.5x"},"classes":[]},{"id":29121,"url":"http:\/\/www.grieta.org.mx\/index.php\/2019\/02\/17\/comunidades-de-puebla-preparan-amparo-contra-consulta-federal-sobre-la-termoelectrica\/","url_meta":{"origin":45891,"position":5},"title":"Comunidades de Puebla preparan amparo contra consulta federal sobre la termoel\u00e9ctrica","author":"grieta","date":"17 febrero, 2019","format":false,"excerpt":"Aranzaz\u00fa Ayala Mart\u00ednez \/ Lado B A principios de febrero el gobierno federal encabezado por Andr\u00e9s Manuel L\u00f3pez Obrador anunci\u00f3 que har\u00e1 una consulta ciudadana para definir el destino del Proyecto Integral Morelos (PIM), que incluye dos termoel\u00e9ctricas, un acueducto y un gasoducto que atraviesa Tlaxcala y la zona volc\u00e1nica\u2026","rel":"","context":"En &quot;10. Huexca&quot;","block_context":{"text":"10. Huexca","link":"http:\/\/www.grieta.org.mx\/index.php\/category\/espejos-de-la-resistencia\/10-huexca\/"},"img":{"alt_text":"","src":"https:\/\/i0.wp.com\/www.grieta.org.mx\/wp-content\/uploads\/2019\/02\/DSC_0175.jpg?resize=350%2C200","width":350,"height":200,"srcset":"https:\/\/i0.wp.com\/www.grieta.org.mx\/wp-content\/uploads\/2019\/02\/DSC_0175.jpg?resize=350%2C200 1x, https:\/\/i0.wp.com\/www.grieta.org.mx\/wp-content\/uploads\/2019\/02\/DSC_0175.jpg?resize=525%2C300 1.5x, https:\/\/i0.wp.com\/www.grieta.org.mx\/wp-content\/uploads\/2019\/02\/DSC_0175.jpg?resize=700%2C400 2x"},"classes":[]}],"_links":{"self":[{"href":"http:\/\/www.grieta.org.mx\/index.php\/wp-json\/wp\/v2\/posts\/45891","targetHints":{"allow":["GET"]}}],"collection":[{"href":"http:\/\/www.grieta.org.mx\/index.php\/wp-json\/wp\/v2\/posts"}],"about":[{"href":"http:\/\/www.grieta.org.mx\/index.php\/wp-json\/wp\/v2\/types\/post"}],"author":[{"embeddable":true,"href":"http:\/\/www.grieta.org.mx\/index.php\/wp-json\/wp\/v2\/users\/1"}],"replies":[{"embeddable":true,"href":"http:\/\/www.grieta.org.mx\/index.php\/wp-json\/wp\/v2\/comments?post=45891"}],"version-history":[{"count":1,"href":"http:\/\/www.grieta.org.mx\/index.php\/wp-json\/wp\/v2\/posts\/45891\/revisions"}],"predecessor-version":[{"id":45894,"href":"http:\/\/www.grieta.org.mx\/index.php\/wp-json\/wp\/v2\/posts\/45891\/revisions\/45894"}],"wp:featuredmedia":[{"embeddable":true,"href":"http:\/\/www.grieta.org.mx\/index.php\/wp-json\/wp\/v2\/media\/45892"}],"wp:attachment":[{"href":"http:\/\/www.grieta.org.mx\/index.php\/wp-json\/wp\/v2\/media?parent=45891"}],"wp:term":[{"taxonomy":"category","embeddable":true,"href":"http:\/\/www.grieta.org.mx\/index.php\/wp-json\/wp\/v2\/categories?post=45891"},{"taxonomy":"post_tag","embeddable":true,"href":"http:\/\/www.grieta.org.mx\/index.php\/wp-json\/wp\/v2\/tags?post=45891"}],"curies":[{"name":"wp","href":"https:\/\/api.w.org\/{rel}","templated":true}]}}