{"id":45793,"date":"2020-03-06T12:37:46","date_gmt":"2020-03-06T18:37:46","guid":{"rendered":"http:\/\/www.grieta.org.mx\/?p=45793"},"modified":"2020-03-07T12:42:43","modified_gmt":"2020-03-07T18:42:43","slug":"con-cacerolazo-protestan-contra-los-feminicidios-en-ecatepec-estado-de-mexico","status":"publish","type":"post","link":"http:\/\/www.grieta.org.mx\/index.php\/2020\/03\/06\/con-cacerolazo-protestan-contra-los-feminicidios-en-ecatepec-estado-de-mexico\/","title":{"rendered":"Con cacerolazo, protestan contra los feminicidios en Ecatepec (Estado de M\u00e9xico)"},"content":{"rendered":"<p><img loading=\"lazy\" decoding=\"async\" data-attachment-id=\"45794\" data-permalink=\"http:\/\/www.grieta.org.mx\/index.php\/2020\/03\/06\/con-cacerolazo-protestan-contra-los-feminicidios-en-ecatepec-estado-de-mexico\/con-cacerolazo-protestan-contra-los-feminicidios-en-ecatepec-edomex-mzo\/\" data-orig-file=\"http:\/\/www.grieta.org.mx\/wp-content\/uploads\/2020\/03\/Con-cacerolazo-protestan-contra-los-feminicidios-en-Ecatepec-edomex-mzo.jpeg\" data-orig-size=\"696,417\" data-comments-opened=\"0\" data-image-meta=\"{&quot;aperture&quot;:&quot;0&quot;,&quot;credit&quot;:&quot;&quot;,&quot;camera&quot;:&quot;&quot;,&quot;caption&quot;:&quot;&quot;,&quot;created_timestamp&quot;:&quot;0&quot;,&quot;copyright&quot;:&quot;&quot;,&quot;focal_length&quot;:&quot;0&quot;,&quot;iso&quot;:&quot;0&quot;,&quot;shutter_speed&quot;:&quot;0&quot;,&quot;title&quot;:&quot;&quot;,&quot;orientation&quot;:&quot;0&quot;}\" data-image-title=\"Con cacerolazo, protestan contra los feminicidios en Ecatepec edomex mzo\" data-image-description=\"\" data-image-caption=\"\" data-medium-file=\"http:\/\/www.grieta.org.mx\/wp-content\/uploads\/2020\/03\/Con-cacerolazo-protestan-contra-los-feminicidios-en-Ecatepec-edomex-mzo-300x180.jpeg\" data-large-file=\"http:\/\/www.grieta.org.mx\/wp-content\/uploads\/2020\/03\/Con-cacerolazo-protestan-contra-los-feminicidios-en-Ecatepec-edomex-mzo.jpeg\" class=\"aligncenter  wp-image-45794\" src=\"http:\/\/www.grieta.org.mx\/wp-content\/uploads\/2020\/03\/Con-cacerolazo-protestan-contra-los-feminicidios-en-Ecatepec-edomex-mzo.jpeg\" alt=\"\" width=\"646\" height=\"387\" srcset=\"http:\/\/www.grieta.org.mx\/wp-content\/uploads\/2020\/03\/Con-cacerolazo-protestan-contra-los-feminicidios-en-Ecatepec-edomex-mzo.jpeg 696w, http:\/\/www.grieta.org.mx\/wp-content\/uploads\/2020\/03\/Con-cacerolazo-protestan-contra-los-feminicidios-en-Ecatepec-edomex-mzo-300x180.jpeg 300w\" sizes=\"auto, (max-width: 646px) 100vw, 646px\" \/><br \/>\n<em>Foto: Cortes\u00eda de @abismada_<\/em><\/p>\n<p>Karina Almaraz T\u00e9llez \/ La Raz\u00f3n de M\u00e9xico<\/p>\n<blockquote><p>Colectivos feministas protestaron en las afueras del metro R\u00edo de los Remedios, punto emblem\u00e1tico de la violencia que padecen las mujeres en ese municipio.<\/p><\/blockquote>\n<p>Colectivos feministas protestaron con un cacerolazo en las afueras del metro R\u00edo de los Remedios, en Ecatepec de Morelos, Estado de M\u00e9xico, uno de los m\u00e1s peligrosos para ser mujer en M\u00e9xico.<\/p>\n<p>Convocadas a trav\u00e9s de redes sociales, alrededor de 50 mujeres se reunieron desde las 15:00 horas de este viernes para manifestarse en contra de los feminicidios en Ecatepec.<\/p>\n<p>Vestidas de negro, colocaron cruces rosas en el camell\u00f3n que separa la Avenida Central de la estaci\u00f3n del Metro y al grito de \u201cni una asesinada m\u00e1s\u201d, golpearon cacerolas cerca de una hora.<\/p>\n<p>Tambi\u00e9n colocaron carteles alusivos a la violencia contra las mujeres e hicieron un pase de lista en el que nombraron a algunas de las v\u00edctimas de feminicidio en ese municipio.<\/p>\n<p>Al terminar la protesta, realizaron cierres en la Avenida Central y una pinta en la que aseguran ser la voz de las que ya no est\u00e1n.<\/p>\n<p>La fosa del Agua<\/p>\n<p>El R\u00edo de los Remedios es un punto emblem\u00e1tico respecto a la violencia que las mujeres padecen en ese municipio.<\/p>\n<p>Cuando el r\u00edo fue desecado para ser entubado, aparecieron cientos de cuerpos de mujeres, cuyas historias fueron investigadas en el libro La Fosa del Agua, de Lydiette Carri\u00f3n.<\/p>\n<p>Ecatepec se encuentra en Alerta de Violencia de G\u00e9nero desde el 31 de julio de 2015, declarada por la Comisi\u00f3n Nacional para Prevenir y Erradicar la Violencia Contra las Mujeres.<\/p>\n<p>La Procuradur\u00eda General de Justicia del Estado de M\u00e9xico report\u00f3 242 feminicidios, desde enero de 2012 hasta mayo de 2016.<\/p>\n<p>Actualmente, para el periodo comprendido entre enero de 2019 a enero de 2020, el Secretariado Ejecutivo del Sistema Nacional de Seguridad P\u00fablica reconoci\u00f3 como feminicidios a 127 asesinatos de mujeres ocurridos en el estado, es decir, los casos de un a\u00f1o son apenas la mitad de los contabilizados en un periodo de 4 a\u00f1os y medio.<\/p>\n<p><a href=\"https:\/\/www.razon.com.mx\/estados\/con-cacerolazo-protestan-contra-los-feminicidios-en-ecatepec-video\/\" target=\"_blank\" rel=\"noopener noreferrer\">https:\/\/www.razon.com.mx\/estados\/con-cacerolazo-protestan-contra-los-feminicidios-en-ecatepec-video\/<\/a><\/p>\n","protected":false},"excerpt":{"rendered":"<p>Foto: Cortes\u00eda de @abismada_ Karina Almaraz T\u00e9llez \/ La Raz\u00f3n de M\u00e9xico Colectivos feministas protestaron en las afueras del metro R\u00edo de los Remedios, punto emblem\u00e1tico de la violencia que &hellip; <a href=\"http:\/\/www.grieta.org.mx\/index.php\/2020\/03\/06\/con-cacerolazo-protestan-contra-los-feminicidios-en-ecatepec-estado-de-mexico\/\" class=\"more-link\">Leer m\u00e1s<\/a><\/p>\n","protected":false},"author":2,"featured_media":45794,"comment_status":"closed","ping_status":"closed","sticky":false,"template":"","format":"standard","meta":{"ngg_post_thumbnail":0,"_jetpack_newsletter_access":"","_jetpack_dont_email_post_to_subs":false,"_jetpack_newsletter_tier_id":0,"_jetpack_memberships_contains_paywalled_content":false,"_jetpack_memberships_contains_paid_content":false,"footnotes":""},"categories":[80,16,84,1013,2765,3035,2,83,2720],"tags":[81],"class_list":["post-45793","post","type-post","status-publish","format-standard","has-post-thumbnail","hentry","category-cintillo","category-estado-de-mexico","category-feminicidios","category-feminicios-en-el-estado-de-mexico","category-incremento-de-la-violencia-en-el-estado-de-mexico","category-movilizaciones-y-protestas-de-habitantes-en-el-estado-de-mexico","category-noticias-nacionales","category-temas-nacionales","category-violencia-contra-las-mujeres-en-el-estado-de-mexico","tag-feminicidios","entry"],"jetpack_featured_media_url":"http:\/\/www.grieta.org.mx\/wp-content\/uploads\/2020\/03\/Con-cacerolazo-protestan-contra-los-feminicidios-en-Ecatepec-edomex-mzo.jpeg","jetpack_sharing_enabled":true,"jetpack_shortlink":"https:\/\/wp.me\/p7ZJR4-bUB","jetpack_likes_enabled":false,"jetpack-related-posts":[{"id":53727,"url":"http:\/\/www.grieta.org.mx\/index.php\/2020\/09\/11\/incendian-sede-de-codhem-en-ecatepec-tras-detencion-de-feministas-estado-de-mexico\/","url_meta":{"origin":45793,"position":0},"title":"Incendian sede de CODHEM en Ecatepec tras detenci\u00f3n de feministas (Estado de M\u00e9xico)","author":"grieta","date":"11 septiembre, 2020","format":false,"excerpt":"Foto: Twiter \/ @Andalalucha Carlos Guevara \/ El Sol de M\u00e9xico Un grupo de aproximadamente 50 mujeres llegaron al recinto ubicado en o en la Avenida Morelos para manifestarse en contra de la violencia policial y feminicidios Mujeres feministas incendiaron este viernes las instalaciones de la visitadur\u00eda general de la\u2026","rel":"","context":"En &quot;Abuso policiaco y tortura en el Estado de M\u00e9xico&quot;","block_context":{"text":"Abuso policiaco y tortura en el Estado de M\u00e9xico","link":"http:\/\/www.grieta.org.mx\/index.php\/category\/noticias-nacionales\/estado-de-mexico\/abuso-policiaco-y-tortura-en-el-estado-de-mexico\/"},"img":{"alt_text":"","src":"https:\/\/i0.wp.com\/www.grieta.org.mx\/wp-content\/uploads\/2020\/09\/Incendian-sede-de-CODHEM-en-Ecatepec-tras-detencion-de-feministas-edomex-sept.jpg?resize=350%2C200","width":350,"height":200,"srcset":"https:\/\/i0.wp.com\/www.grieta.org.mx\/wp-content\/uploads\/2020\/09\/Incendian-sede-de-CODHEM-en-Ecatepec-tras-detencion-de-feministas-edomex-sept.jpg?resize=350%2C200 1x, https:\/\/i0.wp.com\/www.grieta.org.mx\/wp-content\/uploads\/2020\/09\/Incendian-sede-de-CODHEM-en-Ecatepec-tras-detencion-de-feministas-edomex-sept.jpg?resize=525%2C300 1.5x, https:\/\/i0.wp.com\/www.grieta.org.mx\/wp-content\/uploads\/2020\/09\/Incendian-sede-de-CODHEM-en-Ecatepec-tras-detencion-de-feministas-edomex-sept.jpg?resize=700%2C400 2x"},"classes":[]},{"id":55449,"url":"http:\/\/www.grieta.org.mx\/index.php\/2020\/11\/21\/feministas-toman-simbolicamente-puentes-peatonales-en-ecatepec-y-coacalco-estado-de-mexico\/","url_meta":{"origin":45793,"position":1},"title":"Feministas toman simb\u00f3licamente puentes peatonales en Ecatepec y Coacalco (Estado de M\u00e9xico)","author":"grieta","date":"21 noviembre, 2020","format":false,"excerpt":"Fotos: cortes\u00eda Antonio M. Fernando Sol\u00eds \/ El Sol de Toluca Colgaron mantas alusivas a los feminicidios en estos municipios y en la entidad La tarde de este s\u00e1bado, grupos de colectivos feministas tomaron puentes peatonales en los municipios de Ecatepec y Coacalco donde colgaron mantas alusivas a losfeminicidios en\u2026","rel":"","context":"En &quot;CINTILLO&quot;","block_context":{"text":"CINTILLO","link":"http:\/\/www.grieta.org.mx\/index.php\/category\/cintillo\/"},"img":{"alt_text":"","src":"https:\/\/i0.wp.com\/www.grieta.org.mx\/wp-content\/uploads\/2020\/11\/Feministas-toman-simbolicamente-puentes-peatonales-en-Ecatepec-y-Coacalco-edomex-nov.jpeg?resize=350%2C200","width":350,"height":200,"srcset":"https:\/\/i0.wp.com\/www.grieta.org.mx\/wp-content\/uploads\/2020\/11\/Feministas-toman-simbolicamente-puentes-peatonales-en-Ecatepec-y-Coacalco-edomex-nov.jpeg?resize=350%2C200 1x, https:\/\/i0.wp.com\/www.grieta.org.mx\/wp-content\/uploads\/2020\/11\/Feministas-toman-simbolicamente-puentes-peatonales-en-Ecatepec-y-Coacalco-edomex-nov.jpeg?resize=525%2C300 1.5x, https:\/\/i0.wp.com\/www.grieta.org.mx\/wp-content\/uploads\/2020\/11\/Feministas-toman-simbolicamente-puentes-peatonales-en-Ecatepec-y-Coacalco-edomex-nov.jpeg?resize=700%2C400 2x"},"classes":[]},{"id":55453,"url":"http:\/\/www.grieta.org.mx\/index.php\/2020\/11\/22\/colectivos-protestan-colgando-mantas-en-toluca-ante-el-aumento-de-femenicidios-estado-de-mexico\/","url_meta":{"origin":45793,"position":2},"title":"Colectivos protestan colgando mantas en Toluca ante el aumento de femenicidios (Estado de M\u00e9xico)","author":"grieta","date":"22 noviembre, 2020","format":false,"excerpt":"Foto tomada de: ADNoticias V\u00edctor Castillo \/ ADNoticias Hasta octubre en el Estado de M\u00e9xico se han contabilizado 119 casos de feminicidio Integrantes de colectivos feministas colocaron este s\u00e1bado mantas sobre un puente peatonal en Paseo Tollocan, en protesta por los feminicidios en el Estado de M\u00e9xico. Esto se suma\u2026","rel":"","context":"En &quot;CINTILLO&quot;","block_context":{"text":"CINTILLO","link":"http:\/\/www.grieta.org.mx\/index.php\/category\/cintillo\/"},"img":{"alt_text":"","src":"https:\/\/i0.wp.com\/www.grieta.org.mx\/wp-content\/uploads\/2020\/11\/Colectivos-protestan-colgando-mantas-en-Toluca-ante-el-aumento-de-femenicidios-edomex-nov.jpg?resize=350%2C200","width":350,"height":200,"srcset":"https:\/\/i0.wp.com\/www.grieta.org.mx\/wp-content\/uploads\/2020\/11\/Colectivos-protestan-colgando-mantas-en-Toluca-ante-el-aumento-de-femenicidios-edomex-nov.jpg?resize=350%2C200 1x, https:\/\/i0.wp.com\/www.grieta.org.mx\/wp-content\/uploads\/2020\/11\/Colectivos-protestan-colgando-mantas-en-Toluca-ante-el-aumento-de-femenicidios-edomex-nov.jpg?resize=525%2C300 1.5x, https:\/\/i0.wp.com\/www.grieta.org.mx\/wp-content\/uploads\/2020\/11\/Colectivos-protestan-colgando-mantas-en-Toluca-ante-el-aumento-de-femenicidios-edomex-nov.jpg?resize=700%2C400 2x"},"classes":[]},{"id":54645,"url":"http:\/\/www.grieta.org.mx\/index.php\/2020\/10\/31\/recuerdan-con-marchas-y-ofrendas-a-victimas-de-feminicidios-en-el-valle-de-mexico\/","url_meta":{"origin":45793,"position":3},"title":"Recuerdan con marchas y ofrendas a v\u00edctimas de feminicidios en el valle de M\u00e9xico","author":"grieta","date":"31 octubre, 2020","format":false,"excerpt":"Fotos:\u00a0cortes\u00eda |\u00a0Colectiva Aquelarre \/ Colectiva Violetas \/ NancyGogar Fernando Sol\u00eds \/ Sol de Toluca En los municipios de Ecatepec, Tlalnepantla y Naucalpan Con ofrendas y marchas, colectivos feministas recordaron a las mujeres v\u00edctimas de feminicidios en los municipios de Ecatepec, Tlalnepantla y Naucalpan. La tarde del s\u00e1bado, alrededor de medio\u2026","rel":"","context":"En &quot;CINTILLO&quot;","block_context":{"text":"CINTILLO","link":"http:\/\/www.grieta.org.mx\/index.php\/category\/cintillo\/"},"img":{"alt_text":"","src":"https:\/\/i0.wp.com\/www.grieta.org.mx\/wp-content\/uploads\/2020\/11\/Recuerdan-con-marchas-y-ofrendas-a-victimas-de-feminicidios-en-el-valle-de-Mexico-edomex-nov.jpeg?resize=350%2C200","width":350,"height":200},"classes":[]},{"id":44353,"url":"http:\/\/www.grieta.org.mx\/index.php\/2020\/02\/14\/protestan-contra-el-manejo-amarillista-del-caso-ingrid-escamilla-estado-de-mexico\/","url_meta":{"origin":45793,"position":4},"title":"Protestan contra el manejo amarillista del caso Ingrid Escamilla (Estado de M\u00e9xico)","author":"grieta","date":"14 febrero, 2020","format":false,"excerpt":"Diversos colectivos se reunieron en la explanada municipal de Ecatepec. (Alejandra Gudi\u00f1o) Alejandra Gudi\u00f1o \/ Milenio Colocaron fotograf\u00edas y cruces en una parte de la alameda local, y quemaron las hojas de los diarios en los que se publicaron las fotos sangrientas del feminicidio. Integrantes de diversos colectivos feministas efectuaron\u2026","rel":"","context":"En &quot;CINTILLO&quot;","block_context":{"text":"CINTILLO","link":"http:\/\/www.grieta.org.mx\/index.php\/category\/cintillo\/"},"img":{"alt_text":"","src":"https:\/\/i0.wp.com\/www.grieta.org.mx\/wp-content\/uploads\/2020\/02\/Protestan-contra-el-manejo-amarillista-del-caso-Ingrid-Escamilla-edomex-feb.jpeg?resize=350%2C200","width":350,"height":200,"srcset":"https:\/\/i0.wp.com\/www.grieta.org.mx\/wp-content\/uploads\/2020\/02\/Protestan-contra-el-manejo-amarillista-del-caso-Ingrid-Escamilla-edomex-feb.jpeg?resize=350%2C200 1x, https:\/\/i0.wp.com\/www.grieta.org.mx\/wp-content\/uploads\/2020\/02\/Protestan-contra-el-manejo-amarillista-del-caso-Ingrid-Escamilla-edomex-feb.jpeg?resize=525%2C300 1.5x, https:\/\/i0.wp.com\/www.grieta.org.mx\/wp-content\/uploads\/2020\/02\/Protestan-contra-el-manejo-amarillista-del-caso-Ingrid-Escamilla-edomex-feb.jpeg?resize=700%2C400 2x"},"classes":[]},{"id":41698,"url":"http:\/\/www.grieta.org.mx\/index.php\/2019\/11\/29\/suena-en-ecatepec-el-violador-eres-tu-de-la-mano-de-estudiantes-de-preparatoria-estado-de-mexico\/","url_meta":{"origin":45793,"position":5},"title":"Suena en Ecatepec &#8220;el violador eres t\u00fa&#8221; de la mano de estudiantes de preparatoria (Estado de M\u00e9xico)","author":"grieta","date":"29 noviembre, 2019","format":false,"excerpt":"Nancy G\u00f3mez \/ SDP Noticias En el municipio m\u00e1s peligroso para ser mujer, alumnas de una preparatoria se unieron a la intervenci\u00f3n \u201cUn violador en tu camino\u201d Desde una escuela preparatoria en Ecatepec, Estado de M\u00e9xico, alumnas hicieron eco de la convocatoria emitida desde grupos feministas en Chile y realizaron\u2026","rel":"","context":"En &quot;CINTILLO&quot;","block_context":{"text":"CINTILLO","link":"http:\/\/www.grieta.org.mx\/index.php\/category\/cintillo\/"},"img":{"alt_text":"","src":"https:\/\/i0.wp.com\/www.grieta.org.mx\/wp-content\/uploads\/2019\/11\/Suena-en-Ecatepec-el-violador-eres-t%C3%BA-de-la-mano-de-estudiantes-de-preparatoria-edomex-nov.jpg?resize=350%2C200","width":350,"height":200},"classes":[]}],"_links":{"self":[{"href":"http:\/\/www.grieta.org.mx\/index.php\/wp-json\/wp\/v2\/posts\/45793","targetHints":{"allow":["GET"]}}],"collection":[{"href":"http:\/\/www.grieta.org.mx\/index.php\/wp-json\/wp\/v2\/posts"}],"about":[{"href":"http:\/\/www.grieta.org.mx\/index.php\/wp-json\/wp\/v2\/types\/post"}],"author":[{"embeddable":true,"href":"http:\/\/www.grieta.org.mx\/index.php\/wp-json\/wp\/v2\/users\/2"}],"replies":[{"embeddable":true,"href":"http:\/\/www.grieta.org.mx\/index.php\/wp-json\/wp\/v2\/comments?post=45793"}],"version-history":[{"count":1,"href":"http:\/\/www.grieta.org.mx\/index.php\/wp-json\/wp\/v2\/posts\/45793\/revisions"}],"predecessor-version":[{"id":45795,"href":"http:\/\/www.grieta.org.mx\/index.php\/wp-json\/wp\/v2\/posts\/45793\/revisions\/45795"}],"wp:featuredmedia":[{"embeddable":true,"href":"http:\/\/www.grieta.org.mx\/index.php\/wp-json\/wp\/v2\/media\/45794"}],"wp:attachment":[{"href":"http:\/\/www.grieta.org.mx\/index.php\/wp-json\/wp\/v2\/media?parent=45793"}],"wp:term":[{"taxonomy":"category","embeddable":true,"href":"http:\/\/www.grieta.org.mx\/index.php\/wp-json\/wp\/v2\/categories?post=45793"},{"taxonomy":"post_tag","embeddable":true,"href":"http:\/\/www.grieta.org.mx\/index.php\/wp-json\/wp\/v2\/tags?post=45793"}],"curies":[{"name":"wp","href":"https:\/\/api.w.org\/{rel}","templated":true}]}}