{"id":45781,"date":"2020-02-10T17:51:36","date_gmt":"2020-02-10T23:51:36","guid":{"rendered":"http:\/\/www.grieta.org.mx\/?p=45781"},"modified":"2020-03-06T17:55:46","modified_gmt":"2020-03-06T23:55:46","slug":"temixco-se-suma-dice-no-a-concesion-de-minera-canadiense-morelos","status":"publish","type":"post","link":"http:\/\/www.grieta.org.mx\/index.php\/2020\/02\/10\/temixco-se-suma-dice-no-a-concesion-de-minera-canadiense-morelos\/","title":{"rendered":"Temixco, se suma, dice NO a concesi\u00f3n de minera canadiense (Morelos)"},"content":{"rendered":"<p><a href=\"http:\/\/www.grieta.org.mx\/wp-content\/uploads\/2020\/03\/noticias_20200210202428_1025.jpg\"><img loading=\"lazy\" decoding=\"async\" data-attachment-id=\"45782\" data-permalink=\"http:\/\/www.grieta.org.mx\/index.php\/2020\/02\/10\/temixco-se-suma-dice-no-a-concesion-de-minera-canadiense-morelos\/noticias_20200210202428_1025\/\" data-orig-file=\"http:\/\/www.grieta.org.mx\/wp-content\/uploads\/2020\/03\/noticias_20200210202428_1025.jpg\" data-orig-size=\"800,426\" data-comments-opened=\"0\" data-image-meta=\"{&quot;aperture&quot;:&quot;0&quot;,&quot;credit&quot;:&quot;&quot;,&quot;camera&quot;:&quot;&quot;,&quot;caption&quot;:&quot;&quot;,&quot;created_timestamp&quot;:&quot;0&quot;,&quot;copyright&quot;:&quot;&quot;,&quot;focal_length&quot;:&quot;0&quot;,&quot;iso&quot;:&quot;0&quot;,&quot;shutter_speed&quot;:&quot;0&quot;,&quot;title&quot;:&quot;&quot;,&quot;orientation&quot;:&quot;0&quot;}\" data-image-title=\"noticias_20200210202428_1025\" data-image-description=\"\" data-image-caption=\"\" data-medium-file=\"http:\/\/www.grieta.org.mx\/wp-content\/uploads\/2020\/03\/noticias_20200210202428_1025-300x160.jpg\" data-large-file=\"http:\/\/www.grieta.org.mx\/wp-content\/uploads\/2020\/03\/noticias_20200210202428_1025.jpg\" class=\"aligncenter wp-image-45782 size-full\" src=\"http:\/\/www.grieta.org.mx\/wp-content\/uploads\/2020\/03\/noticias_20200210202428_1025.jpg\" alt=\"\" width=\"800\" height=\"426\" srcset=\"http:\/\/www.grieta.org.mx\/wp-content\/uploads\/2020\/03\/noticias_20200210202428_1025.jpg 800w, http:\/\/www.grieta.org.mx\/wp-content\/uploads\/2020\/03\/noticias_20200210202428_1025-300x160.jpg 300w, http:\/\/www.grieta.org.mx\/wp-content\/uploads\/2020\/03\/noticias_20200210202428_1025-768x409.jpg 768w\" sizes=\"auto, (max-width: 800px) 100vw, 800px\" \/><\/a><\/p>\n<p>Redacci\u00f3n \/ Regeneraci\u00f3n<\/p>\n<p><strong>Tambi\u00e9n se mencion\u00f3 que la minera Esperanza Silver no realiza estas pr\u00e1cticas su pa\u00eds porque la normatividad ambiental impide los permisos<\/strong><\/p>\n<p>Regeneraci\u00f3n, 10 de febrero de 2020. El Ayuntamiento de Temixco declara un rotundo no al inicio de los trabajos de la concesi\u00f3n de la explotaci\u00f3n de la miner\u00eda en su territorio, como es el caso de la empresa canadiense Esperanza Silver, declar\u00f3 la alcaldesa Jazm\u00edn Solano L\u00f3pez.<\/p>\n<p>Al asistir al foro \u201cConflictos socioambientales en el estado de Morelos\u201d, convocado por la Universidad Aut\u00f3noma del Estado de Morelos (UAEM), la presidenta municipal reiter\u00f3 que \u201cno existe ninguna autorizaci\u00f3n del municipio al respecto y s\u00ed la determinaci\u00f3n consensuada de no permitir la miner\u00eda\u201d.<\/p>\n<p>Explic\u00f3 que su posici\u00f3n se basa en la alerta clim\u00e1tica mundial que emitieron la Organizaci\u00f3n de las Naciones Unidas, el Foro Econ\u00f3mico Mundial y cient\u00edficos.<\/p>\n<p>\u201cEn el \u00e1mbito local, la decisi\u00f3n fue consensuada con el Cabildo, el gabinete y las autoridades auxiliares, tomando en cuenta la situaci\u00f3n geogr\u00e1fica de la zona arqueol\u00f3gica de Xochicalco, declarada Patrimonio de la Humanidad por la Unesco\u2026\u00bb<\/p>\n<p>\u00abTanto de \u00e1reas exploradas y sin explorar, as\u00ed como el impacto negativo en el acu\u00edfero de Cuernavaca, que en los \u00faltimos a\u00f1os se ha abatido\u201d.<\/p>\n<p>Consider\u00f3 que la empresa Esperanza Silver y la anterior, \u00c1lamos Gold, no realizan estas pr\u00e1cticas t\u00f3xicas en sus pa\u00edses de origen, porque la normatividad ambiental impide que les otorguen los permisos o concesiones para ello.<\/p>\n<p>El rechazo a la pretensi\u00f3n de la mina es un\u00e1nime de toda la zona poniente de Morelos, refiri\u00f3.<\/p>\n<p>Recientemente, los ayuntamientos de Miacatl\u00e1n, Coatetelco y Xochitepec, se declararon como municipios libres de miner\u00eda, a lo cual se suma Temixco.<\/p>\n<p>Expres\u00f3 que \u201chay un trabajo conjunto con los presidentes municipales de Miacatl\u00e1n, Coatetelco y Xochitepec, para no permitir las actividades de exploraci\u00f3n ni de explotaci\u00f3n de la miner\u00eda\u201d.<\/p>\n<p><a href=\"https:\/\/regeneracion.mx\/temixco-se-suma-dice-no-a-concesion-de-minera-canadiense\/\">https:\/\/regeneracion.mx\/temixco-se-suma-dice-no-a-concesion-de-minera-canadiense\/<\/a><\/p>\n","protected":false},"excerpt":{"rendered":"<p>Redacci\u00f3n \/ Regeneraci\u00f3n Tambi\u00e9n se mencion\u00f3 que la minera Esperanza Silver no realiza estas pr\u00e1cticas su pa\u00eds porque la normatividad ambiental impide los permisos Regeneraci\u00f3n, 10 de febrero de 2020. &hellip; <a href=\"http:\/\/www.grieta.org.mx\/index.php\/2020\/02\/10\/temixco-se-suma-dice-no-a-concesion-de-minera-canadiense-morelos\/\" class=\"more-link\">Leer m\u00e1s<\/a><\/p>\n","protected":false},"author":1,"featured_media":45782,"comment_status":"closed","ping_status":"closed","sticky":false,"template":"","format":"standard","meta":{"ngg_post_thumbnail":0,"_jetpack_newsletter_access":"","_jetpack_dont_email_post_to_subs":false,"_jetpack_newsletter_tier_id":0,"_jetpack_memberships_contains_paywalled_content":false,"_jetpack_memberships_contains_paid_content":false,"footnotes":""},"categories":[80,1764,22,2,3067],"tags":[2967,394,2823],"class_list":["post-45781","post","type-post","status-publish","format-standard","has-post-thumbnail","hentry","category-cintillo","category-conflictos-sociales-y-ambientales-por-mineria-en-morelos","category-morelos","category-noticias-nacionales","category-rechazo-a-mineria-en-morelos","tag-afectaciones-por-mineria","tag-contaminacion-por-mineria","tag-mineria-a-cielo-abierto","entry"],"jetpack_featured_media_url":"http:\/\/www.grieta.org.mx\/wp-content\/uploads\/2020\/03\/noticias_20200210202428_1025.jpg","jetpack_sharing_enabled":true,"jetpack_shortlink":"https:\/\/wp.me\/p7ZJR4-bUp","jetpack_likes_enabled":false,"jetpack-related-posts":[{"id":63099,"url":"http:\/\/www.grieta.org.mx\/index.php\/2022\/01\/13\/declarar-temixco-como-territorio-libre-de-mineria-exigen-16-comunidades-indigenas-de-morelos\/","url_meta":{"origin":45781,"position":0},"title":"Declarar Temixco como Territorio Libre de Miner\u00eda, exigen 16 comunidades ind\u00edgenas de Morelos","author":"grieta","date":"13 enero, 2022","format":false,"excerpt":"Redacci\u00f3n \/ Educa Oaxaca La Unificaci\u00f3n de Pueblos y Colonias en contra de la Miner\u00eda de Morelos solicitaron por escrito a la presidenta municipal de Temixco, Juana Ocampo, que \u201creconozca y garantice el derecho de los pueblos y las comunidades ind\u00edgenas a la libre determinaci\u00f3n para preservar y enriquecer el\u2026","rel":"","context":"En &quot;CINTILLO&quot;","block_context":{"text":"CINTILLO","link":"http:\/\/www.grieta.org.mx\/index.php\/category\/cintillo\/"},"img":{"alt_text":"","src":"https:\/\/i0.wp.com\/www.grieta.org.mx\/wp-content\/uploads\/2022\/01\/photo_2022-01-10_19-52-06-800x720-1-768x691-1.jpg?resize=350%2C200","width":350,"height":200,"srcset":"https:\/\/i0.wp.com\/www.grieta.org.mx\/wp-content\/uploads\/2022\/01\/photo_2022-01-10_19-52-06-800x720-1-768x691-1.jpg?resize=350%2C200 1x, https:\/\/i0.wp.com\/www.grieta.org.mx\/wp-content\/uploads\/2022\/01\/photo_2022-01-10_19-52-06-800x720-1-768x691-1.jpg?resize=525%2C300 1.5x, https:\/\/i0.wp.com\/www.grieta.org.mx\/wp-content\/uploads\/2022\/01\/photo_2022-01-10_19-52-06-800x720-1-768x691-1.jpg?resize=700%2C400 2x"},"classes":[]},{"id":8675,"url":"http:\/\/www.grieta.org.mx\/index.php\/2016\/08\/04\/conflictos-mineros-en-morelos\/","url_meta":{"origin":45781,"position":1},"title":"Conflictos sociales y ambientales por miner\u00eda en Morelos","author":"grieta","date":"4 agosto, 2016","format":false,"excerpt":"04\/08\/16. Cuayuca: cumplen 8 d\u00edas tomada la mina por ejidatarios La Jornada de Oriente 01\/08\/16. Con una marcha, concluy\u00f3 el encuentro de territorios libres de miner\u00eda en Miacatl\u00e1n La Uni\u00f3n de Morelos 31\/07\/16. Exigen cancelar siete concesiones mineras La Jornada Maya 29\/07\/16. Inici\u00f3 ayer el encuentro \u201cNuestros territorios libres de\u2026","rel":"","context":"En &quot;MEGAPROYECTOS&quot;","block_context":{"text":"MEGAPROYECTOS","link":"http:\/\/www.grieta.org.mx\/index.php\/category\/megaproyectos\/"},"img":{"alt_text":"","src":"https:\/\/i0.wp.com\/www.grieta.org.mx\/wp-content\/uploads\/2018\/03\/14524434_1106112876131411_958039263622046936_o.jpg?resize=350%2C200","width":350,"height":200,"srcset":"https:\/\/i0.wp.com\/www.grieta.org.mx\/wp-content\/uploads\/2018\/03\/14524434_1106112876131411_958039263622046936_o.jpg?resize=350%2C200 1x, https:\/\/i0.wp.com\/www.grieta.org.mx\/wp-content\/uploads\/2018\/03\/14524434_1106112876131411_958039263622046936_o.jpg?resize=525%2C300 1.5x, https:\/\/i0.wp.com\/www.grieta.org.mx\/wp-content\/uploads\/2018\/03\/14524434_1106112876131411_958039263622046936_o.jpg?resize=700%2C400 2x"},"classes":[]},{"id":63102,"url":"http:\/\/www.grieta.org.mx\/index.php\/2022\/01\/11\/comunidades-rechazan-mina-a-cielo-abierto-en-xochicalco-morelos\/","url_meta":{"origin":45781,"position":2},"title":"Comunidades rechazan mina a cielo abierto en Xochicalco, Morelos","author":"grieta","date":"11 enero, 2022","format":false,"excerpt":"Redacci\u00f3n \/ La Coperacha Cierran carretera y exigen a alcaldesa morenista de Temixco, declarar Territorio Libre de Miner\u00eda. Habitantes de 16 comunidades ind\u00edgenas y colonias de los municipios de Temixco, Xochitepec, Miacatl\u00e1n y Coatetelco, en Morelos, bloquearon la carretera federal Iguala-Cuernavaca en rechazo del proyecto de la minera canadiense \u00c1lamos\u2026","rel":"","context":"En &quot;CINTILLO&quot;","block_context":{"text":"CINTILLO","link":"http:\/\/www.grieta.org.mx\/index.php\/category\/cintillo\/"},"img":{"alt_text":"","src":"https:\/\/i0.wp.com\/www.grieta.org.mx\/wp-content\/uploads\/2022\/01\/No-a-la-mina-Morelos.jpg?resize=350%2C200","width":350,"height":200,"srcset":"https:\/\/i0.wp.com\/www.grieta.org.mx\/wp-content\/uploads\/2022\/01\/No-a-la-mina-Morelos.jpg?resize=350%2C200 1x, https:\/\/i0.wp.com\/www.grieta.org.mx\/wp-content\/uploads\/2022\/01\/No-a-la-mina-Morelos.jpg?resize=525%2C300 1.5x, https:\/\/i0.wp.com\/www.grieta.org.mx\/wp-content\/uploads\/2022\/01\/No-a-la-mina-Morelos.jpg?resize=700%2C400 2x, https:\/\/i0.wp.com\/www.grieta.org.mx\/wp-content\/uploads\/2022\/01\/No-a-la-mina-Morelos.jpg?resize=1050%2C600 3x"},"classes":[]},{"id":48485,"url":"http:\/\/www.grieta.org.mx\/index.php\/2020\/03\/16\/sin-permisos-minera-excava-pozos-en-morelos\/","url_meta":{"origin":45781,"position":3},"title":"Sin permisos, minera excava pozos en Morelos","author":"Admin","date":"16 marzo, 2020","format":false,"excerpt":"H\u00e9ctor Ra\u00fal Gonz\u00e1lez \/ Bajo Palabra - Desde 2004 la empresa canadiense Esperanza Silver Corporation, a trav\u00e9s de su filial mexicana Esperanza Silver de M\u00e9xico SA de CV, realiza trabajos para extraer oro y plata sin autorizaci\u00f3n Morelos.- Pobladores de la zona sur de Morelos e integrantes del Movimiento Morelense\u2026","rel":"","context":"En &quot;CINTILLO&quot;","block_context":{"text":"CINTILLO","link":"http:\/\/www.grieta.org.mx\/index.php\/category\/cintillo\/"},"img":{"alt_text":"","src":"https:\/\/i0.wp.com\/www.grieta.org.mx\/wp-content\/uploads\/2020\/05\/https-_i2.wp.com_bajopalabra.com_.mx_wp-content_uploads_2020_03_morelos-minera-pozos.jpg?resize=350%2C200","width":350,"height":200,"srcset":"https:\/\/i0.wp.com\/www.grieta.org.mx\/wp-content\/uploads\/2020\/05\/https-_i2.wp.com_bajopalabra.com_.mx_wp-content_uploads_2020_03_morelos-minera-pozos.jpg?resize=350%2C200 1x, https:\/\/i0.wp.com\/www.grieta.org.mx\/wp-content\/uploads\/2020\/05\/https-_i2.wp.com_bajopalabra.com_.mx_wp-content_uploads_2020_03_morelos-minera-pozos.jpg?resize=525%2C300 1.5x"},"classes":[]},{"id":9137,"url":"http:\/\/www.grieta.org.mx\/index.php\/2015\/09\/14\/repudia-concesion-a-minera-canadiense-en-xochicalco\/","url_meta":{"origin":45781,"position":4},"title":"Repudia concesi\u00f3n a minera canadiense en Xochicalco","author":"grieta","date":"14 septiembre, 2015","format":false,"excerpt":"Movimiento Morelense contra las Concesiones de Miner\u00eda a Tajo Abierto En el contexto del tercer Congreso Internacional sobre Experiencias en la Salvaguardia del Patrimonio Cultural Inmaterial, celebrado este mes en Cuernavaca, el Movimiento Morelense contra las Concesiones de Miner\u00eda a Tajo Abierto por Metales se pronunci\u00f3 por la cancelaci\u00f3n inmediata\u2026","rel":"","context":"En &quot;CINTILLO&quot;","block_context":{"text":"CINTILLO","link":"http:\/\/www.grieta.org.mx\/index.php\/category\/cintillo\/"},"img":{"alt_text":"","src":"https:\/\/i0.wp.com\/www.grieta.org.mx\/wp-content\/uploads\/2018\/03\/14524434_1106112876131411_958039263622046936_o.jpg?resize=350%2C200","width":350,"height":200,"srcset":"https:\/\/i0.wp.com\/www.grieta.org.mx\/wp-content\/uploads\/2018\/03\/14524434_1106112876131411_958039263622046936_o.jpg?resize=350%2C200 1x, https:\/\/i0.wp.com\/www.grieta.org.mx\/wp-content\/uploads\/2018\/03\/14524434_1106112876131411_958039263622046936_o.jpg?resize=525%2C300 1.5x, https:\/\/i0.wp.com\/www.grieta.org.mx\/wp-content\/uploads\/2018\/03\/14524434_1106112876131411_958039263622046936_o.jpg?resize=700%2C400 2x"},"classes":[]},{"id":39806,"url":"http:\/\/www.grieta.org.mx\/index.php\/2019\/09\/25\/comunidades-en-morelos-exigen-no-otorgar-concesiones-mineras-a-empresa-canadiense\/","url_meta":{"origin":45781,"position":5},"title":"Comunidades en Morelos exigen no otorgar concesiones mineras a empresa canadiense","author":"grieta","date":"25 septiembre, 2019","format":false,"excerpt":"Foto: Nora Celia Dom\u00ednguez \/ La Uni\u00f3n Redacci\u00f3n \/ Desinform\u00e9monos Ciudad de M\u00e9xico | Desinform\u00e9monos. Comunidades integradas en el Movimiento Morelense en contra de las Concesiones de Miner\u00eda a Tajo Abierto exigieron al gobierno federal no otorgar concesiones mineras a la empresa canadiense \u00c1lamos Gold, cuya intenci\u00f3n de perforar dos\u2026","rel":"","context":"En &quot;CINTILLO&quot;","block_context":{"text":"CINTILLO","link":"http:\/\/www.grieta.org.mx\/index.php\/category\/cintillo\/"},"img":{"alt_text":"","src":"https:\/\/i0.wp.com\/www.grieta.org.mx\/wp-content\/uploads\/2019\/10\/b9b5707fceed91e0dbdf1a4b7f7ea37d_L.jpg?resize=350%2C200","width":350,"height":200,"srcset":"https:\/\/i0.wp.com\/www.grieta.org.mx\/wp-content\/uploads\/2019\/10\/b9b5707fceed91e0dbdf1a4b7f7ea37d_L.jpg?resize=350%2C200 1x, https:\/\/i0.wp.com\/www.grieta.org.mx\/wp-content\/uploads\/2019\/10\/b9b5707fceed91e0dbdf1a4b7f7ea37d_L.jpg?resize=525%2C300 1.5x"},"classes":[]}],"_links":{"self":[{"href":"http:\/\/www.grieta.org.mx\/index.php\/wp-json\/wp\/v2\/posts\/45781","targetHints":{"allow":["GET"]}}],"collection":[{"href":"http:\/\/www.grieta.org.mx\/index.php\/wp-json\/wp\/v2\/posts"}],"about":[{"href":"http:\/\/www.grieta.org.mx\/index.php\/wp-json\/wp\/v2\/types\/post"}],"author":[{"embeddable":true,"href":"http:\/\/www.grieta.org.mx\/index.php\/wp-json\/wp\/v2\/users\/1"}],"replies":[{"embeddable":true,"href":"http:\/\/www.grieta.org.mx\/index.php\/wp-json\/wp\/v2\/comments?post=45781"}],"version-history":[{"count":1,"href":"http:\/\/www.grieta.org.mx\/index.php\/wp-json\/wp\/v2\/posts\/45781\/revisions"}],"predecessor-version":[{"id":45783,"href":"http:\/\/www.grieta.org.mx\/index.php\/wp-json\/wp\/v2\/posts\/45781\/revisions\/45783"}],"wp:featuredmedia":[{"embeddable":true,"href":"http:\/\/www.grieta.org.mx\/index.php\/wp-json\/wp\/v2\/media\/45782"}],"wp:attachment":[{"href":"http:\/\/www.grieta.org.mx\/index.php\/wp-json\/wp\/v2\/media?parent=45781"}],"wp:term":[{"taxonomy":"category","embeddable":true,"href":"http:\/\/www.grieta.org.mx\/index.php\/wp-json\/wp\/v2\/categories?post=45781"},{"taxonomy":"post_tag","embeddable":true,"href":"http:\/\/www.grieta.org.mx\/index.php\/wp-json\/wp\/v2\/tags?post=45781"}],"curies":[{"name":"wp","href":"https:\/\/api.w.org\/{rel}","templated":true}]}}