{"id":45751,"date":"2020-02-20T16:56:57","date_gmt":"2020-02-20T22:56:57","guid":{"rendered":"http:\/\/www.grieta.org.mx\/?p=45751"},"modified":"2020-03-06T17:02:30","modified_gmt":"2020-03-06T23:02:30","slug":"en-la-defensa-de-morelos-aqui-moriremos-samir-en-2012-un-ano-de-su-asesinato-y-no-hay-avances","status":"publish","type":"post","link":"http:\/\/www.grieta.org.mx\/index.php\/2020\/02\/20\/en-la-defensa-de-morelos-aqui-moriremos-samir-en-2012-un-ano-de-su-asesinato-y-no-hay-avances\/","title":{"rendered":"\u201cEn la defensa de Morelos, aqu\u00ed moriremos\u201d: Samir en 2012. Un a\u00f1o de su asesinato y no hay avances"},"content":{"rendered":"<p><a href=\"http:\/\/www.grieta.org.mx\/wp-content\/uploads\/2020\/03\/samir-justicia.jpg\"><img loading=\"lazy\" decoding=\"async\" data-attachment-id=\"45752\" data-permalink=\"http:\/\/www.grieta.org.mx\/index.php\/2020\/02\/20\/en-la-defensa-de-morelos-aqui-moriremos-samir-en-2012-un-ano-de-su-asesinato-y-no-hay-avances\/samir-justicia\/\" data-orig-file=\"http:\/\/www.grieta.org.mx\/wp-content\/uploads\/2020\/03\/samir-justicia.jpg\" data-orig-size=\"1100,580\" data-comments-opened=\"0\" data-image-meta=\"{&quot;aperture&quot;:&quot;0&quot;,&quot;credit&quot;:&quot;&quot;,&quot;camera&quot;:&quot;&quot;,&quot;caption&quot;:&quot;&quot;,&quot;created_timestamp&quot;:&quot;0&quot;,&quot;copyright&quot;:&quot;&quot;,&quot;focal_length&quot;:&quot;0&quot;,&quot;iso&quot;:&quot;0&quot;,&quot;shutter_speed&quot;:&quot;0&quot;,&quot;title&quot;:&quot;&quot;,&quot;orientation&quot;:&quot;0&quot;}\" data-image-title=\"samir-justicia\" data-image-description=\"\" data-image-caption=\"\" data-medium-file=\"http:\/\/www.grieta.org.mx\/wp-content\/uploads\/2020\/03\/samir-justicia-300x158.jpg\" data-large-file=\"http:\/\/www.grieta.org.mx\/wp-content\/uploads\/2020\/03\/samir-justicia-1024x540.jpg\" class=\"aligncenter wp-image-45752\" src=\"http:\/\/www.grieta.org.mx\/wp-content\/uploads\/2020\/03\/samir-justicia-1024x540.jpg\" alt=\"\" width=\"800\" height=\"422\" srcset=\"http:\/\/www.grieta.org.mx\/wp-content\/uploads\/2020\/03\/samir-justicia-1024x540.jpg 1024w, http:\/\/www.grieta.org.mx\/wp-content\/uploads\/2020\/03\/samir-justicia-300x158.jpg 300w, http:\/\/www.grieta.org.mx\/wp-content\/uploads\/2020\/03\/samir-justicia-768x405.jpg 768w, http:\/\/www.grieta.org.mx\/wp-content\/uploads\/2020\/03\/samir-justicia-948x500.jpg 948w, http:\/\/www.grieta.org.mx\/wp-content\/uploads\/2020\/03\/samir-justicia.jpg 1100w\" sizes=\"auto, (max-width: 800px) 100vw, 800px\" \/><\/a><\/p>\n<p>Dulce Olvera \/ Sin Embargo<\/p>\n<p><strong>Cuando Samir se enter\u00f3 de un megaproyecto en su comunidad, comenz\u00f3 a informar a la poblaci\u00f3n sobre el impacto a su ambiente (emisi\u00f3n de gases que traer\u00edan lluvia \u00e1cida, riesgo por ser zona volc\u00e1nica y escasez de agua). Su lucha contra el Plan Integral Morelos de la CFE arranc\u00f3 en 2012, pero fue asesinado hace un a\u00f1o en v\u00edsperas de una consulta del Gobierno federal ajena a lo establecido por los est\u00e1ndares internacionales. La termoel\u00e9ctrica est\u00e1 parada por una serie de amparos, algunos ya ganados, y la investigaci\u00f3n de la Fiscal\u00eda estatal no avanza. \u201cSi dejamos de luchar, es como si nosotros mismos asesin\u00e1ramos a Samir\u201d, dice Teresa, una de sus amigas.<\/strong><\/p>\n<p>Ciudad de M\u00e9xico, 20 de febrero (SinEmbargo).\u2013 Sentado frente a un mural de maizales, con sombrero y morral, Samir Flores Soberanes explicaba que no era habitante de Huexca, Morelos, comunidad nahua agr\u00edcola donde se encuentra la termoel\u00e9ctrica de la Comisi\u00f3n Federal de Electricidad (CFE), pero estaban \u201cigual de afectados\u201d porque se planea que un gasoducto a trav\u00e9s de Tlaxcala, Puebla y Morelos pase por su poblado de Amilcingo.<\/p>\n<p>    \u201cSab\u00eda que en Amilcingo iba a pasar algo y ante esa situaci\u00f3n, empezamos a volantear como una medida de alerta diciendo \u2018sabes qu\u00e9 poblaci\u00f3n en general, \u00a1aguas! se viene un proyecto que se llama gasoducto y desconocemos a d\u00f3nde va&#8217;\u201d, record\u00f3 para el documental \u201cAqu\u00ed seguimos\u201d en 2012, cuando comenz\u00f3 la lucha informada contra el proyecto Plan Integral Morelos, que consiste en la construcci\u00f3n del gasoducto, un acueducto y dos centrales termoel\u00e9ctricas de ciclo combinado impulsado por la CFE desde 2010 y las empresas espa\u00f1olas Elecnor y Avengoa por 1,600 millones de d\u00f3lares. \u201cLlegamos con diapositivas con informaci\u00f3n oficial de la CFE y empezamos a explicar a las comunidades acerca de la situaci\u00f3n [\u2026] que supieran que no estaban solos y hab\u00eda m\u00e1s comunidades en Puebla preocupadas y ocupadas en este problema\u201d.<\/p>\n<p>Record\u00f3 la frase de Emiliano Zapata respecto a que la tierra es de quien la trabaja. \u201cNo vamos a desistir. No vamos a renunciar a nuestros pueblos porque aqu\u00ed nacimos y, si es posible, en su defensa aqu\u00ed moriremos. No tenemos por qu\u00e9 renunciar a nuestra seguridad, a nuestra agua, a nuestra vida\u201d, asegur\u00f3.<\/p>\n<p>Siete a\u00f1os despu\u00e9s de informar sobre el megaproyecto a trav\u00e9s de la Radio Comunitaria Amiltzinko que fund\u00f3, el 20 de febrero de 2019, Samir fue asesinado a balazos afuera de su casa, a tres d\u00edas de que el Gobierno federal de Andr\u00e9s Manuel L\u00f3pez Obrador \u2013quien en 2o14 se comprometi\u00f3 a cancelar la obra\u2013 aplicara una consulta ciudadana no libre, previa, informada de buena fe ni culturalmente adecuada como lo obliga el convenio 169 de la Organizaci\u00f3n Internacional del Trabajo (OIT). Gan\u00f3 el \u201cs\u00ed\u201d (59 por ciento), aunque las comunidades cercanas a la obra est\u00e1n en contra.<\/p>\n<p>    La termoel\u00e9ctrica sigue sin operar ante los amparos interpuestos por colectivos en juzgados de Morelos, Puebla y Tlaxcala por las posibles repercusiones al medio ambiente, el riesgo por la cercan\u00eda con el volc\u00e1n Popocat\u00e9petl y la omisi\u00f3n para formular la consulta a pueblos y comunidades ind\u00edgenas. Llevan algunos ganados, como el que prohibe definitivamente que el gasoducto pase por Amilcingo, justo lo que le preocupaba m\u00e1s a Samir, expuso Teresa, una habitante de Huexca e integrante del comit\u00e9 de resistencia.<\/p>\n<p>\u201cNo tiene elementos para operar a menos que [el Presidente] Andr\u00e9s Manuel L\u00f3pez Obrador pase por encima de nosotros y se haga una masacre de gente. No se da cuenta que la termoel\u00e9ctrica no es viable y sigue insistiendo\u201d, dijo. \u201cVamos a ganar esta lucha y vamos a demostrar que hay otras formas de generar energ\u00eda el\u00e9ctrica sin perjudicar al medio ambiente\u201d.<\/p>\n<p>De acuerdo con el Impacto Ambiental MIA 17MO2011E0001 y 21PU2011G0009, el Proyecto Integral Morelos implica un riesgo por la construcci\u00f3n de un gasoducto en zonas de riesgo volc\u00e1nico; por las emisiones de gases NO y NO2 (di\u00f3xido de nitr\u00f3geno) que provocan lluvia \u00e1cida y erosi\u00f3n en tierra, por las afectaciones a especies end\u00e9micas como la tortuga casquito e iguana negra, y por la imposibilidad de asegurar el abasto de agua por parte de la tratadora de agua.<\/p>\n<p>Esta ma\u00f1ana, el Presidente coment\u00f3 en conferencia que este caso \u201cles sirvi\u00f3 a los oportunistas, a los que est\u00e1n buscando c\u00f3mo culparnos para afectarnos\u201d. Aunque asegur\u00f3 que no deben echarla a andar por los amparos y garantiz\u00f3 que no habr\u00e1 represi\u00f3n, pidi\u00f3 a los opositores tomar \u201cconciencia de que si se deja esta planta que se convierta en chatarra, se pierden m\u00e1s de 20 mil millones de pesos\u201d.<\/p>\n<p>Aunque hay temor por la continuaci\u00f3n de hostigamiento, tambi\u00e9n siguen las ganas de seguir luchando \u201caunque mirando para todos lados\u201d porque, dijo su compa\u00f1era de resistencia Teresa, \u201csi dejamos de luchar, es como si nosotros mismos asesin\u00e1ramos a Samir\u201d.<\/p>\n<p>\u201cSAMIR SE HA MULTIPLICADO\u201d<\/p>\n<p>Este jueves los pobladores de Amilcingo marcharon por la ma\u00f1ana con flores y fotos desde la casa de Samir, donde sus hijos a\u00fan preguntan d\u00f3nde est\u00e1 su padre, rumbo al pante\u00f3n municipal. Develaron un busto en la escuela comunitaria donde ten\u00eda un taller.<\/p>\n<p>\u201cSiempre lo recordaremos como ejemplo de lucha y sabidur\u00eda\u201d, reza la placa.<\/p>\n<p>En la Ciudad de M\u00e9xico, simpatizantes del Ej\u00e9rcito Zapatista de Liberaci\u00f3n Nacional (EZLN) bloquearon la avenida Reforma. El viernes habr\u00e1 una marcha desde las oficinas de la CFE convocada a las 4 de la tarde.<\/p>\n<p>La Asamblea Permanente de los Pueblos de Morelos (Huexca en resistencia, Ayala, Cuautla) advirti\u00f3 en un comunicado que \u201cSamir se ha multiplicado\u201d y exige el esclarecimiento de su asesinato, el castigo de los autores materiales e intelectuales de su cobarde asesinato y la cancelaci\u00f3n del Proyecto Integral Morelos.<\/p>\n<p>    \u201cA un a\u00f1o de los hechos no hay avance en las investigaciones por parte de la Fiscal\u00eda del estado [a cargo del Fiscal Uriel Carmona G\u00e1ndara]. El asesinato de Samir y la impunidad que ha prevalecido hasta el momento es caracter\u00edstico de los gobiernos autoritarios, quienes buscan, a como d\u00e9 lugar, acallar la disidencia e imponer su voluntad\u201d, acusa la Asamblea.<\/p>\n<p>Enfatiz\u00f3 la represi\u00f3n, intimidaci\u00f3n, hostigamiento y tortura contra los pueblos en resistencia de Morelos, Puebla y Tlaxcala desde verano de 2012, entre ellas, presencias policiacas, detenci\u00f3n de dos miembros del Frente de Pueblos en 2013 y 2014, y el allanamiento de la casa de una familia opositora.<\/p>\n<p>En febrero de 2018, un a\u00f1o antes de su asesinato a\u00fan impune, la Comisi\u00f3n Nacional de Derechos Humanos (CNDH) emiti\u00f3 la recomendaci\u00f3n 03\/2018 a la Secretar\u00eda del Medio Ambiente, a la CFE y a la Comisi\u00f3n Nacional para el Desarrollo de los Pueblos Ind\u00edgenas entorno al impacto ambiental y la consulta libre, previa, informada, de buena fe y culturalmente adecuada.<\/p>\n<p>Samir, record\u00f3 Teresa, era un hombre especial. \u201cTodo el tiempo estaba riendo, bromeando y jugueteando con su radio bocina hasta lograr su radio comunitaria y despert\u00f3 el entusiasmo de los ni\u00f1os de primaria para crear abonos org\u00e1nicos\u201d, afirm\u00f3. \u201cCon las mujeres nos daba mucha prioridad. Sigue siendo un sabio porque aunque ya no est\u00e9, nos sigue demostrando que la resistencia tiene que seguir\u201d.<\/p>\n<p><a href=\"https:\/\/www.sinembargo.mx\/20-02-2020\/3734171\">https:\/\/www.sinembargo.mx\/20-02-2020\/3734171<\/a><\/p>\n","protected":false},"excerpt":{"rendered":"<p>Dulce Olvera \/ Sin Embargo Cuando Samir se enter\u00f3 de un megaproyecto en su comunidad, comenz\u00f3 a informar a la poblaci\u00f3n sobre el impacto a su ambiente (emisi\u00f3n de gases &hellip; <a href=\"http:\/\/www.grieta.org.mx\/index.php\/2020\/02\/20\/en-la-defensa-de-morelos-aqui-moriremos-samir-en-2012-un-ano-de-su-asesinato-y-no-hay-avances\/\" class=\"more-link\">Leer m\u00e1s<\/a><\/p>\n","protected":false},"author":1,"featured_media":45752,"comment_status":"closed","ping_status":"closed","sticky":false,"template":"","format":"standard","meta":{"ngg_post_thumbnail":0,"_jetpack_newsletter_access":"","_jetpack_dont_email_post_to_subs":false,"_jetpack_newsletter_tier_id":0,"_jetpack_memberships_contains_paywalled_content":false,"_jetpack_memberships_contains_paid_content":false,"footnotes":""},"categories":[80,22,2,1171],"tags":[2087,2471],"class_list":["post-45751","post","type-post","status-publish","format-standard","has-post-thumbnail","hentry","category-cintillo","category-morelos","category-noticias-nacionales","category-rechazo-al-proyecto-integral-morelos-pim-en-morelos","tag-rechazo-a-la-termoelectrica-en-huexca","tag-samir","entry"],"jetpack_featured_media_url":"http:\/\/www.grieta.org.mx\/wp-content\/uploads\/2020\/03\/samir-justicia.jpg","jetpack_sharing_enabled":true,"jetpack_shortlink":"https:\/\/wp.me\/p7ZJR4-bTV","jetpack_likes_enabled":false,"jetpack-related-posts":[{"id":44227,"url":"http:\/\/www.grieta.org.mx\/index.php\/2020\/02\/07\/exigen-cancelar-termoelectrica-huexca-y-esclarecer-asesinato-de-samir-flores-morelos\/","url_meta":{"origin":45751,"position":0},"title":"Exigen Cancelar termoel\u00e9ctrica Huexca y esclarecer asesinato de Samir Flores (Morelos)","author":"grieta","date":"7 febrero, 2020","format":false,"excerpt":"Redacci\u00f3n \/ La Verdad La Asamblea de los Pueblos de Morelos asegur\u00f3 que a casi un a\u00f1o del asesinato de Samir Flores, la fiscal\u00eda de Morelos poco a investigado al respecto Integrantes de la Asamblea de los Pueblos de Morelos en Defensa del Territorio exigieron al presidente Andr\u00e9s Manuel L\u00f3pez\u2026","rel":"","context":"En &quot;10. Huexca&quot;","block_context":{"text":"10. Huexca","link":"http:\/\/www.grieta.org.mx\/index.php\/category\/espejos-de-la-resistencia\/10-huexca\/"},"img":{"alt_text":"","src":"https:\/\/i0.wp.com\/www.grieta.org.mx\/wp-content\/uploads\/2020\/02\/Screenshot_2020-02-12-Exigen-Cancelar-termoel%C3%A9ctrica-Huexca-y-esclarecer-asesinato-de-Samir-Flores.png?resize=350%2C200","width":350,"height":200,"srcset":"https:\/\/i0.wp.com\/www.grieta.org.mx\/wp-content\/uploads\/2020\/02\/Screenshot_2020-02-12-Exigen-Cancelar-termoel%C3%A9ctrica-Huexca-y-esclarecer-asesinato-de-Samir-Flores.png?resize=350%2C200 1x, https:\/\/i0.wp.com\/www.grieta.org.mx\/wp-content\/uploads\/2020\/02\/Screenshot_2020-02-12-Exigen-Cancelar-termoel%C3%A9ctrica-Huexca-y-esclarecer-asesinato-de-Samir-Flores.png?resize=525%2C300 1.5x, https:\/\/i0.wp.com\/www.grieta.org.mx\/wp-content\/uploads\/2020\/02\/Screenshot_2020-02-12-Exigen-Cancelar-termoel%C3%A9ctrica-Huexca-y-esclarecer-asesinato-de-Samir-Flores.png?resize=700%2C400 2x"},"classes":[]},{"id":34298,"url":"http:\/\/www.grieta.org.mx\/index.php\/2019\/05\/20\/a-3-meses-del-asesinato-de-samir-flores-activistas-piden-justicia-frente-a-la-fiscalia-de-morelos\/","url_meta":{"origin":45751,"position":1},"title":"A 3 meses del asesinato de Samir Flores, activistas piden justicia frente a la Fiscal\u00eda de Morelos","author":"grieta","date":"20 mayo, 2019","format":false,"excerpt":"Redacci\u00f3n \/ Sin embargo Samir Flores era el principal opositor de la termoel\u00e9ctrica de Huexca, en el estado de Morelos y fue asesinado de varios balazos el pasado 20 de febrero afuera de su casa, en el municipio de Temoac. Ciudad de M\u00e9xico, 20 de mayo (SinEmbargo).- Compa\u00f1eros de lucha\u2026","rel":"","context":"En &quot;11. Amilcingo&quot;","block_context":{"text":"11. Amilcingo","link":"http:\/\/www.grieta.org.mx\/index.php\/category\/espejos-de-la-resistencia\/11-amilcingo\/"},"img":{"alt_text":"","src":"https:\/\/i0.wp.com\/www.grieta.org.mx\/wp-content\/uploads\/2019\/06\/samir.jpg?resize=350%2C200","width":350,"height":200,"srcset":"https:\/\/i0.wp.com\/www.grieta.org.mx\/wp-content\/uploads\/2019\/06\/samir.jpg?resize=350%2C200 1x, https:\/\/i0.wp.com\/www.grieta.org.mx\/wp-content\/uploads\/2019\/06\/samir.jpg?resize=525%2C300 1.5x, https:\/\/i0.wp.com\/www.grieta.org.mx\/wp-content\/uploads\/2019\/06\/samir.jpg?resize=700%2C400 2x, https:\/\/i0.wp.com\/www.grieta.org.mx\/wp-content\/uploads\/2019\/06\/samir.jpg?resize=1050%2C600 3x"},"classes":[]},{"id":40871,"url":"http:\/\/www.grieta.org.mx\/index.php\/2019\/10\/18\/conmemoraran-8-meses-del-asesinato-de-samir-morelos\/","url_meta":{"origin":45751,"position":2},"title":"Conmemorar\u00e1n 8 meses del asesinato de Samir (Morelos)","author":"grieta","date":"18 octubre, 2019","format":false,"excerpt":"Emmanuel Ruiz \/ El Sol de Cuernavaca Llevar\u00e1n a cabo cine debates en Jantetelco, Huexca y Amilcingo, a partir del pr\u00f3ximo jueves Se proyectar\u00e1 el documental Recuperando el para\u00edso, sobre la defensa del territorio\/GUDE SERV\u00cdN \"Un documental sobre la organizaci\u00f3n del pueblo ind\u00edgena de Santa Mar\u00eda Ostula, que logr\u00f3 detener\u2026","rel":"","context":"En &quot;10. Huexca&quot;","block_context":{"text":"10. Huexca","link":"http:\/\/www.grieta.org.mx\/index.php\/category\/espejos-de-la-resistencia\/10-huexca\/"},"img":{"alt_text":"","src":"https:\/\/i0.wp.com\/www.grieta.org.mx\/wp-content\/uploads\/2019\/11\/Se-proyectar%C3%A1-el-documental-Recuperando-el-para%C3%ADso-sobre-la-defensa-del-territorio-GUDE-SERV%C3%8DN.jpg?resize=350%2C200","width":350,"height":200,"srcset":"https:\/\/i0.wp.com\/www.grieta.org.mx\/wp-content\/uploads\/2019\/11\/Se-proyectar%C3%A1-el-documental-Recuperando-el-para%C3%ADso-sobre-la-defensa-del-territorio-GUDE-SERV%C3%8DN.jpg?resize=350%2C200 1x, https:\/\/i0.wp.com\/www.grieta.org.mx\/wp-content\/uploads\/2019\/11\/Se-proyectar%C3%A1-el-documental-Recuperando-el-para%C3%ADso-sobre-la-defensa-del-territorio-GUDE-SERV%C3%8DN.jpg?resize=525%2C300 1.5x, https:\/\/i0.wp.com\/www.grieta.org.mx\/wp-content\/uploads\/2019\/11\/Se-proyectar%C3%A1-el-documental-Recuperando-el-para%C3%ADso-sobre-la-defensa-del-territorio-GUDE-SERV%C3%8DN.jpg?resize=700%2C400 2x"},"classes":[]},{"id":40875,"url":"http:\/\/www.grieta.org.mx\/index.php\/2019\/10\/14\/a-casi-8-meses-nada-en-caso-del-activista-samir-morelos\/","url_meta":{"origin":45751,"position":3},"title":"A casi 8 meses, nada en caso del activista Samir (Morelos)","author":"grieta","date":"14 octubre, 2019","format":false,"excerpt":"Emmanuel Ruiz \/ El Sol de Curnavaca Integrantes de la Asamblea Permanente de los Pueblos de Morelos lamentaron que la investigaci\u00f3n realizada por la Fiscal\u00eda del Estado no presente avances A casi ocho meses del asesinato del activista Samir Flores Soberanes, quien fuera uno de los principales opositores a la\u2026","rel":"","context":"En &quot;10. Huexca&quot;","block_context":{"text":"10. Huexca","link":"http:\/\/www.grieta.org.mx\/index.php\/category\/espejos-de-la-resistencia\/10-huexca\/"},"img":{"alt_text":"","src":"https:\/\/i0.wp.com\/www.grieta.org.mx\/wp-content\/uploads\/2019\/11\/A-casi-8-meses-nada-en-caso-del-activista-Samir.jpg?resize=350%2C200","width":350,"height":200,"srcset":"https:\/\/i0.wp.com\/www.grieta.org.mx\/wp-content\/uploads\/2019\/11\/A-casi-8-meses-nada-en-caso-del-activista-Samir.jpg?resize=350%2C200 1x, https:\/\/i0.wp.com\/www.grieta.org.mx\/wp-content\/uploads\/2019\/11\/A-casi-8-meses-nada-en-caso-del-activista-Samir.jpg?resize=525%2C300 1.5x, https:\/\/i0.wp.com\/www.grieta.org.mx\/wp-content\/uploads\/2019\/11\/A-casi-8-meses-nada-en-caso-del-activista-Samir.jpg?resize=700%2C400 2x"},"classes":[]},{"id":31074,"url":"http:\/\/www.grieta.org.mx\/index.php\/2019\/03\/20\/sin-avances-la-investigacion-por-el-asesinato-de-samir-flores-en-morelos\/","url_meta":{"origin":45751,"position":4},"title":"Sin avances, la investigaci\u00f3n por el asesinato de Samir Flores en Morelos","author":"grieta","date":"20 marzo, 2019","format":false,"excerpt":"Jaime Luis Brito \/ Proceso AMILCINGO, Mor. (apro).\u2013 A un mes del asesinato de Samir Flores Soberanes, uno de los m\u00e1s importantes opositores al gasoducto y la termoel\u00e9ctrica del Proyecto Integral Morelos, las autoridades estatales no han anunciado avances en la investigaci\u00f3n y la Fiscal\u00eda General de la Rep\u00fablica (FGR)\u2026","rel":"","context":"En &quot;10. Huexca&quot;","block_context":{"text":"10. Huexca","link":"http:\/\/www.grieta.org.mx\/index.php\/category\/espejos-de-la-resistencia\/10-huexca\/"},"img":{"alt_text":"","src":"https:\/\/i0.wp.com\/www.grieta.org.mx\/wp-content\/uploads\/2019\/03\/7b1db3497876caac98-220219-samir-as6-1-1078x800.jpg?resize=350%2C200","width":350,"height":200,"srcset":"https:\/\/i0.wp.com\/www.grieta.org.mx\/wp-content\/uploads\/2019\/03\/7b1db3497876caac98-220219-samir-as6-1-1078x800.jpg?resize=350%2C200 1x, https:\/\/i0.wp.com\/www.grieta.org.mx\/wp-content\/uploads\/2019\/03\/7b1db3497876caac98-220219-samir-as6-1-1078x800.jpg?resize=525%2C300 1.5x, https:\/\/i0.wp.com\/www.grieta.org.mx\/wp-content\/uploads\/2019\/03\/7b1db3497876caac98-220219-samir-as6-1-1078x800.jpg?resize=700%2C400 2x, https:\/\/i0.wp.com\/www.grieta.org.mx\/wp-content\/uploads\/2019\/03\/7b1db3497876caac98-220219-samir-as6-1-1078x800.jpg?resize=1050%2C600 3x"},"classes":[]},{"id":58998,"url":"http:\/\/www.grieta.org.mx\/index.php\/2021\/04\/25\/justicia-para-samir-rumbo-a-europa-morelos\/","url_meta":{"origin":45751,"position":5},"title":"Justicia para Samir, rumbo a Europa (Morelos)","author":"Admin","date":"25 abril, 2021","format":false,"excerpt":"Habitantes de Amilcingo e integrantes del Frente de Pueblo viajar\u00e1n a Europa para difundir movimiento contra la termoel\u00e9ctrica y exigir justicia para Samir Emmanuel Ru\u00edz | El Sol de Cuautla Dos pobladores de la comunidad de Amilcingo, del municipio de Temoac, y tres integrantes del Frente de Pueblos en Defensa\u2026","rel":"","context":"En &quot;CINTILLO&quot;","block_context":{"text":"CINTILLO","link":"http:\/\/www.grieta.org.mx\/index.php\/category\/cintillo\/"},"img":{"alt_text":"","src":"https:\/\/i0.wp.com\/www.grieta.org.mx\/wp-content\/uploads\/2021\/04\/Screenshot_2021-04-26-Justicia-para-Samir-rumbo-a-Europa.png?resize=350%2C200","width":350,"height":200,"srcset":"https:\/\/i0.wp.com\/www.grieta.org.mx\/wp-content\/uploads\/2021\/04\/Screenshot_2021-04-26-Justicia-para-Samir-rumbo-a-Europa.png?resize=350%2C200 1x, https:\/\/i0.wp.com\/www.grieta.org.mx\/wp-content\/uploads\/2021\/04\/Screenshot_2021-04-26-Justicia-para-Samir-rumbo-a-Europa.png?resize=525%2C300 1.5x, https:\/\/i0.wp.com\/www.grieta.org.mx\/wp-content\/uploads\/2021\/04\/Screenshot_2021-04-26-Justicia-para-Samir-rumbo-a-Europa.png?resize=700%2C400 2x"},"classes":[]}],"_links":{"self":[{"href":"http:\/\/www.grieta.org.mx\/index.php\/wp-json\/wp\/v2\/posts\/45751","targetHints":{"allow":["GET"]}}],"collection":[{"href":"http:\/\/www.grieta.org.mx\/index.php\/wp-json\/wp\/v2\/posts"}],"about":[{"href":"http:\/\/www.grieta.org.mx\/index.php\/wp-json\/wp\/v2\/types\/post"}],"author":[{"embeddable":true,"href":"http:\/\/www.grieta.org.mx\/index.php\/wp-json\/wp\/v2\/users\/1"}],"replies":[{"embeddable":true,"href":"http:\/\/www.grieta.org.mx\/index.php\/wp-json\/wp\/v2\/comments?post=45751"}],"version-history":[{"count":1,"href":"http:\/\/www.grieta.org.mx\/index.php\/wp-json\/wp\/v2\/posts\/45751\/revisions"}],"predecessor-version":[{"id":45756,"href":"http:\/\/www.grieta.org.mx\/index.php\/wp-json\/wp\/v2\/posts\/45751\/revisions\/45756"}],"wp:featuredmedia":[{"embeddable":true,"href":"http:\/\/www.grieta.org.mx\/index.php\/wp-json\/wp\/v2\/media\/45752"}],"wp:attachment":[{"href":"http:\/\/www.grieta.org.mx\/index.php\/wp-json\/wp\/v2\/media?parent=45751"}],"wp:term":[{"taxonomy":"category","embeddable":true,"href":"http:\/\/www.grieta.org.mx\/index.php\/wp-json\/wp\/v2\/categories?post=45751"},{"taxonomy":"post_tag","embeddable":true,"href":"http:\/\/www.grieta.org.mx\/index.php\/wp-json\/wp\/v2\/tags?post=45751"}],"curies":[{"name":"wp","href":"https:\/\/api.w.org\/{rel}","templated":true}]}}