{"id":457,"date":"2015-10-29T17:07:28","date_gmt":"2015-10-29T17:07:28","guid":{"rendered":"http:\/\/50.22.11.12\/~grietaor\/?p=457"},"modified":"2016-03-01T03:07:21","modified_gmt":"2016-03-01T03:07:21","slug":"estado-de-mexico-de-los-mas-represores-del-pais-desde-tiempos-de-epn-pueblos-y-defensores","status":"publish","type":"post","link":"http:\/\/www.grieta.org.mx\/index.php\/2015\/10\/29\/estado-de-mexico-de-los-mas-represores-del-pais-desde-tiempos-de-epn-pueblos-y-defensores\/","title":{"rendered":"Estado de M\u00e9xico, de los m\u00e1s represores del pa\u00eds desde tiempos de EPN: pueblos y defensores"},"content":{"rendered":"<p>ALDABI OLVERA<\/p>\n<p>Pueblos originarios y organizaciones sociales mexiquenses denunciaron que los gobiernos de Enrique Pe\u00f1a Nieto (2006-2012) y Eruviel \u00c1vila (2012-a la fecha), as\u00ed como diversos gobiernos municipales, reprimen mediante persecuci\u00f3n, amenazas de \u00f3rdenes de aprehensi\u00f3n, detenciones y hasta asesinatos a quienes se organizan en la entidad para defender su territorio y derechos humanos.<\/p>\n<p>Los nahuas de Coyotepec, Cahuac\u00e1n, Tlanixco, los pueblos otom\u00edes de Xochicuautla, Huitzizilapan y Mag\u00fa, usuarios inconformes por las altas tarifas de la luz en Nezahualc\u00f3yotl y profesores mexiquenses denunciaron que la represi\u00f3n en la entidad se intensific\u00f3 en las dos \u00faltimas gubernaturas para abrir paso a la imposici\u00f3n de diversos proyectos como el Aeropuerto internacional de la Ciudad de M\u00e9xico, la autopista Toluca-Naucalpan, diversos desarrollos inmobiliarios y la municipalizaci\u00f3n de la administraci\u00f3n ciudadana del agua.<\/p>\n<p>En un foro realizado en el Centro de Derechos Humanos Miguel Agust\u00edn Pro, integrantes de la articulaci\u00f3n llamada Fuego de la Digna Resistencia contaron que ante el nivel de represi\u00f3n del gobierno mexiquense se organizaron en mayo y realizaron una caravana que fue desde Teotihuac\u00e1n hasta Toluca.<\/p>\n<p>Carlos Sampedro del Centro de Derechos Humanos Zeferino Ladrillero (CDHZL), el \u00fanico centro de derechos humanos independiente de la entidad, denunci\u00f3 la colusi\u00f3n del gobierno de Eruviel \u00c1vila con grupos corporativos y de poder:<\/p>\n<p>\u201cEl gobierno del Estado de M\u00e9xico es de los m\u00e1s corruptos. Ah\u00ed est\u00e1 el caso de OHL, las concesiones a Grupo Higa (\u2026) A veces el gobierno municipal apoya a cacicazgos locales para tener el control de servicios y privatizarlos\u201d.<\/p>\n<p>Agreg\u00f3 que el CDHZL lleva el caso de seis ind\u00edgenas nahuas presos en el pueblo de Tlanixco, municipio de Tenango del Valle, y del profesor \u00d3scar Hern\u00e1ndez Neri. Advirti\u00f3 que existen varias \u00f3rdenes de aprehensi\u00f3n en contra de activistas ind\u00edgenas y actos de hostigamiento continuos, por lo que el CDHZL decidi\u00f3 lanzar la campa\u00f1a #SuLibertadEsSuDerecho.<\/p>\n<p>El profesor mexiquense C\u00e9sar Hern\u00e1ndez Neri, hermano del maestro preso, relat\u00f3 durante el foro que hace dos meses se aprob\u00f3 una modificaci\u00f3n en el c\u00f3digo penal que criminaliza la denuncia social y una ley para detener a quien instituya escuelas sin permiso del gobierno.<\/p>\n<p>Cont\u00f3 que la represi\u00f3n en el Estado de M\u00e9xico tiene un precedente grave en San Salvador Atenco en 2006 por la detenci\u00f3n de 211 personas y la tortura sexual contra m\u00e1s de 20 mujeres. Atenco fue invadido por polic\u00edas federales y estatales bajo la orden de Enrique Pe\u00f1a Nieto en aquel a\u00f1o.<\/p>\n<p>Vicente Moreno, defensor del agua del municipio de Coyotepec, denunci\u00f3 que en pleno foro su hija, quien se encontraba en las oficinas de la administraci\u00f3n ciudadana del agua, fue amenazada de muerte.<\/p>\n<p>Sampedro recalc\u00f3 que en el Estado de M\u00e9xico com\u00fanmente se da el caso de dos o tres agresiones en contra de defensores de derechos humanos y del territorio en un mismo d\u00eda.<\/p>\n<p>EL AGUA DE COYOTEPEC<\/p>\n<p>Tom\u00e1s Mezas, tambi\u00e9n de Coyotepec, relat\u00f3 que su pueblo est\u00e1 en defensa del agua desde que el presidente municipal pri\u00edsta Alfredo Anguiano intent\u00f3 municipalizar el agua el junio del 2013.<\/p>\n<p>Coyotepec tiene tres pozos profundos para 55 mil habitantes, son sus \u00fanicas fuentes de agua. La infraestructura de los pozos fue construida por las manos de quienes habitan este municipio ubicado al norte del Estado de M\u00e9xico y desde 1963 la administraci\u00f3n del agua se rige bajo un comit\u00e9 ciudadano.<\/p>\n<p>M\u00e1sde131 ha realizado diversas coberturas en el lugar. A quien escribe le ha tocado presenciar represi\u00f3n y disparos en contra de los habitantes.<\/p>\n<p>Mezas cuenta que el 9 de junio del 2013, helic\u00f3pteros lanzaron gas lacrim\u00f3geno contra pobladores que tapaban la carretera M\u00e9xico-Quer\u00e9taro para evitar la municipalizaci\u00f3n del agua. Denuncia que desde entonces su movimiento sufre hostigamiento, golpes, privaci\u00f3n ilegal de la libertad e intentos de homicidio (Vicente Moreno ya fue apu\u00f1alado y estuvo preso en una ocasi\u00f3n).<\/p>\n<p>Relata que Coyotepec fue rodeado de proyectos inmobiliarios llamados Ciudad Bicentenario, construidos durante el gobierno de Enrique Pe\u00f1a Nieto cuando fue gobernador. Para dotar de agua esas ciudades se necesita el agua de Coyotepec.<\/p>\n<p>El pasado 27 de octubre el edil Anguiano lleg\u00f3 con polic\u00edas municipales a tomar un pozo: \u201cSu di\u00e1logo fue apresarnos\u201d, denuncian. Lograron salir libres en pocas horas, pero el presidente municipal mantiene el control de la fuente de agua.<\/p>\n<p>\u201cEn el Estado de M\u00e9xico siempre hemos tenido un gobierno represor\u201d dice Mezas, \u201chace lo posible por despojarnos de lo que por derecho tenemos. Somos hoy presa de presi\u00f3n como nunca en la vida del municipio\u201d.<\/p>\n<p>Por las agresiones que sufren, tanto Mezas como Moreno son parte de la campa\u00f1a #SuLibertadEsSuDerecho.<\/p>\n<p>LOS BOSQUES DE MAG\u00da Y XOCHICUAUTLA<\/p>\n<p>Berenice S\u00e1nchez, del pueblo otom\u00ed de San Francisco Mag\u00fa, en el municipio de Nicol\u00e1s Romero, tambi\u00e9n es parte de #SuLibertadEsSuDerecho. Califica este esfuerzo como un \u201cescudo\u201d para su libertad y para seguir luchando.<\/p>\n<p>\u201cLos pueblos se desmembran cuando alguno de nosotros es tomado tras las rejas\u201d, opina.<\/p>\n<p>El bosque de Mag\u00fa empez\u00f3 a ser talado hace dos a\u00f1os para instalar 11 mil viviendas. Hay tambi\u00e9n anuencias de perforaci\u00f3n de todos los pozos de agua para alimentar estas viviendas.<\/p>\n<p>Mag\u00fa tiene una administraci\u00f3n aut\u00f3noma del agua potable. Tienen tambi\u00e9n una representaci\u00f3n regida por usos y costumbres.<\/p>\n<p>Denuncia que su pueblo ha sido dividido. A ella se le culpa de mot\u00edn, robo y usurpaci\u00f3n de funciones. Las autoridades han querido llegar con ellos a procesos de conciliaci\u00f3n: \u201cConciliar es olvidar a la asamblea de San Francisco Mag\u00fa\u201d, asevera.<\/p>\n<p>Berenice S\u00e1nchez fue severamente golpeada el pasado 8 de marzo durante un incursi\u00f3n de polic\u00eda en su pueblo acompa\u00f1ada por gente de la propia comunidad.<\/p>\n<p>SAN FRANCISCO XOCHICUAUTLA<\/p>\n<p>\u201cDeben saber que el Estado de M\u00e9xico es uno de los m\u00e1s represores\u201d, cuenta Jos\u00e9 Luis Fern\u00e1ndez, integrante del Frente de Pueblos Ind\u00edgenas en Defensa de la Madre Tierra, que agrupa a los pueblos de Xochicuautla, Huitzizilapan y Tlanixco.<\/p>\n<p>En Xochicuautla y Huitzizilapan, municipio de Lerma, se pretende imponer la autopista Toluca-Naucalpan. La concesi\u00f3n est\u00e1 a cargo de empresas filiales de Grupo Higa, empresa constructora que se vio envuelta en un esc\u00e1ndalo por regalar una casa a Pe\u00f1a Nieto.<\/p>\n<p>Fern\u00e1ndez denuncia que la carretera se ha hecho sin el permiso de las comunidades. Desde hace 9 a\u00f1os, Xochicuautla ha tenido que viajar a diferentes partes del pa\u00eds y siempre encuentra situaciones similares: \u201ces un espejo\u201d.<\/p>\n<p>Su pueblo tiene dos pozos, uno va al Cutzamala y otro a su comunidad.<\/p>\n<p>En agosto de este a\u00f1o, Enrique Pe\u00f1a Nieto emiti\u00f3 un decreto expropiatorio para imponer una autopista que desconectar\u00eda el pueblo de sus monta\u00f1as y territorio comunal. El decreto dice que el pueblo fue consultado, cosa que no pas\u00f3. La semana pasada el pueblo integr\u00f3 una controversia constitucional ante la Suprema Corte de Justicia de la Naci\u00f3n (SCJN) para refutar el decreto de Pe\u00f1a.<\/p>\n<p>En 2013, 14 ind\u00edgenas de Xochicuautla fueron detenidos. En 2014 la polic\u00eda detuvo a 8. Todos salieron libres a los pocos d\u00edas. Su delito: interponerse entre el bosque y las m\u00e1quinas. Siempre que hay asambleas en Xochicuautla, se presentan cientos de granaderos estatales.<\/p>\n<p>Jos\u00e9 Luis Fern\u00e1ndez ha sufrido de hostigamiento. Habitantes afines al proyecto de Grupo Higa han repartido volantes en la comunidad en su contra pidiendo que se le detenga. Fern\u00e1ndez tambi\u00e9n es parte de la campa\u00f1a #SuLibertadEsSuDerecho.<\/p>\n<p>ESCONDERSE EN CAHUAC\u00c1N<\/p>\n<p>Trinidad Cruz del pueblo de Cahuac\u00e1n, municipio de Nicol\u00e1s Romero, denuncio en el foro que su hermano Jes\u00fas Cruz tiene una orden de aprehensi\u00f3n y es \u201cperseguido pol\u00edtico\u201d.<\/p>\n<p>Cahuac\u00e1n posee una superficie de 2402 hect\u00e1reas. En octubre del 2014 llegaron personas con estructuras notariales que dicen que son los due\u00f1os. Los terrenos sirven para el cultivo, son tambi\u00e9n bosque y agostadero. Su hermano encabez\u00f3 la defensa de este territorio, por lo que se le fabric\u00f3 un delito de robo de 2700 pesos.<\/p>\n<p>La orden de aprehensi\u00f3n se ejecut\u00f3 este 2 de mayo, despu\u00e9s de que Jes\u00fas Cruz sufriera un accidente. Al hospital llegaron judiciales con la orden, pero el defensor de Cahuac\u00e1n logr\u00f3 escapar. Actualmente se encuentra escondido.<\/p>\n<p>\u201cNosotros somos los que cultivamos y agarramos el azad\u00f3n, si se acaban las \u00e1reas de cultura, d\u00f3nde va a haber para sembrar si los campos los cubren de cemento\u201d, dice Cruz.<\/p>\n<p>EL FUNDADOR DE ESCUELAS, PRESO<\/p>\n<p>El profesor \u00d3scar Neri mand\u00f3 una carta desde el Reclusorio Molino de las Flores, ubicado en el municipio de Texcoco, Estado de M\u00e9xico.<\/p>\n<p>\u201cEn mi traves\u00eda mexiquense atestig\u00fc\u00e9 el dolor de padres y madres de desaparecidos, llor\u00e9 con chiquillos adictos al solvente en tiraderos, me sent\u00e9 en Toluca, me contagi\u00e9 de las risas de los diputados, viaj\u00e9 en tren ligero y Mexibus llenos hasta el tope. Ya capturaron a la desolladora de Chimalhuac\u00e1n. El Estado est\u00e1 tranquilo, el gobernador quiere platicar conmigo, pero yo estoy preso\u201d.<\/p>\n<p>\u00d3scar Neri fund\u00f3 dos prepas populares (135 y 224). Es integrante de la Coordinadora Nacional de Trabajadores de la Educaci\u00f3n (CNTE) del oriente del Estado de M\u00e9xico. Se le culpa de homicidio de una estudiante de doctorado en 2007. Fue inculpado por un profesor a quien torturaron. En mayo del 2012 se emiti\u00f3 una orden de aprehensi\u00f3n y el 30 de abril del 2014 fue detenido.<\/p>\n<p>Adem\u00e1s del testimonio del profesor torturado, no hay ninguna prueba que lo inculpe.<\/p>\n<p>EL AEROPUERTO DE ATENCO<\/p>\n<p>Ignacio del Valle, nativo de San Salvador Atenco, preso del 2006 al 2010, cont\u00f3 como desde hace 14 a\u00f1os se quiere realizar un proyecto que jam\u00e1s se les consult\u00f3 a los pueblos de la rivera del Lago de Texcoco.<\/p>\n<p>En un decreto de expropiaci\u00f3n en tiempo del presidente Vicente Fox se les pretende quitar territorio para la construcci\u00f3n del nuevo Aeropuerto Internacional de la Ciudad de M\u00e9xico.<\/p>\n<p>La tierra donde se pretende instalar el aeropuerto fue trabajada por peones de haciendas, quienes lucharon por ella en la revoluci\u00f3n y la heredaron a quienes ahora integran el Frente de Pueblos en Defensa de la Tierra.<\/p>\n<p>En el 2006 Enrique Pe\u00f1a Nieto orden\u00f3 en Atenco una de las peores represiones en la historia del pa\u00eds.<\/p>\n<p>Ignacio del Valle recalca: \u201cquien deber\u00eda estar en la c\u00e1rcel por aquella represi\u00f3n, es el ahora presidente del pa\u00eds\u201d.<\/p>\n<p>En el 2014, ya en el cargo, Pe\u00f1a Nieto lanz\u00f3 otro plan para continuar con la construcci\u00f3n del aeropuerto.<\/p>\n<p><a href=\"http:\/\/www.masde131.com\/2015\/10\/estado-de-mexico-de-los-mas-represores-del-pais-desde-tiempos-de-epn-pueblos-y-defensores\/\" target=\"_blank\">www.masde131.com\/2015\/10\/estado-de-mexico-de-los-mas-represores-del-pais-desde-tiempos-de-epn-pueblos-y-defensores\/<\/a><\/p>\n","protected":false},"excerpt":{"rendered":"<p>ALDABI OLVERA Pueblos originarios y organizaciones sociales mexiquenses denunciaron que los gobiernos de Enrique Pe\u00f1a Nieto (2006-2012) y Eruviel \u00c1vila (2012-a la fecha), as\u00ed como diversos gobiernos municipales, reprimen mediante &hellip; <a href=\"http:\/\/www.grieta.org.mx\/index.php\/2015\/10\/29\/estado-de-mexico-de-los-mas-represores-del-pais-desde-tiempos-de-epn-pueblos-y-defensores\/\" class=\"more-link\">Leer m\u00e1s<\/a><\/p>\n","protected":false},"author":2,"featured_media":21928,"comment_status":"closed","ping_status":"open","sticky":false,"template":"","format":"standard","meta":{"ngg_post_thumbnail":0,"_jetpack_newsletter_access":"","_jetpack_dont_email_post_to_subs":false,"_jetpack_newsletter_tier_id":0,"_jetpack_memberships_contains_paywalled_content":false,"_jetpack_memberships_contains_paid_content":false,"footnotes":""},"categories":[80],"tags":[92,131],"class_list":["post-457","post","type-post","status-publish","format-standard","has-post-thumbnail","hentry","category-cintillo","tag-estado-de-mexico","tag-presos-politicos","entry"],"jetpack_featured_media_url":"http:\/\/www.grieta.org.mx\/wp-content\/uploads\/2018\/03\/14524434_1106112876131411_958039263622046936_o.jpg","jetpack_sharing_enabled":true,"jetpack_shortlink":"https:\/\/wp.me\/p7ZJR4-7n","jetpack_likes_enabled":false,"jetpack-related-posts":[{"id":67992,"url":"http:\/\/www.grieta.org.mx\/index.php\/2023\/10\/28\/en-apoyo-a-nuestros-hermanos-originarios-en-guerrero\/","url_meta":{"origin":457,"position":0},"title":"EN APOYO A NUESTROS HERMANOS ORIGINARIOS EN GUERRERO","author":"grieta","date":"28 octubre, 2023","format":false,"excerpt":"EN APOYO A NUESTROS HERMANOS ORIGINARIOS EN GUERRERO Octubre del 2023. A LOS PUEBLOS Y GOBIERNOS DE M\u00c9XICO Y DEL MUNDO: A LA SEXTA NACIONAL E INTERNACIONAL: A LOS MEDIOS DE COMUNICACI\u00d3N: Con mucha consternaci\u00f3n hemos visto como el hurac\u00e1n\u00a0Otis\u00a0golpe\u00f3 con furia inusitada las costas del estado de Guerrero, provocando\u2026","rel":"","context":"En &quot;CINTILLO&quot;","block_context":{"text":"CINTILLO","link":"http:\/\/www.grieta.org.mx\/index.php\/category\/cintillo\/"},"img":{"alt_text":"","src":"","width":0,"height":0},"classes":[]},{"id":72401,"url":"http:\/\/www.grieta.org.mx\/index.php\/2025\/10\/14\/comunicado-urgente-llamamos-a-la-solidaridad-urgente-con-los-pueblos-originarios-de-la-sierra-norte-de-veracruz-afectados-por-las-intensas-lluvias-de-los-ultimos-dias\/","url_meta":{"origin":457,"position":1},"title":"COMUNICADO URGENTE LLAMAMOS A LA SOLIDARIDAD URGENTE CON LOS PUEBLOS ORIGINARIOS DE LA SIERRA NORTE DE VERACRUZ AFECTADOS POR LAS INTENSAS LLUVIAS DE LOS \u00daLTIMOS D\u00cdAS","author":"Admin","date":"14 octubre, 2025","format":false,"excerpt":"COMUNICADO URGENTE LLAMAMOS A LA SOLIDARIDAD URGENTE CON LOS PUEBLOS ORIGINARIOS DE LA SIERRA NORTE DE VERACRUZ AFECTADOS POR LAS INTENSAS LLUVIAS DE LOS \u00daLTIMOS D\u00cdAS A los pueblos de M\u00e9xico y del mundo, A los organismos y colectivos defensores de derechos humanos, A las Redes de Resistencia y Rebeld\u00eda,\u2026","rel":"","context":"En &quot;CINTILLO&quot;","block_context":{"text":"CINTILLO","link":"http:\/\/www.grieta.org.mx\/index.php\/category\/cintillo\/"},"img":{"alt_text":"","src":"https:\/\/i0.wp.com\/www.grieta.org.mx\/wp-content\/uploads\/2025\/10\/Cint_Verac.png?resize=350%2C200","width":350,"height":200,"srcset":"https:\/\/i0.wp.com\/www.grieta.org.mx\/wp-content\/uploads\/2025\/10\/Cint_Verac.png?resize=350%2C200 1x, https:\/\/i0.wp.com\/www.grieta.org.mx\/wp-content\/uploads\/2025\/10\/Cint_Verac.png?resize=525%2C300 1.5x, https:\/\/i0.wp.com\/www.grieta.org.mx\/wp-content\/uploads\/2025\/10\/Cint_Verac.png?resize=700%2C400 2x"},"classes":[]},{"id":39744,"url":"http:\/\/www.grieta.org.mx\/index.php\/2019\/09\/26\/quita-federacion-alarmas-sismicas-a-escuelas-mexiquenses\/","url_meta":{"origin":457,"position":2},"title":"Quita Federaci\u00f3n alarmas s\u00edsmicas a escuelas mexiquenses","author":"grieta","date":"26 septiembre, 2019","format":false,"excerpt":"Quadrat\u00edn \u00a0 CIUDAD DE M\u00c9XICO, 26 de septiembre de 2019.- Servidores de la Naci\u00f3n del Gobierno Federal llegan a centros escolares donde se entregaron alarmas s\u00edsmicas, para recogerlas. Con el argumento de que ya no dependen del Gobierno federal, la Secretar\u00eda de Bienestar est\u00e1 recogiendo a las estancias infantiles el\u2026","rel":"","context":"En &quot;CINTILLO&quot;","block_context":{"text":"CINTILLO","link":"http:\/\/www.grieta.org.mx\/index.php\/category\/cintillo\/"},"img":{"alt_text":"","src":"https:\/\/i0.wp.com\/www.grieta.org.mx\/wp-content\/uploads\/2019\/09\/alerta-sisimica-sismo-ciudad-de-mexico.png?resize=350%2C200","width":350,"height":200,"srcset":"https:\/\/i0.wp.com\/www.grieta.org.mx\/wp-content\/uploads\/2019\/09\/alerta-sisimica-sismo-ciudad-de-mexico.png?resize=350%2C200 1x, https:\/\/i0.wp.com\/www.grieta.org.mx\/wp-content\/uploads\/2019\/09\/alerta-sisimica-sismo-ciudad-de-mexico.png?resize=525%2C300 1.5x, https:\/\/i0.wp.com\/www.grieta.org.mx\/wp-content\/uploads\/2019\/09\/alerta-sisimica-sismo-ciudad-de-mexico.png?resize=700%2C400 2x"},"classes":[]},{"id":67944,"url":"http:\/\/www.grieta.org.mx\/index.php\/2023\/10\/16\/denuncia-del-congreso-nacional-indigena-concejo-indigena-de-gobierno-por-el-intento-de-desalojo-de-la-casa-de-los-pueblos\/","url_meta":{"origin":457,"position":3},"title":"Denuncia del Congreso Nacional Ind\u00edgena \u2013 Concejo Ind\u00edgena de Gobierno por el Intento de Desalojo de la Casa de los Pueblos","author":"grieta","date":"16 octubre, 2023","format":false,"excerpt":"A los pueblos y gobiernos de M\u00e9xico y del mundo. A los organismos de derechos humanos. A los medios de comunicaci\u00f3n. Denunciamos que desde hace algunas horas un numeroso contingente de granaderos del gobierno de la Ciudad de M\u00e9xico est\u00e1 tratando de desalojar con violencia a la Comunidad Ind\u00edgena Otom\u00ed\u2026","rel":"","context":"En &quot;CIG&quot;","block_context":{"text":"CIG","link":"http:\/\/www.grieta.org.mx\/index.php\/category\/cig\/"},"img":{"alt_text":"","src":"https:\/\/i0.wp.com\/www.grieta.org.mx\/wp-content\/uploads\/2023\/10\/logo-CNI-T.png?resize=350%2C200","width":350,"height":200,"srcset":"https:\/\/i0.wp.com\/www.grieta.org.mx\/wp-content\/uploads\/2023\/10\/logo-CNI-T.png?resize=350%2C200 1x, https:\/\/i0.wp.com\/www.grieta.org.mx\/wp-content\/uploads\/2023\/10\/logo-CNI-T.png?resize=525%2C300 1.5x"},"classes":[]},{"id":27081,"url":"http:\/\/www.grieta.org.mx\/index.php\/2018\/10\/09\/pueblos-de-oaxaca-realizaran-juicio-popular-contra-el-estado-y-empresas-mineras\/","url_meta":{"origin":457,"position":4},"title":"Pueblos de Oaxaca realizaran Juicio Popular contra el Estado y Empresas Mineras","author":"grieta","date":"9 octubre, 2018","format":false,"excerpt":"Somos el Medio. Redacci\u00f3n, Este pr\u00f3ximo 11 y 12 de octubre en la ciudad de Oaxaca, organizaciones, pueblos y ciudadanos realizaran un Juicio Popular Comunitario Contra el Estado y las Empresas Mineras. As\u00ed lo dio a conocer el Comit\u00e9 Organizador integrado por m\u00e1s de 20 organizaciones que luchan contra el\u2026","rel":"","context":"En &quot;CINTILLO&quot;","block_context":{"text":"CINTILLO","link":"http:\/\/www.grieta.org.mx\/index.php\/category\/cintillo\/"},"img":{"alt_text":"","src":"https:\/\/i0.wp.com\/www.grieta.org.mx\/wp-content\/uploads\/2018\/10\/Mineria.jpg?resize=350%2C200","width":350,"height":200,"srcset":"https:\/\/i0.wp.com\/www.grieta.org.mx\/wp-content\/uploads\/2018\/10\/Mineria.jpg?resize=350%2C200 1x, https:\/\/i0.wp.com\/www.grieta.org.mx\/wp-content\/uploads\/2018\/10\/Mineria.jpg?resize=525%2C300 1.5x, https:\/\/i0.wp.com\/www.grieta.org.mx\/wp-content\/uploads\/2018\/10\/Mineria.jpg?resize=700%2C400 2x"},"classes":[]},{"id":41607,"url":"http:\/\/www.grieta.org.mx\/index.php\/2019\/11\/24\/marchan-mujeres-en-neza-contra-el-feminicidio-el-delito-ha-crecido-casi-al-doble-en-el-segundo-semestre-estado-de-mexico\/","url_meta":{"origin":457,"position":5},"title":"Marchan mujeres en Neza contra el feminicidio; el delito ha crecido casi al doble en el segundo semestre (Estado de M\u00e9xico)","author":"grieta","date":"24 noviembre, 2019","format":false,"excerpt":"Foto Archivo. Agencia MVT Plana Mayor Nezahualc\u00f3yotl, Edomex. 24 de noviembre del 2019.- Decenas de mujeres se movilizaron este domingo en calles de este municipio para exigir, por en\u00e9sima ocasi\u00f3n a las autoridades estatales y municipales acciones efectivas para contener y detener el creciente fen\u00f3meno del feminicidio, que este a\u00f1o\u2026","rel":"","context":"En &quot;CINTILLO&quot;","block_context":{"text":"CINTILLO","link":"http:\/\/www.grieta.org.mx\/index.php\/category\/cintillo\/"},"img":{"alt_text":"","src":"https:\/\/i0.wp.com\/www.grieta.org.mx\/wp-content\/uploads\/2019\/11\/Marchan-mujeres-en-Neza-contra-el-feminicidio-edomex-nov.jpg?resize=350%2C200","width":350,"height":200},"classes":[]}],"_links":{"self":[{"href":"http:\/\/www.grieta.org.mx\/index.php\/wp-json\/wp\/v2\/posts\/457","targetHints":{"allow":["GET"]}}],"collection":[{"href":"http:\/\/www.grieta.org.mx\/index.php\/wp-json\/wp\/v2\/posts"}],"about":[{"href":"http:\/\/www.grieta.org.mx\/index.php\/wp-json\/wp\/v2\/types\/post"}],"author":[{"embeddable":true,"href":"http:\/\/www.grieta.org.mx\/index.php\/wp-json\/wp\/v2\/users\/2"}],"replies":[{"embeddable":true,"href":"http:\/\/www.grieta.org.mx\/index.php\/wp-json\/wp\/v2\/comments?post=457"}],"version-history":[{"count":1,"href":"http:\/\/www.grieta.org.mx\/index.php\/wp-json\/wp\/v2\/posts\/457\/revisions"}],"predecessor-version":[{"id":458,"href":"http:\/\/www.grieta.org.mx\/index.php\/wp-json\/wp\/v2\/posts\/457\/revisions\/458"}],"wp:featuredmedia":[{"embeddable":true,"href":"http:\/\/www.grieta.org.mx\/index.php\/wp-json\/wp\/v2\/media\/21928"}],"wp:attachment":[{"href":"http:\/\/www.grieta.org.mx\/index.php\/wp-json\/wp\/v2\/media?parent=457"}],"wp:term":[{"taxonomy":"category","embeddable":true,"href":"http:\/\/www.grieta.org.mx\/index.php\/wp-json\/wp\/v2\/categories?post=457"},{"taxonomy":"post_tag","embeddable":true,"href":"http:\/\/www.grieta.org.mx\/index.php\/wp-json\/wp\/v2\/tags?post=457"}],"curies":[{"name":"wp","href":"https:\/\/api.w.org\/{rel}","templated":true}]}}