{"id":45676,"date":"2020-03-02T12:01:55","date_gmt":"2020-03-02T18:01:55","guid":{"rendered":"http:\/\/www.grieta.org.mx\/?p=45676"},"modified":"2020-03-06T12:09:27","modified_gmt":"2020-03-06T18:09:27","slug":"dejan-desprotegida-la-reserva-de-la-biosfera-guanajuato","status":"publish","type":"post","link":"http:\/\/www.grieta.org.mx\/index.php\/2020\/03\/02\/dejan-desprotegida-la-reserva-de-la-biosfera-guanajuato\/","title":{"rendered":"Dejan desprotegida la Reserva de la Bi\u00f3sfera (Guanajuato)"},"content":{"rendered":"<blockquote><p>Hoy sigue sin publicarse el \u2018Programa de Manejo\u2019, que marca las reglas de la zona; La tala ilegal, cacer\u00eda, miner\u00eda y extracci\u00f3n de material son pr\u00e1cticas vigentes en la zona<\/p><\/blockquote>\n<figure id=\"attachment_45679\" aria-describedby=\"caption-attachment-45679\" style=\"width: 800px\" class=\"wp-caption aligncenter\"><img loading=\"lazy\" decoding=\"async\" data-attachment-id=\"45679\" data-permalink=\"http:\/\/www.grieta.org.mx\/index.php\/2020\/03\/02\/dejan-desprotegida-la-reserva-de-la-biosfera-guanajuato\/sierra3\/\" data-orig-file=\"http:\/\/www.grieta.org.mx\/wp-content\/uploads\/2020\/03\/sierra3.jpg\" data-orig-size=\"1200,600\" data-comments-opened=\"0\" data-image-meta=\"{&quot;aperture&quot;:&quot;0&quot;,&quot;credit&quot;:&quot;&quot;,&quot;camera&quot;:&quot;&quot;,&quot;caption&quot;:&quot;&quot;,&quot;created_timestamp&quot;:&quot;0&quot;,&quot;copyright&quot;:&quot;&quot;,&quot;focal_length&quot;:&quot;0&quot;,&quot;iso&quot;:&quot;0&quot;,&quot;shutter_speed&quot;:&quot;0&quot;,&quot;title&quot;:&quot;&quot;,&quot;orientation&quot;:&quot;0&quot;}\" data-image-title=\"sierra3\" data-image-description=\"\" data-image-caption=\"&lt;p&gt;Fotos: Especial&lt;\/p&gt;\n\" data-medium-file=\"http:\/\/www.grieta.org.mx\/wp-content\/uploads\/2020\/03\/sierra3-300x150.jpg\" data-large-file=\"http:\/\/www.grieta.org.mx\/wp-content\/uploads\/2020\/03\/sierra3-1024x512.jpg\" class=\"wp-image-45679\" src=\"http:\/\/www.grieta.org.mx\/wp-content\/uploads\/2020\/03\/sierra3.jpg\" alt=\"\" width=\"800\" height=\"400\" srcset=\"http:\/\/www.grieta.org.mx\/wp-content\/uploads\/2020\/03\/sierra3.jpg 1200w, http:\/\/www.grieta.org.mx\/wp-content\/uploads\/2020\/03\/sierra3-300x150.jpg 300w, http:\/\/www.grieta.org.mx\/wp-content\/uploads\/2020\/03\/sierra3-768x384.jpg 768w, http:\/\/www.grieta.org.mx\/wp-content\/uploads\/2020\/03\/sierra3-1024x512.jpg 1024w, http:\/\/www.grieta.org.mx\/wp-content\/uploads\/2020\/03\/sierra3-1000x500.jpg 1000w\" sizes=\"auto, (max-width: 800px) 100vw, 800px\" \/><figcaption id=\"caption-attachment-45679\" class=\"wp-caption-text\">Fotos: Especial<\/figcaption><\/figure>\n<p>Eliazar Vel\u00e1zquez \/ Peri\u00f3dico Correo, Guanajuato, 02 de marzo de 2020<\/p>\n<p>Guanajuato.- El 2 de febrero se cumplieron trece a\u00f1os de que fue publicado en el Diario Oficial de la Federaci\u00f3n, el decreto presidencial mediante el cual se crea la Reserva de la Biosfera Sierra Gorda de Guanajuato. En M\u00e9xico, constituye la categor\u00eda jur\u00eddica m\u00e1s alta para la protecci\u00f3n y salvaguarda de un \u00c1rea Natural.<\/p>\n<p>Los procesos administrativos y estudios t\u00e9cnicos comenzaron en 2002-2003, en esa fase estuvo muy involucrado el entonces Instituto Estatal de Ecolog\u00eda (ahora SMAOT), pero fue en 2007 cuando la Secretar\u00eda de Medio Ambiente y Recursos Naturales, por conducto de la Comisi\u00f3n Nacional de \u00c1reas Naturales Protegidas, en coordinaci\u00f3n con el Gobierno del Estado de Guanajuato, concluyeron que la Sierra Gorda \u201c\u2026posee una extraordinaria riqueza a nivel mundial, constituyendo una zona de gran fragilidad, que alberga muestras representativas de ecosistemas originales que no han perdido su capacidad de regenerarse y recuperarse de manera natural y que re\u00fanen los requisitos necesarios para ser declarados como \u00c1rea Natural Protegida con la categor\u00eda de Reserva de la Biosfera\u201d.<br \/>\n\u00c1rbol que nace torcido\u2026<\/p>\n<p>Casi inmediatamente a la promulgaci\u00f3n de la declaratoria en 2007, comenz\u00f3 a evidenciarse que el trabajo t\u00e9cnico no estuvo acompa\u00f1ado de un di\u00e1logo amplio y cercano con los habitantes de la sierra. Hubo en esos primeros meses y a\u00f1os diversas expresiones de inconformidad social porque los campesinos argumentaban que no hab\u00edan sido consultados, los enteraron hasta que ya era un hecho.<\/p>\n<p>En 2007, en el jard\u00edn de Atarjea, sentado en una banca junto al kiosco y envuelto en humo de cigarrillo, un campesino defini\u00f3 lo que se despert\u00f3 en el coraz\u00f3n de muchos serranos: \u201cYo veo esto como una dictadura porque \u00fanicamente se nos est\u00e1n imponiendo las cosas, no se ha tomado en cuenta nuestro parecer. El decreto ya est\u00e1 y apenas nos van a decir lo que queremos o no queremos\u2026 A nuestros ejidos nadie fue a preguntarnos si quer\u00edamos, nom\u00e1s lleg\u00f3 como quien dice el trancazo, hasta ahorita nunca lleg\u00f3 el aviso, no ha habido nada de preguntar nuestra opini\u00f3n\u201d.<\/p>\n<p>Cuando la gente cuestionaba a los funcionarios por qu\u00e9 actuaron as\u00ed, hubo quienes contestaban con el falaz argumento de que se hab\u00edan realizado consultas con los ayuntamientos y que el anteproyecto estuvo disponible para todos los interesados v\u00eda Internet, como si los habitantes de la sierra, sobre todo quienes viven en comunidades aisladas, acostumbraran dejar a un lado sus preocupaciones diarias y sus siembras para buscar una computadora, y menos cuando en ese entonces para acceder a una hab\u00eda que bajar hasta los pueblos o ciudades donde apenas comenzaban a popularizarse los llamados \u2018ciber\u2019.<\/p>\n<figure id=\"attachment_45681\" aria-describedby=\"caption-attachment-45681\" style=\"width: 800px\" class=\"wp-caption aligncenter\"><img loading=\"lazy\" decoding=\"async\" data-attachment-id=\"45681\" data-permalink=\"http:\/\/www.grieta.org.mx\/index.php\/2020\/03\/02\/dejan-desprotegida-la-reserva-de-la-biosfera-guanajuato\/campesino\/\" data-orig-file=\"http:\/\/www.grieta.org.mx\/wp-content\/uploads\/2020\/03\/campesino.jpg\" data-orig-size=\"1200,600\" data-comments-opened=\"0\" data-image-meta=\"{&quot;aperture&quot;:&quot;0&quot;,&quot;credit&quot;:&quot;&quot;,&quot;camera&quot;:&quot;&quot;,&quot;caption&quot;:&quot;&quot;,&quot;created_timestamp&quot;:&quot;0&quot;,&quot;copyright&quot;:&quot;&quot;,&quot;focal_length&quot;:&quot;0&quot;,&quot;iso&quot;:&quot;0&quot;,&quot;shutter_speed&quot;:&quot;0&quot;,&quot;title&quot;:&quot;&quot;,&quot;orientation&quot;:&quot;0&quot;}\" data-image-title=\"campesino\" data-image-description=\"\" data-image-caption=\"&lt;p&gt;Foto: Especial&lt;\/p&gt;\n\" data-medium-file=\"http:\/\/www.grieta.org.mx\/wp-content\/uploads\/2020\/03\/campesino-300x150.jpg\" data-large-file=\"http:\/\/www.grieta.org.mx\/wp-content\/uploads\/2020\/03\/campesino-1024x512.jpg\" class=\"wp-image-45681\" src=\"http:\/\/www.grieta.org.mx\/wp-content\/uploads\/2020\/03\/campesino.jpg\" alt=\"\" width=\"800\" height=\"400\" srcset=\"http:\/\/www.grieta.org.mx\/wp-content\/uploads\/2020\/03\/campesino.jpg 1200w, http:\/\/www.grieta.org.mx\/wp-content\/uploads\/2020\/03\/campesino-300x150.jpg 300w, http:\/\/www.grieta.org.mx\/wp-content\/uploads\/2020\/03\/campesino-768x384.jpg 768w, http:\/\/www.grieta.org.mx\/wp-content\/uploads\/2020\/03\/campesino-1024x512.jpg 1024w, http:\/\/www.grieta.org.mx\/wp-content\/uploads\/2020\/03\/campesino-1000x500.jpg 1000w\" sizes=\"auto, (max-width: 800px) 100vw, 800px\" \/><figcaption id=\"caption-attachment-45681\" class=\"wp-caption-text\">Foto: Especial<\/figcaption><\/figure>\n<p>Entre los hombres y mujeres campesinos de mayor edad era particularmente notable el desconcierto. Nacieron en tiempos de la Revoluci\u00f3n o en los bordes de la Cristiada, y siguiendo el ejemplo de sus antepasados, hab\u00edan hecho del amor a la tierra y a la naturaleza un acto de vida cotidiano, era gracias a ellos que se hab\u00eda preservado el patrimonio natural y cultural de la Sierra Gorda. \u201cAhora est\u00e1n hablando de reservas federales, pero lo que est\u00e1 en nuestros cerros es porque lo hemos cuidado nosotros, en esto hay gente agazapada que quiere seguir comiendo en las oficinas y a nosotros como siempre nom\u00e1s nos quieren dar migajas. Desde nuestros antepasados ese cuidado lo hemos tenido, y ahora por qu\u00e9 otro forastero viene a invadirnos. Es lo que dicemos, y lo peor sin alg\u00fan acuerdo de nada. Porque nos ignoraron. Nuestra inconformidad es porque deben tomarnos en cuenta para todo lo que pase en nuestra tierra, los tratos as\u00ed son, cuando hay un acuerdo se hace y si no, no\u2026\u201d.<\/p>\n<p>Y es que fue tal la ligereza y la irresponsabilidad institucional que, violentando la propia legislaci\u00f3n ambiental, los funcionarios dejaron comunidades enteras dentro de lo que se denomina \u201czona n\u00facleo\u201d; aunque por otra parte, favoreciendo algunos intereses, por ejemplo, en ese mismo entorno casualmente situaron en \u201czona de amortiguamiento\u201d un \u00e1rea boscosa donde pocos a\u00f1os despu\u00e9s la Compa\u00f1\u00eda Minera Autl\u00e1n, de la mano con una empresa canadiense, pudo realizar sin ning\u00fan obst\u00e1culo un proyecto de exploraci\u00f3n con una inversi\u00f3n de 300 mil d\u00f3lares.<\/p>\n<p>S\u00f3lo la fuerte tradici\u00f3n de institucionalidad que predomina entre los campesinos de la regi\u00f3n, al paso del tiempo fue atenuando el conflicto, pero el da\u00f1o ya estaba hecho: desde el comienzo se hab\u00eda propiciado una brecha entre los pobladores y el decreto.<br \/>\nFuncionarios fallidos\u2026<\/p>\n<p>Hacia finales del mismo a\u00f1o en que fue publicado el decreto, la Comisi\u00f3n Nacional de \u00c1reas Naturales Protegidas (Conanp) comenz\u00f3 a conformar el equipo humano asignado a la regi\u00f3n. Para el 2008 ya hab\u00eda establecido una oficina en la cabecera municipal de San Luis de la Paz. Al frente de ese grupo de ocho servidores p\u00fablicos (integrado por t\u00e9cnicos y administrativos) estaba Gabriel V\u00e1zquez S\u00e1nchez, originario de Jalisco, qui\u00e9n ven\u00eda de fungir como secretario particular del entonces Comisionado Nacional, Ernesto Enkerlin, y desde ese cargo conoc\u00eda de cerca todo el proceso.<\/p>\n<p>Pero esos primeros a\u00f1os no pasaron de las buenas intenciones, y sin mayores avances en el cumplimiento de lo que mandata la Ley General del Equilibrio Ecol\u00f3gico y la Protecci\u00f3n al Ambiente (LGEEPA), en 2011 fue relevado por el ingeniero michoacano V\u00edctor Manuel lIdefonso Apolinar, cuya administraci\u00f3n se caracteriz\u00f3 por alejarse todav\u00eda m\u00e1s de los objetivos para los que fue creada la Reserva, pues este funcionario no tuvo reparo en convertirse en un abierto aliado y promotor de los proyectos mineros, actividad que convirti\u00f3 en la prioridad de su gesti\u00f3n. Para asumir esas posturas ten\u00eda el respaldo de sus superiores, notablemente de Guillermo Ram\u00edrez Filippini, entonces director de la Regi\u00f3n Centro y Eje Neovolc\u00e1nico, jurisdicci\u00f3n con sede en Cuernavaca, Morelos, desde la que se coordina a los empleados de esta Reserva.<\/p>\n<p>Sin embargo, el alejamiento de sus responsabilidades primordiales y su entusiasmo por alentar esos negocios fueron tan evidentes, que se gener\u00f3 una crisis en su propio equipo y con el reci\u00e9n creado Consejo Asesor (el cual es presidido de modo honorario por el gobernador o quien \u00e9l designe, alcaldes de la zona, y ciudadanos representantes de diversos sectores sociales). Termin\u00f3 siendo despedido en 2015, luego de realizarse cambios en los mandos que lo proteg\u00edan.<\/p>\n<figure id=\"attachment_45682\" aria-describedby=\"caption-attachment-45682\" style=\"width: 800px\" class=\"wp-caption aligncenter\"><img loading=\"lazy\" decoding=\"async\" data-attachment-id=\"45682\" data-permalink=\"http:\/\/www.grieta.org.mx\/index.php\/2020\/03\/02\/dejan-desprotegida-la-reserva-de-la-biosfera-guanajuato\/sierra5\/\" data-orig-file=\"http:\/\/www.grieta.org.mx\/wp-content\/uploads\/2020\/03\/sierra5.jpg\" data-orig-size=\"1200,600\" data-comments-opened=\"0\" data-image-meta=\"{&quot;aperture&quot;:&quot;0&quot;,&quot;credit&quot;:&quot;&quot;,&quot;camera&quot;:&quot;&quot;,&quot;caption&quot;:&quot;&quot;,&quot;created_timestamp&quot;:&quot;0&quot;,&quot;copyright&quot;:&quot;&quot;,&quot;focal_length&quot;:&quot;0&quot;,&quot;iso&quot;:&quot;0&quot;,&quot;shutter_speed&quot;:&quot;0&quot;,&quot;title&quot;:&quot;&quot;,&quot;orientation&quot;:&quot;0&quot;}\" data-image-title=\"sierra5\" data-image-description=\"\" data-image-caption=\"&lt;p&gt;Foto: Especial&lt;\/p&gt;\n\" data-medium-file=\"http:\/\/www.grieta.org.mx\/wp-content\/uploads\/2020\/03\/sierra5-300x150.jpg\" data-large-file=\"http:\/\/www.grieta.org.mx\/wp-content\/uploads\/2020\/03\/sierra5-1024x512.jpg\" class=\"wp-image-45682\" src=\"http:\/\/www.grieta.org.mx\/wp-content\/uploads\/2020\/03\/sierra5.jpg\" alt=\"\" width=\"800\" height=\"400\" srcset=\"http:\/\/www.grieta.org.mx\/wp-content\/uploads\/2020\/03\/sierra5.jpg 1200w, http:\/\/www.grieta.org.mx\/wp-content\/uploads\/2020\/03\/sierra5-300x150.jpg 300w, http:\/\/www.grieta.org.mx\/wp-content\/uploads\/2020\/03\/sierra5-768x384.jpg 768w, http:\/\/www.grieta.org.mx\/wp-content\/uploads\/2020\/03\/sierra5-1024x512.jpg 1024w, http:\/\/www.grieta.org.mx\/wp-content\/uploads\/2020\/03\/sierra5-1000x500.jpg 1000w\" sizes=\"auto, (max-width: 800px) 100vw, 800px\" \/><figcaption id=\"caption-attachment-45682\" class=\"wp-caption-text\">Foto: Especial<\/figcaption><\/figure>\n<p>Su lugar lo ocup\u00f3 el tambi\u00e9n ingeniero Luis Felipe V\u00e1zquez Sandoval, originario de San Luis de la Paz, quien ya ven\u00eda fungiendo como subdirector y es el \u00fanico que a\u00fan permanece del equipo inicial de funcionarios designados al emitirse el decreto, por lo que ya est\u00e1 cumpliendo 13 a\u00f1os de laborar en esas oficinas. A finales de septiembre de 2015 fue nombrado encargado de despacho, y al poco tiempo confirmado como titular. Con este funcionario los muchos rezagos tampoco han podido solventarse, y siguen pendientes de soluci\u00f3n asuntos de suma relevancia, como la conclusi\u00f3n y publicaci\u00f3n en el Diario Oficial de la Federaci\u00f3n de lo que se denomina \u2018Programa de Manejo0, sin el cual persiste un vac\u00edo y ambig\u00fcedad legal, pues dicho instrumento jur\u00eddico define las reglas administrativas de una Reserva de la Bi\u00f3sfera. La legislaci\u00f3n ambiental indica, que al a\u00f1o de emitido el decreto debe formularse y publicarse, para luego ser sometido a revisi\u00f3n cada cinco. Lleva doce a\u00f1os de retraso.<\/p>\n<p>Aunque se argumenta que para enmendar algunos errores de origen (cometidos por ellos mismos) tendr\u00e1 que volver a transitarse todo el proceso institucional que requiere la modificaci\u00f3n de un decreto presidencial, lo cierto es que los responsables de este tema en todos los niveles de gobierno, no han dado los pasos necesarios para que el decreto se convierta en un instrumento jur\u00eddico eficaz, y para que los habitantes y propietarios del territorio, se identifiquen y comprometan con los prop\u00f3sitos para los que fue creada la Reserva, pues despu\u00e9s de una d\u00e9cada, en la poblaci\u00f3n en general, pesan m\u00e1s las vertientes prohibitivas de esa iniciativa, que la nobleza de sus fines. A esto se suma, que esa inestabilidad institucional, as\u00ed como los desencuentros de los funcionarios federales con sus contrapartes estatales, han paralizado \u00f3rganos de participaci\u00f3n social decisivos como el Consejo Asesor.<\/p>\n<p>De seguir en esa inercia, se fortalecer\u00e1 el peor escenario, pues los funcionarios de Conanp, luego de 13 a\u00f1os no han consolidado un trabajo comunitario s\u00f3lido, y han optado por el camino f\u00e1cil de convertirse en una dependencia m\u00e1s del mont\u00f3n que reparte dinero como la v\u00eda para ganar clientela, incondicionales y consensos, sin detenerse a realizar diagn\u00f3sticos rigurosos acerca de los impactos sociales de los proyectos que subsidian.<\/p>\n<figure id=\"attachment_45684\" aria-describedby=\"caption-attachment-45684\" style=\"width: 800px\" class=\"wp-caption aligncenter\"><img loading=\"lazy\" decoding=\"async\" data-attachment-id=\"45684\" data-permalink=\"http:\/\/www.grieta.org.mx\/index.php\/2020\/03\/02\/dejan-desprotegida-la-reserva-de-la-biosfera-guanajuato\/sierra4\/\" data-orig-file=\"http:\/\/www.grieta.org.mx\/wp-content\/uploads\/2020\/03\/sierra4.jpg\" data-orig-size=\"1200,600\" data-comments-opened=\"0\" data-image-meta=\"{&quot;aperture&quot;:&quot;0&quot;,&quot;credit&quot;:&quot;&quot;,&quot;camera&quot;:&quot;&quot;,&quot;caption&quot;:&quot;&quot;,&quot;created_timestamp&quot;:&quot;0&quot;,&quot;copyright&quot;:&quot;&quot;,&quot;focal_length&quot;:&quot;0&quot;,&quot;iso&quot;:&quot;0&quot;,&quot;shutter_speed&quot;:&quot;0&quot;,&quot;title&quot;:&quot;&quot;,&quot;orientation&quot;:&quot;0&quot;}\" data-image-title=\"sierra4\" data-image-description=\"\" data-image-caption=\"&lt;p&gt;Foto: Especial&lt;\/p&gt;\n\" data-medium-file=\"http:\/\/www.grieta.org.mx\/wp-content\/uploads\/2020\/03\/sierra4-300x150.jpg\" data-large-file=\"http:\/\/www.grieta.org.mx\/wp-content\/uploads\/2020\/03\/sierra4-1024x512.jpg\" class=\"wp-image-45684\" src=\"http:\/\/www.grieta.org.mx\/wp-content\/uploads\/2020\/03\/sierra4.jpg\" alt=\"\" width=\"800\" height=\"400\" srcset=\"http:\/\/www.grieta.org.mx\/wp-content\/uploads\/2020\/03\/sierra4.jpg 1200w, http:\/\/www.grieta.org.mx\/wp-content\/uploads\/2020\/03\/sierra4-300x150.jpg 300w, http:\/\/www.grieta.org.mx\/wp-content\/uploads\/2020\/03\/sierra4-768x384.jpg 768w, http:\/\/www.grieta.org.mx\/wp-content\/uploads\/2020\/03\/sierra4-1024x512.jpg 1024w, http:\/\/www.grieta.org.mx\/wp-content\/uploads\/2020\/03\/sierra4-1000x500.jpg 1000w\" sizes=\"auto, (max-width: 800px) 100vw, 800px\" \/><figcaption id=\"caption-attachment-45684\" class=\"wp-caption-text\">Foto: Especial<\/figcaption><\/figure>\n<p>A lo largo del a\u00f1o, realizan ocasionalmente algunas acciones llamativas para efectos medi\u00e1ticos y tambi\u00e9n se ocupan de temas tersos como el monitoreo de la mariposa monarca, el \u00e1guila real y otras especies; pero las problem\u00e1ticas complejas las evaden, s\u00f3lo las administran, y descuidan muchas de sus funciones sustanciales, entre ellas la de la vigilancia eficaz y oportuna del \u00c1rea Natural Protegida.<\/p>\n<p>Todos estos a\u00f1os han continuado pr\u00e1cticas como la miner\u00eda clandestina, tala de \u00e1rboles, obras p\u00fablicas sin el debido proceso, mal manejo de residuos s\u00f3lidos por parte de los municipios, contaminaci\u00f3n de aguas, creaci\u00f3n de bancos de tierra y arena sin autorizaci\u00f3n, incendios provocados, extracci\u00f3n de plantas, hornos de carb\u00f3n, cacer\u00eda ilegal\u2026 Sin embargo, cuando ocasionalmente han actuado para interponer denuncias ante Profepa por alg\u00fan presunto delito ambiental, muchas veces ha sido s\u00f3lo bajo la presi\u00f3n de alg\u00fan ciudadano que tom\u00f3 la iniciativa, o cuando los hechos se hacen visibles en alg\u00fan medio de comunicaci\u00f3n.<\/p>\n<p><a href=\"https:\/\/periodicocorreo.com.mx\/la-cuenta-pendiente-con-la-reserva-de-la-biosfera\/\">https:\/\/periodicocorreo.com.mx\/la-cuenta-pendiente-con-la-reserva-de-la-biosfera\/<\/a><\/p>\n","protected":false},"excerpt":{"rendered":"<p>Hoy sigue sin publicarse el \u2018Programa de Manejo\u2019, que marca las reglas de la zona; La tala ilegal, cacer\u00eda, miner\u00eda y extracci\u00f3n de material son pr\u00e1cticas vigentes en la zona &hellip; <a href=\"http:\/\/www.grieta.org.mx\/index.php\/2020\/03\/02\/dejan-desprotegida-la-reserva-de-la-biosfera-guanajuato\/\" class=\"more-link\">Leer m\u00e1s<\/a><\/p>\n","protected":false},"author":2,"featured_media":45679,"comment_status":"closed","ping_status":"closed","sticky":false,"template":"","format":"standard","meta":{"ngg_post_thumbnail":0,"_jetpack_newsletter_access":"","_jetpack_dont_email_post_to_subs":false,"_jetpack_newsletter_tier_id":0,"_jetpack_memberships_contains_paywalled_content":false,"_jetpack_memberships_contains_paid_content":false,"footnotes":""},"categories":[80,1776,2746,17],"tags":[1412,1178,3157],"class_list":["post-45676","post","type-post","status-publish","format-standard","has-post-thumbnail","hentry","category-cintillo","category-despojo-de-tierras-y-territorio-en-guanajuato","category-destruccion-de-la-naturaleza-en-guanajuato","category-guanajuato","tag-defensa-de-los-bosques","tag-destruccion-de-la-naturaleza","tag-tala-de-los-bosques","entry"],"jetpack_featured_media_url":"http:\/\/www.grieta.org.mx\/wp-content\/uploads\/2020\/03\/sierra3.jpg","jetpack_sharing_enabled":true,"jetpack_shortlink":"https:\/\/wp.me\/p7ZJR4-bSI","jetpack_likes_enabled":false,"jetpack-related-posts":[{"id":36610,"url":"http:\/\/www.grieta.org.mx\/index.php\/2019\/06\/20\/saquean-mineros-la-reserva-de-la-biosfera-guanajuato\/","url_meta":{"origin":45676,"position":0},"title":"Saquean mineros la Reserva de la Bi\u00f3sfera (Guanajuato)","author":"grieta","date":"20 junio, 2019","format":false,"excerpt":"Staff Correo, 20 de junio de 2019 Xich\u00fa.- Un grupo de trabajadores desde hace dos meses comenz\u00f3 a explotar la bocamina El Cristo, en la comunidad conocida como La Aurora, a cinco kil\u00f3metros de la cabecera de Xich\u00fa, dentro de la Reserva de la Bi\u00f3sfera Sierra Gorda de Guanajuato, la\u2026","rel":"","context":"En &quot;CINTILLO&quot;","block_context":{"text":"CINTILLO","link":"http:\/\/www.grieta.org.mx\/index.php\/category\/cintillo\/"},"img":{"alt_text":"","src":"https:\/\/i0.wp.com\/www.grieta.org.mx\/wp-content\/uploads\/2019\/07\/PORTADA-8.jpg?resize=350%2C200","width":350,"height":200,"srcset":"https:\/\/i0.wp.com\/www.grieta.org.mx\/wp-content\/uploads\/2019\/07\/PORTADA-8.jpg?resize=350%2C200 1x, https:\/\/i0.wp.com\/www.grieta.org.mx\/wp-content\/uploads\/2019\/07\/PORTADA-8.jpg?resize=525%2C300 1.5x, https:\/\/i0.wp.com\/www.grieta.org.mx\/wp-content\/uploads\/2019\/07\/PORTADA-8.jpg?resize=700%2C400 2x, https:\/\/i0.wp.com\/www.grieta.org.mx\/wp-content\/uploads\/2019\/07\/PORTADA-8.jpg?resize=1050%2C600 3x"},"classes":[]},{"id":57256,"url":"http:\/\/www.grieta.org.mx\/index.php\/2021\/02\/10\/enuncian-a-constructora-aldaba-por-dano-ambiental-en-el-arroyo-las-liebres-guanajuato\/","url_meta":{"origin":45676,"position":1},"title":"Denuncian a constructora Aldaba por da\u00f1o ambiental en el arroyo Las Liebres (Guanajuato)","author":"grieta","date":"10 febrero, 2021","format":false,"excerpt":"Joel Reyes Laura, 10 de febrero de 2021. AM Le\u00f3n Guanajuato Le\u00f3n, Guanajuato.- Arboristas denuncian un da\u00f1o ambiental de gran impacto en el arroyo Las Liebres, se\u00f1alan que constructoras inmobiliarias han afectado peri\u00f3dicamente los \u00e1rboles en la zona para instalar una v\u00eda de acceso que conecte con el bulevar Vicente\u2026","rel":"","context":"En &quot;CINTILLO&quot;","block_context":{"text":"CINTILLO","link":"http:\/\/www.grieta.org.mx\/index.php\/category\/cintillo\/"},"img":{"alt_text":"","src":"https:\/\/i0.wp.com\/www.grieta.org.mx\/wp-content\/uploads\/2021\/02\/Captura-de-pantalla-2021-02-28-a-las-21.59.14-copy.jpg?resize=350%2C200","width":350,"height":200,"srcset":"https:\/\/i0.wp.com\/www.grieta.org.mx\/wp-content\/uploads\/2021\/02\/Captura-de-pantalla-2021-02-28-a-las-21.59.14-copy.jpg?resize=350%2C200 1x, https:\/\/i0.wp.com\/www.grieta.org.mx\/wp-content\/uploads\/2021\/02\/Captura-de-pantalla-2021-02-28-a-las-21.59.14-copy.jpg?resize=525%2C300 1.5x, https:\/\/i0.wp.com\/www.grieta.org.mx\/wp-content\/uploads\/2021\/02\/Captura-de-pantalla-2021-02-28-a-las-21.59.14-copy.jpg?resize=700%2C400 2x, https:\/\/i0.wp.com\/www.grieta.org.mx\/wp-content\/uploads\/2021\/02\/Captura-de-pantalla-2021-02-28-a-las-21.59.14-copy.jpg?resize=1050%2C600 3x, https:\/\/i0.wp.com\/www.grieta.org.mx\/wp-content\/uploads\/2021\/02\/Captura-de-pantalla-2021-02-28-a-las-21.59.14-copy.jpg?resize=1400%2C800 4x"},"classes":[]},{"id":5293,"url":"http:\/\/www.grieta.org.mx\/index.php\/2016\/06\/12\/movilizaciones-y-protestas\/","url_meta":{"origin":45676,"position":2},"title":"Movilizaciones y protestas en Guanajuato","author":"grieta","date":"12 junio, 2016","format":false,"excerpt":"24\/05\/16. Detienen a manifestantes tras protestar contra contaminaci\u00f3n industrial en la Le\u00f3n-San FranciscoZona Franca 04\/04\/2016. A pesar de protestas, la tala asciende a los 100 \u00e1rboles por obras del SIT en Le\u00f3nZona Franca 22\/03\/2016. Reprime polic\u00eda protesta de vecinos contra tala de \u00e1rboles por parte del municipio en Le\u00f3nZona Franca\u2026","rel":"","context":"En &quot;Guanajuato&quot;","block_context":{"text":"Guanajuato","link":"http:\/\/www.grieta.org.mx\/index.php\/category\/noticias-nacionales\/guanajuato\/"},"img":{"alt_text":"","src":"https:\/\/i0.wp.com\/www.grieta.org.mx\/wp-content\/uploads\/2018\/03\/14524434_1106112876131411_958039263622046936_o.jpg?resize=350%2C200","width":350,"height":200,"srcset":"https:\/\/i0.wp.com\/www.grieta.org.mx\/wp-content\/uploads\/2018\/03\/14524434_1106112876131411_958039263622046936_o.jpg?resize=350%2C200 1x, https:\/\/i0.wp.com\/www.grieta.org.mx\/wp-content\/uploads\/2018\/03\/14524434_1106112876131411_958039263622046936_o.jpg?resize=525%2C300 1.5x, https:\/\/i0.wp.com\/www.grieta.org.mx\/wp-content\/uploads\/2018\/03\/14524434_1106112876131411_958039263622046936_o.jpg?resize=700%2C400 2x"},"classes":[]},{"id":40403,"url":"http:\/\/www.grieta.org.mx\/index.php\/2019\/10\/14\/defensores-de-los-arboles-en-san-miguel-de-allende-guanajuato-son-detenidos-con-violencia-denuncian\/","url_meta":{"origin":45676,"position":3},"title":"Defensores de los \u00e1rboles en San Miguel de Allende, Guanajuato, son detenidos con violencia, denuncian","author":"grieta","date":"14 octubre, 2019","format":false,"excerpt":"Por Redacci\u00f3n \/ Sin Embargo, 14 de octubre de 2019 Activistas del colectivo \u201cSalvemos 41 \u00e1rboles\u201d manten\u00edan una manifestaci\u00f3n pac\u00edfica desde el pasado 8 de octubre en la cual abrazaron los \u00e1rboles de la avenida Guadalupe en San Miguel de Allende, Guanajuato, con el fin de evitar de que fueran\u2026","rel":"","context":"En &quot;CINTILLO&quot;","block_context":{"text":"CINTILLO","link":"http:\/\/www.grieta.org.mx\/index.php\/category\/cintillo\/"},"img":{"alt_text":"","src":"https:\/\/i0.wp.com\/www.grieta.org.mx\/wp-content\/uploads\/2019\/10\/captura-de-pantalla-2019-10-14-a-las-10-50-20.png?resize=350%2C200","width":350,"height":200,"srcset":"https:\/\/i0.wp.com\/www.grieta.org.mx\/wp-content\/uploads\/2019\/10\/captura-de-pantalla-2019-10-14-a-las-10-50-20.png?resize=350%2C200 1x, https:\/\/i0.wp.com\/www.grieta.org.mx\/wp-content\/uploads\/2019\/10\/captura-de-pantalla-2019-10-14-a-las-10-50-20.png?resize=525%2C300 1.5x, https:\/\/i0.wp.com\/www.grieta.org.mx\/wp-content\/uploads\/2019\/10\/captura-de-pantalla-2019-10-14-a-las-10-50-20.png?resize=700%2C400 2x, https:\/\/i0.wp.com\/www.grieta.org.mx\/wp-content\/uploads\/2019\/10\/captura-de-pantalla-2019-10-14-a-las-10-50-20.png?resize=1050%2C600 3x"},"classes":[]},{"id":43219,"url":"http:\/\/www.grieta.org.mx\/index.php\/2019\/12\/03\/activistas-de-dolores-hidalgo-presentaran-ante-toxi-tour-estudios-hidricos-y-ambientales\/","url_meta":{"origin":45676,"position":4},"title":"Activistas de Dolores Hidalgo presentaran ante Toxi-Tour estudios hidricos y ambientales.","author":"grieta","date":"3 diciembre, 2019","format":false,"excerpt":"La caravana internacional Toxi- Tour formada por asociaciones civiles internacionales, asi como Eurodiputados y politicos de Estados Unidos, recibir\u00e1n los estudios actuales de la crisis hidrica, y la mina en el Cerro del Gallo Roberto Guti\u00e9rrez Torres \/ Zona Franca, 03 de diciembre de 2019 Dolores Hidalgo, Gto. El dia\u2026","rel":"","context":"En &quot;CINTILLO&quot;","block_context":{"text":"CINTILLO","link":"http:\/\/www.grieta.org.mx\/index.php\/category\/cintillo\/"},"img":{"alt_text":"","src":"https:\/\/i0.wp.com\/www.grieta.org.mx\/wp-content\/uploads\/2020\/01\/a1.jpg?resize=350%2C200","width":350,"height":200,"srcset":"https:\/\/i0.wp.com\/www.grieta.org.mx\/wp-content\/uploads\/2020\/01\/a1.jpg?resize=350%2C200 1x, https:\/\/i0.wp.com\/www.grieta.org.mx\/wp-content\/uploads\/2020\/01\/a1.jpg?resize=525%2C300 1.5x"},"classes":[]},{"id":37783,"url":"http:\/\/www.grieta.org.mx\/index.php\/2019\/08\/09\/guanajuato-se-acerca-al-dia-cero-por-crisis-de-agua\/","url_meta":{"origin":45676,"position":5},"title":"Guanajuato se acerca al \u201cD\u00eda Cero\u201d por crisis de agua","author":"grieta","date":"9 agosto, 2019","format":false,"excerpt":"Seg\u00fan datos del Instituto de Recursos Mundiales, el peligro de quedarse sin agua es m\u00e1s latente en M\u00e9xico . A nivel global, la naci\u00f3n est\u00e1 en el nivel de \u2018alto estr\u00e9s h\u00eddrico\u2019. Por: Francisco Mancera \/ AM Le\u00f3n Guanajuato, 09 de Agosto de 2019 Celaya.- Guanajuato es el segundo estado\u2026","rel":"","context":"En &quot;CINTILLO&quot;","block_context":{"text":"CINTILLO","link":"http:\/\/www.grieta.org.mx\/index.php\/category\/cintillo\/"},"img":{"alt_text":"","src":"https:\/\/i0.wp.com\/www.grieta.org.mx\/wp-content\/uploads\/2019\/08\/guanajuato-dia-cero-crisis-agua.jpg_851672003.jpg?resize=350%2C200","width":350,"height":200,"srcset":"https:\/\/i0.wp.com\/www.grieta.org.mx\/wp-content\/uploads\/2019\/08\/guanajuato-dia-cero-crisis-agua.jpg_851672003.jpg?resize=350%2C200 1x, https:\/\/i0.wp.com\/www.grieta.org.mx\/wp-content\/uploads\/2019\/08\/guanajuato-dia-cero-crisis-agua.jpg_851672003.jpg?resize=525%2C300 1.5x, https:\/\/i0.wp.com\/www.grieta.org.mx\/wp-content\/uploads\/2019\/08\/guanajuato-dia-cero-crisis-agua.jpg_851672003.jpg?resize=700%2C400 2x"},"classes":[]}],"_links":{"self":[{"href":"http:\/\/www.grieta.org.mx\/index.php\/wp-json\/wp\/v2\/posts\/45676","targetHints":{"allow":["GET"]}}],"collection":[{"href":"http:\/\/www.grieta.org.mx\/index.php\/wp-json\/wp\/v2\/posts"}],"about":[{"href":"http:\/\/www.grieta.org.mx\/index.php\/wp-json\/wp\/v2\/types\/post"}],"author":[{"embeddable":true,"href":"http:\/\/www.grieta.org.mx\/index.php\/wp-json\/wp\/v2\/users\/2"}],"replies":[{"embeddable":true,"href":"http:\/\/www.grieta.org.mx\/index.php\/wp-json\/wp\/v2\/comments?post=45676"}],"version-history":[{"count":1,"href":"http:\/\/www.grieta.org.mx\/index.php\/wp-json\/wp\/v2\/posts\/45676\/revisions"}],"predecessor-version":[{"id":45687,"href":"http:\/\/www.grieta.org.mx\/index.php\/wp-json\/wp\/v2\/posts\/45676\/revisions\/45687"}],"wp:featuredmedia":[{"embeddable":true,"href":"http:\/\/www.grieta.org.mx\/index.php\/wp-json\/wp\/v2\/media\/45679"}],"wp:attachment":[{"href":"http:\/\/www.grieta.org.mx\/index.php\/wp-json\/wp\/v2\/media?parent=45676"}],"wp:term":[{"taxonomy":"category","embeddable":true,"href":"http:\/\/www.grieta.org.mx\/index.php\/wp-json\/wp\/v2\/categories?post=45676"},{"taxonomy":"post_tag","embeddable":true,"href":"http:\/\/www.grieta.org.mx\/index.php\/wp-json\/wp\/v2\/tags?post=45676"}],"curies":[{"name":"wp","href":"https:\/\/api.w.org\/{rel}","templated":true}]}}